{"id":8821,"date":"2012-08-10T00:00:00","date_gmt":"2012-08-10T00:00:00","guid":{"rendered":"https:\/\/www.absolicon.com\/resecentrum-drivs-med-solenergi\/"},"modified":"2020-07-21T08:10:30","modified_gmt":"2020-07-21T08:10:30","slug":"resecentrum-drivs-med-solenergi","status":"publish","type":"post","link":"https:\/\/www.agma.com\/sv\/resecentrum-drivs-med-solenergi\/","title":{"rendered":"Resecentrum drivs med solenergi"},"content":{"rendered":"<p>[ingress]Taket som ska skydda resen\u00e4rerna p\u00e5 nya resecentrum fr\u00e5n regn och rusk f\u00e5r nu ytterligare en viktig funktion. Sex solf\u00e5ngare ska installeras f\u00f6r att producera el och v\u00e4rme. [\/ingress]<\/p>\n<p>Anl\u00e4ggningen \u00e4r kopplad till fj\u00e4rrv\u00e4rmen och \u00f6verskottsv\u00e4rme matas ut till hush\u00e5llen i H\u00e4rn\u00f6sand. Elektriciteten som produceras driver belysning och fl\u00e4ktar i byggnaden.<\/p>\n<p>\u2013 Vi har varit involverade fr\u00e5n start i nya resecentrum, och det \u00e4r gl\u00e4djande att entrepren\u00f6ren NVS nu valt sex stycken av v\u00e5ra solf\u00e5ngare f\u00f6r bygget, s\u00e4ger Johan Sandberg, vd f\u00f6r Absolicon.<\/p>\n<p>Nya resecentrum skall st\u00e5 klar under v\u00e5ren 2013 och d\u00e5 kommer resen\u00e4rerna att h\u00e4lsas av solf\u00e5ngare p\u00e5 taken som f\u00f6ljer solen under dagen f\u00f6r att generera maximalt med energi.<\/p>\n<p>\u2013 Jag tror att kommunen vill att resecentrum p\u00e5 detta s\u00e4tt skall signalera att H\u00e4rn\u00f6sand \u00e4r en stad med l\u00e5ng tradition p\u00e5 energiomr\u00e5det med b\u00e5de utbildning och f\u00f6retag i framkant, spekulerar Johan Sandberg.<\/p>\n<p><a class=\"mynewsdesk-follow-button\" href=\"https:\/\/www.mynewsdesk.com\/follow\/11049\" data-width=\"157\" data-show-count=\"true\">F\u00f6lj Absolicon<\/a><\/p>\n<p>&nbsp;<\/p>\n<p style=\"text-align: right;\">&nbsp;<em>Publicerad 2012-08-10<\/em><br \/>\n<script type=\"text\/javascript\">\/\/<br \/>\n!function(d,s,id){var js,fjs=d.getElementsByTagName(s)[0];if(!d.getElementById(id)){js=d.createElement(s);js.id=id;js.src=\"https:\/\/www.mynewsdesk.com\/javascripts\/follow-button.js\";fjs.parentNode.insertBefore(js,fjs);}}(document,\"script\",\"mynewsdesk-fjs\");<br \/>\n\/\/ <\/script><\/p>\n<div><em style=\"text-align: right;\"><br \/>\n<\/em><\/div>\n","protected":false},"excerpt":{"rendered":"<p>[ingress]Taket som ska skydda resen\u00e4rerna p\u00e5 nya resecentrum fr\u00e5n regn och rusk f\u00e5r nu ytterligare en viktig funktion. Sex solf\u00e5ngare ska installeras f\u00f6r att producera el och v\u00e4rme. [\/ingress] Anl\u00e4ggningen \u00e4r kopplad till fj\u00e4rrv\u00e4rmen och \u00f6verskottsv\u00e4rme matas ut till hush\u00e5llen i H\u00e4rn\u00f6sand. Elektriciteten som produceras driver belysning och fl\u00e4ktar i byggnaden. \u2013 Vi har varit [&hellip;]<\/p>\n","protected":false},"author":1,"featured_media":9284,"comment_status":"open","ping_status":"open","sticky":false,"template":"","format":"standard","meta":{"_acf_changed":false,"footnotes":""},"categories":[2],"tags":[],"class_list":["post-8821","post","type-post","status-publish","format-standard","has-post-thumbnail","hentry","category-okategoriserad"],"acf":[],"yoast_head":"<!-- This site is optimized with the Yoast SEO plugin v27.4 - https:\/\/yoast.com\/product\/yoast-seo-wordpress\/ -->\n<title>Resecentrum drivs med solenergi - Absolicon<\/title>\n<meta name=\"robots\" content=\"index, follow, max-snippet:-1, max-image-preview:large, max-video-preview:-1\" \/>\n<link rel=\"canonical\" href=\"https:\/\/www.agma.com\/sv\/resecentrum-drivs-med-solenergi\/\" \/>\n<meta property=\"og:locale\" content=\"sv_SE\" \/>\n<meta property=\"og:type\" content=\"article\" \/>\n<meta property=\"og:title\" content=\"Resecentrum drivs med solenergi - Absolicon\" \/>\n<meta property=\"og:description\" content=\"[ingress]Taket som ska skydda resen\u00e4rerna p\u00e5 nya resecentrum fr\u00e5n regn och rusk f\u00e5r nu ytterligare en viktig funktion. Sex solf\u00e5ngare ska installeras f\u00f6r att producera el och v\u00e4rme. [\/ingress] Anl\u00e4ggningen \u00e4r kopplad till fj\u00e4rrv\u00e4rmen och \u00f6verskottsv\u00e4rme matas ut till hush\u00e5llen i H\u00e4rn\u00f6sand. Elektriciteten som produceras driver belysning och fl\u00e4ktar i byggnaden. \u2013 Vi har varit [&hellip;]\" \/>\n<meta property=\"og:url\" content=\"https:\/\/www.agma.com\/sv\/resecentrum-drivs-med-solenergi\/\" \/>\n<meta property=\"og:site_name\" content=\"Absolicon\" \/>\n<meta property=\"article:published_time\" content=\"2012-08-10T00:00:00+00:00\" \/>\n<meta property=\"article:modified_time\" content=\"2020-07-21T08:10:30+00:00\" \/>\n<meta property=\"og:image\" content=\"https:\/\/www.agma.com\/wp-content\/uploads\/2020\/07\/ee34da1a0b10c47b74e7f599b5878b.png\" \/>\n\t<meta property=\"og:image:width\" content=\"720\" \/>\n\t<meta property=\"og:image:height\" content=\"250\" \/>\n\t<meta property=\"og:image:type\" content=\"image\/png\" \/>\n<meta name=\"author\" content=\"jakubschenk\" \/>\n<meta name=\"twitter:card\" content=\"summary_large_image\" \/>\n<meta name=\"twitter:label1\" content=\"Skriven av\" \/>\n\t<meta name=\"twitter:data1\" content=\"jakubschenk\" \/>\n<script type=\"application\/ld+json\" class=\"yoast-schema-graph\">{\"@context\":\"https:\\\/\\\/schema.org\",\"@graph\":[{\"@type\":\"Article\",\"@id\":\"https:\\\/\\\/www.agma.com\\\/sv\\\/resecentrum-drivs-med-solenergi\\\/#article\",\"isPartOf\":{\"@id\":\"https:\\\/\\\/www.agma.com\\\/sv\\\/resecentrum-drivs-med-solenergi\\\/\"},\"author\":{\"name\":\"jakubschenk\",\"@id\":\"https:\\\/\\\/www.agma.com\\\/sv\\\/#\\\/schema\\\/person\\\/6820b3ce1cc37edbaecc979090760d8b\"},\"headline\":\"Resecentrum drivs med solenergi\",\"datePublished\":\"2012-08-10T00:00:00+00:00\",\"dateModified\":\"2020-07-21T08:10:30+00:00\",\"mainEntityOfPage\":{\"@id\":\"https:\\\/\\\/www.agma.com\\\/sv\\\/resecentrum-drivs-med-solenergi\\\/\"},\"wordCount\":190,\"commentCount\":0,\"publisher\":{\"@id\":\"https:\\\/\\\/www.agma.com\\\/sv\\\/#organization\"},\"image\":{\"@id\":\"https:\\\/\\\/www.agma.com\\\/sv\\\/resecentrum-drivs-med-solenergi\\\/#primaryimage\"},\"thumbnailUrl\":\"https:\\\/\\\/www.agma.com\\\/wp-content\\\/uploads\\\/2020\\\/07\\\/ee34da1a0b10c47b74e7f599b5878b.png\",\"articleSection\":[\"Okategoriserad\"],\"inLanguage\":\"sv-SE\",\"potentialAction\":[{\"@type\":\"CommentAction\",\"name\":\"Comment\",\"target\":[\"https:\\\/\\\/www.agma.com\\\/sv\\\/resecentrum-drivs-med-solenergi\\\/#respond\"]}]},{\"@type\":\"WebPage\",\"@id\":\"https:\\\/\\\/www.agma.com\\\/sv\\\/resecentrum-drivs-med-solenergi\\\/\",\"url\":\"https:\\\/\\\/www.agma.com\\\/sv\\\/resecentrum-drivs-med-solenergi\\\/\",\"name\":\"Resecentrum drivs med solenergi - Absolicon\",\"isPartOf\":{\"@id\":\"https:\\\/\\\/www.agma.com\\\/sv\\\/#website\"},\"primaryImageOfPage\":{\"@id\":\"https:\\\/\\\/www.agma.com\\\/sv\\\/resecentrum-drivs-med-solenergi\\\/#primaryimage\"},\"image\":{\"@id\":\"https:\\\/\\\/www.agma.com\\\/sv\\\/resecentrum-drivs-med-solenergi\\\/#primaryimage\"},\"thumbnailUrl\":\"https:\\\/\\\/www.agma.com\\\/wp-content\\\/uploads\\\/2020\\\/07\\\/ee34da1a0b10c47b74e7f599b5878b.png\",\"datePublished\":\"2012-08-10T00:00:00+00:00\",\"dateModified\":\"2020-07-21T08:10:30+00:00\",\"breadcrumb\":{\"@id\":\"https:\\\/\\\/www.agma.com\\\/sv\\\/resecentrum-drivs-med-solenergi\\\/#breadcrumb\"},\"inLanguage\":\"sv-SE\",\"potentialAction\":[{\"@type\":\"ReadAction\",\"target\":[\"https:\\\/\\\/www.agma.com\\\/sv\\\/resecentrum-drivs-med-solenergi\\\/\"]}]},{\"@type\":\"ImageObject\",\"inLanguage\":\"sv-SE\",\"@id\":\"https:\\\/\\\/www.agma.com\\\/sv\\\/resecentrum-drivs-med-solenergi\\\/#primaryimage\",\"url\":\"https:\\\/\\\/www.agma.com\\\/wp-content\\\/uploads\\\/2020\\\/07\\\/ee34da1a0b10c47b74e7f599b5878b.png\",\"contentUrl\":\"https:\\\/\\\/www.agma.com\\\/wp-content\\\/uploads\\\/2020\\\/07\\\/ee34da1a0b10c47b74e7f599b5878b.png\",\"width\":720,\"height\":250},{\"@type\":\"BreadcrumbList\",\"@id\":\"https:\\\/\\\/www.agma.com\\\/sv\\\/resecentrum-drivs-med-solenergi\\\/#breadcrumb\",\"itemListElement\":[{\"@type\":\"ListItem\",\"position\":1,\"name\":\"Home\",\"item\":\"https:\\\/\\\/www.agma.com\\\/sv\\\/\"},{\"@type\":\"ListItem\",\"position\":2,\"name\":\"Resecentrum drivs med solenergi\"}]},{\"@type\":\"WebSite\",\"@id\":\"https:\\\/\\\/www.agma.com\\\/sv\\\/#website\",\"url\":\"https:\\\/\\\/www.agma.com\\\/sv\\\/\",\"name\":\"Absolicon\",\"description\":\"\",\"publisher\":{\"@id\":\"https:\\\/\\\/www.agma.com\\\/sv\\\/#organization\"},\"potentialAction\":[{\"@type\":\"SearchAction\",\"target\":{\"@type\":\"EntryPoint\",\"urlTemplate\":\"https:\\\/\\\/www.agma.com\\\/sv\\\/?s={search_term_string}\"},\"query-input\":{\"@type\":\"PropertyValueSpecification\",\"valueRequired\":true,\"valueName\":\"search_term_string\"}}],\"inLanguage\":\"sv-SE\"},{\"@type\":\"Organization\",\"@id\":\"https:\\\/\\\/www.agma.com\\\/sv\\\/#organization\",\"name\":\"Absolicon\",\"url\":\"https:\\\/\\\/www.agma.com\\\/sv\\\/\",\"logo\":{\"@type\":\"ImageObject\",\"inLanguage\":\"sv-SE\",\"@id\":\"https:\\\/\\\/www.agma.com\\\/sv\\\/#\\\/schema\\\/logo\\\/image\\\/\",\"url\":\"https:\\\/\\\/www.agma.com\\\/wp-content\\\/uploads\\\/2026\\\/04\\\/logotype_neg_blk.svg\",\"contentUrl\":\"https:\\\/\\\/www.agma.com\\\/wp-content\\\/uploads\\\/2026\\\/04\\\/logotype_neg_blk.svg\",\"width\":705,\"height\":83,\"caption\":\"Absolicon\"},\"image\":{\"@id\":\"https:\\\/\\\/www.agma.com\\\/sv\\\/#\\\/schema\\\/logo\\\/image\\\/\"}},{\"@type\":\"Person\",\"@id\":\"https:\\\/\\\/www.agma.com\\\/sv\\\/#\\\/schema\\\/person\\\/6820b3ce1cc37edbaecc979090760d8b\",\"name\":\"jakubschenk\",\"image\":{\"@type\":\"ImageObject\",\"inLanguage\":\"sv-SE\",\"@id\":\"https:\\\/\\\/secure.gravatar.com\\\/avatar\\\/0ab843002d4a58702560e02354e5f9a3206e13bbfaa9df5a188e463870f605cd?s=96&d=mm&r=g\",\"url\":\"https:\\\/\\\/secure.gravatar.com\\\/avatar\\\/0ab843002d4a58702560e02354e5f9a3206e13bbfaa9df5a188e463870f605cd?s=96&d=mm&r=g\",\"contentUrl\":\"https:\\\/\\\/secure.gravatar.com\\\/avatar\\\/0ab843002d4a58702560e02354e5f9a3206e13bbfaa9df5a188e463870f605cd?s=96&d=mm&r=g\",\"caption\":\"jakubschenk\"},\"sameAs\":[\"https:\\\/\\\/www.agma.com\"],\"url\":\"https:\\\/\\\/www.agma.com\\\/sv\\\/author\\\/jakubschenk\\\/\"}]}<\/script>\n<!-- \/ Yoast SEO plugin. -->","yoast_head_json":{"title":"Resecentrum drivs med solenergi - Absolicon","robots":{"index":"index","follow":"follow","max-snippet":"max-snippet:-1","max-image-preview":"max-image-preview:large","max-video-preview":"max-video-preview:-1"},"canonical":"https:\/\/www.agma.com\/sv\/resecentrum-drivs-med-solenergi\/","og_locale":"sv_SE","og_type":"article","og_title":"Resecentrum drivs med solenergi - Absolicon","og_description":"[ingress]Taket som ska skydda resen\u00e4rerna p\u00e5 nya resecentrum fr\u00e5n regn och rusk f\u00e5r nu ytterligare en viktig funktion. Sex solf\u00e5ngare ska installeras f\u00f6r att producera el och v\u00e4rme. [\/ingress] Anl\u00e4ggningen \u00e4r kopplad till fj\u00e4rrv\u00e4rmen och \u00f6verskottsv\u00e4rme matas ut till hush\u00e5llen i H\u00e4rn\u00f6sand. Elektriciteten som produceras driver belysning och fl\u00e4ktar i byggnaden. \u2013 Vi har varit [&hellip;]","og_url":"https:\/\/www.agma.com\/sv\/resecentrum-drivs-med-solenergi\/","og_site_name":"Absolicon","article_published_time":"2012-08-10T00:00:00+00:00","article_modified_time":"2020-07-21T08:10:30+00:00","og_image":[{"width":720,"height":250,"url":"https:\/\/www.agma.com\/wp-content\/uploads\/2020\/07\/ee34da1a0b10c47b74e7f599b5878b.png","type":"image\/png"}],"author":"jakubschenk","twitter_card":"summary_large_image","twitter_misc":{"Skriven av":"jakubschenk"},"schema":{"@context":"https:\/\/schema.org","@graph":[{"@type":"Article","@id":"https:\/\/www.agma.com\/sv\/resecentrum-drivs-med-solenergi\/#article","isPartOf":{"@id":"https:\/\/www.agma.com\/sv\/resecentrum-drivs-med-solenergi\/"},"author":{"name":"jakubschenk","@id":"https:\/\/www.agma.com\/sv\/#\/schema\/person\/6820b3ce1cc37edbaecc979090760d8b"},"headline":"Resecentrum drivs med solenergi","datePublished":"2012-08-10T00:00:00+00:00","dateModified":"2020-07-21T08:10:30+00:00","mainEntityOfPage":{"@id":"https:\/\/www.agma.com\/sv\/resecentrum-drivs-med-solenergi\/"},"wordCount":190,"commentCount":0,"publisher":{"@id":"https:\/\/www.agma.com\/sv\/#organization"},"image":{"@id":"https:\/\/www.agma.com\/sv\/resecentrum-drivs-med-solenergi\/#primaryimage"},"thumbnailUrl":"https:\/\/www.agma.com\/wp-content\/uploads\/2020\/07\/ee34da1a0b10c47b74e7f599b5878b.png","articleSection":["Okategoriserad"],"inLanguage":"sv-SE","potentialAction":[{"@type":"CommentAction","name":"Comment","target":["https:\/\/www.agma.com\/sv\/resecentrum-drivs-med-solenergi\/#respond"]}]},{"@type":"WebPage","@id":"https:\/\/www.agma.com\/sv\/resecentrum-drivs-med-solenergi\/","url":"https:\/\/www.agma.com\/sv\/resecentrum-drivs-med-solenergi\/","name":"Resecentrum drivs med solenergi - Absolicon","isPartOf":{"@id":"https:\/\/www.agma.com\/sv\/#website"},"primaryImageOfPage":{"@id":"https:\/\/www.agma.com\/sv\/resecentrum-drivs-med-solenergi\/#primaryimage"},"image":{"@id":"https:\/\/www.agma.com\/sv\/resecentrum-drivs-med-solenergi\/#primaryimage"},"thumbnailUrl":"https:\/\/www.agma.com\/wp-content\/uploads\/2020\/07\/ee34da1a0b10c47b74e7f599b5878b.png","datePublished":"2012-08-10T00:00:00+00:00","dateModified":"2020-07-21T08:10:30+00:00","breadcrumb":{"@id":"https:\/\/www.agma.com\/sv\/resecentrum-drivs-med-solenergi\/#breadcrumb"},"inLanguage":"sv-SE","potentialAction":[{"@type":"ReadAction","target":["https:\/\/www.agma.com\/sv\/resecentrum-drivs-med-solenergi\/"]}]},{"@type":"ImageObject","inLanguage":"sv-SE","@id":"https:\/\/www.agma.com\/sv\/resecentrum-drivs-med-solenergi\/#primaryimage","url":"https:\/\/www.agma.com\/wp-content\/uploads\/2020\/07\/ee34da1a0b10c47b74e7f599b5878b.png","contentUrl":"https:\/\/www.agma.com\/wp-content\/uploads\/2020\/07\/ee34da1a0b10c47b74e7f599b5878b.png","width":720,"height":250},{"@type":"BreadcrumbList","@id":"https:\/\/www.agma.com\/sv\/resecentrum-drivs-med-solenergi\/#breadcrumb","itemListElement":[{"@type":"ListItem","position":1,"name":"Home","item":"https:\/\/www.agma.com\/sv\/"},{"@type":"ListItem","position":2,"name":"Resecentrum drivs med solenergi"}]},{"@type":"WebSite","@id":"https:\/\/www.agma.com\/sv\/#website","url":"https:\/\/www.agma.com\/sv\/","name":"Absolicon","description":"","publisher":{"@id":"https:\/\/www.agma.com\/sv\/#organization"},"potentialAction":[{"@type":"SearchAction","target":{"@type":"EntryPoint","urlTemplate":"https:\/\/www.agma.com\/sv\/?s={search_term_string}"},"query-input":{"@type":"PropertyValueSpecification","valueRequired":true,"valueName":"search_term_string"}}],"inLanguage":"sv-SE"},{"@type":"Organization","@id":"https:\/\/www.agma.com\/sv\/#organization","name":"Absolicon","url":"https:\/\/www.agma.com\/sv\/","logo":{"@type":"ImageObject","inLanguage":"sv-SE","@id":"https:\/\/www.agma.com\/sv\/#\/schema\/logo\/image\/","url":"https:\/\/www.agma.com\/wp-content\/uploads\/2026\/04\/logotype_neg_blk.svg","contentUrl":"https:\/\/www.agma.com\/wp-content\/uploads\/2026\/04\/logotype_neg_blk.svg","width":705,"height":83,"caption":"Absolicon"},"image":{"@id":"https:\/\/www.agma.com\/sv\/#\/schema\/logo\/image\/"}},{"@type":"Person","@id":"https:\/\/www.agma.com\/sv\/#\/schema\/person\/6820b3ce1cc37edbaecc979090760d8b","name":"jakubschenk","image":{"@type":"ImageObject","inLanguage":"sv-SE","@id":"https:\/\/secure.gravatar.com\/avatar\/0ab843002d4a58702560e02354e5f9a3206e13bbfaa9df5a188e463870f605cd?s=96&d=mm&r=g","url":"https:\/\/secure.gravatar.com\/avatar\/0ab843002d4a58702560e02354e5f9a3206e13bbfaa9df5a188e463870f605cd?s=96&d=mm&r=g","contentUrl":"https:\/\/secure.gravatar.com\/avatar\/0ab843002d4a58702560e02354e5f9a3206e13bbfaa9df5a188e463870f605cd?s=96&d=mm&r=g","caption":"jakubschenk"},"sameAs":["https:\/\/www.agma.com"],"url":"https:\/\/www.agma.com\/sv\/author\/jakubschenk\/"}]}},"_links":{"self":[{"href":"https:\/\/www.agma.com\/sv\/wp-json\/wp\/v2\/posts\/8821","targetHints":{"allow":["GET"]}}],"collection":[{"href":"https:\/\/www.agma.com\/sv\/wp-json\/wp\/v2\/posts"}],"about":[{"href":"https:\/\/www.agma.com\/sv\/wp-json\/wp\/v2\/types\/post"}],"author":[{"embeddable":true,"href":"https:\/\/www.agma.com\/sv\/wp-json\/wp\/v2\/users\/1"}],"replies":[{"embeddable":true,"href":"https:\/\/www.agma.com\/sv\/wp-json\/wp\/v2\/comments?post=8821"}],"version-history":[{"count":1,"href":"https:\/\/www.agma.com\/sv\/wp-json\/wp\/v2\/posts\/8821\/revisions"}],"predecessor-version":[{"id":9286,"href":"https:\/\/www.agma.com\/sv\/wp-json\/wp\/v2\/posts\/8821\/revisions\/9286"}],"wp:featuredmedia":[{"embeddable":true,"href":"https:\/\/www.agma.com\/sv\/wp-json\/wp\/v2\/media\/9284"}],"wp:attachment":[{"href":"https:\/\/www.agma.com\/sv\/wp-json\/wp\/v2\/media?parent=8821"}],"wp:term":[{"taxonomy":"category","embeddable":true,"href":"https:\/\/www.agma.com\/sv\/wp-json\/wp\/v2\/categories?post=8821"},{"taxonomy":"post_tag","embeddable":true,"href":"https:\/\/www.agma.com\/sv\/wp-json\/wp\/v2\/tags?post=8821"}],"curies":[{"name":"wp","href":"https:\/\/api.w.org\/{rel}","templated":true}]}}