{"id":8822,"date":"2012-08-14T00:00:00","date_gmt":"2012-08-14T00:00:00","guid":{"rendered":"https:\/\/www.absolicon.com\/anmal-dig-har-exklusiv-utbildning-12-14-september\/"},"modified":"2020-07-21T08:09:05","modified_gmt":"2020-07-21T08:09:05","slug":"anmal-dig-har-exklusiv-utbildning-12-14-september","status":"publish","type":"post","link":"https:\/\/www.agma.com\/sv\/anmal-dig-har-exklusiv-utbildning-12-14-september\/","title":{"rendered":"Anm\u00e4l dig h\u00e4r- exklusiv utbildning 12-14 september"},"content":{"rendered":"<p>[ingress]Vill du bli v\u00e5r partner i den v\u00e4xande solenergibranschen? Den 12-14 september 2012 inbjuder vi v\u00e5ra nya distribut\u00f6rer till en exklusiv utbildning i Sundsvall. Absolicon erbjuder utbildningen kostnadsfritt, som deltagare st\u00e5r du endast f\u00f6r resekostnader och boende. [\/ingress]<\/p>\n<h2><a href=\"https:\/\/www.agma.comwp-content\/uploads\/2012\/08\/Absolicon-Seminar-Program-Sept-2012.pdf\" target=\"_blank\" rel=\"noopener noreferrer\">&gt;Se programmet som pdf-dokument<\/a><\/h2>\n<p>Utbildningen v\u00e4nder sig till dig och ditt f\u00f6retag. Med stort engagemang l\u00e4r vi dig allt du beh\u00f6ver veta f\u00f6r att lyckas som v\u00e5r distribut\u00f6r. Absolicon utvecklar och installerar solf\u00e5ngare som koncentrerar solljuset. Vi delar med oss av v\u00e5ra egna erfarenheter n\u00e4r det g\u00e4ller att planera, erbjuda och s\u00e4lja en nyckelf\u00e4rdig solenergiinstallation. Du f\u00e5r ocks\u00e5 kunskap om olika installationsmetoder och tekniska f\u00f6rdelar med koncentrerad solenergiteknik.<\/p>\n<p>Utanf\u00f6r det officiella programmet vill vi ocks\u00e5 diskutera dina projekt. Vi kan f\u00f6ra samman all den kunskap som beh\u00f6vs f\u00f6r att hj\u00e4lpa dig med eventuella tankar du har i ett privat m\u00f6te.<\/p>\n<p>I programmet ing\u00e5r lunch och middag samt alla lokala transporter till olika installationer och dokumentation. Vi erbjuder utbildningen kostnadsfritt, du beh\u00f6ver bara ordna resekostnader och boende.<\/p>\n<p>Deltagarna \u00e4r fr\u00e4mst f\u00f6retagsledare och tekniska s\u00e4ljare och informationen ska anv\u00e4ndas f\u00f6r att s\u00e4lja installationer. F\u00f6r att f\u00e5 mer praktisk kunskap om en viss planerad installation, kontakta oss. Detta \u00e4r ett bra tillf\u00e4lle att l\u00e4ra sig allt om Absolicon och de aff\u00e4rsm\u00f6jligheter vi \u00f6ppnar!<\/p>\n<h2><a href=\"https:\/\/www.agma.comwp-content\/uploads\/2012\/08\/Registration-Form-Absolicon-Seminar-Sept-2012_distributed.pdf\" target=\"_blank\" rel=\"noopener noreferrer\">&gt;Ladda hem anm\u00e4lningsblankett<\/a><\/h2>\n<p>Fyll i och skicka in blanketten. Det g\u00e5r bra att skicka ett mail eller ringa oss under kontorstid om du har n\u00e5gra fr\u00e5gor.<\/p>\n<p>Epost: info@absolicon.com<br \/>\nTelefon: 0611-55 70 00<\/p>\n<p>&nbsp;<\/p>\n<p style=\"text-align: right;\">&nbsp;<em>Publicerad 2012-08-14<\/em><\/p>\n<div><em style=\"text-align: right;\"><br \/>\n<\/em><\/div>\n","protected":false},"excerpt":{"rendered":"<p>[ingress]Vill du bli v\u00e5r partner i den v\u00e4xande solenergibranschen? Den 12-14 september 2012 inbjuder vi v\u00e5ra nya distribut\u00f6rer till en exklusiv utbildning i Sundsvall. Absolicon erbjuder utbildningen kostnadsfritt, som deltagare st\u00e5r du endast f\u00f6r resekostnader och boende. [\/ingress] &gt;Se programmet som pdf-dokument Utbildningen v\u00e4nder sig till dig och ditt f\u00f6retag. Med stort engagemang l\u00e4r vi [&hellip;]<\/p>\n","protected":false},"author":1,"featured_media":9281,"comment_status":"open","ping_status":"open","sticky":false,"template":"","format":"standard","meta":{"_acf_changed":false,"footnotes":""},"categories":[2],"tags":[],"class_list":["post-8822","post","type-post","status-publish","format-standard","has-post-thumbnail","hentry","category-okategoriserad"],"acf":[],"yoast_head":"<!-- This site is optimized with the Yoast SEO plugin v27.4 - https:\/\/yoast.com\/product\/yoast-seo-wordpress\/ -->\n<title>Anm\u00e4l dig h\u00e4r- exklusiv utbildning 12-14 september - Absolicon<\/title>\n<meta name=\"robots\" content=\"index, follow, max-snippet:-1, max-image-preview:large, max-video-preview:-1\" \/>\n<link rel=\"canonical\" href=\"https:\/\/www.agma.com\/sv\/anmal-dig-har-exklusiv-utbildning-12-14-september\/\" \/>\n<meta property=\"og:locale\" content=\"sv_SE\" \/>\n<meta property=\"og:type\" content=\"article\" \/>\n<meta property=\"og:title\" content=\"Anm\u00e4l dig h\u00e4r- exklusiv utbildning 12-14 september - Absolicon\" \/>\n<meta property=\"og:description\" content=\"[ingress]Vill du bli v\u00e5r partner i den v\u00e4xande solenergibranschen? Den 12-14 september 2012 inbjuder vi v\u00e5ra nya distribut\u00f6rer till en exklusiv utbildning i Sundsvall. Absolicon erbjuder utbildningen kostnadsfritt, som deltagare st\u00e5r du endast f\u00f6r resekostnader och boende. [\/ingress] &gt;Se programmet som pdf-dokument Utbildningen v\u00e4nder sig till dig och ditt f\u00f6retag. Med stort engagemang l\u00e4r vi [&hellip;]\" \/>\n<meta property=\"og:url\" content=\"https:\/\/www.agma.com\/sv\/anmal-dig-har-exklusiv-utbildning-12-14-september\/\" \/>\n<meta property=\"og:site_name\" content=\"Absolicon\" \/>\n<meta property=\"article:published_time\" content=\"2012-08-14T00:00:00+00:00\" \/>\n<meta property=\"article:modified_time\" content=\"2020-07-21T08:09:05+00:00\" \/>\n<meta property=\"og:image\" content=\"https:\/\/www.agma.com\/wp-content\/uploads\/2020\/07\/ab04cfbdb046b871969c7ac4cbb25f.png\" \/>\n\t<meta property=\"og:image:width\" content=\"720\" \/>\n\t<meta property=\"og:image:height\" content=\"250\" \/>\n\t<meta property=\"og:image:type\" content=\"image\/png\" \/>\n<meta name=\"author\" content=\"jakubschenk\" \/>\n<meta name=\"twitter:card\" content=\"summary_large_image\" \/>\n<meta name=\"twitter:label1\" content=\"Skriven av\" \/>\n\t<meta name=\"twitter:data1\" content=\"jakubschenk\" \/>\n<script type=\"application\/ld+json\" class=\"yoast-schema-graph\">{\"@context\":\"https:\\\/\\\/schema.org\",\"@graph\":[{\"@type\":\"Article\",\"@id\":\"https:\\\/\\\/www.agma.com\\\/sv\\\/anmal-dig-har-exklusiv-utbildning-12-14-september\\\/#article\",\"isPartOf\":{\"@id\":\"https:\\\/\\\/www.agma.com\\\/sv\\\/anmal-dig-har-exklusiv-utbildning-12-14-september\\\/\"},\"author\":{\"name\":\"jakubschenk\",\"@id\":\"https:\\\/\\\/www.agma.com\\\/sv\\\/#\\\/schema\\\/person\\\/6820b3ce1cc37edbaecc979090760d8b\"},\"headline\":\"Anm\u00e4l dig h\u00e4r- exklusiv utbildning 12-14 september\",\"datePublished\":\"2012-08-14T00:00:00+00:00\",\"dateModified\":\"2020-07-21T08:09:05+00:00\",\"mainEntityOfPage\":{\"@id\":\"https:\\\/\\\/www.agma.com\\\/sv\\\/anmal-dig-har-exklusiv-utbildning-12-14-september\\\/\"},\"wordCount\":300,\"commentCount\":0,\"publisher\":{\"@id\":\"https:\\\/\\\/www.agma.com\\\/sv\\\/#organization\"},\"image\":{\"@id\":\"https:\\\/\\\/www.agma.com\\\/sv\\\/anmal-dig-har-exklusiv-utbildning-12-14-september\\\/#primaryimage\"},\"thumbnailUrl\":\"https:\\\/\\\/www.agma.com\\\/wp-content\\\/uploads\\\/2020\\\/07\\\/ab04cfbdb046b871969c7ac4cbb25f.png\",\"articleSection\":[\"Okategoriserad\"],\"inLanguage\":\"sv-SE\",\"potentialAction\":[{\"@type\":\"CommentAction\",\"name\":\"Comment\",\"target\":[\"https:\\\/\\\/www.agma.com\\\/sv\\\/anmal-dig-har-exklusiv-utbildning-12-14-september\\\/#respond\"]}]},{\"@type\":\"WebPage\",\"@id\":\"https:\\\/\\\/www.agma.com\\\/sv\\\/anmal-dig-har-exklusiv-utbildning-12-14-september\\\/\",\"url\":\"https:\\\/\\\/www.agma.com\\\/sv\\\/anmal-dig-har-exklusiv-utbildning-12-14-september\\\/\",\"name\":\"Anm\u00e4l dig h\u00e4r- exklusiv utbildning 12-14 september - Absolicon\",\"isPartOf\":{\"@id\":\"https:\\\/\\\/www.agma.com\\\/sv\\\/#website\"},\"primaryImageOfPage\":{\"@id\":\"https:\\\/\\\/www.agma.com\\\/sv\\\/anmal-dig-har-exklusiv-utbildning-12-14-september\\\/#primaryimage\"},\"image\":{\"@id\":\"https:\\\/\\\/www.agma.com\\\/sv\\\/anmal-dig-har-exklusiv-utbildning-12-14-september\\\/#primaryimage\"},\"thumbnailUrl\":\"https:\\\/\\\/www.agma.com\\\/wp-content\\\/uploads\\\/2020\\\/07\\\/ab04cfbdb046b871969c7ac4cbb25f.png\",\"datePublished\":\"2012-08-14T00:00:00+00:00\",\"dateModified\":\"2020-07-21T08:09:05+00:00\",\"breadcrumb\":{\"@id\":\"https:\\\/\\\/www.agma.com\\\/sv\\\/anmal-dig-har-exklusiv-utbildning-12-14-september\\\/#breadcrumb\"},\"inLanguage\":\"sv-SE\",\"potentialAction\":[{\"@type\":\"ReadAction\",\"target\":[\"https:\\\/\\\/www.agma.com\\\/sv\\\/anmal-dig-har-exklusiv-utbildning-12-14-september\\\/\"]}]},{\"@type\":\"ImageObject\",\"inLanguage\":\"sv-SE\",\"@id\":\"https:\\\/\\\/www.agma.com\\\/sv\\\/anmal-dig-har-exklusiv-utbildning-12-14-september\\\/#primaryimage\",\"url\":\"https:\\\/\\\/www.agma.com\\\/wp-content\\\/uploads\\\/2020\\\/07\\\/ab04cfbdb046b871969c7ac4cbb25f.png\",\"contentUrl\":\"https:\\\/\\\/www.agma.com\\\/wp-content\\\/uploads\\\/2020\\\/07\\\/ab04cfbdb046b871969c7ac4cbb25f.png\",\"width\":720,\"height\":250},{\"@type\":\"BreadcrumbList\",\"@id\":\"https:\\\/\\\/www.agma.com\\\/sv\\\/anmal-dig-har-exklusiv-utbildning-12-14-september\\\/#breadcrumb\",\"itemListElement\":[{\"@type\":\"ListItem\",\"position\":1,\"name\":\"Home\",\"item\":\"https:\\\/\\\/www.agma.com\\\/sv\\\/\"},{\"@type\":\"ListItem\",\"position\":2,\"name\":\"Anm\u00e4l dig h\u00e4r- exklusiv utbildning 12-14 september\"}]},{\"@type\":\"WebSite\",\"@id\":\"https:\\\/\\\/www.agma.com\\\/sv\\\/#website\",\"url\":\"https:\\\/\\\/www.agma.com\\\/sv\\\/\",\"name\":\"Absolicon\",\"description\":\"\",\"publisher\":{\"@id\":\"https:\\\/\\\/www.agma.com\\\/sv\\\/#organization\"},\"potentialAction\":[{\"@type\":\"SearchAction\",\"target\":{\"@type\":\"EntryPoint\",\"urlTemplate\":\"https:\\\/\\\/www.agma.com\\\/sv\\\/?s={search_term_string}\"},\"query-input\":{\"@type\":\"PropertyValueSpecification\",\"valueRequired\":true,\"valueName\":\"search_term_string\"}}],\"inLanguage\":\"sv-SE\"},{\"@type\":\"Organization\",\"@id\":\"https:\\\/\\\/www.agma.com\\\/sv\\\/#organization\",\"name\":\"Absolicon\",\"url\":\"https:\\\/\\\/www.agma.com\\\/sv\\\/\",\"logo\":{\"@type\":\"ImageObject\",\"inLanguage\":\"sv-SE\",\"@id\":\"https:\\\/\\\/www.agma.com\\\/sv\\\/#\\\/schema\\\/logo\\\/image\\\/\",\"url\":\"https:\\\/\\\/www.agma.com\\\/wp-content\\\/uploads\\\/2026\\\/04\\\/logotype_neg_blk.svg\",\"contentUrl\":\"https:\\\/\\\/www.agma.com\\\/wp-content\\\/uploads\\\/2026\\\/04\\\/logotype_neg_blk.svg\",\"width\":705,\"height\":83,\"caption\":\"Absolicon\"},\"image\":{\"@id\":\"https:\\\/\\\/www.agma.com\\\/sv\\\/#\\\/schema\\\/logo\\\/image\\\/\"}},{\"@type\":\"Person\",\"@id\":\"https:\\\/\\\/www.agma.com\\\/sv\\\/#\\\/schema\\\/person\\\/6820b3ce1cc37edbaecc979090760d8b\",\"name\":\"jakubschenk\",\"image\":{\"@type\":\"ImageObject\",\"inLanguage\":\"sv-SE\",\"@id\":\"https:\\\/\\\/secure.gravatar.com\\\/avatar\\\/0ab843002d4a58702560e02354e5f9a3206e13bbfaa9df5a188e463870f605cd?s=96&d=mm&r=g\",\"url\":\"https:\\\/\\\/secure.gravatar.com\\\/avatar\\\/0ab843002d4a58702560e02354e5f9a3206e13bbfaa9df5a188e463870f605cd?s=96&d=mm&r=g\",\"contentUrl\":\"https:\\\/\\\/secure.gravatar.com\\\/avatar\\\/0ab843002d4a58702560e02354e5f9a3206e13bbfaa9df5a188e463870f605cd?s=96&d=mm&r=g\",\"caption\":\"jakubschenk\"},\"sameAs\":[\"https:\\\/\\\/www.agma.com\"],\"url\":\"https:\\\/\\\/www.agma.com\\\/sv\\\/author\\\/jakubschenk\\\/\"}]}<\/script>\n<!-- \/ Yoast SEO plugin. -->","yoast_head_json":{"title":"Anm\u00e4l dig h\u00e4r- exklusiv utbildning 12-14 september - Absolicon","robots":{"index":"index","follow":"follow","max-snippet":"max-snippet:-1","max-image-preview":"max-image-preview:large","max-video-preview":"max-video-preview:-1"},"canonical":"https:\/\/www.agma.com\/sv\/anmal-dig-har-exklusiv-utbildning-12-14-september\/","og_locale":"sv_SE","og_type":"article","og_title":"Anm\u00e4l dig h\u00e4r- exklusiv utbildning 12-14 september - Absolicon","og_description":"[ingress]Vill du bli v\u00e5r partner i den v\u00e4xande solenergibranschen? Den 12-14 september 2012 inbjuder vi v\u00e5ra nya distribut\u00f6rer till en exklusiv utbildning i Sundsvall. Absolicon erbjuder utbildningen kostnadsfritt, som deltagare st\u00e5r du endast f\u00f6r resekostnader och boende. [\/ingress] &gt;Se programmet som pdf-dokument Utbildningen v\u00e4nder sig till dig och ditt f\u00f6retag. Med stort engagemang l\u00e4r vi [&hellip;]","og_url":"https:\/\/www.agma.com\/sv\/anmal-dig-har-exklusiv-utbildning-12-14-september\/","og_site_name":"Absolicon","article_published_time":"2012-08-14T00:00:00+00:00","article_modified_time":"2020-07-21T08:09:05+00:00","og_image":[{"width":720,"height":250,"url":"https:\/\/www.agma.com\/wp-content\/uploads\/2020\/07\/ab04cfbdb046b871969c7ac4cbb25f.png","type":"image\/png"}],"author":"jakubschenk","twitter_card":"summary_large_image","twitter_misc":{"Skriven av":"jakubschenk"},"schema":{"@context":"https:\/\/schema.org","@graph":[{"@type":"Article","@id":"https:\/\/www.agma.com\/sv\/anmal-dig-har-exklusiv-utbildning-12-14-september\/#article","isPartOf":{"@id":"https:\/\/www.agma.com\/sv\/anmal-dig-har-exklusiv-utbildning-12-14-september\/"},"author":{"name":"jakubschenk","@id":"https:\/\/www.agma.com\/sv\/#\/schema\/person\/6820b3ce1cc37edbaecc979090760d8b"},"headline":"Anm\u00e4l dig h\u00e4r- exklusiv utbildning 12-14 september","datePublished":"2012-08-14T00:00:00+00:00","dateModified":"2020-07-21T08:09:05+00:00","mainEntityOfPage":{"@id":"https:\/\/www.agma.com\/sv\/anmal-dig-har-exklusiv-utbildning-12-14-september\/"},"wordCount":300,"commentCount":0,"publisher":{"@id":"https:\/\/www.agma.com\/sv\/#organization"},"image":{"@id":"https:\/\/www.agma.com\/sv\/anmal-dig-har-exklusiv-utbildning-12-14-september\/#primaryimage"},"thumbnailUrl":"https:\/\/www.agma.com\/wp-content\/uploads\/2020\/07\/ab04cfbdb046b871969c7ac4cbb25f.png","articleSection":["Okategoriserad"],"inLanguage":"sv-SE","potentialAction":[{"@type":"CommentAction","name":"Comment","target":["https:\/\/www.agma.com\/sv\/anmal-dig-har-exklusiv-utbildning-12-14-september\/#respond"]}]},{"@type":"WebPage","@id":"https:\/\/www.agma.com\/sv\/anmal-dig-har-exklusiv-utbildning-12-14-september\/","url":"https:\/\/www.agma.com\/sv\/anmal-dig-har-exklusiv-utbildning-12-14-september\/","name":"Anm\u00e4l dig h\u00e4r- exklusiv utbildning 12-14 september - Absolicon","isPartOf":{"@id":"https:\/\/www.agma.com\/sv\/#website"},"primaryImageOfPage":{"@id":"https:\/\/www.agma.com\/sv\/anmal-dig-har-exklusiv-utbildning-12-14-september\/#primaryimage"},"image":{"@id":"https:\/\/www.agma.com\/sv\/anmal-dig-har-exklusiv-utbildning-12-14-september\/#primaryimage"},"thumbnailUrl":"https:\/\/www.agma.com\/wp-content\/uploads\/2020\/07\/ab04cfbdb046b871969c7ac4cbb25f.png","datePublished":"2012-08-14T00:00:00+00:00","dateModified":"2020-07-21T08:09:05+00:00","breadcrumb":{"@id":"https:\/\/www.agma.com\/sv\/anmal-dig-har-exklusiv-utbildning-12-14-september\/#breadcrumb"},"inLanguage":"sv-SE","potentialAction":[{"@type":"ReadAction","target":["https:\/\/www.agma.com\/sv\/anmal-dig-har-exklusiv-utbildning-12-14-september\/"]}]},{"@type":"ImageObject","inLanguage":"sv-SE","@id":"https:\/\/www.agma.com\/sv\/anmal-dig-har-exklusiv-utbildning-12-14-september\/#primaryimage","url":"https:\/\/www.agma.com\/wp-content\/uploads\/2020\/07\/ab04cfbdb046b871969c7ac4cbb25f.png","contentUrl":"https:\/\/www.agma.com\/wp-content\/uploads\/2020\/07\/ab04cfbdb046b871969c7ac4cbb25f.png","width":720,"height":250},{"@type":"BreadcrumbList","@id":"https:\/\/www.agma.com\/sv\/anmal-dig-har-exklusiv-utbildning-12-14-september\/#breadcrumb","itemListElement":[{"@type":"ListItem","position":1,"name":"Home","item":"https:\/\/www.agma.com\/sv\/"},{"@type":"ListItem","position":2,"name":"Anm\u00e4l dig h\u00e4r- exklusiv utbildning 12-14 september"}]},{"@type":"WebSite","@id":"https:\/\/www.agma.com\/sv\/#website","url":"https:\/\/www.agma.com\/sv\/","name":"Absolicon","description":"","publisher":{"@id":"https:\/\/www.agma.com\/sv\/#organization"},"potentialAction":[{"@type":"SearchAction","target":{"@type":"EntryPoint","urlTemplate":"https:\/\/www.agma.com\/sv\/?s={search_term_string}"},"query-input":{"@type":"PropertyValueSpecification","valueRequired":true,"valueName":"search_term_string"}}],"inLanguage":"sv-SE"},{"@type":"Organization","@id":"https:\/\/www.agma.com\/sv\/#organization","name":"Absolicon","url":"https:\/\/www.agma.com\/sv\/","logo":{"@type":"ImageObject","inLanguage":"sv-SE","@id":"https:\/\/www.agma.com\/sv\/#\/schema\/logo\/image\/","url":"https:\/\/www.agma.com\/wp-content\/uploads\/2026\/04\/logotype_neg_blk.svg","contentUrl":"https:\/\/www.agma.com\/wp-content\/uploads\/2026\/04\/logotype_neg_blk.svg","width":705,"height":83,"caption":"Absolicon"},"image":{"@id":"https:\/\/www.agma.com\/sv\/#\/schema\/logo\/image\/"}},{"@type":"Person","@id":"https:\/\/www.agma.com\/sv\/#\/schema\/person\/6820b3ce1cc37edbaecc979090760d8b","name":"jakubschenk","image":{"@type":"ImageObject","inLanguage":"sv-SE","@id":"https:\/\/secure.gravatar.com\/avatar\/0ab843002d4a58702560e02354e5f9a3206e13bbfaa9df5a188e463870f605cd?s=96&d=mm&r=g","url":"https:\/\/secure.gravatar.com\/avatar\/0ab843002d4a58702560e02354e5f9a3206e13bbfaa9df5a188e463870f605cd?s=96&d=mm&r=g","contentUrl":"https:\/\/secure.gravatar.com\/avatar\/0ab843002d4a58702560e02354e5f9a3206e13bbfaa9df5a188e463870f605cd?s=96&d=mm&r=g","caption":"jakubschenk"},"sameAs":["https:\/\/www.agma.com"],"url":"https:\/\/www.agma.com\/sv\/author\/jakubschenk\/"}]}},"_links":{"self":[{"href":"https:\/\/www.agma.com\/sv\/wp-json\/wp\/v2\/posts\/8822","targetHints":{"allow":["GET"]}}],"collection":[{"href":"https:\/\/www.agma.com\/sv\/wp-json\/wp\/v2\/posts"}],"about":[{"href":"https:\/\/www.agma.com\/sv\/wp-json\/wp\/v2\/types\/post"}],"author":[{"embeddable":true,"href":"https:\/\/www.agma.com\/sv\/wp-json\/wp\/v2\/users\/1"}],"replies":[{"embeddable":true,"href":"https:\/\/www.agma.com\/sv\/wp-json\/wp\/v2\/comments?post=8822"}],"version-history":[{"count":1,"href":"https:\/\/www.agma.com\/sv\/wp-json\/wp\/v2\/posts\/8822\/revisions"}],"predecessor-version":[{"id":9283,"href":"https:\/\/www.agma.com\/sv\/wp-json\/wp\/v2\/posts\/8822\/revisions\/9283"}],"wp:featuredmedia":[{"embeddable":true,"href":"https:\/\/www.agma.com\/sv\/wp-json\/wp\/v2\/media\/9281"}],"wp:attachment":[{"href":"https:\/\/www.agma.com\/sv\/wp-json\/wp\/v2\/media?parent=8822"}],"wp:term":[{"taxonomy":"category","embeddable":true,"href":"https:\/\/www.agma.com\/sv\/wp-json\/wp\/v2\/categories?post=8822"},{"taxonomy":"post_tag","embeddable":true,"href":"https:\/\/www.agma.com\/sv\/wp-json\/wp\/v2\/tags?post=8822"}],"curies":[{"name":"wp","href":"https:\/\/api.w.org\/{rel}","templated":true}]}}