{"id":8827,"date":"2012-09-13T00:00:00","date_gmt":"2012-09-13T00:00:00","guid":{"rendered":"https:\/\/www.absolicon.com\/kurs-i-solenergibranschens-affarsmojligheter\/"},"modified":"2020-07-21T08:05:35","modified_gmt":"2020-07-21T08:05:35","slug":"kurs-i-solenergibranschens-affarsmojligheter","status":"publish","type":"post","link":"https:\/\/www.agma.com\/sv\/kurs-i-solenergibranschens-affarsmojligheter\/","title":{"rendered":"Kurs i solenergibranschens aff\u00e4rsm\u00f6jligheter"},"content":{"rendered":"<figure id=\"attachment_694\" aria-describedby=\"caption-attachment-694\" style=\"width: 300px\" class=\"wp-caption alignright\"><img decoding=\"async\" class=\"size-full wp-image-694 \" title=\"Absolicon seminarium med studiebes\u00f6k p\u00e5 solenergi installationen p\u00e5 n\u00e4rv\u00e5rd H\u00e4rn\u00f6sand\" src=\" https:\/\/www.agma.comwp-content\/uploads\/2012\/09\/absolicon_seminarium_300.jpg \" alt=\"Absolicon Solar Collector seminarium 2012\" width=\"300\"><figcaption id=\"caption-attachment-694\" class=\"wp-caption-text\">Studiebes\u00f6k p\u00e5 N\u00e4rv\u00e5rd H\u00e4rn\u00f6sand.<\/figcaption><\/figure>\n<p>[ingress]Absolicons h\u00f6stseminarium i Sundsvall. Den exklusiva utbildningen har samlat deltagare fr\u00e5n fem l\u00e4nder.[\/ingress]<\/p>\n<p>&#8211; V\u00e5ra seminarium \u00e4r mycket uppskattade. Under tv\u00e5 dagar f\u00e5r deltagarna ta del av v\u00e5ra erfarenheter och l\u00e4ra sig mer om v\u00e5r teknik. Vi hoppas f\u00e5 se dem som partners i den v\u00e4xande solenergibranschen, s\u00e4ger Joakim Bystr\u00f6m.<\/p>\n<p>Under utbildningsdagarna varvas f\u00f6rel\u00e4sningar med studiebes\u00f6k. Man visar olika installationsmetoder och tar upp de tekniska f\u00f6rdelarna med koncentrerad solenergiteknik.<\/p>\n<p>&#8211; Vi tror mycket p\u00e5 de projekt som har diskuterats, s\u00e4ger Joakim Bystr\u00f6m.<\/p>\n<p>Absolicon planerar ytterligare ett kostnadsfritt seminarium under 2012. Kontakta oss g\u00e4rna om du \u00e4r intresserad!<\/p>\n<p>Epost: info@absolicon.com<br \/>\nTelefon: 0611-55 70 00<\/p>\n<p>&nbsp;<\/p>\n<p style=\"text-align: right;\">&nbsp;<em>Publicerad 2012-09-13<\/em><\/p>\n<div><em style=\"text-align: right;\"><br \/>\n<\/em><\/div>\n","protected":false},"excerpt":{"rendered":"<p>[ingress]Absolicons h\u00f6stseminarium i Sundsvall. Den exklusiva utbildningen har samlat deltagare fr\u00e5n fem l\u00e4nder.[\/ingress] &#8211; V\u00e5ra seminarium \u00e4r mycket uppskattade. Under tv\u00e5 dagar f\u00e5r deltagarna ta del av v\u00e5ra erfarenheter och l\u00e4ra sig mer om v\u00e5r teknik. Vi hoppas f\u00e5 se dem som partners i den v\u00e4xande solenergibranschen, s\u00e4ger Joakim Bystr\u00f6m. Under utbildningsdagarna varvas f\u00f6rel\u00e4sningar med [&hellip;]<\/p>\n","protected":false},"author":1,"featured_media":9269,"comment_status":"open","ping_status":"open","sticky":false,"template":"","format":"standard","meta":{"_acf_changed":false,"footnotes":""},"categories":[2],"tags":[],"class_list":["post-8827","post","type-post","status-publish","format-standard","has-post-thumbnail","hentry","category-okategoriserad"],"acf":[],"yoast_head":"<!-- This site is optimized with the Yoast SEO plugin v27.4 - https:\/\/yoast.com\/product\/yoast-seo-wordpress\/ -->\n<title>Kurs i solenergibranschens aff\u00e4rsm\u00f6jligheter - Absolicon<\/title>\n<meta name=\"robots\" content=\"index, follow, max-snippet:-1, max-image-preview:large, max-video-preview:-1\" \/>\n<link rel=\"canonical\" href=\"https:\/\/www.agma.com\/sv\/kurs-i-solenergibranschens-affarsmojligheter\/\" \/>\n<meta property=\"og:locale\" content=\"sv_SE\" \/>\n<meta property=\"og:type\" content=\"article\" \/>\n<meta property=\"og:title\" content=\"Kurs i solenergibranschens aff\u00e4rsm\u00f6jligheter - Absolicon\" \/>\n<meta property=\"og:description\" content=\"[ingress]Absolicons h\u00f6stseminarium i Sundsvall. Den exklusiva utbildningen har samlat deltagare fr\u00e5n fem l\u00e4nder.[\/ingress] &#8211; V\u00e5ra seminarium \u00e4r mycket uppskattade. Under tv\u00e5 dagar f\u00e5r deltagarna ta del av v\u00e5ra erfarenheter och l\u00e4ra sig mer om v\u00e5r teknik. Vi hoppas f\u00e5 se dem som partners i den v\u00e4xande solenergibranschen, s\u00e4ger Joakim Bystr\u00f6m. Under utbildningsdagarna varvas f\u00f6rel\u00e4sningar med [&hellip;]\" \/>\n<meta property=\"og:url\" content=\"https:\/\/www.agma.com\/sv\/kurs-i-solenergibranschens-affarsmojligheter\/\" \/>\n<meta property=\"og:site_name\" content=\"Absolicon\" \/>\n<meta property=\"article:published_time\" content=\"2012-09-13T00:00:00+00:00\" \/>\n<meta property=\"article:modified_time\" content=\"2020-07-21T08:05:35+00:00\" \/>\n<meta property=\"og:image\" content=\"https:\/\/www.agma.com\/wp-content\/uploads\/2020\/07\/3f740294ed285bd2e53a89a1aa68ee.jpg\" \/>\n\t<meta property=\"og:image:width\" content=\"720\" \/>\n\t<meta property=\"og:image:height\" content=\"250\" \/>\n\t<meta property=\"og:image:type\" content=\"image\/jpeg\" \/>\n<meta name=\"author\" content=\"jakubschenk\" \/>\n<meta name=\"twitter:card\" content=\"summary_large_image\" \/>\n<meta name=\"twitter:label1\" content=\"Skriven av\" \/>\n\t<meta name=\"twitter:data1\" content=\"jakubschenk\" \/>\n<script type=\"application\/ld+json\" class=\"yoast-schema-graph\">{\"@context\":\"https:\\\/\\\/schema.org\",\"@graph\":[{\"@type\":\"Article\",\"@id\":\"https:\\\/\\\/www.agma.com\\\/sv\\\/kurs-i-solenergibranschens-affarsmojligheter\\\/#article\",\"isPartOf\":{\"@id\":\"https:\\\/\\\/www.agma.com\\\/sv\\\/kurs-i-solenergibranschens-affarsmojligheter\\\/\"},\"author\":{\"name\":\"jakubschenk\",\"@id\":\"https:\\\/\\\/www.agma.com\\\/sv\\\/#\\\/schema\\\/person\\\/6820b3ce1cc37edbaecc979090760d8b\"},\"headline\":\"Kurs i solenergibranschens aff\u00e4rsm\u00f6jligheter\",\"datePublished\":\"2012-09-13T00:00:00+00:00\",\"dateModified\":\"2020-07-21T08:05:35+00:00\",\"mainEntityOfPage\":{\"@id\":\"https:\\\/\\\/www.agma.com\\\/sv\\\/kurs-i-solenergibranschens-affarsmojligheter\\\/\"},\"wordCount\":150,\"commentCount\":0,\"publisher\":{\"@id\":\"https:\\\/\\\/www.agma.com\\\/sv\\\/#organization\"},\"image\":{\"@id\":\"https:\\\/\\\/www.agma.com\\\/sv\\\/kurs-i-solenergibranschens-affarsmojligheter\\\/#primaryimage\"},\"thumbnailUrl\":\"https:\\\/\\\/www.agma.com\\\/wp-content\\\/uploads\\\/2020\\\/07\\\/3f740294ed285bd2e53a89a1aa68ee.jpg\",\"articleSection\":[\"Okategoriserad\"],\"inLanguage\":\"sv-SE\",\"potentialAction\":[{\"@type\":\"CommentAction\",\"name\":\"Comment\",\"target\":[\"https:\\\/\\\/www.agma.com\\\/sv\\\/kurs-i-solenergibranschens-affarsmojligheter\\\/#respond\"]}]},{\"@type\":\"WebPage\",\"@id\":\"https:\\\/\\\/www.agma.com\\\/sv\\\/kurs-i-solenergibranschens-affarsmojligheter\\\/\",\"url\":\"https:\\\/\\\/www.agma.com\\\/sv\\\/kurs-i-solenergibranschens-affarsmojligheter\\\/\",\"name\":\"Kurs i solenergibranschens aff\u00e4rsm\u00f6jligheter - Absolicon\",\"isPartOf\":{\"@id\":\"https:\\\/\\\/www.agma.com\\\/sv\\\/#website\"},\"primaryImageOfPage\":{\"@id\":\"https:\\\/\\\/www.agma.com\\\/sv\\\/kurs-i-solenergibranschens-affarsmojligheter\\\/#primaryimage\"},\"image\":{\"@id\":\"https:\\\/\\\/www.agma.com\\\/sv\\\/kurs-i-solenergibranschens-affarsmojligheter\\\/#primaryimage\"},\"thumbnailUrl\":\"https:\\\/\\\/www.agma.com\\\/wp-content\\\/uploads\\\/2020\\\/07\\\/3f740294ed285bd2e53a89a1aa68ee.jpg\",\"datePublished\":\"2012-09-13T00:00:00+00:00\",\"dateModified\":\"2020-07-21T08:05:35+00:00\",\"breadcrumb\":{\"@id\":\"https:\\\/\\\/www.agma.com\\\/sv\\\/kurs-i-solenergibranschens-affarsmojligheter\\\/#breadcrumb\"},\"inLanguage\":\"sv-SE\",\"potentialAction\":[{\"@type\":\"ReadAction\",\"target\":[\"https:\\\/\\\/www.agma.com\\\/sv\\\/kurs-i-solenergibranschens-affarsmojligheter\\\/\"]}]},{\"@type\":\"ImageObject\",\"inLanguage\":\"sv-SE\",\"@id\":\"https:\\\/\\\/www.agma.com\\\/sv\\\/kurs-i-solenergibranschens-affarsmojligheter\\\/#primaryimage\",\"url\":\"https:\\\/\\\/www.agma.com\\\/wp-content\\\/uploads\\\/2020\\\/07\\\/3f740294ed285bd2e53a89a1aa68ee.jpg\",\"contentUrl\":\"https:\\\/\\\/www.agma.com\\\/wp-content\\\/uploads\\\/2020\\\/07\\\/3f740294ed285bd2e53a89a1aa68ee.jpg\",\"width\":720,\"height\":250},{\"@type\":\"BreadcrumbList\",\"@id\":\"https:\\\/\\\/www.agma.com\\\/sv\\\/kurs-i-solenergibranschens-affarsmojligheter\\\/#breadcrumb\",\"itemListElement\":[{\"@type\":\"ListItem\",\"position\":1,\"name\":\"Home\",\"item\":\"https:\\\/\\\/www.agma.com\\\/sv\\\/\"},{\"@type\":\"ListItem\",\"position\":2,\"name\":\"Kurs i solenergibranschens aff\u00e4rsm\u00f6jligheter\"}]},{\"@type\":\"WebSite\",\"@id\":\"https:\\\/\\\/www.agma.com\\\/sv\\\/#website\",\"url\":\"https:\\\/\\\/www.agma.com\\\/sv\\\/\",\"name\":\"Absolicon\",\"description\":\"\",\"publisher\":{\"@id\":\"https:\\\/\\\/www.agma.com\\\/sv\\\/#organization\"},\"potentialAction\":[{\"@type\":\"SearchAction\",\"target\":{\"@type\":\"EntryPoint\",\"urlTemplate\":\"https:\\\/\\\/www.agma.com\\\/sv\\\/?s={search_term_string}\"},\"query-input\":{\"@type\":\"PropertyValueSpecification\",\"valueRequired\":true,\"valueName\":\"search_term_string\"}}],\"inLanguage\":\"sv-SE\"},{\"@type\":\"Organization\",\"@id\":\"https:\\\/\\\/www.agma.com\\\/sv\\\/#organization\",\"name\":\"Absolicon\",\"url\":\"https:\\\/\\\/www.agma.com\\\/sv\\\/\",\"logo\":{\"@type\":\"ImageObject\",\"inLanguage\":\"sv-SE\",\"@id\":\"https:\\\/\\\/www.agma.com\\\/sv\\\/#\\\/schema\\\/logo\\\/image\\\/\",\"url\":\"https:\\\/\\\/www.agma.com\\\/wp-content\\\/uploads\\\/2026\\\/04\\\/logotype_neg_blk.svg\",\"contentUrl\":\"https:\\\/\\\/www.agma.com\\\/wp-content\\\/uploads\\\/2026\\\/04\\\/logotype_neg_blk.svg\",\"width\":705,\"height\":83,\"caption\":\"Absolicon\"},\"image\":{\"@id\":\"https:\\\/\\\/www.agma.com\\\/sv\\\/#\\\/schema\\\/logo\\\/image\\\/\"}},{\"@type\":\"Person\",\"@id\":\"https:\\\/\\\/www.agma.com\\\/sv\\\/#\\\/schema\\\/person\\\/6820b3ce1cc37edbaecc979090760d8b\",\"name\":\"jakubschenk\",\"image\":{\"@type\":\"ImageObject\",\"inLanguage\":\"sv-SE\",\"@id\":\"https:\\\/\\\/secure.gravatar.com\\\/avatar\\\/0ab843002d4a58702560e02354e5f9a3206e13bbfaa9df5a188e463870f605cd?s=96&d=mm&r=g\",\"url\":\"https:\\\/\\\/secure.gravatar.com\\\/avatar\\\/0ab843002d4a58702560e02354e5f9a3206e13bbfaa9df5a188e463870f605cd?s=96&d=mm&r=g\",\"contentUrl\":\"https:\\\/\\\/secure.gravatar.com\\\/avatar\\\/0ab843002d4a58702560e02354e5f9a3206e13bbfaa9df5a188e463870f605cd?s=96&d=mm&r=g\",\"caption\":\"jakubschenk\"},\"sameAs\":[\"https:\\\/\\\/www.agma.com\"],\"url\":\"https:\\\/\\\/www.agma.com\\\/sv\\\/author\\\/jakubschenk\\\/\"}]}<\/script>\n<!-- \/ Yoast SEO plugin. -->","yoast_head_json":{"title":"Kurs i solenergibranschens aff\u00e4rsm\u00f6jligheter - Absolicon","robots":{"index":"index","follow":"follow","max-snippet":"max-snippet:-1","max-image-preview":"max-image-preview:large","max-video-preview":"max-video-preview:-1"},"canonical":"https:\/\/www.agma.com\/sv\/kurs-i-solenergibranschens-affarsmojligheter\/","og_locale":"sv_SE","og_type":"article","og_title":"Kurs i solenergibranschens aff\u00e4rsm\u00f6jligheter - Absolicon","og_description":"[ingress]Absolicons h\u00f6stseminarium i Sundsvall. Den exklusiva utbildningen har samlat deltagare fr\u00e5n fem l\u00e4nder.[\/ingress] &#8211; V\u00e5ra seminarium \u00e4r mycket uppskattade. Under tv\u00e5 dagar f\u00e5r deltagarna ta del av v\u00e5ra erfarenheter och l\u00e4ra sig mer om v\u00e5r teknik. Vi hoppas f\u00e5 se dem som partners i den v\u00e4xande solenergibranschen, s\u00e4ger Joakim Bystr\u00f6m. Under utbildningsdagarna varvas f\u00f6rel\u00e4sningar med [&hellip;]","og_url":"https:\/\/www.agma.com\/sv\/kurs-i-solenergibranschens-affarsmojligheter\/","og_site_name":"Absolicon","article_published_time":"2012-09-13T00:00:00+00:00","article_modified_time":"2020-07-21T08:05:35+00:00","og_image":[{"width":720,"height":250,"url":"https:\/\/www.agma.com\/wp-content\/uploads\/2020\/07\/3f740294ed285bd2e53a89a1aa68ee.jpg","type":"image\/jpeg"}],"author":"jakubschenk","twitter_card":"summary_large_image","twitter_misc":{"Skriven av":"jakubschenk"},"schema":{"@context":"https:\/\/schema.org","@graph":[{"@type":"Article","@id":"https:\/\/www.agma.com\/sv\/kurs-i-solenergibranschens-affarsmojligheter\/#article","isPartOf":{"@id":"https:\/\/www.agma.com\/sv\/kurs-i-solenergibranschens-affarsmojligheter\/"},"author":{"name":"jakubschenk","@id":"https:\/\/www.agma.com\/sv\/#\/schema\/person\/6820b3ce1cc37edbaecc979090760d8b"},"headline":"Kurs i solenergibranschens aff\u00e4rsm\u00f6jligheter","datePublished":"2012-09-13T00:00:00+00:00","dateModified":"2020-07-21T08:05:35+00:00","mainEntityOfPage":{"@id":"https:\/\/www.agma.com\/sv\/kurs-i-solenergibranschens-affarsmojligheter\/"},"wordCount":150,"commentCount":0,"publisher":{"@id":"https:\/\/www.agma.com\/sv\/#organization"},"image":{"@id":"https:\/\/www.agma.com\/sv\/kurs-i-solenergibranschens-affarsmojligheter\/#primaryimage"},"thumbnailUrl":"https:\/\/www.agma.com\/wp-content\/uploads\/2020\/07\/3f740294ed285bd2e53a89a1aa68ee.jpg","articleSection":["Okategoriserad"],"inLanguage":"sv-SE","potentialAction":[{"@type":"CommentAction","name":"Comment","target":["https:\/\/www.agma.com\/sv\/kurs-i-solenergibranschens-affarsmojligheter\/#respond"]}]},{"@type":"WebPage","@id":"https:\/\/www.agma.com\/sv\/kurs-i-solenergibranschens-affarsmojligheter\/","url":"https:\/\/www.agma.com\/sv\/kurs-i-solenergibranschens-affarsmojligheter\/","name":"Kurs i solenergibranschens aff\u00e4rsm\u00f6jligheter - Absolicon","isPartOf":{"@id":"https:\/\/www.agma.com\/sv\/#website"},"primaryImageOfPage":{"@id":"https:\/\/www.agma.com\/sv\/kurs-i-solenergibranschens-affarsmojligheter\/#primaryimage"},"image":{"@id":"https:\/\/www.agma.com\/sv\/kurs-i-solenergibranschens-affarsmojligheter\/#primaryimage"},"thumbnailUrl":"https:\/\/www.agma.com\/wp-content\/uploads\/2020\/07\/3f740294ed285bd2e53a89a1aa68ee.jpg","datePublished":"2012-09-13T00:00:00+00:00","dateModified":"2020-07-21T08:05:35+00:00","breadcrumb":{"@id":"https:\/\/www.agma.com\/sv\/kurs-i-solenergibranschens-affarsmojligheter\/#breadcrumb"},"inLanguage":"sv-SE","potentialAction":[{"@type":"ReadAction","target":["https:\/\/www.agma.com\/sv\/kurs-i-solenergibranschens-affarsmojligheter\/"]}]},{"@type":"ImageObject","inLanguage":"sv-SE","@id":"https:\/\/www.agma.com\/sv\/kurs-i-solenergibranschens-affarsmojligheter\/#primaryimage","url":"https:\/\/www.agma.com\/wp-content\/uploads\/2020\/07\/3f740294ed285bd2e53a89a1aa68ee.jpg","contentUrl":"https:\/\/www.agma.com\/wp-content\/uploads\/2020\/07\/3f740294ed285bd2e53a89a1aa68ee.jpg","width":720,"height":250},{"@type":"BreadcrumbList","@id":"https:\/\/www.agma.com\/sv\/kurs-i-solenergibranschens-affarsmojligheter\/#breadcrumb","itemListElement":[{"@type":"ListItem","position":1,"name":"Home","item":"https:\/\/www.agma.com\/sv\/"},{"@type":"ListItem","position":2,"name":"Kurs i solenergibranschens aff\u00e4rsm\u00f6jligheter"}]},{"@type":"WebSite","@id":"https:\/\/www.agma.com\/sv\/#website","url":"https:\/\/www.agma.com\/sv\/","name":"Absolicon","description":"","publisher":{"@id":"https:\/\/www.agma.com\/sv\/#organization"},"potentialAction":[{"@type":"SearchAction","target":{"@type":"EntryPoint","urlTemplate":"https:\/\/www.agma.com\/sv\/?s={search_term_string}"},"query-input":{"@type":"PropertyValueSpecification","valueRequired":true,"valueName":"search_term_string"}}],"inLanguage":"sv-SE"},{"@type":"Organization","@id":"https:\/\/www.agma.com\/sv\/#organization","name":"Absolicon","url":"https:\/\/www.agma.com\/sv\/","logo":{"@type":"ImageObject","inLanguage":"sv-SE","@id":"https:\/\/www.agma.com\/sv\/#\/schema\/logo\/image\/","url":"https:\/\/www.agma.com\/wp-content\/uploads\/2026\/04\/logotype_neg_blk.svg","contentUrl":"https:\/\/www.agma.com\/wp-content\/uploads\/2026\/04\/logotype_neg_blk.svg","width":705,"height":83,"caption":"Absolicon"},"image":{"@id":"https:\/\/www.agma.com\/sv\/#\/schema\/logo\/image\/"}},{"@type":"Person","@id":"https:\/\/www.agma.com\/sv\/#\/schema\/person\/6820b3ce1cc37edbaecc979090760d8b","name":"jakubschenk","image":{"@type":"ImageObject","inLanguage":"sv-SE","@id":"https:\/\/secure.gravatar.com\/avatar\/0ab843002d4a58702560e02354e5f9a3206e13bbfaa9df5a188e463870f605cd?s=96&d=mm&r=g","url":"https:\/\/secure.gravatar.com\/avatar\/0ab843002d4a58702560e02354e5f9a3206e13bbfaa9df5a188e463870f605cd?s=96&d=mm&r=g","contentUrl":"https:\/\/secure.gravatar.com\/avatar\/0ab843002d4a58702560e02354e5f9a3206e13bbfaa9df5a188e463870f605cd?s=96&d=mm&r=g","caption":"jakubschenk"},"sameAs":["https:\/\/www.agma.com"],"url":"https:\/\/www.agma.com\/sv\/author\/jakubschenk\/"}]}},"_links":{"self":[{"href":"https:\/\/www.agma.com\/sv\/wp-json\/wp\/v2\/posts\/8827","targetHints":{"allow":["GET"]}}],"collection":[{"href":"https:\/\/www.agma.com\/sv\/wp-json\/wp\/v2\/posts"}],"about":[{"href":"https:\/\/www.agma.com\/sv\/wp-json\/wp\/v2\/types\/post"}],"author":[{"embeddable":true,"href":"https:\/\/www.agma.com\/sv\/wp-json\/wp\/v2\/users\/1"}],"replies":[{"embeddable":true,"href":"https:\/\/www.agma.com\/sv\/wp-json\/wp\/v2\/comments?post=8827"}],"version-history":[{"count":1,"href":"https:\/\/www.agma.com\/sv\/wp-json\/wp\/v2\/posts\/8827\/revisions"}],"predecessor-version":[{"id":9271,"href":"https:\/\/www.agma.com\/sv\/wp-json\/wp\/v2\/posts\/8827\/revisions\/9271"}],"wp:featuredmedia":[{"embeddable":true,"href":"https:\/\/www.agma.com\/sv\/wp-json\/wp\/v2\/media\/9269"}],"wp:attachment":[{"href":"https:\/\/www.agma.com\/sv\/wp-json\/wp\/v2\/media?parent=8827"}],"wp:term":[{"taxonomy":"category","embeddable":true,"href":"https:\/\/www.agma.com\/sv\/wp-json\/wp\/v2\/categories?post=8827"},{"taxonomy":"post_tag","embeddable":true,"href":"https:\/\/www.agma.com\/sv\/wp-json\/wp\/v2\/tags?post=8827"}],"curies":[{"name":"wp","href":"https:\/\/api.w.org\/{rel}","templated":true}]}}