{"id":8828,"date":"2012-09-23T00:00:00","date_gmt":"2012-09-23T00:00:00","guid":{"rendered":"https:\/\/www.absolicon.com\/landshovding-invigde-solenergianlaggning-i-dalarna\/"},"modified":"2020-07-21T08:04:54","modified_gmt":"2020-07-21T08:04:54","slug":"landshovding-invigde-solenergianlaggning-i-dalarna","status":"publish","type":"post","link":"https:\/\/www.agma.com\/sv\/landshovding-invigde-solenergianlaggning-i-dalarna\/","title":{"rendered":"Landsh\u00f6vding invigde solenergianl\u00e4ggning i Dalarna"},"content":{"rendered":"<p>[ingress]Hundratals gr\u00f6na ballonger sl\u00e4pptes fria n\u00e4r Dalarnas landsh\u00f6vding Maria Norrfalk invigde B\u00e4vergl\u00e4ntans solenergianl\u00e4ggning i Smedjebacken. Solf\u00e5ngarna fr\u00e5n Absolicon \u00e4r monterade p\u00e5 verkstadstaket och fungerar i samarbete med flispannan f\u00f6r att producera f\u00f6rnybar energi. [\/ingress]<\/p>\n<figure id=\"attachment_694\" aria-describedby=\"caption-attachment-694\" style=\"width: 300px\" class=\"wp-caption alignright\"><img decoding=\"async\" class=\"size-full wp-image-694 \" title=\"Maria Norrfalk och Ingemar L\u00f6f\" src=\" https:\/\/www.agma.comwp-content\/uploads\/2012\/09\/ingemar_lof_maria_norrfalk_300.jpg\" alt=\"Maria Norrfalk och Ingemar L\u00f6f\" width=\"300\"><figcaption id=\"caption-attachment-694\" class=\"wp-caption-text\">Landsh\u00f6vding Maria Norrfalk fanns p\u00e5 plats f\u00f6r att inviga solenergianl\u00e4ggningen i Smedjebacken. Bakom satsningen st\u00e5r f\u00f6retagaren Ingemar L\u00f6f.<\/figcaption><\/figure>\n<p>Bakom satsningen st\u00e5r B\u00e4vergl\u00e4ntans Fastighets AB, med f\u00f6retagaren Ingemar L\u00f6f i spetsen. Pannan f\u00f6r biobr\u00e4nsle har kompletterats med 20 hybridsolf\u00e5ngare fr\u00e5n Absolicon. Installation \u00e4r placerade p\u00e5 f\u00f6retagets tak, och flera av de \u00f6vriga f\u00f6retagen p\u00e5 industriomr\u00e5det i Gunnars \u00e4r redan anslutna till ett n\u00e4rv\u00e4rmen\u00e4t som matas fr\u00e5n B\u00e4vergl\u00e4ntan.<\/p>\n<p>Ingemar L\u00f6f fick stora lovord under invigningen som avslutades med att 200 gr\u00f6na ballonger symboliskt sl\u00e4pptes upp \u00f6ver Smedjebacken. Sedan fick g\u00e4sterna tillf\u00e4lle att studera anl\u00e4ggningen n\u00e4rmare. R\u00e4ddningstj\u00e4nsten st\u00e4llde upp med en korg f\u00f6r de som ville se solf\u00e5ngarna p\u00e5 taket.<\/p>\n<p>&nbsp;<\/p>\n<p>&nbsp;<\/p>\n<p>&nbsp;<\/p>\n<p style=\"text-align: right;\">&nbsp;<em>Publicerad 2012-09-23<\/em><\/p>\n<div><em style=\"text-align: right;\"><br \/>\n<\/em><\/div>\n","protected":false},"excerpt":{"rendered":"<p>[ingress]Hundratals gr\u00f6na ballonger sl\u00e4pptes fria n\u00e4r Dalarnas landsh\u00f6vding Maria Norrfalk invigde B\u00e4vergl\u00e4ntans solenergianl\u00e4ggning i Smedjebacken. Solf\u00e5ngarna fr\u00e5n Absolicon \u00e4r monterade p\u00e5 verkstadstaket och fungerar i samarbete med flispannan f\u00f6r att producera f\u00f6rnybar energi. [\/ingress] Bakom satsningen st\u00e5r B\u00e4vergl\u00e4ntans Fastighets AB, med f\u00f6retagaren Ingemar L\u00f6f i spetsen. Pannan f\u00f6r biobr\u00e4nsle har kompletterats med 20 hybridsolf\u00e5ngare fr\u00e5n [&hellip;]<\/p>\n","protected":false},"author":1,"featured_media":9266,"comment_status":"open","ping_status":"open","sticky":false,"template":"","format":"standard","meta":{"_acf_changed":false,"footnotes":""},"categories":[2],"tags":[],"class_list":["post-8828","post","type-post","status-publish","format-standard","has-post-thumbnail","hentry","category-okategoriserad"],"acf":[],"yoast_head":"<!-- This site is optimized with the Yoast SEO plugin v27.4 - https:\/\/yoast.com\/product\/yoast-seo-wordpress\/ -->\n<title>Landsh\u00f6vding invigde solenergianl\u00e4ggning i Dalarna - Absolicon<\/title>\n<meta name=\"robots\" content=\"index, follow, max-snippet:-1, max-image-preview:large, max-video-preview:-1\" \/>\n<link rel=\"canonical\" href=\"https:\/\/www.agma.com\/sv\/landshovding-invigde-solenergianlaggning-i-dalarna\/\" \/>\n<meta property=\"og:locale\" content=\"sv_SE\" \/>\n<meta property=\"og:type\" content=\"article\" \/>\n<meta property=\"og:title\" content=\"Landsh\u00f6vding invigde solenergianl\u00e4ggning i Dalarna - Absolicon\" \/>\n<meta property=\"og:description\" content=\"[ingress]Hundratals gr\u00f6na ballonger sl\u00e4pptes fria n\u00e4r Dalarnas landsh\u00f6vding Maria Norrfalk invigde B\u00e4vergl\u00e4ntans solenergianl\u00e4ggning i Smedjebacken. Solf\u00e5ngarna fr\u00e5n Absolicon \u00e4r monterade p\u00e5 verkstadstaket och fungerar i samarbete med flispannan f\u00f6r att producera f\u00f6rnybar energi. [\/ingress] Bakom satsningen st\u00e5r B\u00e4vergl\u00e4ntans Fastighets AB, med f\u00f6retagaren Ingemar L\u00f6f i spetsen. Pannan f\u00f6r biobr\u00e4nsle har kompletterats med 20 hybridsolf\u00e5ngare fr\u00e5n [&hellip;]\" \/>\n<meta property=\"og:url\" content=\"https:\/\/www.agma.com\/sv\/landshovding-invigde-solenergianlaggning-i-dalarna\/\" \/>\n<meta property=\"og:site_name\" content=\"Absolicon\" \/>\n<meta property=\"article:published_time\" content=\"2012-09-23T00:00:00+00:00\" \/>\n<meta property=\"article:modified_time\" content=\"2020-07-21T08:04:54+00:00\" \/>\n<meta property=\"og:image\" content=\"https:\/\/www.agma.com\/wp-content\/uploads\/2020\/07\/cc01b3bd41d3260dfad84ce032c631.jpg\" \/>\n\t<meta property=\"og:image:width\" content=\"720\" \/>\n\t<meta property=\"og:image:height\" content=\"250\" \/>\n\t<meta property=\"og:image:type\" content=\"image\/jpeg\" \/>\n<meta name=\"author\" content=\"jakubschenk\" \/>\n<meta name=\"twitter:card\" content=\"summary_large_image\" \/>\n<meta name=\"twitter:label1\" content=\"Skriven av\" \/>\n\t<meta name=\"twitter:data1\" content=\"jakubschenk\" \/>\n<script type=\"application\/ld+json\" class=\"yoast-schema-graph\">{\"@context\":\"https:\\\/\\\/schema.org\",\"@graph\":[{\"@type\":\"Article\",\"@id\":\"https:\\\/\\\/www.agma.com\\\/sv\\\/landshovding-invigde-solenergianlaggning-i-dalarna\\\/#article\",\"isPartOf\":{\"@id\":\"https:\\\/\\\/www.agma.com\\\/sv\\\/landshovding-invigde-solenergianlaggning-i-dalarna\\\/\"},\"author\":{\"name\":\"jakubschenk\",\"@id\":\"https:\\\/\\\/www.agma.com\\\/sv\\\/#\\\/schema\\\/person\\\/6820b3ce1cc37edbaecc979090760d8b\"},\"headline\":\"Landsh\u00f6vding invigde solenergianl\u00e4ggning i Dalarna\",\"datePublished\":\"2012-09-23T00:00:00+00:00\",\"dateModified\":\"2020-07-21T08:04:54+00:00\",\"mainEntityOfPage\":{\"@id\":\"https:\\\/\\\/www.agma.com\\\/sv\\\/landshovding-invigde-solenergianlaggning-i-dalarna\\\/\"},\"wordCount\":209,\"commentCount\":0,\"publisher\":{\"@id\":\"https:\\\/\\\/www.agma.com\\\/sv\\\/#organization\"},\"image\":{\"@id\":\"https:\\\/\\\/www.agma.com\\\/sv\\\/landshovding-invigde-solenergianlaggning-i-dalarna\\\/#primaryimage\"},\"thumbnailUrl\":\"https:\\\/\\\/www.agma.com\\\/wp-content\\\/uploads\\\/2020\\\/07\\\/cc01b3bd41d3260dfad84ce032c631.jpg\",\"articleSection\":[\"Okategoriserad\"],\"inLanguage\":\"sv-SE\",\"potentialAction\":[{\"@type\":\"CommentAction\",\"name\":\"Comment\",\"target\":[\"https:\\\/\\\/www.agma.com\\\/sv\\\/landshovding-invigde-solenergianlaggning-i-dalarna\\\/#respond\"]}]},{\"@type\":\"WebPage\",\"@id\":\"https:\\\/\\\/www.agma.com\\\/sv\\\/landshovding-invigde-solenergianlaggning-i-dalarna\\\/\",\"url\":\"https:\\\/\\\/www.agma.com\\\/sv\\\/landshovding-invigde-solenergianlaggning-i-dalarna\\\/\",\"name\":\"Landsh\u00f6vding invigde solenergianl\u00e4ggning i Dalarna - Absolicon\",\"isPartOf\":{\"@id\":\"https:\\\/\\\/www.agma.com\\\/sv\\\/#website\"},\"primaryImageOfPage\":{\"@id\":\"https:\\\/\\\/www.agma.com\\\/sv\\\/landshovding-invigde-solenergianlaggning-i-dalarna\\\/#primaryimage\"},\"image\":{\"@id\":\"https:\\\/\\\/www.agma.com\\\/sv\\\/landshovding-invigde-solenergianlaggning-i-dalarna\\\/#primaryimage\"},\"thumbnailUrl\":\"https:\\\/\\\/www.agma.com\\\/wp-content\\\/uploads\\\/2020\\\/07\\\/cc01b3bd41d3260dfad84ce032c631.jpg\",\"datePublished\":\"2012-09-23T00:00:00+00:00\",\"dateModified\":\"2020-07-21T08:04:54+00:00\",\"breadcrumb\":{\"@id\":\"https:\\\/\\\/www.agma.com\\\/sv\\\/landshovding-invigde-solenergianlaggning-i-dalarna\\\/#breadcrumb\"},\"inLanguage\":\"sv-SE\",\"potentialAction\":[{\"@type\":\"ReadAction\",\"target\":[\"https:\\\/\\\/www.agma.com\\\/sv\\\/landshovding-invigde-solenergianlaggning-i-dalarna\\\/\"]}]},{\"@type\":\"ImageObject\",\"inLanguage\":\"sv-SE\",\"@id\":\"https:\\\/\\\/www.agma.com\\\/sv\\\/landshovding-invigde-solenergianlaggning-i-dalarna\\\/#primaryimage\",\"url\":\"https:\\\/\\\/www.agma.com\\\/wp-content\\\/uploads\\\/2020\\\/07\\\/cc01b3bd41d3260dfad84ce032c631.jpg\",\"contentUrl\":\"https:\\\/\\\/www.agma.com\\\/wp-content\\\/uploads\\\/2020\\\/07\\\/cc01b3bd41d3260dfad84ce032c631.jpg\",\"width\":720,\"height\":250},{\"@type\":\"BreadcrumbList\",\"@id\":\"https:\\\/\\\/www.agma.com\\\/sv\\\/landshovding-invigde-solenergianlaggning-i-dalarna\\\/#breadcrumb\",\"itemListElement\":[{\"@type\":\"ListItem\",\"position\":1,\"name\":\"Home\",\"item\":\"https:\\\/\\\/www.agma.com\\\/sv\\\/\"},{\"@type\":\"ListItem\",\"position\":2,\"name\":\"Landsh\u00f6vding invigde solenergianl\u00e4ggning i Dalarna\"}]},{\"@type\":\"WebSite\",\"@id\":\"https:\\\/\\\/www.agma.com\\\/sv\\\/#website\",\"url\":\"https:\\\/\\\/www.agma.com\\\/sv\\\/\",\"name\":\"Absolicon\",\"description\":\"\",\"publisher\":{\"@id\":\"https:\\\/\\\/www.agma.com\\\/sv\\\/#organization\"},\"potentialAction\":[{\"@type\":\"SearchAction\",\"target\":{\"@type\":\"EntryPoint\",\"urlTemplate\":\"https:\\\/\\\/www.agma.com\\\/sv\\\/?s={search_term_string}\"},\"query-input\":{\"@type\":\"PropertyValueSpecification\",\"valueRequired\":true,\"valueName\":\"search_term_string\"}}],\"inLanguage\":\"sv-SE\"},{\"@type\":\"Organization\",\"@id\":\"https:\\\/\\\/www.agma.com\\\/sv\\\/#organization\",\"name\":\"Absolicon\",\"url\":\"https:\\\/\\\/www.agma.com\\\/sv\\\/\",\"logo\":{\"@type\":\"ImageObject\",\"inLanguage\":\"sv-SE\",\"@id\":\"https:\\\/\\\/www.agma.com\\\/sv\\\/#\\\/schema\\\/logo\\\/image\\\/\",\"url\":\"https:\\\/\\\/www.agma.com\\\/wp-content\\\/uploads\\\/2026\\\/04\\\/logotype_neg_blk.svg\",\"contentUrl\":\"https:\\\/\\\/www.agma.com\\\/wp-content\\\/uploads\\\/2026\\\/04\\\/logotype_neg_blk.svg\",\"width\":705,\"height\":83,\"caption\":\"Absolicon\"},\"image\":{\"@id\":\"https:\\\/\\\/www.agma.com\\\/sv\\\/#\\\/schema\\\/logo\\\/image\\\/\"}},{\"@type\":\"Person\",\"@id\":\"https:\\\/\\\/www.agma.com\\\/sv\\\/#\\\/schema\\\/person\\\/6820b3ce1cc37edbaecc979090760d8b\",\"name\":\"jakubschenk\",\"image\":{\"@type\":\"ImageObject\",\"inLanguage\":\"sv-SE\",\"@id\":\"https:\\\/\\\/secure.gravatar.com\\\/avatar\\\/0ab843002d4a58702560e02354e5f9a3206e13bbfaa9df5a188e463870f605cd?s=96&d=mm&r=g\",\"url\":\"https:\\\/\\\/secure.gravatar.com\\\/avatar\\\/0ab843002d4a58702560e02354e5f9a3206e13bbfaa9df5a188e463870f605cd?s=96&d=mm&r=g\",\"contentUrl\":\"https:\\\/\\\/secure.gravatar.com\\\/avatar\\\/0ab843002d4a58702560e02354e5f9a3206e13bbfaa9df5a188e463870f605cd?s=96&d=mm&r=g\",\"caption\":\"jakubschenk\"},\"sameAs\":[\"https:\\\/\\\/www.agma.com\"],\"url\":\"https:\\\/\\\/www.agma.com\\\/sv\\\/author\\\/jakubschenk\\\/\"}]}<\/script>\n<!-- \/ Yoast SEO plugin. -->","yoast_head_json":{"title":"Landsh\u00f6vding invigde solenergianl\u00e4ggning i Dalarna - Absolicon","robots":{"index":"index","follow":"follow","max-snippet":"max-snippet:-1","max-image-preview":"max-image-preview:large","max-video-preview":"max-video-preview:-1"},"canonical":"https:\/\/www.agma.com\/sv\/landshovding-invigde-solenergianlaggning-i-dalarna\/","og_locale":"sv_SE","og_type":"article","og_title":"Landsh\u00f6vding invigde solenergianl\u00e4ggning i Dalarna - Absolicon","og_description":"[ingress]Hundratals gr\u00f6na ballonger sl\u00e4pptes fria n\u00e4r Dalarnas landsh\u00f6vding Maria Norrfalk invigde B\u00e4vergl\u00e4ntans solenergianl\u00e4ggning i Smedjebacken. Solf\u00e5ngarna fr\u00e5n Absolicon \u00e4r monterade p\u00e5 verkstadstaket och fungerar i samarbete med flispannan f\u00f6r att producera f\u00f6rnybar energi. [\/ingress] Bakom satsningen st\u00e5r B\u00e4vergl\u00e4ntans Fastighets AB, med f\u00f6retagaren Ingemar L\u00f6f i spetsen. Pannan f\u00f6r biobr\u00e4nsle har kompletterats med 20 hybridsolf\u00e5ngare fr\u00e5n [&hellip;]","og_url":"https:\/\/www.agma.com\/sv\/landshovding-invigde-solenergianlaggning-i-dalarna\/","og_site_name":"Absolicon","article_published_time":"2012-09-23T00:00:00+00:00","article_modified_time":"2020-07-21T08:04:54+00:00","og_image":[{"width":720,"height":250,"url":"https:\/\/www.agma.com\/wp-content\/uploads\/2020\/07\/cc01b3bd41d3260dfad84ce032c631.jpg","type":"image\/jpeg"}],"author":"jakubschenk","twitter_card":"summary_large_image","twitter_misc":{"Skriven av":"jakubschenk"},"schema":{"@context":"https:\/\/schema.org","@graph":[{"@type":"Article","@id":"https:\/\/www.agma.com\/sv\/landshovding-invigde-solenergianlaggning-i-dalarna\/#article","isPartOf":{"@id":"https:\/\/www.agma.com\/sv\/landshovding-invigde-solenergianlaggning-i-dalarna\/"},"author":{"name":"jakubschenk","@id":"https:\/\/www.agma.com\/sv\/#\/schema\/person\/6820b3ce1cc37edbaecc979090760d8b"},"headline":"Landsh\u00f6vding invigde solenergianl\u00e4ggning i Dalarna","datePublished":"2012-09-23T00:00:00+00:00","dateModified":"2020-07-21T08:04:54+00:00","mainEntityOfPage":{"@id":"https:\/\/www.agma.com\/sv\/landshovding-invigde-solenergianlaggning-i-dalarna\/"},"wordCount":209,"commentCount":0,"publisher":{"@id":"https:\/\/www.agma.com\/sv\/#organization"},"image":{"@id":"https:\/\/www.agma.com\/sv\/landshovding-invigde-solenergianlaggning-i-dalarna\/#primaryimage"},"thumbnailUrl":"https:\/\/www.agma.com\/wp-content\/uploads\/2020\/07\/cc01b3bd41d3260dfad84ce032c631.jpg","articleSection":["Okategoriserad"],"inLanguage":"sv-SE","potentialAction":[{"@type":"CommentAction","name":"Comment","target":["https:\/\/www.agma.com\/sv\/landshovding-invigde-solenergianlaggning-i-dalarna\/#respond"]}]},{"@type":"WebPage","@id":"https:\/\/www.agma.com\/sv\/landshovding-invigde-solenergianlaggning-i-dalarna\/","url":"https:\/\/www.agma.com\/sv\/landshovding-invigde-solenergianlaggning-i-dalarna\/","name":"Landsh\u00f6vding invigde solenergianl\u00e4ggning i Dalarna - Absolicon","isPartOf":{"@id":"https:\/\/www.agma.com\/sv\/#website"},"primaryImageOfPage":{"@id":"https:\/\/www.agma.com\/sv\/landshovding-invigde-solenergianlaggning-i-dalarna\/#primaryimage"},"image":{"@id":"https:\/\/www.agma.com\/sv\/landshovding-invigde-solenergianlaggning-i-dalarna\/#primaryimage"},"thumbnailUrl":"https:\/\/www.agma.com\/wp-content\/uploads\/2020\/07\/cc01b3bd41d3260dfad84ce032c631.jpg","datePublished":"2012-09-23T00:00:00+00:00","dateModified":"2020-07-21T08:04:54+00:00","breadcrumb":{"@id":"https:\/\/www.agma.com\/sv\/landshovding-invigde-solenergianlaggning-i-dalarna\/#breadcrumb"},"inLanguage":"sv-SE","potentialAction":[{"@type":"ReadAction","target":["https:\/\/www.agma.com\/sv\/landshovding-invigde-solenergianlaggning-i-dalarna\/"]}]},{"@type":"ImageObject","inLanguage":"sv-SE","@id":"https:\/\/www.agma.com\/sv\/landshovding-invigde-solenergianlaggning-i-dalarna\/#primaryimage","url":"https:\/\/www.agma.com\/wp-content\/uploads\/2020\/07\/cc01b3bd41d3260dfad84ce032c631.jpg","contentUrl":"https:\/\/www.agma.com\/wp-content\/uploads\/2020\/07\/cc01b3bd41d3260dfad84ce032c631.jpg","width":720,"height":250},{"@type":"BreadcrumbList","@id":"https:\/\/www.agma.com\/sv\/landshovding-invigde-solenergianlaggning-i-dalarna\/#breadcrumb","itemListElement":[{"@type":"ListItem","position":1,"name":"Home","item":"https:\/\/www.agma.com\/sv\/"},{"@type":"ListItem","position":2,"name":"Landsh\u00f6vding invigde solenergianl\u00e4ggning i Dalarna"}]},{"@type":"WebSite","@id":"https:\/\/www.agma.com\/sv\/#website","url":"https:\/\/www.agma.com\/sv\/","name":"Absolicon","description":"","publisher":{"@id":"https:\/\/www.agma.com\/sv\/#organization"},"potentialAction":[{"@type":"SearchAction","target":{"@type":"EntryPoint","urlTemplate":"https:\/\/www.agma.com\/sv\/?s={search_term_string}"},"query-input":{"@type":"PropertyValueSpecification","valueRequired":true,"valueName":"search_term_string"}}],"inLanguage":"sv-SE"},{"@type":"Organization","@id":"https:\/\/www.agma.com\/sv\/#organization","name":"Absolicon","url":"https:\/\/www.agma.com\/sv\/","logo":{"@type":"ImageObject","inLanguage":"sv-SE","@id":"https:\/\/www.agma.com\/sv\/#\/schema\/logo\/image\/","url":"https:\/\/www.agma.com\/wp-content\/uploads\/2026\/04\/logotype_neg_blk.svg","contentUrl":"https:\/\/www.agma.com\/wp-content\/uploads\/2026\/04\/logotype_neg_blk.svg","width":705,"height":83,"caption":"Absolicon"},"image":{"@id":"https:\/\/www.agma.com\/sv\/#\/schema\/logo\/image\/"}},{"@type":"Person","@id":"https:\/\/www.agma.com\/sv\/#\/schema\/person\/6820b3ce1cc37edbaecc979090760d8b","name":"jakubschenk","image":{"@type":"ImageObject","inLanguage":"sv-SE","@id":"https:\/\/secure.gravatar.com\/avatar\/0ab843002d4a58702560e02354e5f9a3206e13bbfaa9df5a188e463870f605cd?s=96&d=mm&r=g","url":"https:\/\/secure.gravatar.com\/avatar\/0ab843002d4a58702560e02354e5f9a3206e13bbfaa9df5a188e463870f605cd?s=96&d=mm&r=g","contentUrl":"https:\/\/secure.gravatar.com\/avatar\/0ab843002d4a58702560e02354e5f9a3206e13bbfaa9df5a188e463870f605cd?s=96&d=mm&r=g","caption":"jakubschenk"},"sameAs":["https:\/\/www.agma.com"],"url":"https:\/\/www.agma.com\/sv\/author\/jakubschenk\/"}]}},"_links":{"self":[{"href":"https:\/\/www.agma.com\/sv\/wp-json\/wp\/v2\/posts\/8828","targetHints":{"allow":["GET"]}}],"collection":[{"href":"https:\/\/www.agma.com\/sv\/wp-json\/wp\/v2\/posts"}],"about":[{"href":"https:\/\/www.agma.com\/sv\/wp-json\/wp\/v2\/types\/post"}],"author":[{"embeddable":true,"href":"https:\/\/www.agma.com\/sv\/wp-json\/wp\/v2\/users\/1"}],"replies":[{"embeddable":true,"href":"https:\/\/www.agma.com\/sv\/wp-json\/wp\/v2\/comments?post=8828"}],"version-history":[{"count":1,"href":"https:\/\/www.agma.com\/sv\/wp-json\/wp\/v2\/posts\/8828\/revisions"}],"predecessor-version":[{"id":9268,"href":"https:\/\/www.agma.com\/sv\/wp-json\/wp\/v2\/posts\/8828\/revisions\/9268"}],"wp:featuredmedia":[{"embeddable":true,"href":"https:\/\/www.agma.com\/sv\/wp-json\/wp\/v2\/media\/9266"}],"wp:attachment":[{"href":"https:\/\/www.agma.com\/sv\/wp-json\/wp\/v2\/media?parent=8828"}],"wp:term":[{"taxonomy":"category","embeddable":true,"href":"https:\/\/www.agma.com\/sv\/wp-json\/wp\/v2\/categories?post=8828"},{"taxonomy":"post_tag","embeddable":true,"href":"https:\/\/www.agma.com\/sv\/wp-json\/wp\/v2\/tags?post=8828"}],"curies":[{"name":"wp","href":"https:\/\/api.w.org\/{rel}","templated":true}]}}