{"id":8829,"date":"2012-10-05T00:00:00","date_gmt":"2012-10-05T00:00:00","guid":{"rendered":"https:\/\/www.absolicon.com\/indien-oppnar-for-svenska-miljoteknikforetag\/"},"modified":"2020-07-21T08:03:30","modified_gmt":"2020-07-21T08:03:30","slug":"indien-oppnar-for-svenska-miljoteknikforetag","status":"publish","type":"post","link":"https:\/\/www.agma.com\/sv\/indien-oppnar-for-svenska-miljoteknikforetag\/","title":{"rendered":"Indien \u00f6ppnar f\u00f6r svenska milj\u00f6teknikf\u00f6retag"},"content":{"rendered":"<p>[ingress]En nyetablerad plattform hj\u00e4lper svenska milj\u00f6teknikf\u00f6retag att lyckas i Indien. &#8221;Behovet av nya l\u00f6sningar inom energisektorn \u00e4r enorma&#8221;, s\u00e4ger S Raghupathy, chef p\u00e5 indiska industriernas branschorganisation, CII som tr\u00e4ffade Johan Sandberg och Joakim Bystr\u00f6m fr\u00e5n Absolicon.[\/ingress]<\/p>\n<p>Absolicon Solar Collector \u00e4r ett av fyra svenska f\u00f6retag som anslutit sig till nystartade Indo-Swedish innovation plattform. Projektet finansieras av svenska Energimyndigheten och har som m\u00e5l att koppla samman svenska milj\u00f6teknikf\u00f6retag med indiska f\u00f6retag, fr\u00e4mst inom industrisektorn.<\/p>\n<p>Absolicon planerar att bygga en fabrik i Indien och har redan installerat p\u00e5 ett indiskt sjukhus. Demoanl\u00e4ggningen producerar v\u00e4rme, el och \u00e5nga.<\/p>\n<p>\u201dKoncentrerad solenergi kan ge den indiska industrin m\u00f6jligheten att sj\u00e4lva producera den energi de beh\u00f6ver, ist\u00e4llet f\u00f6r att k\u00f6pa olja och gas\u201d, s\u00e4ger Johan Sandberg, vd f\u00f6r Absolicon.<\/p>\n<p>Beroendet av fossila br\u00e4nslen \u00e4r ett stort hinder f\u00f6r tillv\u00e4xt i Indien. Flera statliga program har skapats f\u00f6r att fr\u00e4mja energieffektivitet och f\u00f6rnybara energitekniker. Den officiella lanseringen av Indo-Swedish innovation platform \u00e4gde rum under Energy Efficiency Summit i Hyderabad den 24 augusti. Ett samf\u00f6rst\u00e5ndsavtal undertecknades med den indiska partnern, Confederation of Indian Industry, CII.<\/p>\n<p>CII \u00e4r en rikst\u00e4ckande och h\u00f6gt respekterad branschorganisation i alla indiska regioner. Det \u00e4r en icke-statlig, icke-vinstdrivande organisation som samarbetar med regeringen f\u00f6r att skapa en gr\u00f6nare tillv\u00e4xt i Indien. Den n\u00e4rmaste partnern \u00e4r Sohrabji Godrej Green Business Centre i Hyderabad. Centret \u00e4r en institution som p\u00e5 nationell niv\u00e5 fastst\u00e4ller normer och praxis i milj\u00f6teknik inom industrin och byggnader, bland annat genom en indisk certifiering f\u00f6r gr\u00f6na byggnader.<\/p>\n<p>&nbsp;<\/p>\n<p style=\"text-align: right;\">&nbsp;<em>Publicerad 2012-10-05<\/em><\/p>\n<div><em style=\"text-align: right;\"><br \/>\n<\/em><\/div>\n","protected":false},"excerpt":{"rendered":"<p>[ingress]En nyetablerad plattform hj\u00e4lper svenska milj\u00f6teknikf\u00f6retag att lyckas i Indien. &#8221;Behovet av nya l\u00f6sningar inom energisektorn \u00e4r enorma&#8221;, s\u00e4ger S Raghupathy, chef p\u00e5 indiska industriernas branschorganisation, CII som tr\u00e4ffade Johan Sandberg och Joakim Bystr\u00f6m fr\u00e5n Absolicon.[\/ingress] Absolicon Solar Collector \u00e4r ett av fyra svenska f\u00f6retag som anslutit sig till nystartade Indo-Swedish innovation plattform. Projektet finansieras [&hellip;]<\/p>\n","protected":false},"author":1,"featured_media":9260,"comment_status":"open","ping_status":"open","sticky":false,"template":"","format":"standard","meta":{"_acf_changed":false,"footnotes":""},"categories":[2],"tags":[],"class_list":["post-8829","post","type-post","status-publish","format-standard","has-post-thumbnail","hentry","category-okategoriserad"],"acf":[],"yoast_head":"<!-- This site is optimized with the Yoast SEO plugin v27.4 - https:\/\/yoast.com\/product\/yoast-seo-wordpress\/ -->\n<title>Indien \u00f6ppnar f\u00f6r svenska milj\u00f6teknikf\u00f6retag - Absolicon<\/title>\n<meta name=\"robots\" content=\"index, follow, max-snippet:-1, max-image-preview:large, max-video-preview:-1\" \/>\n<link rel=\"canonical\" href=\"https:\/\/www.agma.com\/sv\/indien-oppnar-for-svenska-miljoteknikforetag\/\" \/>\n<meta property=\"og:locale\" content=\"sv_SE\" \/>\n<meta property=\"og:type\" content=\"article\" \/>\n<meta property=\"og:title\" content=\"Indien \u00f6ppnar f\u00f6r svenska milj\u00f6teknikf\u00f6retag - Absolicon\" \/>\n<meta property=\"og:description\" content=\"[ingress]En nyetablerad plattform hj\u00e4lper svenska milj\u00f6teknikf\u00f6retag att lyckas i Indien. &#8221;Behovet av nya l\u00f6sningar inom energisektorn \u00e4r enorma&#8221;, s\u00e4ger S Raghupathy, chef p\u00e5 indiska industriernas branschorganisation, CII som tr\u00e4ffade Johan Sandberg och Joakim Bystr\u00f6m fr\u00e5n Absolicon.[\/ingress] Absolicon Solar Collector \u00e4r ett av fyra svenska f\u00f6retag som anslutit sig till nystartade Indo-Swedish innovation plattform. Projektet finansieras [&hellip;]\" \/>\n<meta property=\"og:url\" content=\"https:\/\/www.agma.com\/sv\/indien-oppnar-for-svenska-miljoteknikforetag\/\" \/>\n<meta property=\"og:site_name\" content=\"Absolicon\" \/>\n<meta property=\"article:published_time\" content=\"2012-10-05T00:00:00+00:00\" \/>\n<meta property=\"article:modified_time\" content=\"2020-07-21T08:03:30+00:00\" \/>\n<meta property=\"og:image\" content=\"https:\/\/www.agma.com\/wp-content\/uploads\/2020\/07\/214534162bf60fcd683196ed3a6d15.jpg\" \/>\n\t<meta property=\"og:image:width\" content=\"720\" \/>\n\t<meta property=\"og:image:height\" content=\"250\" \/>\n\t<meta property=\"og:image:type\" content=\"image\/jpeg\" \/>\n<meta name=\"author\" content=\"jakubschenk\" \/>\n<meta name=\"twitter:card\" content=\"summary_large_image\" \/>\n<meta name=\"twitter:label1\" content=\"Skriven av\" \/>\n\t<meta name=\"twitter:data1\" content=\"jakubschenk\" \/>\n<script type=\"application\/ld+json\" class=\"yoast-schema-graph\">{\"@context\":\"https:\\\/\\\/schema.org\",\"@graph\":[{\"@type\":\"Article\",\"@id\":\"https:\\\/\\\/www.agma.com\\\/sv\\\/indien-oppnar-for-svenska-miljoteknikforetag\\\/#article\",\"isPartOf\":{\"@id\":\"https:\\\/\\\/www.agma.com\\\/sv\\\/indien-oppnar-for-svenska-miljoteknikforetag\\\/\"},\"author\":{\"name\":\"jakubschenk\",\"@id\":\"https:\\\/\\\/www.agma.com\\\/sv\\\/#\\\/schema\\\/person\\\/6820b3ce1cc37edbaecc979090760d8b\"},\"headline\":\"Indien \u00f6ppnar f\u00f6r svenska milj\u00f6teknikf\u00f6retag\",\"datePublished\":\"2012-10-05T00:00:00+00:00\",\"dateModified\":\"2020-07-21T08:03:30+00:00\",\"mainEntityOfPage\":{\"@id\":\"https:\\\/\\\/www.agma.com\\\/sv\\\/indien-oppnar-for-svenska-miljoteknikforetag\\\/\"},\"wordCount\":301,\"commentCount\":0,\"publisher\":{\"@id\":\"https:\\\/\\\/www.agma.com\\\/sv\\\/#organization\"},\"image\":{\"@id\":\"https:\\\/\\\/www.agma.com\\\/sv\\\/indien-oppnar-for-svenska-miljoteknikforetag\\\/#primaryimage\"},\"thumbnailUrl\":\"https:\\\/\\\/www.agma.com\\\/wp-content\\\/uploads\\\/2020\\\/07\\\/214534162bf60fcd683196ed3a6d15.jpg\",\"articleSection\":[\"Okategoriserad\"],\"inLanguage\":\"sv-SE\",\"potentialAction\":[{\"@type\":\"CommentAction\",\"name\":\"Comment\",\"target\":[\"https:\\\/\\\/www.agma.com\\\/sv\\\/indien-oppnar-for-svenska-miljoteknikforetag\\\/#respond\"]}]},{\"@type\":\"WebPage\",\"@id\":\"https:\\\/\\\/www.agma.com\\\/sv\\\/indien-oppnar-for-svenska-miljoteknikforetag\\\/\",\"url\":\"https:\\\/\\\/www.agma.com\\\/sv\\\/indien-oppnar-for-svenska-miljoteknikforetag\\\/\",\"name\":\"Indien \u00f6ppnar f\u00f6r svenska milj\u00f6teknikf\u00f6retag - Absolicon\",\"isPartOf\":{\"@id\":\"https:\\\/\\\/www.agma.com\\\/sv\\\/#website\"},\"primaryImageOfPage\":{\"@id\":\"https:\\\/\\\/www.agma.com\\\/sv\\\/indien-oppnar-for-svenska-miljoteknikforetag\\\/#primaryimage\"},\"image\":{\"@id\":\"https:\\\/\\\/www.agma.com\\\/sv\\\/indien-oppnar-for-svenska-miljoteknikforetag\\\/#primaryimage\"},\"thumbnailUrl\":\"https:\\\/\\\/www.agma.com\\\/wp-content\\\/uploads\\\/2020\\\/07\\\/214534162bf60fcd683196ed3a6d15.jpg\",\"datePublished\":\"2012-10-05T00:00:00+00:00\",\"dateModified\":\"2020-07-21T08:03:30+00:00\",\"breadcrumb\":{\"@id\":\"https:\\\/\\\/www.agma.com\\\/sv\\\/indien-oppnar-for-svenska-miljoteknikforetag\\\/#breadcrumb\"},\"inLanguage\":\"sv-SE\",\"potentialAction\":[{\"@type\":\"ReadAction\",\"target\":[\"https:\\\/\\\/www.agma.com\\\/sv\\\/indien-oppnar-for-svenska-miljoteknikforetag\\\/\"]}]},{\"@type\":\"ImageObject\",\"inLanguage\":\"sv-SE\",\"@id\":\"https:\\\/\\\/www.agma.com\\\/sv\\\/indien-oppnar-for-svenska-miljoteknikforetag\\\/#primaryimage\",\"url\":\"https:\\\/\\\/www.agma.com\\\/wp-content\\\/uploads\\\/2020\\\/07\\\/214534162bf60fcd683196ed3a6d15.jpg\",\"contentUrl\":\"https:\\\/\\\/www.agma.com\\\/wp-content\\\/uploads\\\/2020\\\/07\\\/214534162bf60fcd683196ed3a6d15.jpg\",\"width\":720,\"height\":250},{\"@type\":\"BreadcrumbList\",\"@id\":\"https:\\\/\\\/www.agma.com\\\/sv\\\/indien-oppnar-for-svenska-miljoteknikforetag\\\/#breadcrumb\",\"itemListElement\":[{\"@type\":\"ListItem\",\"position\":1,\"name\":\"Home\",\"item\":\"https:\\\/\\\/www.agma.com\\\/sv\\\/\"},{\"@type\":\"ListItem\",\"position\":2,\"name\":\"Indien \u00f6ppnar f\u00f6r svenska milj\u00f6teknikf\u00f6retag\"}]},{\"@type\":\"WebSite\",\"@id\":\"https:\\\/\\\/www.agma.com\\\/sv\\\/#website\",\"url\":\"https:\\\/\\\/www.agma.com\\\/sv\\\/\",\"name\":\"Absolicon\",\"description\":\"\",\"publisher\":{\"@id\":\"https:\\\/\\\/www.agma.com\\\/sv\\\/#organization\"},\"potentialAction\":[{\"@type\":\"SearchAction\",\"target\":{\"@type\":\"EntryPoint\",\"urlTemplate\":\"https:\\\/\\\/www.agma.com\\\/sv\\\/?s={search_term_string}\"},\"query-input\":{\"@type\":\"PropertyValueSpecification\",\"valueRequired\":true,\"valueName\":\"search_term_string\"}}],\"inLanguage\":\"sv-SE\"},{\"@type\":\"Organization\",\"@id\":\"https:\\\/\\\/www.agma.com\\\/sv\\\/#organization\",\"name\":\"Absolicon\",\"url\":\"https:\\\/\\\/www.agma.com\\\/sv\\\/\",\"logo\":{\"@type\":\"ImageObject\",\"inLanguage\":\"sv-SE\",\"@id\":\"https:\\\/\\\/www.agma.com\\\/sv\\\/#\\\/schema\\\/logo\\\/image\\\/\",\"url\":\"https:\\\/\\\/www.agma.com\\\/wp-content\\\/uploads\\\/2026\\\/04\\\/logotype_neg_blk.svg\",\"contentUrl\":\"https:\\\/\\\/www.agma.com\\\/wp-content\\\/uploads\\\/2026\\\/04\\\/logotype_neg_blk.svg\",\"width\":705,\"height\":83,\"caption\":\"Absolicon\"},\"image\":{\"@id\":\"https:\\\/\\\/www.agma.com\\\/sv\\\/#\\\/schema\\\/logo\\\/image\\\/\"}},{\"@type\":\"Person\",\"@id\":\"https:\\\/\\\/www.agma.com\\\/sv\\\/#\\\/schema\\\/person\\\/6820b3ce1cc37edbaecc979090760d8b\",\"name\":\"jakubschenk\",\"image\":{\"@type\":\"ImageObject\",\"inLanguage\":\"sv-SE\",\"@id\":\"https:\\\/\\\/secure.gravatar.com\\\/avatar\\\/0ab843002d4a58702560e02354e5f9a3206e13bbfaa9df5a188e463870f605cd?s=96&d=mm&r=g\",\"url\":\"https:\\\/\\\/secure.gravatar.com\\\/avatar\\\/0ab843002d4a58702560e02354e5f9a3206e13bbfaa9df5a188e463870f605cd?s=96&d=mm&r=g\",\"contentUrl\":\"https:\\\/\\\/secure.gravatar.com\\\/avatar\\\/0ab843002d4a58702560e02354e5f9a3206e13bbfaa9df5a188e463870f605cd?s=96&d=mm&r=g\",\"caption\":\"jakubschenk\"},\"sameAs\":[\"https:\\\/\\\/www.agma.com\"],\"url\":\"https:\\\/\\\/www.agma.com\\\/sv\\\/author\\\/jakubschenk\\\/\"}]}<\/script>\n<!-- \/ Yoast SEO plugin. -->","yoast_head_json":{"title":"Indien \u00f6ppnar f\u00f6r svenska milj\u00f6teknikf\u00f6retag - Absolicon","robots":{"index":"index","follow":"follow","max-snippet":"max-snippet:-1","max-image-preview":"max-image-preview:large","max-video-preview":"max-video-preview:-1"},"canonical":"https:\/\/www.agma.com\/sv\/indien-oppnar-for-svenska-miljoteknikforetag\/","og_locale":"sv_SE","og_type":"article","og_title":"Indien \u00f6ppnar f\u00f6r svenska milj\u00f6teknikf\u00f6retag - Absolicon","og_description":"[ingress]En nyetablerad plattform hj\u00e4lper svenska milj\u00f6teknikf\u00f6retag att lyckas i Indien. &#8221;Behovet av nya l\u00f6sningar inom energisektorn \u00e4r enorma&#8221;, s\u00e4ger S Raghupathy, chef p\u00e5 indiska industriernas branschorganisation, CII som tr\u00e4ffade Johan Sandberg och Joakim Bystr\u00f6m fr\u00e5n Absolicon.[\/ingress] Absolicon Solar Collector \u00e4r ett av fyra svenska f\u00f6retag som anslutit sig till nystartade Indo-Swedish innovation plattform. Projektet finansieras [&hellip;]","og_url":"https:\/\/www.agma.com\/sv\/indien-oppnar-for-svenska-miljoteknikforetag\/","og_site_name":"Absolicon","article_published_time":"2012-10-05T00:00:00+00:00","article_modified_time":"2020-07-21T08:03:30+00:00","og_image":[{"width":720,"height":250,"url":"https:\/\/www.agma.com\/wp-content\/uploads\/2020\/07\/214534162bf60fcd683196ed3a6d15.jpg","type":"image\/jpeg"}],"author":"jakubschenk","twitter_card":"summary_large_image","twitter_misc":{"Skriven av":"jakubschenk"},"schema":{"@context":"https:\/\/schema.org","@graph":[{"@type":"Article","@id":"https:\/\/www.agma.com\/sv\/indien-oppnar-for-svenska-miljoteknikforetag\/#article","isPartOf":{"@id":"https:\/\/www.agma.com\/sv\/indien-oppnar-for-svenska-miljoteknikforetag\/"},"author":{"name":"jakubschenk","@id":"https:\/\/www.agma.com\/sv\/#\/schema\/person\/6820b3ce1cc37edbaecc979090760d8b"},"headline":"Indien \u00f6ppnar f\u00f6r svenska milj\u00f6teknikf\u00f6retag","datePublished":"2012-10-05T00:00:00+00:00","dateModified":"2020-07-21T08:03:30+00:00","mainEntityOfPage":{"@id":"https:\/\/www.agma.com\/sv\/indien-oppnar-for-svenska-miljoteknikforetag\/"},"wordCount":301,"commentCount":0,"publisher":{"@id":"https:\/\/www.agma.com\/sv\/#organization"},"image":{"@id":"https:\/\/www.agma.com\/sv\/indien-oppnar-for-svenska-miljoteknikforetag\/#primaryimage"},"thumbnailUrl":"https:\/\/www.agma.com\/wp-content\/uploads\/2020\/07\/214534162bf60fcd683196ed3a6d15.jpg","articleSection":["Okategoriserad"],"inLanguage":"sv-SE","potentialAction":[{"@type":"CommentAction","name":"Comment","target":["https:\/\/www.agma.com\/sv\/indien-oppnar-for-svenska-miljoteknikforetag\/#respond"]}]},{"@type":"WebPage","@id":"https:\/\/www.agma.com\/sv\/indien-oppnar-for-svenska-miljoteknikforetag\/","url":"https:\/\/www.agma.com\/sv\/indien-oppnar-for-svenska-miljoteknikforetag\/","name":"Indien \u00f6ppnar f\u00f6r svenska milj\u00f6teknikf\u00f6retag - Absolicon","isPartOf":{"@id":"https:\/\/www.agma.com\/sv\/#website"},"primaryImageOfPage":{"@id":"https:\/\/www.agma.com\/sv\/indien-oppnar-for-svenska-miljoteknikforetag\/#primaryimage"},"image":{"@id":"https:\/\/www.agma.com\/sv\/indien-oppnar-for-svenska-miljoteknikforetag\/#primaryimage"},"thumbnailUrl":"https:\/\/www.agma.com\/wp-content\/uploads\/2020\/07\/214534162bf60fcd683196ed3a6d15.jpg","datePublished":"2012-10-05T00:00:00+00:00","dateModified":"2020-07-21T08:03:30+00:00","breadcrumb":{"@id":"https:\/\/www.agma.com\/sv\/indien-oppnar-for-svenska-miljoteknikforetag\/#breadcrumb"},"inLanguage":"sv-SE","potentialAction":[{"@type":"ReadAction","target":["https:\/\/www.agma.com\/sv\/indien-oppnar-for-svenska-miljoteknikforetag\/"]}]},{"@type":"ImageObject","inLanguage":"sv-SE","@id":"https:\/\/www.agma.com\/sv\/indien-oppnar-for-svenska-miljoteknikforetag\/#primaryimage","url":"https:\/\/www.agma.com\/wp-content\/uploads\/2020\/07\/214534162bf60fcd683196ed3a6d15.jpg","contentUrl":"https:\/\/www.agma.com\/wp-content\/uploads\/2020\/07\/214534162bf60fcd683196ed3a6d15.jpg","width":720,"height":250},{"@type":"BreadcrumbList","@id":"https:\/\/www.agma.com\/sv\/indien-oppnar-for-svenska-miljoteknikforetag\/#breadcrumb","itemListElement":[{"@type":"ListItem","position":1,"name":"Home","item":"https:\/\/www.agma.com\/sv\/"},{"@type":"ListItem","position":2,"name":"Indien \u00f6ppnar f\u00f6r svenska milj\u00f6teknikf\u00f6retag"}]},{"@type":"WebSite","@id":"https:\/\/www.agma.com\/sv\/#website","url":"https:\/\/www.agma.com\/sv\/","name":"Absolicon","description":"","publisher":{"@id":"https:\/\/www.agma.com\/sv\/#organization"},"potentialAction":[{"@type":"SearchAction","target":{"@type":"EntryPoint","urlTemplate":"https:\/\/www.agma.com\/sv\/?s={search_term_string}"},"query-input":{"@type":"PropertyValueSpecification","valueRequired":true,"valueName":"search_term_string"}}],"inLanguage":"sv-SE"},{"@type":"Organization","@id":"https:\/\/www.agma.com\/sv\/#organization","name":"Absolicon","url":"https:\/\/www.agma.com\/sv\/","logo":{"@type":"ImageObject","inLanguage":"sv-SE","@id":"https:\/\/www.agma.com\/sv\/#\/schema\/logo\/image\/","url":"https:\/\/www.agma.com\/wp-content\/uploads\/2026\/04\/logotype_neg_blk.svg","contentUrl":"https:\/\/www.agma.com\/wp-content\/uploads\/2026\/04\/logotype_neg_blk.svg","width":705,"height":83,"caption":"Absolicon"},"image":{"@id":"https:\/\/www.agma.com\/sv\/#\/schema\/logo\/image\/"}},{"@type":"Person","@id":"https:\/\/www.agma.com\/sv\/#\/schema\/person\/6820b3ce1cc37edbaecc979090760d8b","name":"jakubschenk","image":{"@type":"ImageObject","inLanguage":"sv-SE","@id":"https:\/\/secure.gravatar.com\/avatar\/0ab843002d4a58702560e02354e5f9a3206e13bbfaa9df5a188e463870f605cd?s=96&d=mm&r=g","url":"https:\/\/secure.gravatar.com\/avatar\/0ab843002d4a58702560e02354e5f9a3206e13bbfaa9df5a188e463870f605cd?s=96&d=mm&r=g","contentUrl":"https:\/\/secure.gravatar.com\/avatar\/0ab843002d4a58702560e02354e5f9a3206e13bbfaa9df5a188e463870f605cd?s=96&d=mm&r=g","caption":"jakubschenk"},"sameAs":["https:\/\/www.agma.com"],"url":"https:\/\/www.agma.com\/sv\/author\/jakubschenk\/"}]}},"_links":{"self":[{"href":"https:\/\/www.agma.com\/sv\/wp-json\/wp\/v2\/posts\/8829","targetHints":{"allow":["GET"]}}],"collection":[{"href":"https:\/\/www.agma.com\/sv\/wp-json\/wp\/v2\/posts"}],"about":[{"href":"https:\/\/www.agma.com\/sv\/wp-json\/wp\/v2\/types\/post"}],"author":[{"embeddable":true,"href":"https:\/\/www.agma.com\/sv\/wp-json\/wp\/v2\/users\/1"}],"replies":[{"embeddable":true,"href":"https:\/\/www.agma.com\/sv\/wp-json\/wp\/v2\/comments?post=8829"}],"version-history":[{"count":1,"href":"https:\/\/www.agma.com\/sv\/wp-json\/wp\/v2\/posts\/8829\/revisions"}],"predecessor-version":[{"id":9262,"href":"https:\/\/www.agma.com\/sv\/wp-json\/wp\/v2\/posts\/8829\/revisions\/9262"}],"wp:featuredmedia":[{"embeddable":true,"href":"https:\/\/www.agma.com\/sv\/wp-json\/wp\/v2\/media\/9260"}],"wp:attachment":[{"href":"https:\/\/www.agma.com\/sv\/wp-json\/wp\/v2\/media?parent=8829"}],"wp:term":[{"taxonomy":"category","embeddable":true,"href":"https:\/\/www.agma.com\/sv\/wp-json\/wp\/v2\/categories?post=8829"},{"taxonomy":"post_tag","embeddable":true,"href":"https:\/\/www.agma.com\/sv\/wp-json\/wp\/v2\/tags?post=8829"}],"curies":[{"name":"wp","href":"https:\/\/api.w.org\/{rel}","templated":true}]}}