{"id":8830,"date":"2012-10-19T00:00:00","date_gmt":"2012-10-19T00:00:00","guid":{"rendered":"https:\/\/www.absolicon.com\/uppskattad-exportsaljare-avtackades\/"},"modified":"2020-07-21T08:02:51","modified_gmt":"2020-07-21T08:02:51","slug":"uppskattad-exportsaljare-avtackades","status":"publish","type":"post","link":"https:\/\/www.agma.com\/sv\/uppskattad-exportsaljare-avtackades\/","title":{"rendered":"Uppskattad exports\u00e4ljare avtackades"},"content":{"rendered":"<p>[ingress]Cesar Ibarra har arbetat p\u00e5 Absolicon sedan 2009 men nu g\u00e5tt vidare till nya utmaningar. Cesar (mitten) avtackades av Joakim Bystr\u00f6m och Christer Olsson.[\/ingress]<\/p>\n<p>Cesar b\u00f6rjade p\u00e5 Absolicon som trainee under sin exports\u00e4ljarutbildning och fick sedan fast anst\u00e4llning. Han har fr\u00e4mst ansvarat f\u00f6r spansktalande marknader och haft ansvar f\u00f6r Absolicons kundseminarium<\/p>\n<p>Vi tackar Cesar f\u00f6r dessa \u00e5r och \u00f6nskar honom lycka till i framtiden!<\/p>\n<p>&nbsp;<\/p>\n<p style=\"text-align: right;\">&nbsp;<em>Publicerad 2012-10-19<\/em><\/p>\n<div><em style=\"text-align: right;\"><br \/>\n<\/em><\/div>\n","protected":false},"excerpt":{"rendered":"<p>[ingress]Cesar Ibarra har arbetat p\u00e5 Absolicon sedan 2009 men nu g\u00e5tt vidare till nya utmaningar. Cesar (mitten) avtackades av Joakim Bystr\u00f6m och Christer Olsson.[\/ingress] Cesar b\u00f6rjade p\u00e5 Absolicon som trainee under sin exports\u00e4ljarutbildning och fick sedan fast anst\u00e4llning. Han har fr\u00e4mst ansvarat f\u00f6r spansktalande marknader och haft ansvar f\u00f6r Absolicons kundseminarium Vi tackar Cesar f\u00f6r [&hellip;]<\/p>\n","protected":false},"author":1,"featured_media":9257,"comment_status":"open","ping_status":"open","sticky":false,"template":"","format":"standard","meta":{"_acf_changed":false,"footnotes":""},"categories":[2],"tags":[],"class_list":["post-8830","post","type-post","status-publish","format-standard","has-post-thumbnail","hentry","category-okategoriserad"],"acf":[],"yoast_head":"<!-- This site is optimized with the Yoast SEO plugin v27.4 - https:\/\/yoast.com\/product\/yoast-seo-wordpress\/ -->\n<title>Uppskattad exports\u00e4ljare avtackades - Absolicon<\/title>\n<meta name=\"robots\" content=\"index, follow, max-snippet:-1, max-image-preview:large, max-video-preview:-1\" \/>\n<link rel=\"canonical\" href=\"https:\/\/www.agma.com\/sv\/uppskattad-exportsaljare-avtackades\/\" \/>\n<meta property=\"og:locale\" content=\"sv_SE\" \/>\n<meta property=\"og:type\" content=\"article\" \/>\n<meta property=\"og:title\" content=\"Uppskattad exports\u00e4ljare avtackades - Absolicon\" \/>\n<meta property=\"og:description\" content=\"[ingress]Cesar Ibarra har arbetat p\u00e5 Absolicon sedan 2009 men nu g\u00e5tt vidare till nya utmaningar. Cesar (mitten) avtackades av Joakim Bystr\u00f6m och Christer Olsson.[\/ingress] Cesar b\u00f6rjade p\u00e5 Absolicon som trainee under sin exports\u00e4ljarutbildning och fick sedan fast anst\u00e4llning. Han har fr\u00e4mst ansvarat f\u00f6r spansktalande marknader och haft ansvar f\u00f6r Absolicons kundseminarium Vi tackar Cesar f\u00f6r [&hellip;]\" \/>\n<meta property=\"og:url\" content=\"https:\/\/www.agma.com\/sv\/uppskattad-exportsaljare-avtackades\/\" \/>\n<meta property=\"og:site_name\" content=\"Absolicon\" \/>\n<meta property=\"article:published_time\" content=\"2012-10-19T00:00:00+00:00\" \/>\n<meta property=\"article:modified_time\" content=\"2020-07-21T08:02:51+00:00\" \/>\n<meta property=\"og:image\" content=\"https:\/\/www.agma.com\/wp-content\/uploads\/2020\/07\/32ab0dbb8f91541a33e1b087f1d36f.jpg\" \/>\n\t<meta property=\"og:image:width\" content=\"720\" \/>\n\t<meta property=\"og:image:height\" content=\"250\" \/>\n\t<meta property=\"og:image:type\" content=\"image\/jpeg\" \/>\n<meta name=\"author\" content=\"jakubschenk\" \/>\n<meta name=\"twitter:card\" content=\"summary_large_image\" \/>\n<meta name=\"twitter:label1\" content=\"Skriven av\" \/>\n\t<meta name=\"twitter:data1\" content=\"jakubschenk\" \/>\n<script type=\"application\/ld+json\" class=\"yoast-schema-graph\">{\"@context\":\"https:\\\/\\\/schema.org\",\"@graph\":[{\"@type\":\"Article\",\"@id\":\"https:\\\/\\\/www.agma.com\\\/sv\\\/uppskattad-exportsaljare-avtackades\\\/#article\",\"isPartOf\":{\"@id\":\"https:\\\/\\\/www.agma.com\\\/sv\\\/uppskattad-exportsaljare-avtackades\\\/\"},\"author\":{\"name\":\"jakubschenk\",\"@id\":\"https:\\\/\\\/www.agma.com\\\/sv\\\/#\\\/schema\\\/person\\\/6820b3ce1cc37edbaecc979090760d8b\"},\"headline\":\"Uppskattad exports\u00e4ljare avtackades\",\"datePublished\":\"2012-10-19T00:00:00+00:00\",\"dateModified\":\"2020-07-21T08:02:51+00:00\",\"mainEntityOfPage\":{\"@id\":\"https:\\\/\\\/www.agma.com\\\/sv\\\/uppskattad-exportsaljare-avtackades\\\/\"},\"wordCount\":83,\"commentCount\":0,\"publisher\":{\"@id\":\"https:\\\/\\\/www.agma.com\\\/sv\\\/#organization\"},\"image\":{\"@id\":\"https:\\\/\\\/www.agma.com\\\/sv\\\/uppskattad-exportsaljare-avtackades\\\/#primaryimage\"},\"thumbnailUrl\":\"https:\\\/\\\/www.agma.com\\\/wp-content\\\/uploads\\\/2020\\\/07\\\/32ab0dbb8f91541a33e1b087f1d36f.jpg\",\"articleSection\":[\"Okategoriserad\"],\"inLanguage\":\"sv-SE\",\"potentialAction\":[{\"@type\":\"CommentAction\",\"name\":\"Comment\",\"target\":[\"https:\\\/\\\/www.agma.com\\\/sv\\\/uppskattad-exportsaljare-avtackades\\\/#respond\"]}]},{\"@type\":\"WebPage\",\"@id\":\"https:\\\/\\\/www.agma.com\\\/sv\\\/uppskattad-exportsaljare-avtackades\\\/\",\"url\":\"https:\\\/\\\/www.agma.com\\\/sv\\\/uppskattad-exportsaljare-avtackades\\\/\",\"name\":\"Uppskattad exports\u00e4ljare avtackades - Absolicon\",\"isPartOf\":{\"@id\":\"https:\\\/\\\/www.agma.com\\\/sv\\\/#website\"},\"primaryImageOfPage\":{\"@id\":\"https:\\\/\\\/www.agma.com\\\/sv\\\/uppskattad-exportsaljare-avtackades\\\/#primaryimage\"},\"image\":{\"@id\":\"https:\\\/\\\/www.agma.com\\\/sv\\\/uppskattad-exportsaljare-avtackades\\\/#primaryimage\"},\"thumbnailUrl\":\"https:\\\/\\\/www.agma.com\\\/wp-content\\\/uploads\\\/2020\\\/07\\\/32ab0dbb8f91541a33e1b087f1d36f.jpg\",\"datePublished\":\"2012-10-19T00:00:00+00:00\",\"dateModified\":\"2020-07-21T08:02:51+00:00\",\"breadcrumb\":{\"@id\":\"https:\\\/\\\/www.agma.com\\\/sv\\\/uppskattad-exportsaljare-avtackades\\\/#breadcrumb\"},\"inLanguage\":\"sv-SE\",\"potentialAction\":[{\"@type\":\"ReadAction\",\"target\":[\"https:\\\/\\\/www.agma.com\\\/sv\\\/uppskattad-exportsaljare-avtackades\\\/\"]}]},{\"@type\":\"ImageObject\",\"inLanguage\":\"sv-SE\",\"@id\":\"https:\\\/\\\/www.agma.com\\\/sv\\\/uppskattad-exportsaljare-avtackades\\\/#primaryimage\",\"url\":\"https:\\\/\\\/www.agma.com\\\/wp-content\\\/uploads\\\/2020\\\/07\\\/32ab0dbb8f91541a33e1b087f1d36f.jpg\",\"contentUrl\":\"https:\\\/\\\/www.agma.com\\\/wp-content\\\/uploads\\\/2020\\\/07\\\/32ab0dbb8f91541a33e1b087f1d36f.jpg\",\"width\":720,\"height\":250},{\"@type\":\"BreadcrumbList\",\"@id\":\"https:\\\/\\\/www.agma.com\\\/sv\\\/uppskattad-exportsaljare-avtackades\\\/#breadcrumb\",\"itemListElement\":[{\"@type\":\"ListItem\",\"position\":1,\"name\":\"Home\",\"item\":\"https:\\\/\\\/www.agma.com\\\/sv\\\/\"},{\"@type\":\"ListItem\",\"position\":2,\"name\":\"Uppskattad exports\u00e4ljare avtackades\"}]},{\"@type\":\"WebSite\",\"@id\":\"https:\\\/\\\/www.agma.com\\\/sv\\\/#website\",\"url\":\"https:\\\/\\\/www.agma.com\\\/sv\\\/\",\"name\":\"Absolicon\",\"description\":\"\",\"publisher\":{\"@id\":\"https:\\\/\\\/www.agma.com\\\/sv\\\/#organization\"},\"potentialAction\":[{\"@type\":\"SearchAction\",\"target\":{\"@type\":\"EntryPoint\",\"urlTemplate\":\"https:\\\/\\\/www.agma.com\\\/sv\\\/?s={search_term_string}\"},\"query-input\":{\"@type\":\"PropertyValueSpecification\",\"valueRequired\":true,\"valueName\":\"search_term_string\"}}],\"inLanguage\":\"sv-SE\"},{\"@type\":\"Organization\",\"@id\":\"https:\\\/\\\/www.agma.com\\\/sv\\\/#organization\",\"name\":\"Absolicon\",\"url\":\"https:\\\/\\\/www.agma.com\\\/sv\\\/\",\"logo\":{\"@type\":\"ImageObject\",\"inLanguage\":\"sv-SE\",\"@id\":\"https:\\\/\\\/www.agma.com\\\/sv\\\/#\\\/schema\\\/logo\\\/image\\\/\",\"url\":\"https:\\\/\\\/www.agma.com\\\/wp-content\\\/uploads\\\/2026\\\/04\\\/logotype_neg_blk.svg\",\"contentUrl\":\"https:\\\/\\\/www.agma.com\\\/wp-content\\\/uploads\\\/2026\\\/04\\\/logotype_neg_blk.svg\",\"width\":705,\"height\":83,\"caption\":\"Absolicon\"},\"image\":{\"@id\":\"https:\\\/\\\/www.agma.com\\\/sv\\\/#\\\/schema\\\/logo\\\/image\\\/\"}},{\"@type\":\"Person\",\"@id\":\"https:\\\/\\\/www.agma.com\\\/sv\\\/#\\\/schema\\\/person\\\/6820b3ce1cc37edbaecc979090760d8b\",\"name\":\"jakubschenk\",\"image\":{\"@type\":\"ImageObject\",\"inLanguage\":\"sv-SE\",\"@id\":\"https:\\\/\\\/secure.gravatar.com\\\/avatar\\\/0ab843002d4a58702560e02354e5f9a3206e13bbfaa9df5a188e463870f605cd?s=96&d=mm&r=g\",\"url\":\"https:\\\/\\\/secure.gravatar.com\\\/avatar\\\/0ab843002d4a58702560e02354e5f9a3206e13bbfaa9df5a188e463870f605cd?s=96&d=mm&r=g\",\"contentUrl\":\"https:\\\/\\\/secure.gravatar.com\\\/avatar\\\/0ab843002d4a58702560e02354e5f9a3206e13bbfaa9df5a188e463870f605cd?s=96&d=mm&r=g\",\"caption\":\"jakubschenk\"},\"sameAs\":[\"https:\\\/\\\/www.agma.com\"],\"url\":\"https:\\\/\\\/www.agma.com\\\/sv\\\/author\\\/jakubschenk\\\/\"}]}<\/script>\n<!-- \/ Yoast SEO plugin. -->","yoast_head_json":{"title":"Uppskattad exports\u00e4ljare avtackades - Absolicon","robots":{"index":"index","follow":"follow","max-snippet":"max-snippet:-1","max-image-preview":"max-image-preview:large","max-video-preview":"max-video-preview:-1"},"canonical":"https:\/\/www.agma.com\/sv\/uppskattad-exportsaljare-avtackades\/","og_locale":"sv_SE","og_type":"article","og_title":"Uppskattad exports\u00e4ljare avtackades - Absolicon","og_description":"[ingress]Cesar Ibarra har arbetat p\u00e5 Absolicon sedan 2009 men nu g\u00e5tt vidare till nya utmaningar. Cesar (mitten) avtackades av Joakim Bystr\u00f6m och Christer Olsson.[\/ingress] Cesar b\u00f6rjade p\u00e5 Absolicon som trainee under sin exports\u00e4ljarutbildning och fick sedan fast anst\u00e4llning. Han har fr\u00e4mst ansvarat f\u00f6r spansktalande marknader och haft ansvar f\u00f6r Absolicons kundseminarium Vi tackar Cesar f\u00f6r [&hellip;]","og_url":"https:\/\/www.agma.com\/sv\/uppskattad-exportsaljare-avtackades\/","og_site_name":"Absolicon","article_published_time":"2012-10-19T00:00:00+00:00","article_modified_time":"2020-07-21T08:02:51+00:00","og_image":[{"width":720,"height":250,"url":"https:\/\/www.agma.com\/wp-content\/uploads\/2020\/07\/32ab0dbb8f91541a33e1b087f1d36f.jpg","type":"image\/jpeg"}],"author":"jakubschenk","twitter_card":"summary_large_image","twitter_misc":{"Skriven av":"jakubschenk"},"schema":{"@context":"https:\/\/schema.org","@graph":[{"@type":"Article","@id":"https:\/\/www.agma.com\/sv\/uppskattad-exportsaljare-avtackades\/#article","isPartOf":{"@id":"https:\/\/www.agma.com\/sv\/uppskattad-exportsaljare-avtackades\/"},"author":{"name":"jakubschenk","@id":"https:\/\/www.agma.com\/sv\/#\/schema\/person\/6820b3ce1cc37edbaecc979090760d8b"},"headline":"Uppskattad exports\u00e4ljare avtackades","datePublished":"2012-10-19T00:00:00+00:00","dateModified":"2020-07-21T08:02:51+00:00","mainEntityOfPage":{"@id":"https:\/\/www.agma.com\/sv\/uppskattad-exportsaljare-avtackades\/"},"wordCount":83,"commentCount":0,"publisher":{"@id":"https:\/\/www.agma.com\/sv\/#organization"},"image":{"@id":"https:\/\/www.agma.com\/sv\/uppskattad-exportsaljare-avtackades\/#primaryimage"},"thumbnailUrl":"https:\/\/www.agma.com\/wp-content\/uploads\/2020\/07\/32ab0dbb8f91541a33e1b087f1d36f.jpg","articleSection":["Okategoriserad"],"inLanguage":"sv-SE","potentialAction":[{"@type":"CommentAction","name":"Comment","target":["https:\/\/www.agma.com\/sv\/uppskattad-exportsaljare-avtackades\/#respond"]}]},{"@type":"WebPage","@id":"https:\/\/www.agma.com\/sv\/uppskattad-exportsaljare-avtackades\/","url":"https:\/\/www.agma.com\/sv\/uppskattad-exportsaljare-avtackades\/","name":"Uppskattad exports\u00e4ljare avtackades - Absolicon","isPartOf":{"@id":"https:\/\/www.agma.com\/sv\/#website"},"primaryImageOfPage":{"@id":"https:\/\/www.agma.com\/sv\/uppskattad-exportsaljare-avtackades\/#primaryimage"},"image":{"@id":"https:\/\/www.agma.com\/sv\/uppskattad-exportsaljare-avtackades\/#primaryimage"},"thumbnailUrl":"https:\/\/www.agma.com\/wp-content\/uploads\/2020\/07\/32ab0dbb8f91541a33e1b087f1d36f.jpg","datePublished":"2012-10-19T00:00:00+00:00","dateModified":"2020-07-21T08:02:51+00:00","breadcrumb":{"@id":"https:\/\/www.agma.com\/sv\/uppskattad-exportsaljare-avtackades\/#breadcrumb"},"inLanguage":"sv-SE","potentialAction":[{"@type":"ReadAction","target":["https:\/\/www.agma.com\/sv\/uppskattad-exportsaljare-avtackades\/"]}]},{"@type":"ImageObject","inLanguage":"sv-SE","@id":"https:\/\/www.agma.com\/sv\/uppskattad-exportsaljare-avtackades\/#primaryimage","url":"https:\/\/www.agma.com\/wp-content\/uploads\/2020\/07\/32ab0dbb8f91541a33e1b087f1d36f.jpg","contentUrl":"https:\/\/www.agma.com\/wp-content\/uploads\/2020\/07\/32ab0dbb8f91541a33e1b087f1d36f.jpg","width":720,"height":250},{"@type":"BreadcrumbList","@id":"https:\/\/www.agma.com\/sv\/uppskattad-exportsaljare-avtackades\/#breadcrumb","itemListElement":[{"@type":"ListItem","position":1,"name":"Home","item":"https:\/\/www.agma.com\/sv\/"},{"@type":"ListItem","position":2,"name":"Uppskattad exports\u00e4ljare avtackades"}]},{"@type":"WebSite","@id":"https:\/\/www.agma.com\/sv\/#website","url":"https:\/\/www.agma.com\/sv\/","name":"Absolicon","description":"","publisher":{"@id":"https:\/\/www.agma.com\/sv\/#organization"},"potentialAction":[{"@type":"SearchAction","target":{"@type":"EntryPoint","urlTemplate":"https:\/\/www.agma.com\/sv\/?s={search_term_string}"},"query-input":{"@type":"PropertyValueSpecification","valueRequired":true,"valueName":"search_term_string"}}],"inLanguage":"sv-SE"},{"@type":"Organization","@id":"https:\/\/www.agma.com\/sv\/#organization","name":"Absolicon","url":"https:\/\/www.agma.com\/sv\/","logo":{"@type":"ImageObject","inLanguage":"sv-SE","@id":"https:\/\/www.agma.com\/sv\/#\/schema\/logo\/image\/","url":"https:\/\/www.agma.com\/wp-content\/uploads\/2026\/04\/logotype_neg_blk.svg","contentUrl":"https:\/\/www.agma.com\/wp-content\/uploads\/2026\/04\/logotype_neg_blk.svg","width":705,"height":83,"caption":"Absolicon"},"image":{"@id":"https:\/\/www.agma.com\/sv\/#\/schema\/logo\/image\/"}},{"@type":"Person","@id":"https:\/\/www.agma.com\/sv\/#\/schema\/person\/6820b3ce1cc37edbaecc979090760d8b","name":"jakubschenk","image":{"@type":"ImageObject","inLanguage":"sv-SE","@id":"https:\/\/secure.gravatar.com\/avatar\/0ab843002d4a58702560e02354e5f9a3206e13bbfaa9df5a188e463870f605cd?s=96&d=mm&r=g","url":"https:\/\/secure.gravatar.com\/avatar\/0ab843002d4a58702560e02354e5f9a3206e13bbfaa9df5a188e463870f605cd?s=96&d=mm&r=g","contentUrl":"https:\/\/secure.gravatar.com\/avatar\/0ab843002d4a58702560e02354e5f9a3206e13bbfaa9df5a188e463870f605cd?s=96&d=mm&r=g","caption":"jakubschenk"},"sameAs":["https:\/\/www.agma.com"],"url":"https:\/\/www.agma.com\/sv\/author\/jakubschenk\/"}]}},"_links":{"self":[{"href":"https:\/\/www.agma.com\/sv\/wp-json\/wp\/v2\/posts\/8830","targetHints":{"allow":["GET"]}}],"collection":[{"href":"https:\/\/www.agma.com\/sv\/wp-json\/wp\/v2\/posts"}],"about":[{"href":"https:\/\/www.agma.com\/sv\/wp-json\/wp\/v2\/types\/post"}],"author":[{"embeddable":true,"href":"https:\/\/www.agma.com\/sv\/wp-json\/wp\/v2\/users\/1"}],"replies":[{"embeddable":true,"href":"https:\/\/www.agma.com\/sv\/wp-json\/wp\/v2\/comments?post=8830"}],"version-history":[{"count":1,"href":"https:\/\/www.agma.com\/sv\/wp-json\/wp\/v2\/posts\/8830\/revisions"}],"predecessor-version":[{"id":9259,"href":"https:\/\/www.agma.com\/sv\/wp-json\/wp\/v2\/posts\/8830\/revisions\/9259"}],"wp:featuredmedia":[{"embeddable":true,"href":"https:\/\/www.agma.com\/sv\/wp-json\/wp\/v2\/media\/9257"}],"wp:attachment":[{"href":"https:\/\/www.agma.com\/sv\/wp-json\/wp\/v2\/media?parent=8830"}],"wp:term":[{"taxonomy":"category","embeddable":true,"href":"https:\/\/www.agma.com\/sv\/wp-json\/wp\/v2\/categories?post=8830"},{"taxonomy":"post_tag","embeddable":true,"href":"https:\/\/www.agma.com\/sv\/wp-json\/wp\/v2\/tags?post=8830"}],"curies":[{"name":"wp","href":"https:\/\/api.w.org\/{rel}","templated":true}]}}