{"id":8831,"date":"2013-01-10T00:00:00","date_gmt":"2013-01-10T00:00:00","guid":{"rendered":"https:\/\/www.absolicon.com\/absolicon-faller-pa-mallinjen\/"},"modified":"2013-01-10T00:00:00","modified_gmt":"2013-01-10T00:00:00","slug":"absolicon-faller-pa-mallinjen","status":"publish","type":"post","link":"https:\/\/www.agma.com\/sv\/absolicon-faller-pa-mallinjen\/","title":{"rendered":"Absolicon faller p\u00e5 m\u00e5llinjen"},"content":{"rendered":"<p>[ingress]Solenergif\u00f6retaget Absolicon l\u00e4mnade under onsdagen in sin konkursans\u00f6kan vid \u00c5ngermanlands tingsr\u00e4tt. Sex anst\u00e4llda ber\u00f6rs direkt av konkursen i H\u00e4rn\u00f6sand.[\/ingress]<\/p>\n<p>\u2013 Detta \u00e4r ett stort bakslag, b\u00e5de f\u00f6r de kunder vi har runt om i v\u00e4rlden och f\u00f6r v\u00e5ra leverant\u00f6rer som litat p\u00e5 Absolicon och som nu f\u00f6rlorar pengar, s\u00e4ger grundaren Joakim Bystr\u00f6m.<br \/>\nSedan starten 2007 har f\u00f6retaget utvecklat, tillverkat och levererat solenergianl\u00e4ggningar. 2012 omsatte koncernen med dotterbolag i England, Tyskland och USA ca 16 MSEK, en \u00f6kning med 40% fr\u00e5n 2011.<br \/>\n\u2013 F\u00f6r oss k\u00e4nns det som att vi faller p\u00e5 m\u00e5llinjen. V\u00e5r teknik efterfr\u00e5gas \u00f6ver hela v\u00e4rlden och n\u00e4sta steg var att automatisera produktionen av v\u00e5ra solf\u00e5ngare. Det \u00e4r d\u00e4rf\u00f6r v\u00e5r f\u00f6rhoppning att verksamheten kan drivas vidare, s\u00e4ger Joakim Bystr\u00f6m.<br \/>\nAbsolicon har installerat solenergianl\u00e4ggningar i Chile, Italien, Spanien, Grekland och Indien. \u00c4ven p\u00e5 hemmaplan har bolaget gjort stora installationer, bland annat p\u00e5 Energiparken i H\u00e4rn\u00f6sand och f\u00f6r Sundsvall Energi.<br \/>\n\u2013 Det fantastiska arbete som alla anst\u00e4llda gjort i Absolicon finns kvar genom v\u00e5ra installationer som kommer att forts\u00e4tta att leverera milj\u00f6v\u00e4nlig energi i m\u00e5nga \u00e5r fram\u00f6ver, s\u00e4ger Joakim Bystr\u00f6m.<br \/>\nH\u00e4rn\u00f6sand Energi &amp; Milj\u00f6 AB k\u00f6pte den f\u00f6rsta stora solenergianl\u00e4ggningen fr\u00e5n Absolicon till H\u00e4rn\u00f6sands Energipark.<br \/>\n\u2013 Det \u00e4r tr\u00e5kigt f\u00f6r H\u00e4rn\u00f6sand att ett framg\u00e5ngsrikt lokalt f\u00f6retag g\u00e5r i konkurs. Vi driver v\u00e5r anl\u00e4ggning i Energiparken vidare med egna resurser, men hoppas att f\u00f6retagets verksamhet snabbt kommer ig\u00e5ng igen, s\u00e4ger Ingemar Forzelius, vd H\u00e4rn\u00f6sand Energi &amp; Milj\u00f6 AB.<br \/>\nI konkursans\u00f6kan framg\u00e5r det att Absolicon \u00e4r p\u00e5 obest\u00e5nd och saknar f\u00f6rm\u00e5ga att betala sina skulder. F\u00f6retaget vill att advokat Alf Bolin ska utses till konkursf\u00f6rvaltare och Bolin har f\u00f6rklarat sig villig att \u00e5ta sig uppdraget.<\/p>\n<p>&nbsp;<\/p>\n<p style=\"text-align: right;\">\u00a0<em>Publicerad 2013-01-10<\/em><\/p>\n<div><em style=\"text-align: right;\"><br \/>\n<\/em><\/div>\n","protected":false},"excerpt":{"rendered":"<p>[ingress]Solenergif\u00f6retaget Absolicon l\u00e4mnade under onsdagen in sin konkursans\u00f6kan vid \u00c5ngermanlands tingsr\u00e4tt. Sex anst\u00e4llda ber\u00f6rs direkt av konkursen i H\u00e4rn\u00f6sand.[\/ingress] \u2013 Detta \u00e4r ett stort bakslag, b\u00e5de f\u00f6r de kunder vi har runt om i v\u00e4rlden och f\u00f6r v\u00e5ra leverant\u00f6rer som litat p\u00e5 Absolicon och som nu f\u00f6rlorar pengar, s\u00e4ger grundaren Joakim Bystr\u00f6m. Sedan starten 2007 [&hellip;]<\/p>\n","protected":false},"author":1,"featured_media":0,"comment_status":"open","ping_status":"open","sticky":false,"template":"","format":"standard","meta":{"_acf_changed":false,"footnotes":""},"categories":[],"tags":[],"class_list":["post-8831","post","type-post","status-publish","format-standard","hentry"],"acf":[],"yoast_head":"<!-- This site is optimized with the Yoast SEO plugin v27.4 - https:\/\/yoast.com\/product\/yoast-seo-wordpress\/ -->\n<title>Absolicon faller p\u00e5 m\u00e5llinjen - Absolicon<\/title>\n<meta name=\"robots\" content=\"index, follow, max-snippet:-1, max-image-preview:large, max-video-preview:-1\" \/>\n<link rel=\"canonical\" href=\"https:\/\/www.agma.com\/sv\/absolicon-faller-pa-mallinjen\/\" \/>\n<meta property=\"og:locale\" content=\"sv_SE\" \/>\n<meta property=\"og:type\" content=\"article\" \/>\n<meta property=\"og:title\" content=\"Absolicon faller p\u00e5 m\u00e5llinjen - Absolicon\" \/>\n<meta property=\"og:description\" content=\"[ingress]Solenergif\u00f6retaget Absolicon l\u00e4mnade under onsdagen in sin konkursans\u00f6kan vid \u00c5ngermanlands tingsr\u00e4tt. Sex anst\u00e4llda ber\u00f6rs direkt av konkursen i H\u00e4rn\u00f6sand.[\/ingress] \u2013 Detta \u00e4r ett stort bakslag, b\u00e5de f\u00f6r de kunder vi har runt om i v\u00e4rlden och f\u00f6r v\u00e5ra leverant\u00f6rer som litat p\u00e5 Absolicon och som nu f\u00f6rlorar pengar, s\u00e4ger grundaren Joakim Bystr\u00f6m. Sedan starten 2007 [&hellip;]\" \/>\n<meta property=\"og:url\" content=\"https:\/\/www.agma.com\/sv\/absolicon-faller-pa-mallinjen\/\" \/>\n<meta property=\"og:site_name\" content=\"Absolicon\" \/>\n<meta property=\"article:published_time\" content=\"2013-01-10T00:00:00+00:00\" \/>\n<meta name=\"author\" content=\"jakubschenk\" \/>\n<meta name=\"twitter:card\" content=\"summary_large_image\" \/>\n<meta name=\"twitter:label1\" content=\"Skriven av\" \/>\n\t<meta name=\"twitter:data1\" content=\"jakubschenk\" \/>\n<script type=\"application\/ld+json\" class=\"yoast-schema-graph\">{\"@context\":\"https:\\\/\\\/schema.org\",\"@graph\":[{\"@type\":\"Article\",\"@id\":\"https:\\\/\\\/www.agma.com\\\/sv\\\/absolicon-faller-pa-mallinjen\\\/#article\",\"isPartOf\":{\"@id\":\"https:\\\/\\\/www.agma.com\\\/sv\\\/absolicon-faller-pa-mallinjen\\\/\"},\"author\":{\"name\":\"jakubschenk\",\"@id\":\"https:\\\/\\\/www.agma.com\\\/sv\\\/#\\\/schema\\\/person\\\/6820b3ce1cc37edbaecc979090760d8b\"},\"headline\":\"Absolicon faller p\u00e5 m\u00e5llinjen\",\"datePublished\":\"2013-01-10T00:00:00+00:00\",\"mainEntityOfPage\":{\"@id\":\"https:\\\/\\\/www.agma.com\\\/sv\\\/absolicon-faller-pa-mallinjen\\\/\"},\"wordCount\":353,\"commentCount\":0,\"publisher\":{\"@id\":\"https:\\\/\\\/www.agma.com\\\/sv\\\/#organization\"},\"inLanguage\":\"sv-SE\",\"potentialAction\":[{\"@type\":\"CommentAction\",\"name\":\"Comment\",\"target\":[\"https:\\\/\\\/www.agma.com\\\/sv\\\/absolicon-faller-pa-mallinjen\\\/#respond\"]}]},{\"@type\":\"WebPage\",\"@id\":\"https:\\\/\\\/www.agma.com\\\/sv\\\/absolicon-faller-pa-mallinjen\\\/\",\"url\":\"https:\\\/\\\/www.agma.com\\\/sv\\\/absolicon-faller-pa-mallinjen\\\/\",\"name\":\"Absolicon faller p\u00e5 m\u00e5llinjen - Absolicon\",\"isPartOf\":{\"@id\":\"https:\\\/\\\/www.agma.com\\\/sv\\\/#website\"},\"datePublished\":\"2013-01-10T00:00:00+00:00\",\"breadcrumb\":{\"@id\":\"https:\\\/\\\/www.agma.com\\\/sv\\\/absolicon-faller-pa-mallinjen\\\/#breadcrumb\"},\"inLanguage\":\"sv-SE\",\"potentialAction\":[{\"@type\":\"ReadAction\",\"target\":[\"https:\\\/\\\/www.agma.com\\\/sv\\\/absolicon-faller-pa-mallinjen\\\/\"]}]},{\"@type\":\"BreadcrumbList\",\"@id\":\"https:\\\/\\\/www.agma.com\\\/sv\\\/absolicon-faller-pa-mallinjen\\\/#breadcrumb\",\"itemListElement\":[{\"@type\":\"ListItem\",\"position\":1,\"name\":\"Home\",\"item\":\"https:\\\/\\\/www.agma.com\\\/sv\\\/\"},{\"@type\":\"ListItem\",\"position\":2,\"name\":\"Absolicon faller p\u00e5 m\u00e5llinjen\"}]},{\"@type\":\"WebSite\",\"@id\":\"https:\\\/\\\/www.agma.com\\\/sv\\\/#website\",\"url\":\"https:\\\/\\\/www.agma.com\\\/sv\\\/\",\"name\":\"Absolicon\",\"description\":\"\",\"publisher\":{\"@id\":\"https:\\\/\\\/www.agma.com\\\/sv\\\/#organization\"},\"potentialAction\":[{\"@type\":\"SearchAction\",\"target\":{\"@type\":\"EntryPoint\",\"urlTemplate\":\"https:\\\/\\\/www.agma.com\\\/sv\\\/?s={search_term_string}\"},\"query-input\":{\"@type\":\"PropertyValueSpecification\",\"valueRequired\":true,\"valueName\":\"search_term_string\"}}],\"inLanguage\":\"sv-SE\"},{\"@type\":\"Organization\",\"@id\":\"https:\\\/\\\/www.agma.com\\\/sv\\\/#organization\",\"name\":\"Absolicon\",\"url\":\"https:\\\/\\\/www.agma.com\\\/sv\\\/\",\"logo\":{\"@type\":\"ImageObject\",\"inLanguage\":\"sv-SE\",\"@id\":\"https:\\\/\\\/www.agma.com\\\/sv\\\/#\\\/schema\\\/logo\\\/image\\\/\",\"url\":\"https:\\\/\\\/www.agma.com\\\/wp-content\\\/uploads\\\/2026\\\/04\\\/logotype_neg_blk.svg\",\"contentUrl\":\"https:\\\/\\\/www.agma.com\\\/wp-content\\\/uploads\\\/2026\\\/04\\\/logotype_neg_blk.svg\",\"width\":705,\"height\":83,\"caption\":\"Absolicon\"},\"image\":{\"@id\":\"https:\\\/\\\/www.agma.com\\\/sv\\\/#\\\/schema\\\/logo\\\/image\\\/\"}},{\"@type\":\"Person\",\"@id\":\"https:\\\/\\\/www.agma.com\\\/sv\\\/#\\\/schema\\\/person\\\/6820b3ce1cc37edbaecc979090760d8b\",\"name\":\"jakubschenk\",\"image\":{\"@type\":\"ImageObject\",\"inLanguage\":\"sv-SE\",\"@id\":\"https:\\\/\\\/secure.gravatar.com\\\/avatar\\\/0ab843002d4a58702560e02354e5f9a3206e13bbfaa9df5a188e463870f605cd?s=96&d=mm&r=g\",\"url\":\"https:\\\/\\\/secure.gravatar.com\\\/avatar\\\/0ab843002d4a58702560e02354e5f9a3206e13bbfaa9df5a188e463870f605cd?s=96&d=mm&r=g\",\"contentUrl\":\"https:\\\/\\\/secure.gravatar.com\\\/avatar\\\/0ab843002d4a58702560e02354e5f9a3206e13bbfaa9df5a188e463870f605cd?s=96&d=mm&r=g\",\"caption\":\"jakubschenk\"},\"sameAs\":[\"https:\\\/\\\/www.agma.com\"],\"url\":\"https:\\\/\\\/www.agma.com\\\/sv\\\/author\\\/jakubschenk\\\/\"}]}<\/script>\n<!-- \/ Yoast SEO plugin. -->","yoast_head_json":{"title":"Absolicon faller p\u00e5 m\u00e5llinjen - Absolicon","robots":{"index":"index","follow":"follow","max-snippet":"max-snippet:-1","max-image-preview":"max-image-preview:large","max-video-preview":"max-video-preview:-1"},"canonical":"https:\/\/www.agma.com\/sv\/absolicon-faller-pa-mallinjen\/","og_locale":"sv_SE","og_type":"article","og_title":"Absolicon faller p\u00e5 m\u00e5llinjen - Absolicon","og_description":"[ingress]Solenergif\u00f6retaget Absolicon l\u00e4mnade under onsdagen in sin konkursans\u00f6kan vid \u00c5ngermanlands tingsr\u00e4tt. Sex anst\u00e4llda ber\u00f6rs direkt av konkursen i H\u00e4rn\u00f6sand.[\/ingress] \u2013 Detta \u00e4r ett stort bakslag, b\u00e5de f\u00f6r de kunder vi har runt om i v\u00e4rlden och f\u00f6r v\u00e5ra leverant\u00f6rer som litat p\u00e5 Absolicon och som nu f\u00f6rlorar pengar, s\u00e4ger grundaren Joakim Bystr\u00f6m. Sedan starten 2007 [&hellip;]","og_url":"https:\/\/www.agma.com\/sv\/absolicon-faller-pa-mallinjen\/","og_site_name":"Absolicon","article_published_time":"2013-01-10T00:00:00+00:00","author":"jakubschenk","twitter_card":"summary_large_image","twitter_misc":{"Skriven av":"jakubschenk"},"schema":{"@context":"https:\/\/schema.org","@graph":[{"@type":"Article","@id":"https:\/\/www.agma.com\/sv\/absolicon-faller-pa-mallinjen\/#article","isPartOf":{"@id":"https:\/\/www.agma.com\/sv\/absolicon-faller-pa-mallinjen\/"},"author":{"name":"jakubschenk","@id":"https:\/\/www.agma.com\/sv\/#\/schema\/person\/6820b3ce1cc37edbaecc979090760d8b"},"headline":"Absolicon faller p\u00e5 m\u00e5llinjen","datePublished":"2013-01-10T00:00:00+00:00","mainEntityOfPage":{"@id":"https:\/\/www.agma.com\/sv\/absolicon-faller-pa-mallinjen\/"},"wordCount":353,"commentCount":0,"publisher":{"@id":"https:\/\/www.agma.com\/sv\/#organization"},"inLanguage":"sv-SE","potentialAction":[{"@type":"CommentAction","name":"Comment","target":["https:\/\/www.agma.com\/sv\/absolicon-faller-pa-mallinjen\/#respond"]}]},{"@type":"WebPage","@id":"https:\/\/www.agma.com\/sv\/absolicon-faller-pa-mallinjen\/","url":"https:\/\/www.agma.com\/sv\/absolicon-faller-pa-mallinjen\/","name":"Absolicon faller p\u00e5 m\u00e5llinjen - Absolicon","isPartOf":{"@id":"https:\/\/www.agma.com\/sv\/#website"},"datePublished":"2013-01-10T00:00:00+00:00","breadcrumb":{"@id":"https:\/\/www.agma.com\/sv\/absolicon-faller-pa-mallinjen\/#breadcrumb"},"inLanguage":"sv-SE","potentialAction":[{"@type":"ReadAction","target":["https:\/\/www.agma.com\/sv\/absolicon-faller-pa-mallinjen\/"]}]},{"@type":"BreadcrumbList","@id":"https:\/\/www.agma.com\/sv\/absolicon-faller-pa-mallinjen\/#breadcrumb","itemListElement":[{"@type":"ListItem","position":1,"name":"Home","item":"https:\/\/www.agma.com\/sv\/"},{"@type":"ListItem","position":2,"name":"Absolicon faller p\u00e5 m\u00e5llinjen"}]},{"@type":"WebSite","@id":"https:\/\/www.agma.com\/sv\/#website","url":"https:\/\/www.agma.com\/sv\/","name":"Absolicon","description":"","publisher":{"@id":"https:\/\/www.agma.com\/sv\/#organization"},"potentialAction":[{"@type":"SearchAction","target":{"@type":"EntryPoint","urlTemplate":"https:\/\/www.agma.com\/sv\/?s={search_term_string}"},"query-input":{"@type":"PropertyValueSpecification","valueRequired":true,"valueName":"search_term_string"}}],"inLanguage":"sv-SE"},{"@type":"Organization","@id":"https:\/\/www.agma.com\/sv\/#organization","name":"Absolicon","url":"https:\/\/www.agma.com\/sv\/","logo":{"@type":"ImageObject","inLanguage":"sv-SE","@id":"https:\/\/www.agma.com\/sv\/#\/schema\/logo\/image\/","url":"https:\/\/www.agma.com\/wp-content\/uploads\/2026\/04\/logotype_neg_blk.svg","contentUrl":"https:\/\/www.agma.com\/wp-content\/uploads\/2026\/04\/logotype_neg_blk.svg","width":705,"height":83,"caption":"Absolicon"},"image":{"@id":"https:\/\/www.agma.com\/sv\/#\/schema\/logo\/image\/"}},{"@type":"Person","@id":"https:\/\/www.agma.com\/sv\/#\/schema\/person\/6820b3ce1cc37edbaecc979090760d8b","name":"jakubschenk","image":{"@type":"ImageObject","inLanguage":"sv-SE","@id":"https:\/\/secure.gravatar.com\/avatar\/0ab843002d4a58702560e02354e5f9a3206e13bbfaa9df5a188e463870f605cd?s=96&d=mm&r=g","url":"https:\/\/secure.gravatar.com\/avatar\/0ab843002d4a58702560e02354e5f9a3206e13bbfaa9df5a188e463870f605cd?s=96&d=mm&r=g","contentUrl":"https:\/\/secure.gravatar.com\/avatar\/0ab843002d4a58702560e02354e5f9a3206e13bbfaa9df5a188e463870f605cd?s=96&d=mm&r=g","caption":"jakubschenk"},"sameAs":["https:\/\/www.agma.com"],"url":"https:\/\/www.agma.com\/sv\/author\/jakubschenk\/"}]}},"_links":{"self":[{"href":"https:\/\/www.agma.com\/sv\/wp-json\/wp\/v2\/posts\/8831","targetHints":{"allow":["GET"]}}],"collection":[{"href":"https:\/\/www.agma.com\/sv\/wp-json\/wp\/v2\/posts"}],"about":[{"href":"https:\/\/www.agma.com\/sv\/wp-json\/wp\/v2\/types\/post"}],"author":[{"embeddable":true,"href":"https:\/\/www.agma.com\/sv\/wp-json\/wp\/v2\/users\/1"}],"replies":[{"embeddable":true,"href":"https:\/\/www.agma.com\/sv\/wp-json\/wp\/v2\/comments?post=8831"}],"version-history":[{"count":0,"href":"https:\/\/www.agma.com\/sv\/wp-json\/wp\/v2\/posts\/8831\/revisions"}],"wp:attachment":[{"href":"https:\/\/www.agma.com\/sv\/wp-json\/wp\/v2\/media?parent=8831"}],"wp:term":[{"taxonomy":"category","embeddable":true,"href":"https:\/\/www.agma.com\/sv\/wp-json\/wp\/v2\/categories?post=8831"},{"taxonomy":"post_tag","embeddable":true,"href":"https:\/\/www.agma.com\/sv\/wp-json\/wp\/v2\/tags?post=8831"}],"curies":[{"name":"wp","href":"https:\/\/api.w.org\/{rel}","templated":true}]}}