{"id":8833,"date":"2014-01-16T00:00:00","date_gmt":"2014-01-16T00:00:00","guid":{"rendered":"https:\/\/www.absolicon.com\/ny-unik-utbildning-till-solenergiingenjor-i-harnosand\/"},"modified":"2020-07-21T08:02:25","modified_gmt":"2020-07-21T08:02:25","slug":"ny-unik-utbildning-till-solenergiingenjor-i-harnosand","status":"publish","type":"post","link":"https:\/\/www.agma.com\/sv\/ny-unik-utbildning-till-solenergiingenjor-i-harnosand\/","title":{"rendered":"Ny, unik utbildning till Solenergiingenj\u00f6r i H\u00e4rn\u00f6sand"},"content":{"rendered":"<p>[ingress]H\u00e4rn\u00f6sand startar i h\u00f6st en 2-\u00e5rig solenergiutbildning som skall hj\u00e4lpa fastighets\u00e4gare och industrier att anv\u00e4nda mer solenergi i sin energif\u00f6rs\u00f6rjning.[\/ingress]<\/p>\n<p>\u201dVi kommer att bli unika i landet med att utbilda till Solenergiingenj\u00f6r med VVS-kompetens, s\u00e4ger Karin Wahlqvist\/Enhetschef\u201d.<\/p>\n<p>Initiativet till solenergiskolan togs 2005 av Joakim Bystr\u00f6m och \u00f6ver 100 installat\u00f6rer har utbildats. Den nya utbildningen bygger vidare p\u00e5 de erfarenheterna.<\/p>\n<p>Joakim, som nu \u00e4r vd f\u00f6r solenergif\u00f6retaget Absolicon, \u00e4r mycket n\u00f6jd med beslutet.<\/p>\n<p>-&#8221;Den nya 2-\u00e5riga ingenj\u00f6rsutbildningen kommer att utbilda personal som passar bra in i v\u00e5r nuvarande strategi d\u00e4r vi tar ett st\u00f6rre ansvar f\u00f6r integration av solenergi i st\u00f6rre byggnader och industrier&#8221; f\u00f6rklarar Joakim.<\/p>\n<p>Den nya solenergiutbildningen kombinerar traditionella installationskunskaper med senaste tekniken inom CAD-ritning och automatiserade ber\u00e4kningar av r\u00f6r och fl\u00f6den.<\/p>\n<p>Heta Utbildningar yrkesh\u00f6gskola i H\u00e4rn\u00f6sand har beviljats medel till solenergiingenj\u00f6rsutbildningen av Myndigheten f\u00f6r yrkesh\u00f6gskolan.<\/p>\n<p>Solenergiutbildningen startar h\u00f6sten 2014. Heta Utbildningar bedriver \u00e4ven utbildning till Drifttekniker, Synrehabiliterare och Kyl- &amp; v\u00e4rmepumptekniker. Ans\u00f6kan kan g\u00f6ras fr\u00e5n 17 februari till den 15 maj.<\/p>\n<p>L\u00e4r mer om <a href=\"https:\/\/www.hetautbildningar.se\/\" target=\"_blank\" rel=\"noopener noreferrer\">solenergiutbildningen <\/a><a href=\"https:\/\/www.hetautbildningar.se\/\" target=\"_blank\" rel=\"noopener noreferrer\">p\u00e5 https:\/\/www.hetautbildningar.se\/<\/a><\/p>\n<p>&nbsp;<\/p>\n<p style=\"text-align: right;\">&nbsp;<em>Publicerad 2014-01-16<\/em><\/p>\n<div><em style=\"text-align: right;\"><br \/>\n<\/em><\/div>\n","protected":false},"excerpt":{"rendered":"<p>[ingress]H\u00e4rn\u00f6sand startar i h\u00f6st en 2-\u00e5rig solenergiutbildning som skall hj\u00e4lpa fastighets\u00e4gare och industrier att anv\u00e4nda mer solenergi i sin energif\u00f6rs\u00f6rjning.[\/ingress] \u201dVi kommer att bli unika i landet med att utbilda till Solenergiingenj\u00f6r med VVS-kompetens, s\u00e4ger Karin Wahlqvist\/Enhetschef\u201d. Initiativet till solenergiskolan togs 2005 av Joakim Bystr\u00f6m och \u00f6ver 100 installat\u00f6rer har utbildats. Den nya utbildningen bygger [&hellip;]<\/p>\n","protected":false},"author":1,"featured_media":9254,"comment_status":"open","ping_status":"open","sticky":false,"template":"","format":"standard","meta":{"_acf_changed":false,"footnotes":""},"categories":[2],"tags":[],"class_list":["post-8833","post","type-post","status-publish","format-standard","has-post-thumbnail","hentry","category-okategoriserad"],"acf":[],"yoast_head":"<!-- This site is optimized with the Yoast SEO plugin v27.4 - https:\/\/yoast.com\/product\/yoast-seo-wordpress\/ -->\n<title>Ny, unik utbildning till Solenergiingenj\u00f6r i H\u00e4rn\u00f6sand - Absolicon<\/title>\n<meta name=\"robots\" content=\"index, follow, max-snippet:-1, max-image-preview:large, max-video-preview:-1\" \/>\n<link rel=\"canonical\" href=\"https:\/\/www.agma.com\/sv\/ny-unik-utbildning-till-solenergiingenjor-i-harnosand\/\" \/>\n<meta property=\"og:locale\" content=\"sv_SE\" \/>\n<meta property=\"og:type\" content=\"article\" \/>\n<meta property=\"og:title\" content=\"Ny, unik utbildning till Solenergiingenj\u00f6r i H\u00e4rn\u00f6sand - Absolicon\" \/>\n<meta property=\"og:description\" content=\"[ingress]H\u00e4rn\u00f6sand startar i h\u00f6st en 2-\u00e5rig solenergiutbildning som skall hj\u00e4lpa fastighets\u00e4gare och industrier att anv\u00e4nda mer solenergi i sin energif\u00f6rs\u00f6rjning.[\/ingress] \u201dVi kommer att bli unika i landet med att utbilda till Solenergiingenj\u00f6r med VVS-kompetens, s\u00e4ger Karin Wahlqvist\/Enhetschef\u201d. Initiativet till solenergiskolan togs 2005 av Joakim Bystr\u00f6m och \u00f6ver 100 installat\u00f6rer har utbildats. Den nya utbildningen bygger [&hellip;]\" \/>\n<meta property=\"og:url\" content=\"https:\/\/www.agma.com\/sv\/ny-unik-utbildning-till-solenergiingenjor-i-harnosand\/\" \/>\n<meta property=\"og:site_name\" content=\"Absolicon\" \/>\n<meta property=\"article:published_time\" content=\"2014-01-16T00:00:00+00:00\" \/>\n<meta property=\"article:modified_time\" content=\"2020-07-21T08:02:25+00:00\" \/>\n<meta property=\"og:image\" content=\"https:\/\/www.agma.com\/wp-content\/uploads\/2020\/07\/01d5578342e86bfda2a6e6be406ad6.png\" \/>\n\t<meta property=\"og:image:width\" content=\"720\" \/>\n\t<meta property=\"og:image:height\" content=\"250\" \/>\n\t<meta property=\"og:image:type\" content=\"image\/png\" \/>\n<meta name=\"author\" content=\"jakubschenk\" \/>\n<meta name=\"twitter:card\" content=\"summary_large_image\" \/>\n<meta name=\"twitter:label1\" content=\"Skriven av\" \/>\n\t<meta name=\"twitter:data1\" content=\"jakubschenk\" \/>\n<script type=\"application\/ld+json\" class=\"yoast-schema-graph\">{\"@context\":\"https:\\\/\\\/schema.org\",\"@graph\":[{\"@type\":\"Article\",\"@id\":\"https:\\\/\\\/www.agma.com\\\/sv\\\/ny-unik-utbildning-till-solenergiingenjor-i-harnosand\\\/#article\",\"isPartOf\":{\"@id\":\"https:\\\/\\\/www.agma.com\\\/sv\\\/ny-unik-utbildning-till-solenergiingenjor-i-harnosand\\\/\"},\"author\":{\"name\":\"jakubschenk\",\"@id\":\"https:\\\/\\\/www.agma.com\\\/sv\\\/#\\\/schema\\\/person\\\/6820b3ce1cc37edbaecc979090760d8b\"},\"headline\":\"Ny, unik utbildning till Solenergiingenj\u00f6r i H\u00e4rn\u00f6sand\",\"datePublished\":\"2014-01-16T00:00:00+00:00\",\"dateModified\":\"2020-07-21T08:02:25+00:00\",\"mainEntityOfPage\":{\"@id\":\"https:\\\/\\\/www.agma.com\\\/sv\\\/ny-unik-utbildning-till-solenergiingenjor-i-harnosand\\\/\"},\"wordCount\":225,\"commentCount\":0,\"publisher\":{\"@id\":\"https:\\\/\\\/www.agma.com\\\/sv\\\/#organization\"},\"image\":{\"@id\":\"https:\\\/\\\/www.agma.com\\\/sv\\\/ny-unik-utbildning-till-solenergiingenjor-i-harnosand\\\/#primaryimage\"},\"thumbnailUrl\":\"https:\\\/\\\/www.agma.com\\\/wp-content\\\/uploads\\\/2020\\\/07\\\/01d5578342e86bfda2a6e6be406ad6.png\",\"articleSection\":[\"Okategoriserad\"],\"inLanguage\":\"sv-SE\",\"potentialAction\":[{\"@type\":\"CommentAction\",\"name\":\"Comment\",\"target\":[\"https:\\\/\\\/www.agma.com\\\/sv\\\/ny-unik-utbildning-till-solenergiingenjor-i-harnosand\\\/#respond\"]}]},{\"@type\":\"WebPage\",\"@id\":\"https:\\\/\\\/www.agma.com\\\/sv\\\/ny-unik-utbildning-till-solenergiingenjor-i-harnosand\\\/\",\"url\":\"https:\\\/\\\/www.agma.com\\\/sv\\\/ny-unik-utbildning-till-solenergiingenjor-i-harnosand\\\/\",\"name\":\"Ny, unik utbildning till Solenergiingenj\u00f6r i H\u00e4rn\u00f6sand - Absolicon\",\"isPartOf\":{\"@id\":\"https:\\\/\\\/www.agma.com\\\/sv\\\/#website\"},\"primaryImageOfPage\":{\"@id\":\"https:\\\/\\\/www.agma.com\\\/sv\\\/ny-unik-utbildning-till-solenergiingenjor-i-harnosand\\\/#primaryimage\"},\"image\":{\"@id\":\"https:\\\/\\\/www.agma.com\\\/sv\\\/ny-unik-utbildning-till-solenergiingenjor-i-harnosand\\\/#primaryimage\"},\"thumbnailUrl\":\"https:\\\/\\\/www.agma.com\\\/wp-content\\\/uploads\\\/2020\\\/07\\\/01d5578342e86bfda2a6e6be406ad6.png\",\"datePublished\":\"2014-01-16T00:00:00+00:00\",\"dateModified\":\"2020-07-21T08:02:25+00:00\",\"breadcrumb\":{\"@id\":\"https:\\\/\\\/www.agma.com\\\/sv\\\/ny-unik-utbildning-till-solenergiingenjor-i-harnosand\\\/#breadcrumb\"},\"inLanguage\":\"sv-SE\",\"potentialAction\":[{\"@type\":\"ReadAction\",\"target\":[\"https:\\\/\\\/www.agma.com\\\/sv\\\/ny-unik-utbildning-till-solenergiingenjor-i-harnosand\\\/\"]}]},{\"@type\":\"ImageObject\",\"inLanguage\":\"sv-SE\",\"@id\":\"https:\\\/\\\/www.agma.com\\\/sv\\\/ny-unik-utbildning-till-solenergiingenjor-i-harnosand\\\/#primaryimage\",\"url\":\"https:\\\/\\\/www.agma.com\\\/wp-content\\\/uploads\\\/2020\\\/07\\\/01d5578342e86bfda2a6e6be406ad6.png\",\"contentUrl\":\"https:\\\/\\\/www.agma.com\\\/wp-content\\\/uploads\\\/2020\\\/07\\\/01d5578342e86bfda2a6e6be406ad6.png\",\"width\":720,\"height\":250},{\"@type\":\"BreadcrumbList\",\"@id\":\"https:\\\/\\\/www.agma.com\\\/sv\\\/ny-unik-utbildning-till-solenergiingenjor-i-harnosand\\\/#breadcrumb\",\"itemListElement\":[{\"@type\":\"ListItem\",\"position\":1,\"name\":\"Home\",\"item\":\"https:\\\/\\\/www.agma.com\\\/sv\\\/\"},{\"@type\":\"ListItem\",\"position\":2,\"name\":\"Ny, unik utbildning till Solenergiingenj\u00f6r i H\u00e4rn\u00f6sand\"}]},{\"@type\":\"WebSite\",\"@id\":\"https:\\\/\\\/www.agma.com\\\/sv\\\/#website\",\"url\":\"https:\\\/\\\/www.agma.com\\\/sv\\\/\",\"name\":\"Absolicon\",\"description\":\"\",\"publisher\":{\"@id\":\"https:\\\/\\\/www.agma.com\\\/sv\\\/#organization\"},\"potentialAction\":[{\"@type\":\"SearchAction\",\"target\":{\"@type\":\"EntryPoint\",\"urlTemplate\":\"https:\\\/\\\/www.agma.com\\\/sv\\\/?s={search_term_string}\"},\"query-input\":{\"@type\":\"PropertyValueSpecification\",\"valueRequired\":true,\"valueName\":\"search_term_string\"}}],\"inLanguage\":\"sv-SE\"},{\"@type\":\"Organization\",\"@id\":\"https:\\\/\\\/www.agma.com\\\/sv\\\/#organization\",\"name\":\"Absolicon\",\"url\":\"https:\\\/\\\/www.agma.com\\\/sv\\\/\",\"logo\":{\"@type\":\"ImageObject\",\"inLanguage\":\"sv-SE\",\"@id\":\"https:\\\/\\\/www.agma.com\\\/sv\\\/#\\\/schema\\\/logo\\\/image\\\/\",\"url\":\"https:\\\/\\\/www.agma.com\\\/wp-content\\\/uploads\\\/2026\\\/04\\\/logotype_neg_blk.svg\",\"contentUrl\":\"https:\\\/\\\/www.agma.com\\\/wp-content\\\/uploads\\\/2026\\\/04\\\/logotype_neg_blk.svg\",\"width\":705,\"height\":83,\"caption\":\"Absolicon\"},\"image\":{\"@id\":\"https:\\\/\\\/www.agma.com\\\/sv\\\/#\\\/schema\\\/logo\\\/image\\\/\"}},{\"@type\":\"Person\",\"@id\":\"https:\\\/\\\/www.agma.com\\\/sv\\\/#\\\/schema\\\/person\\\/6820b3ce1cc37edbaecc979090760d8b\",\"name\":\"jakubschenk\",\"image\":{\"@type\":\"ImageObject\",\"inLanguage\":\"sv-SE\",\"@id\":\"https:\\\/\\\/secure.gravatar.com\\\/avatar\\\/0ab843002d4a58702560e02354e5f9a3206e13bbfaa9df5a188e463870f605cd?s=96&d=mm&r=g\",\"url\":\"https:\\\/\\\/secure.gravatar.com\\\/avatar\\\/0ab843002d4a58702560e02354e5f9a3206e13bbfaa9df5a188e463870f605cd?s=96&d=mm&r=g\",\"contentUrl\":\"https:\\\/\\\/secure.gravatar.com\\\/avatar\\\/0ab843002d4a58702560e02354e5f9a3206e13bbfaa9df5a188e463870f605cd?s=96&d=mm&r=g\",\"caption\":\"jakubschenk\"},\"sameAs\":[\"https:\\\/\\\/www.agma.com\"],\"url\":\"https:\\\/\\\/www.agma.com\\\/sv\\\/author\\\/jakubschenk\\\/\"}]}<\/script>\n<!-- \/ Yoast SEO plugin. -->","yoast_head_json":{"title":"Ny, unik utbildning till Solenergiingenj\u00f6r i H\u00e4rn\u00f6sand - Absolicon","robots":{"index":"index","follow":"follow","max-snippet":"max-snippet:-1","max-image-preview":"max-image-preview:large","max-video-preview":"max-video-preview:-1"},"canonical":"https:\/\/www.agma.com\/sv\/ny-unik-utbildning-till-solenergiingenjor-i-harnosand\/","og_locale":"sv_SE","og_type":"article","og_title":"Ny, unik utbildning till Solenergiingenj\u00f6r i H\u00e4rn\u00f6sand - Absolicon","og_description":"[ingress]H\u00e4rn\u00f6sand startar i h\u00f6st en 2-\u00e5rig solenergiutbildning som skall hj\u00e4lpa fastighets\u00e4gare och industrier att anv\u00e4nda mer solenergi i sin energif\u00f6rs\u00f6rjning.[\/ingress] \u201dVi kommer att bli unika i landet med att utbilda till Solenergiingenj\u00f6r med VVS-kompetens, s\u00e4ger Karin Wahlqvist\/Enhetschef\u201d. Initiativet till solenergiskolan togs 2005 av Joakim Bystr\u00f6m och \u00f6ver 100 installat\u00f6rer har utbildats. Den nya utbildningen bygger [&hellip;]","og_url":"https:\/\/www.agma.com\/sv\/ny-unik-utbildning-till-solenergiingenjor-i-harnosand\/","og_site_name":"Absolicon","article_published_time":"2014-01-16T00:00:00+00:00","article_modified_time":"2020-07-21T08:02:25+00:00","og_image":[{"width":720,"height":250,"url":"https:\/\/www.agma.com\/wp-content\/uploads\/2020\/07\/01d5578342e86bfda2a6e6be406ad6.png","type":"image\/png"}],"author":"jakubschenk","twitter_card":"summary_large_image","twitter_misc":{"Skriven av":"jakubschenk"},"schema":{"@context":"https:\/\/schema.org","@graph":[{"@type":"Article","@id":"https:\/\/www.agma.com\/sv\/ny-unik-utbildning-till-solenergiingenjor-i-harnosand\/#article","isPartOf":{"@id":"https:\/\/www.agma.com\/sv\/ny-unik-utbildning-till-solenergiingenjor-i-harnosand\/"},"author":{"name":"jakubschenk","@id":"https:\/\/www.agma.com\/sv\/#\/schema\/person\/6820b3ce1cc37edbaecc979090760d8b"},"headline":"Ny, unik utbildning till Solenergiingenj\u00f6r i H\u00e4rn\u00f6sand","datePublished":"2014-01-16T00:00:00+00:00","dateModified":"2020-07-21T08:02:25+00:00","mainEntityOfPage":{"@id":"https:\/\/www.agma.com\/sv\/ny-unik-utbildning-till-solenergiingenjor-i-harnosand\/"},"wordCount":225,"commentCount":0,"publisher":{"@id":"https:\/\/www.agma.com\/sv\/#organization"},"image":{"@id":"https:\/\/www.agma.com\/sv\/ny-unik-utbildning-till-solenergiingenjor-i-harnosand\/#primaryimage"},"thumbnailUrl":"https:\/\/www.agma.com\/wp-content\/uploads\/2020\/07\/01d5578342e86bfda2a6e6be406ad6.png","articleSection":["Okategoriserad"],"inLanguage":"sv-SE","potentialAction":[{"@type":"CommentAction","name":"Comment","target":["https:\/\/www.agma.com\/sv\/ny-unik-utbildning-till-solenergiingenjor-i-harnosand\/#respond"]}]},{"@type":"WebPage","@id":"https:\/\/www.agma.com\/sv\/ny-unik-utbildning-till-solenergiingenjor-i-harnosand\/","url":"https:\/\/www.agma.com\/sv\/ny-unik-utbildning-till-solenergiingenjor-i-harnosand\/","name":"Ny, unik utbildning till Solenergiingenj\u00f6r i H\u00e4rn\u00f6sand - Absolicon","isPartOf":{"@id":"https:\/\/www.agma.com\/sv\/#website"},"primaryImageOfPage":{"@id":"https:\/\/www.agma.com\/sv\/ny-unik-utbildning-till-solenergiingenjor-i-harnosand\/#primaryimage"},"image":{"@id":"https:\/\/www.agma.com\/sv\/ny-unik-utbildning-till-solenergiingenjor-i-harnosand\/#primaryimage"},"thumbnailUrl":"https:\/\/www.agma.com\/wp-content\/uploads\/2020\/07\/01d5578342e86bfda2a6e6be406ad6.png","datePublished":"2014-01-16T00:00:00+00:00","dateModified":"2020-07-21T08:02:25+00:00","breadcrumb":{"@id":"https:\/\/www.agma.com\/sv\/ny-unik-utbildning-till-solenergiingenjor-i-harnosand\/#breadcrumb"},"inLanguage":"sv-SE","potentialAction":[{"@type":"ReadAction","target":["https:\/\/www.agma.com\/sv\/ny-unik-utbildning-till-solenergiingenjor-i-harnosand\/"]}]},{"@type":"ImageObject","inLanguage":"sv-SE","@id":"https:\/\/www.agma.com\/sv\/ny-unik-utbildning-till-solenergiingenjor-i-harnosand\/#primaryimage","url":"https:\/\/www.agma.com\/wp-content\/uploads\/2020\/07\/01d5578342e86bfda2a6e6be406ad6.png","contentUrl":"https:\/\/www.agma.com\/wp-content\/uploads\/2020\/07\/01d5578342e86bfda2a6e6be406ad6.png","width":720,"height":250},{"@type":"BreadcrumbList","@id":"https:\/\/www.agma.com\/sv\/ny-unik-utbildning-till-solenergiingenjor-i-harnosand\/#breadcrumb","itemListElement":[{"@type":"ListItem","position":1,"name":"Home","item":"https:\/\/www.agma.com\/sv\/"},{"@type":"ListItem","position":2,"name":"Ny, unik utbildning till Solenergiingenj\u00f6r i H\u00e4rn\u00f6sand"}]},{"@type":"WebSite","@id":"https:\/\/www.agma.com\/sv\/#website","url":"https:\/\/www.agma.com\/sv\/","name":"Absolicon","description":"","publisher":{"@id":"https:\/\/www.agma.com\/sv\/#organization"},"potentialAction":[{"@type":"SearchAction","target":{"@type":"EntryPoint","urlTemplate":"https:\/\/www.agma.com\/sv\/?s={search_term_string}"},"query-input":{"@type":"PropertyValueSpecification","valueRequired":true,"valueName":"search_term_string"}}],"inLanguage":"sv-SE"},{"@type":"Organization","@id":"https:\/\/www.agma.com\/sv\/#organization","name":"Absolicon","url":"https:\/\/www.agma.com\/sv\/","logo":{"@type":"ImageObject","inLanguage":"sv-SE","@id":"https:\/\/www.agma.com\/sv\/#\/schema\/logo\/image\/","url":"https:\/\/www.agma.com\/wp-content\/uploads\/2026\/04\/logotype_neg_blk.svg","contentUrl":"https:\/\/www.agma.com\/wp-content\/uploads\/2026\/04\/logotype_neg_blk.svg","width":705,"height":83,"caption":"Absolicon"},"image":{"@id":"https:\/\/www.agma.com\/sv\/#\/schema\/logo\/image\/"}},{"@type":"Person","@id":"https:\/\/www.agma.com\/sv\/#\/schema\/person\/6820b3ce1cc37edbaecc979090760d8b","name":"jakubschenk","image":{"@type":"ImageObject","inLanguage":"sv-SE","@id":"https:\/\/secure.gravatar.com\/avatar\/0ab843002d4a58702560e02354e5f9a3206e13bbfaa9df5a188e463870f605cd?s=96&d=mm&r=g","url":"https:\/\/secure.gravatar.com\/avatar\/0ab843002d4a58702560e02354e5f9a3206e13bbfaa9df5a188e463870f605cd?s=96&d=mm&r=g","contentUrl":"https:\/\/secure.gravatar.com\/avatar\/0ab843002d4a58702560e02354e5f9a3206e13bbfaa9df5a188e463870f605cd?s=96&d=mm&r=g","caption":"jakubschenk"},"sameAs":["https:\/\/www.agma.com"],"url":"https:\/\/www.agma.com\/sv\/author\/jakubschenk\/"}]}},"_links":{"self":[{"href":"https:\/\/www.agma.com\/sv\/wp-json\/wp\/v2\/posts\/8833","targetHints":{"allow":["GET"]}}],"collection":[{"href":"https:\/\/www.agma.com\/sv\/wp-json\/wp\/v2\/posts"}],"about":[{"href":"https:\/\/www.agma.com\/sv\/wp-json\/wp\/v2\/types\/post"}],"author":[{"embeddable":true,"href":"https:\/\/www.agma.com\/sv\/wp-json\/wp\/v2\/users\/1"}],"replies":[{"embeddable":true,"href":"https:\/\/www.agma.com\/sv\/wp-json\/wp\/v2\/comments?post=8833"}],"version-history":[{"count":1,"href":"https:\/\/www.agma.com\/sv\/wp-json\/wp\/v2\/posts\/8833\/revisions"}],"predecessor-version":[{"id":9256,"href":"https:\/\/www.agma.com\/sv\/wp-json\/wp\/v2\/posts\/8833\/revisions\/9256"}],"wp:featuredmedia":[{"embeddable":true,"href":"https:\/\/www.agma.com\/sv\/wp-json\/wp\/v2\/media\/9254"}],"wp:attachment":[{"href":"https:\/\/www.agma.com\/sv\/wp-json\/wp\/v2\/media?parent=8833"}],"wp:term":[{"taxonomy":"category","embeddable":true,"href":"https:\/\/www.agma.com\/sv\/wp-json\/wp\/v2\/categories?post=8833"},{"taxonomy":"post_tag","embeddable":true,"href":"https:\/\/www.agma.com\/sv\/wp-json\/wp\/v2\/tags?post=8833"}],"curies":[{"name":"wp","href":"https:\/\/api.w.org\/{rel}","templated":true}]}}