{"id":8835,"date":"2014-05-12T00:00:00","date_gmt":"2014-05-12T00:00:00","guid":{"rendered":"https:\/\/www.absolicon.com\/en-ovantad-bestallning-startar-om-solfangartillverkningen-i-harnosand\/"},"modified":"2020-07-21T08:00:03","modified_gmt":"2020-07-21T08:00:03","slug":"en-ovantad-bestallning-startar-om-solfangartillverkningen-i-harnosand","status":"publish","type":"post","link":"https:\/\/www.agma.com\/sv\/en-ovantad-bestallning-startar-om-solfangartillverkningen-i-harnosand\/","title":{"rendered":"En ov\u00e4ntad best\u00e4llning startar om solf\u00e5ngartillverkningen i H\u00e4rn\u00f6sand"},"content":{"rendered":"<p>[ingress]<\/p>\n<p><strong>Det senaste \u00e5ret har H\u00e4rn\u00f6sandsf\u00f6retaget Absolicon satsat p\u00e5 att utveckla maskiner f\u00f6r massproduktion av sin teknik och helt slutat marknadsf\u00f6ra sina solf\u00e5ngare. Trots det fick f\u00f6retaget i dagarna en order fr\u00e5n ett spanskt sjukhus som absolut vill anv\u00e4nda de koncentrerande solf\u00e5ngarna. <\/strong><\/p>\n<p>[\/ingress]<\/p>\n<p>\u2013 Det var ov\u00e4ntat, men ocks\u00e5 roligt f\u00f6rst\u00e5s. Nu skall vi leverera den h\u00e4r ordern samtidigt som v\u00e5ra processer med att etablera tillverkningslinor i olika l\u00e4nder f\u00f6r v\u00e5ra solf\u00e5ngare p\u00e5g\u00e5r. Det blir en utmaning, men vi \u00e4r vana att l\u00f6sa den typen av problem, s\u00e4ger Joakim Bystr\u00f6m, vd och grundare.<\/p>\n<p>F\u00f6r att starta produktionen av solf\u00e5ngarna igen hyr Absolicon extra lokaler p\u00e5 Hern\u00f6verken i H\u00e4rn\u00f6sand och anst\u00e4ller en person ytterligare.<\/p>\n<p>F\u00f6retaget har redan en installation med solkyla p\u00e5 n\u00e4rv\u00e5rden i H\u00e4rn\u00f6sand. Sjukhus \u00e4r en stor potentiell marknad f\u00f6r solkoncentratorer eftersom de f\u00f6rbrukar mycket energi.<\/p>\n<p>\u2013 Det \u00e4r klart att det \u00e4r sp\u00e4nnande att f\u00e5 g\u00f6ra fler installationer inom h\u00e4lsosektorn. Runt om i v\u00e4rlden byggs det m\u00e5nga nya sjukhus och m\u00e5nga anv\u00e4nder modernaste energiteknik, s\u00e4ger Joakim Bystr\u00f6m som ser ordern som ett bevis p\u00e5 ett \u00f6kat intresse f\u00f6r koncentrerad solenergi.<\/p>\n<p><em>Bron &#8221;Ponte Vella&#8221; i spanska Ourense \u00e4r 38 meter h\u00f6g och uppf\u00f6rdes ursprungligen under kejsar Augustus f\u00f6rsta \u00e5rhundradet e.Kr. och \u00e5teruppbyggdes p\u00e5 de romerska grundl\u00e4ggningarna \u00e5r 1230.<\/em> <em>Foto Victor Hermida Prada<\/em><\/p>\n<p>&nbsp;<\/p>\n<p style=\"text-align: right;\">\n<p><strong>Fakta Solkyla<br \/>\n<\/strong>Solv\u00e4rme kan driva en solkylemaskin f\u00f6r att generera kostnadsfri luftkonditionering till en fastighet. Det finns flera principer f\u00f6r hur solkylan kan genereras fr\u00e5n v\u00e4rme, men en regel \u00e4r att processerna blir effektivare ju h\u00f6gre temperatur som anv\u00e4nds. V\u00e4rmedriven kyla \u00e4r vanlig i st\u00f6rre \u00e4ldre fastigheter och inom industrin.<\/p>\n<p>&nbsp;<\/p>\n<p><strong><a href=\"https:\/\/www.agma.comwp-content\/uploads\/2014\/05\/Solkyla_narvard_solar_cooling_hospital_Sweden.jpg\"><img fetchpriority=\"high\" decoding=\"async\" class=\"size-full wp-image-2410 alignleft\" title=\"Solkyla_narvard_solar_cooling_hospital_Sweden_x200\" src=\"https:\/\/www.agma.comwp-content\/uploads\/2012\/05\/Solkyla_narvard_solar_cooling_hospital_Sweden_x200.jpg\" alt=\"\" width=\"299\" height=\"200\"><\/a><\/strong><\/p>\n<p><em>Sedan ett \u00e5r tillbaka fokuserar Absolicon p\u00e5 att utveckla en automatiserad tillverkningslina och har slutat marknadsf\u00f6ra sina solf\u00e5ngare. Trots det har f\u00f6retaget nu f\u00e5tt en order fr\u00e5n ett spanskt sjukhus som absolut vill anv\u00e4nda de koncentrerande solf\u00e5ngarna. Bilden visar Absolicons solkyleinstallation p\u00e5 N\u00e4rv\u00e5rd H\u00e4rn\u00f6sand.<\/em><\/p>\n<p>&nbsp;<\/p>\n<p style=\"text-align: right;\">&nbsp;<em>Publicerad 2014-05-12<\/em><\/p>\n<p>&nbsp;<\/p>\n<p>&nbsp;<\/p>\n<div><em style=\"text-align: right;\"><br \/>\n<\/em><\/div>\n","protected":false},"excerpt":{"rendered":"<p>[ingress] Det senaste \u00e5ret har H\u00e4rn\u00f6sandsf\u00f6retaget Absolicon satsat p\u00e5 att utveckla maskiner f\u00f6r massproduktion av sin teknik och helt slutat marknadsf\u00f6ra sina solf\u00e5ngare. Trots det fick f\u00f6retaget i dagarna en order fr\u00e5n ett spanskt sjukhus som absolut vill anv\u00e4nda de koncentrerande solf\u00e5ngarna. [\/ingress] \u2013 Det var ov\u00e4ntat, men ocks\u00e5 roligt f\u00f6rst\u00e5s. Nu skall vi leverera [&hellip;]<\/p>\n","protected":false},"author":1,"featured_media":9248,"comment_status":"open","ping_status":"open","sticky":false,"template":"","format":"standard","meta":{"_acf_changed":false,"footnotes":""},"categories":[2],"tags":[],"class_list":["post-8835","post","type-post","status-publish","format-standard","has-post-thumbnail","hentry","category-okategoriserad"],"acf":[],"yoast_head":"<!-- This site is optimized with the Yoast SEO plugin v27.4 - https:\/\/yoast.com\/product\/yoast-seo-wordpress\/ -->\n<title>En ov\u00e4ntad best\u00e4llning startar om solf\u00e5ngartillverkningen i H\u00e4rn\u00f6sand - Absolicon<\/title>\n<meta name=\"robots\" content=\"index, follow, max-snippet:-1, max-image-preview:large, max-video-preview:-1\" \/>\n<link rel=\"canonical\" href=\"https:\/\/www.agma.com\/sv\/en-ovantad-bestallning-startar-om-solfangartillverkningen-i-harnosand\/\" \/>\n<meta property=\"og:locale\" content=\"sv_SE\" \/>\n<meta property=\"og:type\" content=\"article\" \/>\n<meta property=\"og:title\" content=\"En ov\u00e4ntad best\u00e4llning startar om solf\u00e5ngartillverkningen i H\u00e4rn\u00f6sand - Absolicon\" \/>\n<meta property=\"og:description\" content=\"[ingress] Det senaste \u00e5ret har H\u00e4rn\u00f6sandsf\u00f6retaget Absolicon satsat p\u00e5 att utveckla maskiner f\u00f6r massproduktion av sin teknik och helt slutat marknadsf\u00f6ra sina solf\u00e5ngare. Trots det fick f\u00f6retaget i dagarna en order fr\u00e5n ett spanskt sjukhus som absolut vill anv\u00e4nda de koncentrerande solf\u00e5ngarna. [\/ingress] \u2013 Det var ov\u00e4ntat, men ocks\u00e5 roligt f\u00f6rst\u00e5s. Nu skall vi leverera [&hellip;]\" \/>\n<meta property=\"og:url\" content=\"https:\/\/www.agma.com\/sv\/en-ovantad-bestallning-startar-om-solfangartillverkningen-i-harnosand\/\" \/>\n<meta property=\"og:site_name\" content=\"Absolicon\" \/>\n<meta property=\"article:published_time\" content=\"2014-05-12T00:00:00+00:00\" \/>\n<meta property=\"article:modified_time\" content=\"2020-07-21T08:00:03+00:00\" \/>\n<meta property=\"og:image\" content=\"https:\/\/www.agma.com\/wp-content\/uploads\/2020\/07\/ced0d6a1f6cd98bf2c121cc99e187f.jpg\" \/>\n\t<meta property=\"og:image:width\" content=\"720\" \/>\n\t<meta property=\"og:image:height\" content=\"250\" \/>\n\t<meta property=\"og:image:type\" content=\"image\/jpeg\" \/>\n<meta name=\"author\" content=\"jakubschenk\" \/>\n<meta name=\"twitter:card\" content=\"summary_large_image\" \/>\n<meta name=\"twitter:label1\" content=\"Skriven av\" \/>\n\t<meta name=\"twitter:data1\" content=\"jakubschenk\" \/>\n<script type=\"application\/ld+json\" class=\"yoast-schema-graph\">{\"@context\":\"https:\\\/\\\/schema.org\",\"@graph\":[{\"@type\":\"Article\",\"@id\":\"https:\\\/\\\/www.agma.com\\\/sv\\\/en-ovantad-bestallning-startar-om-solfangartillverkningen-i-harnosand\\\/#article\",\"isPartOf\":{\"@id\":\"https:\\\/\\\/www.agma.com\\\/sv\\\/en-ovantad-bestallning-startar-om-solfangartillverkningen-i-harnosand\\\/\"},\"author\":{\"name\":\"jakubschenk\",\"@id\":\"https:\\\/\\\/www.agma.com\\\/sv\\\/#\\\/schema\\\/person\\\/6820b3ce1cc37edbaecc979090760d8b\"},\"headline\":\"En ov\u00e4ntad best\u00e4llning startar om solf\u00e5ngartillverkningen i H\u00e4rn\u00f6sand\",\"datePublished\":\"2014-05-12T00:00:00+00:00\",\"dateModified\":\"2020-07-21T08:00:03+00:00\",\"mainEntityOfPage\":{\"@id\":\"https:\\\/\\\/www.agma.com\\\/sv\\\/en-ovantad-bestallning-startar-om-solfangartillverkningen-i-harnosand\\\/\"},\"wordCount\":397,\"commentCount\":0,\"publisher\":{\"@id\":\"https:\\\/\\\/www.agma.com\\\/sv\\\/#organization\"},\"image\":{\"@id\":\"https:\\\/\\\/www.agma.com\\\/sv\\\/en-ovantad-bestallning-startar-om-solfangartillverkningen-i-harnosand\\\/#primaryimage\"},\"thumbnailUrl\":\"https:\\\/\\\/www.agma.com\\\/wp-content\\\/uploads\\\/2020\\\/07\\\/ced0d6a1f6cd98bf2c121cc99e187f.jpg\",\"articleSection\":[\"Okategoriserad\"],\"inLanguage\":\"sv-SE\",\"potentialAction\":[{\"@type\":\"CommentAction\",\"name\":\"Comment\",\"target\":[\"https:\\\/\\\/www.agma.com\\\/sv\\\/en-ovantad-bestallning-startar-om-solfangartillverkningen-i-harnosand\\\/#respond\"]}]},{\"@type\":\"WebPage\",\"@id\":\"https:\\\/\\\/www.agma.com\\\/sv\\\/en-ovantad-bestallning-startar-om-solfangartillverkningen-i-harnosand\\\/\",\"url\":\"https:\\\/\\\/www.agma.com\\\/sv\\\/en-ovantad-bestallning-startar-om-solfangartillverkningen-i-harnosand\\\/\",\"name\":\"En ov\u00e4ntad best\u00e4llning startar om solf\u00e5ngartillverkningen i H\u00e4rn\u00f6sand - Absolicon\",\"isPartOf\":{\"@id\":\"https:\\\/\\\/www.agma.com\\\/sv\\\/#website\"},\"primaryImageOfPage\":{\"@id\":\"https:\\\/\\\/www.agma.com\\\/sv\\\/en-ovantad-bestallning-startar-om-solfangartillverkningen-i-harnosand\\\/#primaryimage\"},\"image\":{\"@id\":\"https:\\\/\\\/www.agma.com\\\/sv\\\/en-ovantad-bestallning-startar-om-solfangartillverkningen-i-harnosand\\\/#primaryimage\"},\"thumbnailUrl\":\"https:\\\/\\\/www.agma.com\\\/wp-content\\\/uploads\\\/2020\\\/07\\\/ced0d6a1f6cd98bf2c121cc99e187f.jpg\",\"datePublished\":\"2014-05-12T00:00:00+00:00\",\"dateModified\":\"2020-07-21T08:00:03+00:00\",\"breadcrumb\":{\"@id\":\"https:\\\/\\\/www.agma.com\\\/sv\\\/en-ovantad-bestallning-startar-om-solfangartillverkningen-i-harnosand\\\/#breadcrumb\"},\"inLanguage\":\"sv-SE\",\"potentialAction\":[{\"@type\":\"ReadAction\",\"target\":[\"https:\\\/\\\/www.agma.com\\\/sv\\\/en-ovantad-bestallning-startar-om-solfangartillverkningen-i-harnosand\\\/\"]}]},{\"@type\":\"ImageObject\",\"inLanguage\":\"sv-SE\",\"@id\":\"https:\\\/\\\/www.agma.com\\\/sv\\\/en-ovantad-bestallning-startar-om-solfangartillverkningen-i-harnosand\\\/#primaryimage\",\"url\":\"https:\\\/\\\/www.agma.com\\\/wp-content\\\/uploads\\\/2020\\\/07\\\/ced0d6a1f6cd98bf2c121cc99e187f.jpg\",\"contentUrl\":\"https:\\\/\\\/www.agma.com\\\/wp-content\\\/uploads\\\/2020\\\/07\\\/ced0d6a1f6cd98bf2c121cc99e187f.jpg\",\"width\":720,\"height\":250},{\"@type\":\"BreadcrumbList\",\"@id\":\"https:\\\/\\\/www.agma.com\\\/sv\\\/en-ovantad-bestallning-startar-om-solfangartillverkningen-i-harnosand\\\/#breadcrumb\",\"itemListElement\":[{\"@type\":\"ListItem\",\"position\":1,\"name\":\"Home\",\"item\":\"https:\\\/\\\/www.agma.com\\\/sv\\\/\"},{\"@type\":\"ListItem\",\"position\":2,\"name\":\"En ov\u00e4ntad best\u00e4llning startar om solf\u00e5ngartillverkningen i H\u00e4rn\u00f6sand\"}]},{\"@type\":\"WebSite\",\"@id\":\"https:\\\/\\\/www.agma.com\\\/sv\\\/#website\",\"url\":\"https:\\\/\\\/www.agma.com\\\/sv\\\/\",\"name\":\"Absolicon\",\"description\":\"\",\"publisher\":{\"@id\":\"https:\\\/\\\/www.agma.com\\\/sv\\\/#organization\"},\"potentialAction\":[{\"@type\":\"SearchAction\",\"target\":{\"@type\":\"EntryPoint\",\"urlTemplate\":\"https:\\\/\\\/www.agma.com\\\/sv\\\/?s={search_term_string}\"},\"query-input\":{\"@type\":\"PropertyValueSpecification\",\"valueRequired\":true,\"valueName\":\"search_term_string\"}}],\"inLanguage\":\"sv-SE\"},{\"@type\":\"Organization\",\"@id\":\"https:\\\/\\\/www.agma.com\\\/sv\\\/#organization\",\"name\":\"Absolicon\",\"url\":\"https:\\\/\\\/www.agma.com\\\/sv\\\/\",\"logo\":{\"@type\":\"ImageObject\",\"inLanguage\":\"sv-SE\",\"@id\":\"https:\\\/\\\/www.agma.com\\\/sv\\\/#\\\/schema\\\/logo\\\/image\\\/\",\"url\":\"https:\\\/\\\/www.agma.com\\\/wp-content\\\/uploads\\\/2026\\\/04\\\/logotype_neg_blk.svg\",\"contentUrl\":\"https:\\\/\\\/www.agma.com\\\/wp-content\\\/uploads\\\/2026\\\/04\\\/logotype_neg_blk.svg\",\"width\":705,\"height\":83,\"caption\":\"Absolicon\"},\"image\":{\"@id\":\"https:\\\/\\\/www.agma.com\\\/sv\\\/#\\\/schema\\\/logo\\\/image\\\/\"}},{\"@type\":\"Person\",\"@id\":\"https:\\\/\\\/www.agma.com\\\/sv\\\/#\\\/schema\\\/person\\\/6820b3ce1cc37edbaecc979090760d8b\",\"name\":\"jakubschenk\",\"image\":{\"@type\":\"ImageObject\",\"inLanguage\":\"sv-SE\",\"@id\":\"https:\\\/\\\/secure.gravatar.com\\\/avatar\\\/0ab843002d4a58702560e02354e5f9a3206e13bbfaa9df5a188e463870f605cd?s=96&d=mm&r=g\",\"url\":\"https:\\\/\\\/secure.gravatar.com\\\/avatar\\\/0ab843002d4a58702560e02354e5f9a3206e13bbfaa9df5a188e463870f605cd?s=96&d=mm&r=g\",\"contentUrl\":\"https:\\\/\\\/secure.gravatar.com\\\/avatar\\\/0ab843002d4a58702560e02354e5f9a3206e13bbfaa9df5a188e463870f605cd?s=96&d=mm&r=g\",\"caption\":\"jakubschenk\"},\"sameAs\":[\"https:\\\/\\\/www.agma.com\"],\"url\":\"https:\\\/\\\/www.agma.com\\\/sv\\\/author\\\/jakubschenk\\\/\"}]}<\/script>\n<!-- \/ Yoast SEO plugin. -->","yoast_head_json":{"title":"En ov\u00e4ntad best\u00e4llning startar om solf\u00e5ngartillverkningen i H\u00e4rn\u00f6sand - Absolicon","robots":{"index":"index","follow":"follow","max-snippet":"max-snippet:-1","max-image-preview":"max-image-preview:large","max-video-preview":"max-video-preview:-1"},"canonical":"https:\/\/www.agma.com\/sv\/en-ovantad-bestallning-startar-om-solfangartillverkningen-i-harnosand\/","og_locale":"sv_SE","og_type":"article","og_title":"En ov\u00e4ntad best\u00e4llning startar om solf\u00e5ngartillverkningen i H\u00e4rn\u00f6sand - Absolicon","og_description":"[ingress] Det senaste \u00e5ret har H\u00e4rn\u00f6sandsf\u00f6retaget Absolicon satsat p\u00e5 att utveckla maskiner f\u00f6r massproduktion av sin teknik och helt slutat marknadsf\u00f6ra sina solf\u00e5ngare. Trots det fick f\u00f6retaget i dagarna en order fr\u00e5n ett spanskt sjukhus som absolut vill anv\u00e4nda de koncentrerande solf\u00e5ngarna. [\/ingress] \u2013 Det var ov\u00e4ntat, men ocks\u00e5 roligt f\u00f6rst\u00e5s. Nu skall vi leverera [&hellip;]","og_url":"https:\/\/www.agma.com\/sv\/en-ovantad-bestallning-startar-om-solfangartillverkningen-i-harnosand\/","og_site_name":"Absolicon","article_published_time":"2014-05-12T00:00:00+00:00","article_modified_time":"2020-07-21T08:00:03+00:00","og_image":[{"width":720,"height":250,"url":"https:\/\/www.agma.com\/wp-content\/uploads\/2020\/07\/ced0d6a1f6cd98bf2c121cc99e187f.jpg","type":"image\/jpeg"}],"author":"jakubschenk","twitter_card":"summary_large_image","twitter_misc":{"Skriven av":"jakubschenk"},"schema":{"@context":"https:\/\/schema.org","@graph":[{"@type":"Article","@id":"https:\/\/www.agma.com\/sv\/en-ovantad-bestallning-startar-om-solfangartillverkningen-i-harnosand\/#article","isPartOf":{"@id":"https:\/\/www.agma.com\/sv\/en-ovantad-bestallning-startar-om-solfangartillverkningen-i-harnosand\/"},"author":{"name":"jakubschenk","@id":"https:\/\/www.agma.com\/sv\/#\/schema\/person\/6820b3ce1cc37edbaecc979090760d8b"},"headline":"En ov\u00e4ntad best\u00e4llning startar om solf\u00e5ngartillverkningen i H\u00e4rn\u00f6sand","datePublished":"2014-05-12T00:00:00+00:00","dateModified":"2020-07-21T08:00:03+00:00","mainEntityOfPage":{"@id":"https:\/\/www.agma.com\/sv\/en-ovantad-bestallning-startar-om-solfangartillverkningen-i-harnosand\/"},"wordCount":397,"commentCount":0,"publisher":{"@id":"https:\/\/www.agma.com\/sv\/#organization"},"image":{"@id":"https:\/\/www.agma.com\/sv\/en-ovantad-bestallning-startar-om-solfangartillverkningen-i-harnosand\/#primaryimage"},"thumbnailUrl":"https:\/\/www.agma.com\/wp-content\/uploads\/2020\/07\/ced0d6a1f6cd98bf2c121cc99e187f.jpg","articleSection":["Okategoriserad"],"inLanguage":"sv-SE","potentialAction":[{"@type":"CommentAction","name":"Comment","target":["https:\/\/www.agma.com\/sv\/en-ovantad-bestallning-startar-om-solfangartillverkningen-i-harnosand\/#respond"]}]},{"@type":"WebPage","@id":"https:\/\/www.agma.com\/sv\/en-ovantad-bestallning-startar-om-solfangartillverkningen-i-harnosand\/","url":"https:\/\/www.agma.com\/sv\/en-ovantad-bestallning-startar-om-solfangartillverkningen-i-harnosand\/","name":"En ov\u00e4ntad best\u00e4llning startar om solf\u00e5ngartillverkningen i H\u00e4rn\u00f6sand - Absolicon","isPartOf":{"@id":"https:\/\/www.agma.com\/sv\/#website"},"primaryImageOfPage":{"@id":"https:\/\/www.agma.com\/sv\/en-ovantad-bestallning-startar-om-solfangartillverkningen-i-harnosand\/#primaryimage"},"image":{"@id":"https:\/\/www.agma.com\/sv\/en-ovantad-bestallning-startar-om-solfangartillverkningen-i-harnosand\/#primaryimage"},"thumbnailUrl":"https:\/\/www.agma.com\/wp-content\/uploads\/2020\/07\/ced0d6a1f6cd98bf2c121cc99e187f.jpg","datePublished":"2014-05-12T00:00:00+00:00","dateModified":"2020-07-21T08:00:03+00:00","breadcrumb":{"@id":"https:\/\/www.agma.com\/sv\/en-ovantad-bestallning-startar-om-solfangartillverkningen-i-harnosand\/#breadcrumb"},"inLanguage":"sv-SE","potentialAction":[{"@type":"ReadAction","target":["https:\/\/www.agma.com\/sv\/en-ovantad-bestallning-startar-om-solfangartillverkningen-i-harnosand\/"]}]},{"@type":"ImageObject","inLanguage":"sv-SE","@id":"https:\/\/www.agma.com\/sv\/en-ovantad-bestallning-startar-om-solfangartillverkningen-i-harnosand\/#primaryimage","url":"https:\/\/www.agma.com\/wp-content\/uploads\/2020\/07\/ced0d6a1f6cd98bf2c121cc99e187f.jpg","contentUrl":"https:\/\/www.agma.com\/wp-content\/uploads\/2020\/07\/ced0d6a1f6cd98bf2c121cc99e187f.jpg","width":720,"height":250},{"@type":"BreadcrumbList","@id":"https:\/\/www.agma.com\/sv\/en-ovantad-bestallning-startar-om-solfangartillverkningen-i-harnosand\/#breadcrumb","itemListElement":[{"@type":"ListItem","position":1,"name":"Home","item":"https:\/\/www.agma.com\/sv\/"},{"@type":"ListItem","position":2,"name":"En ov\u00e4ntad best\u00e4llning startar om solf\u00e5ngartillverkningen i H\u00e4rn\u00f6sand"}]},{"@type":"WebSite","@id":"https:\/\/www.agma.com\/sv\/#website","url":"https:\/\/www.agma.com\/sv\/","name":"Absolicon","description":"","publisher":{"@id":"https:\/\/www.agma.com\/sv\/#organization"},"potentialAction":[{"@type":"SearchAction","target":{"@type":"EntryPoint","urlTemplate":"https:\/\/www.agma.com\/sv\/?s={search_term_string}"},"query-input":{"@type":"PropertyValueSpecification","valueRequired":true,"valueName":"search_term_string"}}],"inLanguage":"sv-SE"},{"@type":"Organization","@id":"https:\/\/www.agma.com\/sv\/#organization","name":"Absolicon","url":"https:\/\/www.agma.com\/sv\/","logo":{"@type":"ImageObject","inLanguage":"sv-SE","@id":"https:\/\/www.agma.com\/sv\/#\/schema\/logo\/image\/","url":"https:\/\/www.agma.com\/wp-content\/uploads\/2026\/04\/logotype_neg_blk.svg","contentUrl":"https:\/\/www.agma.com\/wp-content\/uploads\/2026\/04\/logotype_neg_blk.svg","width":705,"height":83,"caption":"Absolicon"},"image":{"@id":"https:\/\/www.agma.com\/sv\/#\/schema\/logo\/image\/"}},{"@type":"Person","@id":"https:\/\/www.agma.com\/sv\/#\/schema\/person\/6820b3ce1cc37edbaecc979090760d8b","name":"jakubschenk","image":{"@type":"ImageObject","inLanguage":"sv-SE","@id":"https:\/\/secure.gravatar.com\/avatar\/0ab843002d4a58702560e02354e5f9a3206e13bbfaa9df5a188e463870f605cd?s=96&d=mm&r=g","url":"https:\/\/secure.gravatar.com\/avatar\/0ab843002d4a58702560e02354e5f9a3206e13bbfaa9df5a188e463870f605cd?s=96&d=mm&r=g","contentUrl":"https:\/\/secure.gravatar.com\/avatar\/0ab843002d4a58702560e02354e5f9a3206e13bbfaa9df5a188e463870f605cd?s=96&d=mm&r=g","caption":"jakubschenk"},"sameAs":["https:\/\/www.agma.com"],"url":"https:\/\/www.agma.com\/sv\/author\/jakubschenk\/"}]}},"_links":{"self":[{"href":"https:\/\/www.agma.com\/sv\/wp-json\/wp\/v2\/posts\/8835","targetHints":{"allow":["GET"]}}],"collection":[{"href":"https:\/\/www.agma.com\/sv\/wp-json\/wp\/v2\/posts"}],"about":[{"href":"https:\/\/www.agma.com\/sv\/wp-json\/wp\/v2\/types\/post"}],"author":[{"embeddable":true,"href":"https:\/\/www.agma.com\/sv\/wp-json\/wp\/v2\/users\/1"}],"replies":[{"embeddable":true,"href":"https:\/\/www.agma.com\/sv\/wp-json\/wp\/v2\/comments?post=8835"}],"version-history":[{"count":1,"href":"https:\/\/www.agma.com\/sv\/wp-json\/wp\/v2\/posts\/8835\/revisions"}],"predecessor-version":[{"id":9250,"href":"https:\/\/www.agma.com\/sv\/wp-json\/wp\/v2\/posts\/8835\/revisions\/9250"}],"wp:featuredmedia":[{"embeddable":true,"href":"https:\/\/www.agma.com\/sv\/wp-json\/wp\/v2\/media\/9248"}],"wp:attachment":[{"href":"https:\/\/www.agma.com\/sv\/wp-json\/wp\/v2\/media?parent=8835"}],"wp:term":[{"taxonomy":"category","embeddable":true,"href":"https:\/\/www.agma.com\/sv\/wp-json\/wp\/v2\/categories?post=8835"},{"taxonomy":"post_tag","embeddable":true,"href":"https:\/\/www.agma.com\/sv\/wp-json\/wp\/v2\/tags?post=8835"}],"curies":[{"name":"wp","href":"https:\/\/api.w.org\/{rel}","templated":true}]}}