{"id":8838,"date":"2015-05-24T00:00:00","date_gmt":"2015-05-24T00:00:00","guid":{"rendered":"https:\/\/www.absolicon.com\/absolicon-flyttar-till-storre-lokaler\/"},"modified":"2020-07-21T07:56:59","modified_gmt":"2020-07-21T07:56:59","slug":"absolicon-flyttar-till-storre-lokaler","status":"publish","type":"post","link":"https:\/\/www.agma.com\/sv\/absolicon-flyttar-till-storre-lokaler\/","title":{"rendered":"Absolicon flyttar till st\u00f6rre lokaler"},"content":{"rendered":"<p>[ingress]Absolicon flyttar till st\u00f6rre lokaler p\u00e5 Hern\u00f6verken i H\u00e4rn\u00f6sand.<br \/>\n\u2013 Vi har trivts p\u00e5 Matrosgatan, men n\u00e4r vi tagit st\u00f6rre ordrar har vi varit tvungna att hyra ytterligare lokaler. Med st\u00f6rre verkstadsyta kommer vi att kunna ta st\u00f6rre projekt, ber\u00e4ttar Ingmar \u00d6man, produktionsansvarig.[\/ingress]<\/p>\n<figure id=\"attachment_2687\" aria-describedby=\"caption-attachment-2687\" style=\"width: 300px\" class=\"wp-caption alignright\"><a href=\"https:\/\/www.agma.comwp-content\/uploads\/2015\/06\/Jens_och_Ingmar_Harnoverken_x1000.png\"><img fetchpriority=\"high\" decoding=\"async\" class=\"size-medium wp-image-2687\" title=\"Jens_och_Ingmar_Harnoverken_x1000\" src=\"https:\/\/www.agma.comwp-content\/uploads\/2015\/06\/Jens_och_Ingmar_Harnoverken_x1000-300x200.png\" alt=\"\" width=\"300\" height=\"200\"><\/a><figcaption id=\"caption-attachment-2687\" class=\"wp-caption-text\">Jens Eriksson och Ingmar \u00d6hman f\u00f6rbereder f\u00f6retagets flytt till st\u00f6rre lokaler.<\/figcaption><\/figure>\n<p>I samband med flytten f\u00f6rv\u00e4rvar Absolicon den legotillverkning med flera CNC-maskiner som idag finns i lokalerna och anst\u00e4ller Jens Eriksson med m\u00e5ng\u00e5rig erfarenhet av produktutveckling och produktion.<\/p>\n<p>\u2013 Det ska bli sp\u00e4nnande, s\u00e4ger Jens. Jag forts\u00e4tter leverera komponenter till mina kunder, parallellt bygger jag upp Absolicons produktionslina.<br \/>\nI lokalerna finns 1000 m2 verkstadsyta och kontorskapacitet f\u00f6r ett 30-tal medarbetare. De nya lokalerna kostar inte mycket mer \u00e4n de gamla.<br \/>\n\u2013 Vi \u00e4r duktiga p\u00e5 att h\u00e5lla ner kostnaderna, ber\u00e4ttar Christer Olsson, kontorschef. Vi v\u00e4nder p\u00e5 varje krona och ser till att g\u00e5 med en liten vinst varje m\u00e5nad.<\/p>\n<p>&nbsp;<\/p>\n<p style=\"text-align: right;\"><em>Publicerad 2015-05-25<\/em><\/p>\n","protected":false},"excerpt":{"rendered":"<p>[ingress]Absolicon flyttar till st\u00f6rre lokaler p\u00e5 Hern\u00f6verken i H\u00e4rn\u00f6sand. \u2013 Vi har trivts p\u00e5 Matrosgatan, men n\u00e4r vi tagit st\u00f6rre ordrar har vi varit tvungna att hyra ytterligare lokaler. Med st\u00f6rre verkstadsyta kommer vi att kunna ta st\u00f6rre projekt, ber\u00e4ttar Ingmar \u00d6man, produktionsansvarig.[\/ingress] I samband med flytten f\u00f6rv\u00e4rvar Absolicon den legotillverkning med flera CNC-maskiner som [&hellip;]<\/p>\n","protected":false},"author":1,"featured_media":9239,"comment_status":"open","ping_status":"open","sticky":false,"template":"","format":"standard","meta":{"_acf_changed":false,"footnotes":""},"categories":[2],"tags":[],"class_list":["post-8838","post","type-post","status-publish","format-standard","has-post-thumbnail","hentry","category-okategoriserad"],"acf":[],"yoast_head":"<!-- This site is optimized with the Yoast SEO plugin v27.4 - https:\/\/yoast.com\/product\/yoast-seo-wordpress\/ -->\n<title>Absolicon flyttar till st\u00f6rre lokaler - Absolicon<\/title>\n<meta name=\"robots\" content=\"index, follow, max-snippet:-1, max-image-preview:large, max-video-preview:-1\" \/>\n<link rel=\"canonical\" href=\"https:\/\/www.agma.com\/sv\/absolicon-flyttar-till-storre-lokaler\/\" \/>\n<meta property=\"og:locale\" content=\"sv_SE\" \/>\n<meta property=\"og:type\" content=\"article\" \/>\n<meta property=\"og:title\" content=\"Absolicon flyttar till st\u00f6rre lokaler - Absolicon\" \/>\n<meta property=\"og:description\" content=\"[ingress]Absolicon flyttar till st\u00f6rre lokaler p\u00e5 Hern\u00f6verken i H\u00e4rn\u00f6sand. \u2013 Vi har trivts p\u00e5 Matrosgatan, men n\u00e4r vi tagit st\u00f6rre ordrar har vi varit tvungna att hyra ytterligare lokaler. Med st\u00f6rre verkstadsyta kommer vi att kunna ta st\u00f6rre projekt, ber\u00e4ttar Ingmar \u00d6man, produktionsansvarig.[\/ingress] I samband med flytten f\u00f6rv\u00e4rvar Absolicon den legotillverkning med flera CNC-maskiner som [&hellip;]\" \/>\n<meta property=\"og:url\" content=\"https:\/\/www.agma.com\/sv\/absolicon-flyttar-till-storre-lokaler\/\" \/>\n<meta property=\"og:site_name\" content=\"Absolicon\" \/>\n<meta property=\"article:published_time\" content=\"2015-05-24T00:00:00+00:00\" \/>\n<meta property=\"article:modified_time\" content=\"2020-07-21T07:56:59+00:00\" \/>\n<meta property=\"og:image\" content=\"https:\/\/www.agma.com\/wp-content\/uploads\/2020\/07\/b1d1c7912b22c4c645351e3d47a386.jpg\" \/>\n\t<meta property=\"og:image:width\" content=\"720\" \/>\n\t<meta property=\"og:image:height\" content=\"250\" \/>\n\t<meta property=\"og:image:type\" content=\"image\/jpeg\" \/>\n<meta name=\"author\" content=\"jakubschenk\" \/>\n<meta name=\"twitter:card\" content=\"summary_large_image\" \/>\n<meta name=\"twitter:label1\" content=\"Skriven av\" \/>\n\t<meta name=\"twitter:data1\" content=\"jakubschenk\" \/>\n<script type=\"application\/ld+json\" class=\"yoast-schema-graph\">{\"@context\":\"https:\\\/\\\/schema.org\",\"@graph\":[{\"@type\":\"Article\",\"@id\":\"https:\\\/\\\/www.agma.com\\\/sv\\\/absolicon-flyttar-till-storre-lokaler\\\/#article\",\"isPartOf\":{\"@id\":\"https:\\\/\\\/www.agma.com\\\/sv\\\/absolicon-flyttar-till-storre-lokaler\\\/\"},\"author\":{\"name\":\"jakubschenk\",\"@id\":\"https:\\\/\\\/www.agma.com\\\/sv\\\/#\\\/schema\\\/person\\\/6820b3ce1cc37edbaecc979090760d8b\"},\"headline\":\"Absolicon flyttar till st\u00f6rre lokaler\",\"datePublished\":\"2015-05-24T00:00:00+00:00\",\"dateModified\":\"2020-07-21T07:56:59+00:00\",\"mainEntityOfPage\":{\"@id\":\"https:\\\/\\\/www.agma.com\\\/sv\\\/absolicon-flyttar-till-storre-lokaler\\\/\"},\"wordCount\":193,\"commentCount\":0,\"publisher\":{\"@id\":\"https:\\\/\\\/www.agma.com\\\/sv\\\/#organization\"},\"image\":{\"@id\":\"https:\\\/\\\/www.agma.com\\\/sv\\\/absolicon-flyttar-till-storre-lokaler\\\/#primaryimage\"},\"thumbnailUrl\":\"https:\\\/\\\/www.agma.com\\\/wp-content\\\/uploads\\\/2020\\\/07\\\/b1d1c7912b22c4c645351e3d47a386.jpg\",\"articleSection\":[\"Okategoriserad\"],\"inLanguage\":\"sv-SE\",\"potentialAction\":[{\"@type\":\"CommentAction\",\"name\":\"Comment\",\"target\":[\"https:\\\/\\\/www.agma.com\\\/sv\\\/absolicon-flyttar-till-storre-lokaler\\\/#respond\"]}]},{\"@type\":\"WebPage\",\"@id\":\"https:\\\/\\\/www.agma.com\\\/sv\\\/absolicon-flyttar-till-storre-lokaler\\\/\",\"url\":\"https:\\\/\\\/www.agma.com\\\/sv\\\/absolicon-flyttar-till-storre-lokaler\\\/\",\"name\":\"Absolicon flyttar till st\u00f6rre lokaler - Absolicon\",\"isPartOf\":{\"@id\":\"https:\\\/\\\/www.agma.com\\\/sv\\\/#website\"},\"primaryImageOfPage\":{\"@id\":\"https:\\\/\\\/www.agma.com\\\/sv\\\/absolicon-flyttar-till-storre-lokaler\\\/#primaryimage\"},\"image\":{\"@id\":\"https:\\\/\\\/www.agma.com\\\/sv\\\/absolicon-flyttar-till-storre-lokaler\\\/#primaryimage\"},\"thumbnailUrl\":\"https:\\\/\\\/www.agma.com\\\/wp-content\\\/uploads\\\/2020\\\/07\\\/b1d1c7912b22c4c645351e3d47a386.jpg\",\"datePublished\":\"2015-05-24T00:00:00+00:00\",\"dateModified\":\"2020-07-21T07:56:59+00:00\",\"breadcrumb\":{\"@id\":\"https:\\\/\\\/www.agma.com\\\/sv\\\/absolicon-flyttar-till-storre-lokaler\\\/#breadcrumb\"},\"inLanguage\":\"sv-SE\",\"potentialAction\":[{\"@type\":\"ReadAction\",\"target\":[\"https:\\\/\\\/www.agma.com\\\/sv\\\/absolicon-flyttar-till-storre-lokaler\\\/\"]}]},{\"@type\":\"ImageObject\",\"inLanguage\":\"sv-SE\",\"@id\":\"https:\\\/\\\/www.agma.com\\\/sv\\\/absolicon-flyttar-till-storre-lokaler\\\/#primaryimage\",\"url\":\"https:\\\/\\\/www.agma.com\\\/wp-content\\\/uploads\\\/2020\\\/07\\\/b1d1c7912b22c4c645351e3d47a386.jpg\",\"contentUrl\":\"https:\\\/\\\/www.agma.com\\\/wp-content\\\/uploads\\\/2020\\\/07\\\/b1d1c7912b22c4c645351e3d47a386.jpg\",\"width\":720,\"height\":250},{\"@type\":\"BreadcrumbList\",\"@id\":\"https:\\\/\\\/www.agma.com\\\/sv\\\/absolicon-flyttar-till-storre-lokaler\\\/#breadcrumb\",\"itemListElement\":[{\"@type\":\"ListItem\",\"position\":1,\"name\":\"Home\",\"item\":\"https:\\\/\\\/www.agma.com\\\/sv\\\/\"},{\"@type\":\"ListItem\",\"position\":2,\"name\":\"Absolicon flyttar till st\u00f6rre lokaler\"}]},{\"@type\":\"WebSite\",\"@id\":\"https:\\\/\\\/www.agma.com\\\/sv\\\/#website\",\"url\":\"https:\\\/\\\/www.agma.com\\\/sv\\\/\",\"name\":\"Absolicon\",\"description\":\"\",\"publisher\":{\"@id\":\"https:\\\/\\\/www.agma.com\\\/sv\\\/#organization\"},\"potentialAction\":[{\"@type\":\"SearchAction\",\"target\":{\"@type\":\"EntryPoint\",\"urlTemplate\":\"https:\\\/\\\/www.agma.com\\\/sv\\\/?s={search_term_string}\"},\"query-input\":{\"@type\":\"PropertyValueSpecification\",\"valueRequired\":true,\"valueName\":\"search_term_string\"}}],\"inLanguage\":\"sv-SE\"},{\"@type\":\"Organization\",\"@id\":\"https:\\\/\\\/www.agma.com\\\/sv\\\/#organization\",\"name\":\"Absolicon\",\"url\":\"https:\\\/\\\/www.agma.com\\\/sv\\\/\",\"logo\":{\"@type\":\"ImageObject\",\"inLanguage\":\"sv-SE\",\"@id\":\"https:\\\/\\\/www.agma.com\\\/sv\\\/#\\\/schema\\\/logo\\\/image\\\/\",\"url\":\"https:\\\/\\\/www.agma.com\\\/wp-content\\\/uploads\\\/2026\\\/04\\\/logotype_neg_blk.svg\",\"contentUrl\":\"https:\\\/\\\/www.agma.com\\\/wp-content\\\/uploads\\\/2026\\\/04\\\/logotype_neg_blk.svg\",\"width\":705,\"height\":83,\"caption\":\"Absolicon\"},\"image\":{\"@id\":\"https:\\\/\\\/www.agma.com\\\/sv\\\/#\\\/schema\\\/logo\\\/image\\\/\"}},{\"@type\":\"Person\",\"@id\":\"https:\\\/\\\/www.agma.com\\\/sv\\\/#\\\/schema\\\/person\\\/6820b3ce1cc37edbaecc979090760d8b\",\"name\":\"jakubschenk\",\"image\":{\"@type\":\"ImageObject\",\"inLanguage\":\"sv-SE\",\"@id\":\"https:\\\/\\\/secure.gravatar.com\\\/avatar\\\/0ab843002d4a58702560e02354e5f9a3206e13bbfaa9df5a188e463870f605cd?s=96&d=mm&r=g\",\"url\":\"https:\\\/\\\/secure.gravatar.com\\\/avatar\\\/0ab843002d4a58702560e02354e5f9a3206e13bbfaa9df5a188e463870f605cd?s=96&d=mm&r=g\",\"contentUrl\":\"https:\\\/\\\/secure.gravatar.com\\\/avatar\\\/0ab843002d4a58702560e02354e5f9a3206e13bbfaa9df5a188e463870f605cd?s=96&d=mm&r=g\",\"caption\":\"jakubschenk\"},\"sameAs\":[\"https:\\\/\\\/www.agma.com\"],\"url\":\"https:\\\/\\\/www.agma.com\\\/sv\\\/author\\\/jakubschenk\\\/\"}]}<\/script>\n<!-- \/ Yoast SEO plugin. -->","yoast_head_json":{"title":"Absolicon flyttar till st\u00f6rre lokaler - Absolicon","robots":{"index":"index","follow":"follow","max-snippet":"max-snippet:-1","max-image-preview":"max-image-preview:large","max-video-preview":"max-video-preview:-1"},"canonical":"https:\/\/www.agma.com\/sv\/absolicon-flyttar-till-storre-lokaler\/","og_locale":"sv_SE","og_type":"article","og_title":"Absolicon flyttar till st\u00f6rre lokaler - Absolicon","og_description":"[ingress]Absolicon flyttar till st\u00f6rre lokaler p\u00e5 Hern\u00f6verken i H\u00e4rn\u00f6sand. \u2013 Vi har trivts p\u00e5 Matrosgatan, men n\u00e4r vi tagit st\u00f6rre ordrar har vi varit tvungna att hyra ytterligare lokaler. Med st\u00f6rre verkstadsyta kommer vi att kunna ta st\u00f6rre projekt, ber\u00e4ttar Ingmar \u00d6man, produktionsansvarig.[\/ingress] I samband med flytten f\u00f6rv\u00e4rvar Absolicon den legotillverkning med flera CNC-maskiner som [&hellip;]","og_url":"https:\/\/www.agma.com\/sv\/absolicon-flyttar-till-storre-lokaler\/","og_site_name":"Absolicon","article_published_time":"2015-05-24T00:00:00+00:00","article_modified_time":"2020-07-21T07:56:59+00:00","og_image":[{"width":720,"height":250,"url":"https:\/\/www.agma.com\/wp-content\/uploads\/2020\/07\/b1d1c7912b22c4c645351e3d47a386.jpg","type":"image\/jpeg"}],"author":"jakubschenk","twitter_card":"summary_large_image","twitter_misc":{"Skriven av":"jakubschenk"},"schema":{"@context":"https:\/\/schema.org","@graph":[{"@type":"Article","@id":"https:\/\/www.agma.com\/sv\/absolicon-flyttar-till-storre-lokaler\/#article","isPartOf":{"@id":"https:\/\/www.agma.com\/sv\/absolicon-flyttar-till-storre-lokaler\/"},"author":{"name":"jakubschenk","@id":"https:\/\/www.agma.com\/sv\/#\/schema\/person\/6820b3ce1cc37edbaecc979090760d8b"},"headline":"Absolicon flyttar till st\u00f6rre lokaler","datePublished":"2015-05-24T00:00:00+00:00","dateModified":"2020-07-21T07:56:59+00:00","mainEntityOfPage":{"@id":"https:\/\/www.agma.com\/sv\/absolicon-flyttar-till-storre-lokaler\/"},"wordCount":193,"commentCount":0,"publisher":{"@id":"https:\/\/www.agma.com\/sv\/#organization"},"image":{"@id":"https:\/\/www.agma.com\/sv\/absolicon-flyttar-till-storre-lokaler\/#primaryimage"},"thumbnailUrl":"https:\/\/www.agma.com\/wp-content\/uploads\/2020\/07\/b1d1c7912b22c4c645351e3d47a386.jpg","articleSection":["Okategoriserad"],"inLanguage":"sv-SE","potentialAction":[{"@type":"CommentAction","name":"Comment","target":["https:\/\/www.agma.com\/sv\/absolicon-flyttar-till-storre-lokaler\/#respond"]}]},{"@type":"WebPage","@id":"https:\/\/www.agma.com\/sv\/absolicon-flyttar-till-storre-lokaler\/","url":"https:\/\/www.agma.com\/sv\/absolicon-flyttar-till-storre-lokaler\/","name":"Absolicon flyttar till st\u00f6rre lokaler - Absolicon","isPartOf":{"@id":"https:\/\/www.agma.com\/sv\/#website"},"primaryImageOfPage":{"@id":"https:\/\/www.agma.com\/sv\/absolicon-flyttar-till-storre-lokaler\/#primaryimage"},"image":{"@id":"https:\/\/www.agma.com\/sv\/absolicon-flyttar-till-storre-lokaler\/#primaryimage"},"thumbnailUrl":"https:\/\/www.agma.com\/wp-content\/uploads\/2020\/07\/b1d1c7912b22c4c645351e3d47a386.jpg","datePublished":"2015-05-24T00:00:00+00:00","dateModified":"2020-07-21T07:56:59+00:00","breadcrumb":{"@id":"https:\/\/www.agma.com\/sv\/absolicon-flyttar-till-storre-lokaler\/#breadcrumb"},"inLanguage":"sv-SE","potentialAction":[{"@type":"ReadAction","target":["https:\/\/www.agma.com\/sv\/absolicon-flyttar-till-storre-lokaler\/"]}]},{"@type":"ImageObject","inLanguage":"sv-SE","@id":"https:\/\/www.agma.com\/sv\/absolicon-flyttar-till-storre-lokaler\/#primaryimage","url":"https:\/\/www.agma.com\/wp-content\/uploads\/2020\/07\/b1d1c7912b22c4c645351e3d47a386.jpg","contentUrl":"https:\/\/www.agma.com\/wp-content\/uploads\/2020\/07\/b1d1c7912b22c4c645351e3d47a386.jpg","width":720,"height":250},{"@type":"BreadcrumbList","@id":"https:\/\/www.agma.com\/sv\/absolicon-flyttar-till-storre-lokaler\/#breadcrumb","itemListElement":[{"@type":"ListItem","position":1,"name":"Home","item":"https:\/\/www.agma.com\/sv\/"},{"@type":"ListItem","position":2,"name":"Absolicon flyttar till st\u00f6rre lokaler"}]},{"@type":"WebSite","@id":"https:\/\/www.agma.com\/sv\/#website","url":"https:\/\/www.agma.com\/sv\/","name":"Absolicon","description":"","publisher":{"@id":"https:\/\/www.agma.com\/sv\/#organization"},"potentialAction":[{"@type":"SearchAction","target":{"@type":"EntryPoint","urlTemplate":"https:\/\/www.agma.com\/sv\/?s={search_term_string}"},"query-input":{"@type":"PropertyValueSpecification","valueRequired":true,"valueName":"search_term_string"}}],"inLanguage":"sv-SE"},{"@type":"Organization","@id":"https:\/\/www.agma.com\/sv\/#organization","name":"Absolicon","url":"https:\/\/www.agma.com\/sv\/","logo":{"@type":"ImageObject","inLanguage":"sv-SE","@id":"https:\/\/www.agma.com\/sv\/#\/schema\/logo\/image\/","url":"https:\/\/www.agma.com\/wp-content\/uploads\/2026\/04\/logotype_neg_blk.svg","contentUrl":"https:\/\/www.agma.com\/wp-content\/uploads\/2026\/04\/logotype_neg_blk.svg","width":705,"height":83,"caption":"Absolicon"},"image":{"@id":"https:\/\/www.agma.com\/sv\/#\/schema\/logo\/image\/"}},{"@type":"Person","@id":"https:\/\/www.agma.com\/sv\/#\/schema\/person\/6820b3ce1cc37edbaecc979090760d8b","name":"jakubschenk","image":{"@type":"ImageObject","inLanguage":"sv-SE","@id":"https:\/\/secure.gravatar.com\/avatar\/0ab843002d4a58702560e02354e5f9a3206e13bbfaa9df5a188e463870f605cd?s=96&d=mm&r=g","url":"https:\/\/secure.gravatar.com\/avatar\/0ab843002d4a58702560e02354e5f9a3206e13bbfaa9df5a188e463870f605cd?s=96&d=mm&r=g","contentUrl":"https:\/\/secure.gravatar.com\/avatar\/0ab843002d4a58702560e02354e5f9a3206e13bbfaa9df5a188e463870f605cd?s=96&d=mm&r=g","caption":"jakubschenk"},"sameAs":["https:\/\/www.agma.com"],"url":"https:\/\/www.agma.com\/sv\/author\/jakubschenk\/"}]}},"_links":{"self":[{"href":"https:\/\/www.agma.com\/sv\/wp-json\/wp\/v2\/posts\/8838","targetHints":{"allow":["GET"]}}],"collection":[{"href":"https:\/\/www.agma.com\/sv\/wp-json\/wp\/v2\/posts"}],"about":[{"href":"https:\/\/www.agma.com\/sv\/wp-json\/wp\/v2\/types\/post"}],"author":[{"embeddable":true,"href":"https:\/\/www.agma.com\/sv\/wp-json\/wp\/v2\/users\/1"}],"replies":[{"embeddable":true,"href":"https:\/\/www.agma.com\/sv\/wp-json\/wp\/v2\/comments?post=8838"}],"version-history":[{"count":1,"href":"https:\/\/www.agma.com\/sv\/wp-json\/wp\/v2\/posts\/8838\/revisions"}],"predecessor-version":[{"id":9241,"href":"https:\/\/www.agma.com\/sv\/wp-json\/wp\/v2\/posts\/8838\/revisions\/9241"}],"wp:featuredmedia":[{"embeddable":true,"href":"https:\/\/www.agma.com\/sv\/wp-json\/wp\/v2\/media\/9239"}],"wp:attachment":[{"href":"https:\/\/www.agma.com\/sv\/wp-json\/wp\/v2\/media?parent=8838"}],"wp:term":[{"taxonomy":"category","embeddable":true,"href":"https:\/\/www.agma.com\/sv\/wp-json\/wp\/v2\/categories?post=8838"},{"taxonomy":"post_tag","embeddable":true,"href":"https:\/\/www.agma.com\/sv\/wp-json\/wp\/v2\/tags?post=8838"}],"curies":[{"name":"wp","href":"https:\/\/api.w.org\/{rel}","templated":true}]}}