{"id":8841,"date":"2015-11-10T00:00:00","date_gmt":"2015-11-10T00:00:00","guid":{"rendered":"https:\/\/www.absolicon.com\/pa-plats-i-nya-lokaler\/"},"modified":"2020-07-21T07:51:57","modified_gmt":"2020-07-21T07:51:57","slug":"pa-plats-i-nya-lokaler","status":"publish","type":"post","link":"https:\/\/www.agma.com\/sv\/pa-plats-i-nya-lokaler\/","title":{"rendered":"P\u00e5 plats i nya lokaler"},"content":{"rendered":"<p>[ingress]Absolicon har flyttat in i st\u00f6rre lokaler p\u00e5 Hern\u00f6verken i H\u00e4rn\u00f6sand.[\/ingress]<\/p>\n<p>\u2013 Med st\u00f6rre verkstadsyta kommer vi att kunna ta st\u00f6rre projekt, s\u00e4ger Ingmar \u00d6man, produktionsansvarig.<br \/>\nDen nya adressen \u00e4r Fiskegatan 11. H\u00e4r finns 1000 m<sup>2<\/sup> verkstadsyta som \u00e4r v\u00e4l anpassade f\u00f6r industriell produktion med traverser och portar, samt kontorskapacitet f\u00f6r ett 30-tal medarbetare.<\/p>\n<p>\u2013 Vi f\u00f6rbereder f\u00f6r att bygga upp en komplett produktionslina f\u00f6r v\u00e5ra solf\u00e5ngare, s\u00e4ger Ingmar \u00d6man.<br \/>\nI de anrika industrilokalerna fanns tidigare ABB:s trucktillverkning. Nu startar igen ett produkt\u00e4gande f\u00f6retag med stor exportpotential verksamhet i lokalerna.<\/p>\n<p>\u2013 S\u00e5 snart vi har kommit i ordning tar vi g\u00e4rna emot bes\u00f6k. Kontakta oss innan s\u00e5 att vi kan ordna en kopp kaffe och rundvandring, s\u00e4ger Ingmar \u00d6man.<\/p>\n<p>&nbsp;<\/p>\n<p style=\"text-align: right;\"><em>Publicerad 2015-11-10<\/em><\/p>\n","protected":false},"excerpt":{"rendered":"<p>[ingress]Absolicon har flyttat in i st\u00f6rre lokaler p\u00e5 Hern\u00f6verken i H\u00e4rn\u00f6sand.[\/ingress] \u2013 Med st\u00f6rre verkstadsyta kommer vi att kunna ta st\u00f6rre projekt, s\u00e4ger Ingmar \u00d6man, produktionsansvarig. Den nya adressen \u00e4r Fiskegatan 11. H\u00e4r finns 1000 m2 verkstadsyta som \u00e4r v\u00e4l anpassade f\u00f6r industriell produktion med traverser och portar, samt kontorskapacitet f\u00f6r ett 30-tal medarbetare. \u2013 [&hellip;]<\/p>\n","protected":false},"author":1,"featured_media":9233,"comment_status":"open","ping_status":"open","sticky":false,"template":"","format":"standard","meta":{"_acf_changed":false,"footnotes":""},"categories":[2],"tags":[],"class_list":["post-8841","post","type-post","status-publish","format-standard","has-post-thumbnail","hentry","category-okategoriserad"],"acf":[],"yoast_head":"<!-- This site is optimized with the Yoast SEO plugin v27.4 - https:\/\/yoast.com\/product\/yoast-seo-wordpress\/ -->\n<title>P\u00e5 plats i nya lokaler - Absolicon<\/title>\n<meta name=\"robots\" content=\"index, follow, max-snippet:-1, max-image-preview:large, max-video-preview:-1\" \/>\n<link rel=\"canonical\" href=\"https:\/\/www.agma.com\/sv\/pa-plats-i-nya-lokaler\/\" \/>\n<meta property=\"og:locale\" content=\"sv_SE\" \/>\n<meta property=\"og:type\" content=\"article\" \/>\n<meta property=\"og:title\" content=\"P\u00e5 plats i nya lokaler - Absolicon\" \/>\n<meta property=\"og:description\" content=\"[ingress]Absolicon har flyttat in i st\u00f6rre lokaler p\u00e5 Hern\u00f6verken i H\u00e4rn\u00f6sand.[\/ingress] \u2013 Med st\u00f6rre verkstadsyta kommer vi att kunna ta st\u00f6rre projekt, s\u00e4ger Ingmar \u00d6man, produktionsansvarig. Den nya adressen \u00e4r Fiskegatan 11. H\u00e4r finns 1000 m2 verkstadsyta som \u00e4r v\u00e4l anpassade f\u00f6r industriell produktion med traverser och portar, samt kontorskapacitet f\u00f6r ett 30-tal medarbetare. \u2013 [&hellip;]\" \/>\n<meta property=\"og:url\" content=\"https:\/\/www.agma.com\/sv\/pa-plats-i-nya-lokaler\/\" \/>\n<meta property=\"og:site_name\" content=\"Absolicon\" \/>\n<meta property=\"article:published_time\" content=\"2015-11-10T00:00:00+00:00\" \/>\n<meta property=\"article:modified_time\" content=\"2020-07-21T07:51:57+00:00\" \/>\n<meta property=\"og:image\" content=\"https:\/\/www.agma.com\/wp-content\/uploads\/2020\/07\/b3230c7b9be102a02ec55fd1655d74.jpg\" \/>\n\t<meta property=\"og:image:width\" content=\"720\" \/>\n\t<meta property=\"og:image:height\" content=\"250\" \/>\n\t<meta property=\"og:image:type\" content=\"image\/jpeg\" \/>\n<meta name=\"author\" content=\"jakubschenk\" \/>\n<meta name=\"twitter:card\" content=\"summary_large_image\" \/>\n<meta name=\"twitter:label1\" content=\"Skriven av\" \/>\n\t<meta name=\"twitter:data1\" content=\"jakubschenk\" \/>\n<script type=\"application\/ld+json\" class=\"yoast-schema-graph\">{\"@context\":\"https:\\\/\\\/schema.org\",\"@graph\":[{\"@type\":\"Article\",\"@id\":\"https:\\\/\\\/www.agma.com\\\/sv\\\/pa-plats-i-nya-lokaler\\\/#article\",\"isPartOf\":{\"@id\":\"https:\\\/\\\/www.agma.com\\\/sv\\\/pa-plats-i-nya-lokaler\\\/\"},\"author\":{\"name\":\"jakubschenk\",\"@id\":\"https:\\\/\\\/www.agma.com\\\/sv\\\/#\\\/schema\\\/person\\\/6820b3ce1cc37edbaecc979090760d8b\"},\"headline\":\"P\u00e5 plats i nya lokaler\",\"datePublished\":\"2015-11-10T00:00:00+00:00\",\"dateModified\":\"2020-07-21T07:51:57+00:00\",\"mainEntityOfPage\":{\"@id\":\"https:\\\/\\\/www.agma.com\\\/sv\\\/pa-plats-i-nya-lokaler\\\/\"},\"wordCount\":148,\"commentCount\":0,\"publisher\":{\"@id\":\"https:\\\/\\\/www.agma.com\\\/sv\\\/#organization\"},\"image\":{\"@id\":\"https:\\\/\\\/www.agma.com\\\/sv\\\/pa-plats-i-nya-lokaler\\\/#primaryimage\"},\"thumbnailUrl\":\"https:\\\/\\\/www.agma.com\\\/wp-content\\\/uploads\\\/2020\\\/07\\\/b3230c7b9be102a02ec55fd1655d74.jpg\",\"articleSection\":[\"Okategoriserad\"],\"inLanguage\":\"sv-SE\",\"potentialAction\":[{\"@type\":\"CommentAction\",\"name\":\"Comment\",\"target\":[\"https:\\\/\\\/www.agma.com\\\/sv\\\/pa-plats-i-nya-lokaler\\\/#respond\"]}]},{\"@type\":\"WebPage\",\"@id\":\"https:\\\/\\\/www.agma.com\\\/sv\\\/pa-plats-i-nya-lokaler\\\/\",\"url\":\"https:\\\/\\\/www.agma.com\\\/sv\\\/pa-plats-i-nya-lokaler\\\/\",\"name\":\"P\u00e5 plats i nya lokaler - Absolicon\",\"isPartOf\":{\"@id\":\"https:\\\/\\\/www.agma.com\\\/sv\\\/#website\"},\"primaryImageOfPage\":{\"@id\":\"https:\\\/\\\/www.agma.com\\\/sv\\\/pa-plats-i-nya-lokaler\\\/#primaryimage\"},\"image\":{\"@id\":\"https:\\\/\\\/www.agma.com\\\/sv\\\/pa-plats-i-nya-lokaler\\\/#primaryimage\"},\"thumbnailUrl\":\"https:\\\/\\\/www.agma.com\\\/wp-content\\\/uploads\\\/2020\\\/07\\\/b3230c7b9be102a02ec55fd1655d74.jpg\",\"datePublished\":\"2015-11-10T00:00:00+00:00\",\"dateModified\":\"2020-07-21T07:51:57+00:00\",\"breadcrumb\":{\"@id\":\"https:\\\/\\\/www.agma.com\\\/sv\\\/pa-plats-i-nya-lokaler\\\/#breadcrumb\"},\"inLanguage\":\"sv-SE\",\"potentialAction\":[{\"@type\":\"ReadAction\",\"target\":[\"https:\\\/\\\/www.agma.com\\\/sv\\\/pa-plats-i-nya-lokaler\\\/\"]}]},{\"@type\":\"ImageObject\",\"inLanguage\":\"sv-SE\",\"@id\":\"https:\\\/\\\/www.agma.com\\\/sv\\\/pa-plats-i-nya-lokaler\\\/#primaryimage\",\"url\":\"https:\\\/\\\/www.agma.com\\\/wp-content\\\/uploads\\\/2020\\\/07\\\/b3230c7b9be102a02ec55fd1655d74.jpg\",\"contentUrl\":\"https:\\\/\\\/www.agma.com\\\/wp-content\\\/uploads\\\/2020\\\/07\\\/b3230c7b9be102a02ec55fd1655d74.jpg\",\"width\":720,\"height\":250},{\"@type\":\"BreadcrumbList\",\"@id\":\"https:\\\/\\\/www.agma.com\\\/sv\\\/pa-plats-i-nya-lokaler\\\/#breadcrumb\",\"itemListElement\":[{\"@type\":\"ListItem\",\"position\":1,\"name\":\"Home\",\"item\":\"https:\\\/\\\/www.agma.com\\\/sv\\\/\"},{\"@type\":\"ListItem\",\"position\":2,\"name\":\"P\u00e5 plats i nya lokaler\"}]},{\"@type\":\"WebSite\",\"@id\":\"https:\\\/\\\/www.agma.com\\\/sv\\\/#website\",\"url\":\"https:\\\/\\\/www.agma.com\\\/sv\\\/\",\"name\":\"Absolicon\",\"description\":\"\",\"publisher\":{\"@id\":\"https:\\\/\\\/www.agma.com\\\/sv\\\/#organization\"},\"potentialAction\":[{\"@type\":\"SearchAction\",\"target\":{\"@type\":\"EntryPoint\",\"urlTemplate\":\"https:\\\/\\\/www.agma.com\\\/sv\\\/?s={search_term_string}\"},\"query-input\":{\"@type\":\"PropertyValueSpecification\",\"valueRequired\":true,\"valueName\":\"search_term_string\"}}],\"inLanguage\":\"sv-SE\"},{\"@type\":\"Organization\",\"@id\":\"https:\\\/\\\/www.agma.com\\\/sv\\\/#organization\",\"name\":\"Absolicon\",\"url\":\"https:\\\/\\\/www.agma.com\\\/sv\\\/\",\"logo\":{\"@type\":\"ImageObject\",\"inLanguage\":\"sv-SE\",\"@id\":\"https:\\\/\\\/www.agma.com\\\/sv\\\/#\\\/schema\\\/logo\\\/image\\\/\",\"url\":\"https:\\\/\\\/www.agma.com\\\/wp-content\\\/uploads\\\/2026\\\/04\\\/logotype_neg_blk.svg\",\"contentUrl\":\"https:\\\/\\\/www.agma.com\\\/wp-content\\\/uploads\\\/2026\\\/04\\\/logotype_neg_blk.svg\",\"width\":705,\"height\":83,\"caption\":\"Absolicon\"},\"image\":{\"@id\":\"https:\\\/\\\/www.agma.com\\\/sv\\\/#\\\/schema\\\/logo\\\/image\\\/\"}},{\"@type\":\"Person\",\"@id\":\"https:\\\/\\\/www.agma.com\\\/sv\\\/#\\\/schema\\\/person\\\/6820b3ce1cc37edbaecc979090760d8b\",\"name\":\"jakubschenk\",\"image\":{\"@type\":\"ImageObject\",\"inLanguage\":\"sv-SE\",\"@id\":\"https:\\\/\\\/secure.gravatar.com\\\/avatar\\\/0ab843002d4a58702560e02354e5f9a3206e13bbfaa9df5a188e463870f605cd?s=96&d=mm&r=g\",\"url\":\"https:\\\/\\\/secure.gravatar.com\\\/avatar\\\/0ab843002d4a58702560e02354e5f9a3206e13bbfaa9df5a188e463870f605cd?s=96&d=mm&r=g\",\"contentUrl\":\"https:\\\/\\\/secure.gravatar.com\\\/avatar\\\/0ab843002d4a58702560e02354e5f9a3206e13bbfaa9df5a188e463870f605cd?s=96&d=mm&r=g\",\"caption\":\"jakubschenk\"},\"sameAs\":[\"https:\\\/\\\/www.agma.com\"],\"url\":\"https:\\\/\\\/www.agma.com\\\/sv\\\/author\\\/jakubschenk\\\/\"}]}<\/script>\n<!-- \/ Yoast SEO plugin. -->","yoast_head_json":{"title":"P\u00e5 plats i nya lokaler - Absolicon","robots":{"index":"index","follow":"follow","max-snippet":"max-snippet:-1","max-image-preview":"max-image-preview:large","max-video-preview":"max-video-preview:-1"},"canonical":"https:\/\/www.agma.com\/sv\/pa-plats-i-nya-lokaler\/","og_locale":"sv_SE","og_type":"article","og_title":"P\u00e5 plats i nya lokaler - Absolicon","og_description":"[ingress]Absolicon har flyttat in i st\u00f6rre lokaler p\u00e5 Hern\u00f6verken i H\u00e4rn\u00f6sand.[\/ingress] \u2013 Med st\u00f6rre verkstadsyta kommer vi att kunna ta st\u00f6rre projekt, s\u00e4ger Ingmar \u00d6man, produktionsansvarig. Den nya adressen \u00e4r Fiskegatan 11. H\u00e4r finns 1000 m2 verkstadsyta som \u00e4r v\u00e4l anpassade f\u00f6r industriell produktion med traverser och portar, samt kontorskapacitet f\u00f6r ett 30-tal medarbetare. \u2013 [&hellip;]","og_url":"https:\/\/www.agma.com\/sv\/pa-plats-i-nya-lokaler\/","og_site_name":"Absolicon","article_published_time":"2015-11-10T00:00:00+00:00","article_modified_time":"2020-07-21T07:51:57+00:00","og_image":[{"width":720,"height":250,"url":"https:\/\/www.agma.com\/wp-content\/uploads\/2020\/07\/b3230c7b9be102a02ec55fd1655d74.jpg","type":"image\/jpeg"}],"author":"jakubschenk","twitter_card":"summary_large_image","twitter_misc":{"Skriven av":"jakubschenk"},"schema":{"@context":"https:\/\/schema.org","@graph":[{"@type":"Article","@id":"https:\/\/www.agma.com\/sv\/pa-plats-i-nya-lokaler\/#article","isPartOf":{"@id":"https:\/\/www.agma.com\/sv\/pa-plats-i-nya-lokaler\/"},"author":{"name":"jakubschenk","@id":"https:\/\/www.agma.com\/sv\/#\/schema\/person\/6820b3ce1cc37edbaecc979090760d8b"},"headline":"P\u00e5 plats i nya lokaler","datePublished":"2015-11-10T00:00:00+00:00","dateModified":"2020-07-21T07:51:57+00:00","mainEntityOfPage":{"@id":"https:\/\/www.agma.com\/sv\/pa-plats-i-nya-lokaler\/"},"wordCount":148,"commentCount":0,"publisher":{"@id":"https:\/\/www.agma.com\/sv\/#organization"},"image":{"@id":"https:\/\/www.agma.com\/sv\/pa-plats-i-nya-lokaler\/#primaryimage"},"thumbnailUrl":"https:\/\/www.agma.com\/wp-content\/uploads\/2020\/07\/b3230c7b9be102a02ec55fd1655d74.jpg","articleSection":["Okategoriserad"],"inLanguage":"sv-SE","potentialAction":[{"@type":"CommentAction","name":"Comment","target":["https:\/\/www.agma.com\/sv\/pa-plats-i-nya-lokaler\/#respond"]}]},{"@type":"WebPage","@id":"https:\/\/www.agma.com\/sv\/pa-plats-i-nya-lokaler\/","url":"https:\/\/www.agma.com\/sv\/pa-plats-i-nya-lokaler\/","name":"P\u00e5 plats i nya lokaler - Absolicon","isPartOf":{"@id":"https:\/\/www.agma.com\/sv\/#website"},"primaryImageOfPage":{"@id":"https:\/\/www.agma.com\/sv\/pa-plats-i-nya-lokaler\/#primaryimage"},"image":{"@id":"https:\/\/www.agma.com\/sv\/pa-plats-i-nya-lokaler\/#primaryimage"},"thumbnailUrl":"https:\/\/www.agma.com\/wp-content\/uploads\/2020\/07\/b3230c7b9be102a02ec55fd1655d74.jpg","datePublished":"2015-11-10T00:00:00+00:00","dateModified":"2020-07-21T07:51:57+00:00","breadcrumb":{"@id":"https:\/\/www.agma.com\/sv\/pa-plats-i-nya-lokaler\/#breadcrumb"},"inLanguage":"sv-SE","potentialAction":[{"@type":"ReadAction","target":["https:\/\/www.agma.com\/sv\/pa-plats-i-nya-lokaler\/"]}]},{"@type":"ImageObject","inLanguage":"sv-SE","@id":"https:\/\/www.agma.com\/sv\/pa-plats-i-nya-lokaler\/#primaryimage","url":"https:\/\/www.agma.com\/wp-content\/uploads\/2020\/07\/b3230c7b9be102a02ec55fd1655d74.jpg","contentUrl":"https:\/\/www.agma.com\/wp-content\/uploads\/2020\/07\/b3230c7b9be102a02ec55fd1655d74.jpg","width":720,"height":250},{"@type":"BreadcrumbList","@id":"https:\/\/www.agma.com\/sv\/pa-plats-i-nya-lokaler\/#breadcrumb","itemListElement":[{"@type":"ListItem","position":1,"name":"Home","item":"https:\/\/www.agma.com\/sv\/"},{"@type":"ListItem","position":2,"name":"P\u00e5 plats i nya lokaler"}]},{"@type":"WebSite","@id":"https:\/\/www.agma.com\/sv\/#website","url":"https:\/\/www.agma.com\/sv\/","name":"Absolicon","description":"","publisher":{"@id":"https:\/\/www.agma.com\/sv\/#organization"},"potentialAction":[{"@type":"SearchAction","target":{"@type":"EntryPoint","urlTemplate":"https:\/\/www.agma.com\/sv\/?s={search_term_string}"},"query-input":{"@type":"PropertyValueSpecification","valueRequired":true,"valueName":"search_term_string"}}],"inLanguage":"sv-SE"},{"@type":"Organization","@id":"https:\/\/www.agma.com\/sv\/#organization","name":"Absolicon","url":"https:\/\/www.agma.com\/sv\/","logo":{"@type":"ImageObject","inLanguage":"sv-SE","@id":"https:\/\/www.agma.com\/sv\/#\/schema\/logo\/image\/","url":"https:\/\/www.agma.com\/wp-content\/uploads\/2026\/04\/logotype_neg_blk.svg","contentUrl":"https:\/\/www.agma.com\/wp-content\/uploads\/2026\/04\/logotype_neg_blk.svg","width":705,"height":83,"caption":"Absolicon"},"image":{"@id":"https:\/\/www.agma.com\/sv\/#\/schema\/logo\/image\/"}},{"@type":"Person","@id":"https:\/\/www.agma.com\/sv\/#\/schema\/person\/6820b3ce1cc37edbaecc979090760d8b","name":"jakubschenk","image":{"@type":"ImageObject","inLanguage":"sv-SE","@id":"https:\/\/secure.gravatar.com\/avatar\/0ab843002d4a58702560e02354e5f9a3206e13bbfaa9df5a188e463870f605cd?s=96&d=mm&r=g","url":"https:\/\/secure.gravatar.com\/avatar\/0ab843002d4a58702560e02354e5f9a3206e13bbfaa9df5a188e463870f605cd?s=96&d=mm&r=g","contentUrl":"https:\/\/secure.gravatar.com\/avatar\/0ab843002d4a58702560e02354e5f9a3206e13bbfaa9df5a188e463870f605cd?s=96&d=mm&r=g","caption":"jakubschenk"},"sameAs":["https:\/\/www.agma.com"],"url":"https:\/\/www.agma.com\/sv\/author\/jakubschenk\/"}]}},"_links":{"self":[{"href":"https:\/\/www.agma.com\/sv\/wp-json\/wp\/v2\/posts\/8841","targetHints":{"allow":["GET"]}}],"collection":[{"href":"https:\/\/www.agma.com\/sv\/wp-json\/wp\/v2\/posts"}],"about":[{"href":"https:\/\/www.agma.com\/sv\/wp-json\/wp\/v2\/types\/post"}],"author":[{"embeddable":true,"href":"https:\/\/www.agma.com\/sv\/wp-json\/wp\/v2\/users\/1"}],"replies":[{"embeddable":true,"href":"https:\/\/www.agma.com\/sv\/wp-json\/wp\/v2\/comments?post=8841"}],"version-history":[{"count":1,"href":"https:\/\/www.agma.com\/sv\/wp-json\/wp\/v2\/posts\/8841\/revisions"}],"predecessor-version":[{"id":9235,"href":"https:\/\/www.agma.com\/sv\/wp-json\/wp\/v2\/posts\/8841\/revisions\/9235"}],"wp:featuredmedia":[{"embeddable":true,"href":"https:\/\/www.agma.com\/sv\/wp-json\/wp\/v2\/media\/9233"}],"wp:attachment":[{"href":"https:\/\/www.agma.com\/sv\/wp-json\/wp\/v2\/media?parent=8841"}],"wp:term":[{"taxonomy":"category","embeddable":true,"href":"https:\/\/www.agma.com\/sv\/wp-json\/wp\/v2\/categories?post=8841"},{"taxonomy":"post_tag","embeddable":true,"href":"https:\/\/www.agma.com\/sv\/wp-json\/wp\/v2\/tags?post=8841"}],"curies":[{"name":"wp","href":"https:\/\/api.w.org\/{rel}","templated":true}]}}