{"id":8843,"date":"2015-09-21T00:00:00","date_gmt":"2015-09-21T00:00:00","guid":{"rendered":"https:\/\/www.absolicon.com\/solkyla-pa-sjukhus-i-spanska-ourense\/"},"modified":"2015-09-21T00:00:00","modified_gmt":"2015-09-21T00:00:00","slug":"solkyla-pa-sjukhus-i-spanska-ourense","status":"publish","type":"post","link":"https:\/\/www.agma.com\/sv\/solkyla-pa-sjukhus-i-spanska-ourense\/","title":{"rendered":"Solkyla p\u00e5 sjukhus i spanska Ourense"},"content":{"rendered":"<figure id=\"attachment_2923\" aria-describedby=\"caption-attachment-2923\" style=\"width: 300px\" class=\"wp-caption alignright\"><a href=\"https:\/\/www.agma.comwp-content\/uploads\/2015\/11\/IMG_7305_field_right.jpg\"><img fetchpriority=\"high\" decoding=\"async\" class=\"size-medium wp-image-2923\" title=\"IMG_7305_field_right\" src=\"https:\/\/www.agma.comwp-content\/uploads\/2015\/11\/IMG_7305_field_right-300x225.jpg\" alt=\"Absolicon solf\u00e5ngare i Ourense\" width=\"300\" height=\"225\" \/><\/a><figcaption id=\"caption-attachment-2923\" class=\"wp-caption-text\">Leveransen till sjukhuset i Ourense blir Absolicons andra installation som integreras med solkyla.<\/figcaption><\/figure>\n<p>[ingress]127 kvadratmeter koncentrerande solf\u00e5ngare fr\u00e5n Absolicon driver solkyla till ett sjukhus i Ourense. Nu \u00e4r installationen driftsatt och den lokala driftpersonalen utbildad p\u00e5 plats.[\/ingress]<\/p>\n<p>\u2013 Att kyla med solen \u00e4r en framtidsteknik med stor potential och v\u00e5ra solf\u00e5ngare \u00e4r speciellt anpassade f\u00f6r att vara ledande p\u00e5 den marknaden, s\u00e4ger Joakim Bystr\u00f6m, vd.<\/p>\n<h2>Stor marknad<\/h2>\n<p>Sjukhus \u00e4r en stor marknad f\u00f6r solkoncentratorer eftersom de f\u00f6rbrukar mycket energi och International Energy Agency (IEA) f\u00f6rutsp\u00e5r en snabb utveckling av teknik f\u00f6r att generera solkyla.<\/p>\n<p>Anv\u00e4ndning av v\u00e4rmedriven solkyla minskar direkt behovet av el till luftkonditionering. Den v\u00e4rmedrivna kylan inneb\u00e4r st\u00f6rre initiala investeringar, men har sedan sm\u00e5 driftkostnader.<\/p>\n<p>\u2013 IEAs senaste teknikrapport g\u00f6r bed\u00f6mningen att att v\u00e4rlden kan installera 1 miljard kvadratmeter solf\u00e5ngare f\u00f6r solkyla med 1000 miljarder kronor i installationsv\u00e4rde till \u00e5r 2050.<\/p>\n<figure id=\"attachment_2922\" aria-describedby=\"caption-attachment-2922\" style=\"width: 300px\" class=\"wp-caption alignright\"><a href=\"https:\/\/www.agma.comwp-content\/uploads\/2015\/11\/IMG_7241_training.jpg\"><img decoding=\"async\" class=\"size-medium wp-image-2922\" title=\"IMG_7241_training\" src=\"https:\/\/www.agma.comwp-content\/uploads\/2015\/11\/IMG_7241_training-300x225.jpg\" alt=\"Absolicon trainging in Ourense\" width=\"300\" height=\"225\" \/><\/a><figcaption id=\"caption-attachment-2922\" class=\"wp-caption-text\">Utbildning av driftpersonalen p\u00e5 sjukhuset i Ourense. Fr\u00e5n v\u00e4nster Rub\u00e9n, Laura, Manuel, Rub\u00e9n, Felipe, Jos\u00e9 Manuel och Camilo.<\/figcaption><\/figure>\n<h2>Modern energiteknik<\/h2>\n<p>Absolicon har tidigare installerat solkyla p\u00e5 sjukhuset i H\u00e4rn\u00f6sand tillsammans med Climatewell.<\/p>\n<p>\u2013 Det \u00e4r sp\u00e4nnande att f\u00e5 g\u00f6ra fler installationer inom h\u00e4lsosektorn. Runt om i v\u00e4rlden byggs det m\u00e5nga nya sjukhus och m\u00e5nga anv\u00e4nder modern energiteknik, s\u00e4ger Joakim Bystr\u00f6m.<\/p>\n<p>P\u00e5 sjukhuset i Ourense \u00e4r Absolicons solf\u00e5ngare monterade p\u00e5 taket till v\u00e4rmecentralen och driver\u00a0tillsammans med en biobr\u00e4nslepanna en kylmaskin och \u00e4ven uppv\u00e4rmning av sjukhuset.<\/p>\n<p><strong>FAKTA<\/strong><br \/>\n<em>Plats: Orense, Spanien<\/em><br \/>\n<em>Antal solf\u00e5ngare: 21<\/em><br \/>\n<em>Installationens storlek: 127 kvadratmeter<\/em><br \/>\n<em>Montering: Takinstallation<\/em><br \/>\n<em>Produktion: Solkyla till ett sjukhus<\/em><br \/>\n<em>Driftsatt: H\u00f6sten 2015<\/em><\/p>\n<p>&nbsp;<\/p>\n<p style=\"text-align: right;\"><em>Publicerad 2015-09-21<\/em><\/p>\n","protected":false},"excerpt":{"rendered":"<p>[ingress]127 kvadratmeter koncentrerande solf\u00e5ngare fr\u00e5n Absolicon driver solkyla till ett sjukhus i Ourense. Nu \u00e4r installationen driftsatt och den lokala driftpersonalen utbildad p\u00e5 plats.[\/ingress] \u2013 Att kyla med solen \u00e4r en framtidsteknik med stor potential och v\u00e5ra solf\u00e5ngare \u00e4r speciellt anpassade f\u00f6r att vara ledande p\u00e5 den marknaden, s\u00e4ger Joakim Bystr\u00f6m, vd. Stor marknad Sjukhus [&hellip;]<\/p>\n","protected":false},"author":1,"featured_media":0,"comment_status":"open","ping_status":"open","sticky":false,"template":"","format":"standard","meta":{"_acf_changed":false,"footnotes":""},"categories":[],"tags":[],"class_list":["post-8843","post","type-post","status-publish","format-standard","hentry"],"acf":[],"yoast_head":"<!-- This site is optimized with the Yoast SEO plugin v27.4 - https:\/\/yoast.com\/product\/yoast-seo-wordpress\/ -->\n<title>Solkyla p\u00e5 sjukhus i spanska Ourense - Absolicon<\/title>\n<meta name=\"robots\" content=\"index, follow, max-snippet:-1, max-image-preview:large, max-video-preview:-1\" \/>\n<link rel=\"canonical\" href=\"https:\/\/www.agma.com\/sv\/solkyla-pa-sjukhus-i-spanska-ourense\/\" \/>\n<meta property=\"og:locale\" content=\"sv_SE\" \/>\n<meta property=\"og:type\" content=\"article\" \/>\n<meta property=\"og:title\" content=\"Solkyla p\u00e5 sjukhus i spanska Ourense - Absolicon\" \/>\n<meta property=\"og:description\" content=\"[ingress]127 kvadratmeter koncentrerande solf\u00e5ngare fr\u00e5n Absolicon driver solkyla till ett sjukhus i Ourense. Nu \u00e4r installationen driftsatt och den lokala driftpersonalen utbildad p\u00e5 plats.[\/ingress] \u2013 Att kyla med solen \u00e4r en framtidsteknik med stor potential och v\u00e5ra solf\u00e5ngare \u00e4r speciellt anpassade f\u00f6r att vara ledande p\u00e5 den marknaden, s\u00e4ger Joakim Bystr\u00f6m, vd. Stor marknad Sjukhus [&hellip;]\" \/>\n<meta property=\"og:url\" content=\"https:\/\/www.agma.com\/sv\/solkyla-pa-sjukhus-i-spanska-ourense\/\" \/>\n<meta property=\"og:site_name\" content=\"Absolicon\" \/>\n<meta property=\"article:published_time\" content=\"2015-09-21T00:00:00+00:00\" \/>\n<meta property=\"og:image\" content=\"https:\/\/www.agma.comwp-content\/uploads\/2015\/11\/IMG_7305_field_right-300x225.jpg\" \/>\n<meta name=\"author\" content=\"jakubschenk\" \/>\n<meta name=\"twitter:card\" content=\"summary_large_image\" \/>\n<meta name=\"twitter:label1\" content=\"Skriven av\" \/>\n\t<meta name=\"twitter:data1\" content=\"jakubschenk\" \/>\n<script type=\"application\/ld+json\" class=\"yoast-schema-graph\">{\"@context\":\"https:\\\/\\\/schema.org\",\"@graph\":[{\"@type\":\"Article\",\"@id\":\"https:\\\/\\\/www.agma.com\\\/sv\\\/solkyla-pa-sjukhus-i-spanska-ourense\\\/#article\",\"isPartOf\":{\"@id\":\"https:\\\/\\\/www.agma.com\\\/sv\\\/solkyla-pa-sjukhus-i-spanska-ourense\\\/\"},\"author\":{\"name\":\"jakubschenk\",\"@id\":\"https:\\\/\\\/www.agma.com\\\/sv\\\/#\\\/schema\\\/person\\\/6820b3ce1cc37edbaecc979090760d8b\"},\"headline\":\"Solkyla p\u00e5 sjukhus i spanska Ourense\",\"datePublished\":\"2015-09-21T00:00:00+00:00\",\"mainEntityOfPage\":{\"@id\":\"https:\\\/\\\/www.agma.com\\\/sv\\\/solkyla-pa-sjukhus-i-spanska-ourense\\\/\"},\"wordCount\":311,\"commentCount\":0,\"publisher\":{\"@id\":\"https:\\\/\\\/www.agma.com\\\/sv\\\/#organization\"},\"image\":{\"@id\":\"https:\\\/\\\/www.agma.com\\\/sv\\\/solkyla-pa-sjukhus-i-spanska-ourense\\\/#primaryimage\"},\"thumbnailUrl\":\"https:\\\/\\\/www.agma.comwp-content\\\/uploads\\\/2015\\\/11\\\/IMG_7305_field_right-300x225.jpg\",\"inLanguage\":\"sv-SE\",\"potentialAction\":[{\"@type\":\"CommentAction\",\"name\":\"Comment\",\"target\":[\"https:\\\/\\\/www.agma.com\\\/sv\\\/solkyla-pa-sjukhus-i-spanska-ourense\\\/#respond\"]}]},{\"@type\":\"WebPage\",\"@id\":\"https:\\\/\\\/www.agma.com\\\/sv\\\/solkyla-pa-sjukhus-i-spanska-ourense\\\/\",\"url\":\"https:\\\/\\\/www.agma.com\\\/sv\\\/solkyla-pa-sjukhus-i-spanska-ourense\\\/\",\"name\":\"Solkyla p\u00e5 sjukhus i spanska Ourense - Absolicon\",\"isPartOf\":{\"@id\":\"https:\\\/\\\/www.agma.com\\\/sv\\\/#website\"},\"primaryImageOfPage\":{\"@id\":\"https:\\\/\\\/www.agma.com\\\/sv\\\/solkyla-pa-sjukhus-i-spanska-ourense\\\/#primaryimage\"},\"image\":{\"@id\":\"https:\\\/\\\/www.agma.com\\\/sv\\\/solkyla-pa-sjukhus-i-spanska-ourense\\\/#primaryimage\"},\"thumbnailUrl\":\"https:\\\/\\\/www.agma.comwp-content\\\/uploads\\\/2015\\\/11\\\/IMG_7305_field_right-300x225.jpg\",\"datePublished\":\"2015-09-21T00:00:00+00:00\",\"breadcrumb\":{\"@id\":\"https:\\\/\\\/www.agma.com\\\/sv\\\/solkyla-pa-sjukhus-i-spanska-ourense\\\/#breadcrumb\"},\"inLanguage\":\"sv-SE\",\"potentialAction\":[{\"@type\":\"ReadAction\",\"target\":[\"https:\\\/\\\/www.agma.com\\\/sv\\\/solkyla-pa-sjukhus-i-spanska-ourense\\\/\"]}]},{\"@type\":\"ImageObject\",\"inLanguage\":\"sv-SE\",\"@id\":\"https:\\\/\\\/www.agma.com\\\/sv\\\/solkyla-pa-sjukhus-i-spanska-ourense\\\/#primaryimage\",\"url\":\"https:\\\/\\\/www.agma.comwp-content\\\/uploads\\\/2015\\\/11\\\/IMG_7305_field_right-300x225.jpg\",\"contentUrl\":\"https:\\\/\\\/www.agma.comwp-content\\\/uploads\\\/2015\\\/11\\\/IMG_7305_field_right-300x225.jpg\"},{\"@type\":\"BreadcrumbList\",\"@id\":\"https:\\\/\\\/www.agma.com\\\/sv\\\/solkyla-pa-sjukhus-i-spanska-ourense\\\/#breadcrumb\",\"itemListElement\":[{\"@type\":\"ListItem\",\"position\":1,\"name\":\"Home\",\"item\":\"https:\\\/\\\/www.agma.com\\\/sv\\\/\"},{\"@type\":\"ListItem\",\"position\":2,\"name\":\"Solkyla p\u00e5 sjukhus i spanska Ourense\"}]},{\"@type\":\"WebSite\",\"@id\":\"https:\\\/\\\/www.agma.com\\\/sv\\\/#website\",\"url\":\"https:\\\/\\\/www.agma.com\\\/sv\\\/\",\"name\":\"Absolicon\",\"description\":\"\",\"publisher\":{\"@id\":\"https:\\\/\\\/www.agma.com\\\/sv\\\/#organization\"},\"potentialAction\":[{\"@type\":\"SearchAction\",\"target\":{\"@type\":\"EntryPoint\",\"urlTemplate\":\"https:\\\/\\\/www.agma.com\\\/sv\\\/?s={search_term_string}\"},\"query-input\":{\"@type\":\"PropertyValueSpecification\",\"valueRequired\":true,\"valueName\":\"search_term_string\"}}],\"inLanguage\":\"sv-SE\"},{\"@type\":\"Organization\",\"@id\":\"https:\\\/\\\/www.agma.com\\\/sv\\\/#organization\",\"name\":\"Absolicon\",\"url\":\"https:\\\/\\\/www.agma.com\\\/sv\\\/\",\"logo\":{\"@type\":\"ImageObject\",\"inLanguage\":\"sv-SE\",\"@id\":\"https:\\\/\\\/www.agma.com\\\/sv\\\/#\\\/schema\\\/logo\\\/image\\\/\",\"url\":\"https:\\\/\\\/www.agma.com\\\/wp-content\\\/uploads\\\/2026\\\/04\\\/logotype_neg_blk.svg\",\"contentUrl\":\"https:\\\/\\\/www.agma.com\\\/wp-content\\\/uploads\\\/2026\\\/04\\\/logotype_neg_blk.svg\",\"width\":705,\"height\":83,\"caption\":\"Absolicon\"},\"image\":{\"@id\":\"https:\\\/\\\/www.agma.com\\\/sv\\\/#\\\/schema\\\/logo\\\/image\\\/\"}},{\"@type\":\"Person\",\"@id\":\"https:\\\/\\\/www.agma.com\\\/sv\\\/#\\\/schema\\\/person\\\/6820b3ce1cc37edbaecc979090760d8b\",\"name\":\"jakubschenk\",\"image\":{\"@type\":\"ImageObject\",\"inLanguage\":\"sv-SE\",\"@id\":\"https:\\\/\\\/secure.gravatar.com\\\/avatar\\\/0ab843002d4a58702560e02354e5f9a3206e13bbfaa9df5a188e463870f605cd?s=96&d=mm&r=g\",\"url\":\"https:\\\/\\\/secure.gravatar.com\\\/avatar\\\/0ab843002d4a58702560e02354e5f9a3206e13bbfaa9df5a188e463870f605cd?s=96&d=mm&r=g\",\"contentUrl\":\"https:\\\/\\\/secure.gravatar.com\\\/avatar\\\/0ab843002d4a58702560e02354e5f9a3206e13bbfaa9df5a188e463870f605cd?s=96&d=mm&r=g\",\"caption\":\"jakubschenk\"},\"sameAs\":[\"https:\\\/\\\/www.agma.com\"],\"url\":\"https:\\\/\\\/www.agma.com\\\/sv\\\/author\\\/jakubschenk\\\/\"}]}<\/script>\n<!-- \/ Yoast SEO plugin. -->","yoast_head_json":{"title":"Solkyla p\u00e5 sjukhus i spanska Ourense - Absolicon","robots":{"index":"index","follow":"follow","max-snippet":"max-snippet:-1","max-image-preview":"max-image-preview:large","max-video-preview":"max-video-preview:-1"},"canonical":"https:\/\/www.agma.com\/sv\/solkyla-pa-sjukhus-i-spanska-ourense\/","og_locale":"sv_SE","og_type":"article","og_title":"Solkyla p\u00e5 sjukhus i spanska Ourense - Absolicon","og_description":"[ingress]127 kvadratmeter koncentrerande solf\u00e5ngare fr\u00e5n Absolicon driver solkyla till ett sjukhus i Ourense. Nu \u00e4r installationen driftsatt och den lokala driftpersonalen utbildad p\u00e5 plats.[\/ingress] \u2013 Att kyla med solen \u00e4r en framtidsteknik med stor potential och v\u00e5ra solf\u00e5ngare \u00e4r speciellt anpassade f\u00f6r att vara ledande p\u00e5 den marknaden, s\u00e4ger Joakim Bystr\u00f6m, vd. Stor marknad Sjukhus [&hellip;]","og_url":"https:\/\/www.agma.com\/sv\/solkyla-pa-sjukhus-i-spanska-ourense\/","og_site_name":"Absolicon","article_published_time":"2015-09-21T00:00:00+00:00","og_image":[{"url":"https:\/\/www.agma.comwp-content\/uploads\/2015\/11\/IMG_7305_field_right-300x225.jpg","type":"","width":"","height":""}],"author":"jakubschenk","twitter_card":"summary_large_image","twitter_misc":{"Skriven av":"jakubschenk"},"schema":{"@context":"https:\/\/schema.org","@graph":[{"@type":"Article","@id":"https:\/\/www.agma.com\/sv\/solkyla-pa-sjukhus-i-spanska-ourense\/#article","isPartOf":{"@id":"https:\/\/www.agma.com\/sv\/solkyla-pa-sjukhus-i-spanska-ourense\/"},"author":{"name":"jakubschenk","@id":"https:\/\/www.agma.com\/sv\/#\/schema\/person\/6820b3ce1cc37edbaecc979090760d8b"},"headline":"Solkyla p\u00e5 sjukhus i spanska Ourense","datePublished":"2015-09-21T00:00:00+00:00","mainEntityOfPage":{"@id":"https:\/\/www.agma.com\/sv\/solkyla-pa-sjukhus-i-spanska-ourense\/"},"wordCount":311,"commentCount":0,"publisher":{"@id":"https:\/\/www.agma.com\/sv\/#organization"},"image":{"@id":"https:\/\/www.agma.com\/sv\/solkyla-pa-sjukhus-i-spanska-ourense\/#primaryimage"},"thumbnailUrl":"https:\/\/www.agma.comwp-content\/uploads\/2015\/11\/IMG_7305_field_right-300x225.jpg","inLanguage":"sv-SE","potentialAction":[{"@type":"CommentAction","name":"Comment","target":["https:\/\/www.agma.com\/sv\/solkyla-pa-sjukhus-i-spanska-ourense\/#respond"]}]},{"@type":"WebPage","@id":"https:\/\/www.agma.com\/sv\/solkyla-pa-sjukhus-i-spanska-ourense\/","url":"https:\/\/www.agma.com\/sv\/solkyla-pa-sjukhus-i-spanska-ourense\/","name":"Solkyla p\u00e5 sjukhus i spanska Ourense - Absolicon","isPartOf":{"@id":"https:\/\/www.agma.com\/sv\/#website"},"primaryImageOfPage":{"@id":"https:\/\/www.agma.com\/sv\/solkyla-pa-sjukhus-i-spanska-ourense\/#primaryimage"},"image":{"@id":"https:\/\/www.agma.com\/sv\/solkyla-pa-sjukhus-i-spanska-ourense\/#primaryimage"},"thumbnailUrl":"https:\/\/www.agma.comwp-content\/uploads\/2015\/11\/IMG_7305_field_right-300x225.jpg","datePublished":"2015-09-21T00:00:00+00:00","breadcrumb":{"@id":"https:\/\/www.agma.com\/sv\/solkyla-pa-sjukhus-i-spanska-ourense\/#breadcrumb"},"inLanguage":"sv-SE","potentialAction":[{"@type":"ReadAction","target":["https:\/\/www.agma.com\/sv\/solkyla-pa-sjukhus-i-spanska-ourense\/"]}]},{"@type":"ImageObject","inLanguage":"sv-SE","@id":"https:\/\/www.agma.com\/sv\/solkyla-pa-sjukhus-i-spanska-ourense\/#primaryimage","url":"https:\/\/www.agma.comwp-content\/uploads\/2015\/11\/IMG_7305_field_right-300x225.jpg","contentUrl":"https:\/\/www.agma.comwp-content\/uploads\/2015\/11\/IMG_7305_field_right-300x225.jpg"},{"@type":"BreadcrumbList","@id":"https:\/\/www.agma.com\/sv\/solkyla-pa-sjukhus-i-spanska-ourense\/#breadcrumb","itemListElement":[{"@type":"ListItem","position":1,"name":"Home","item":"https:\/\/www.agma.com\/sv\/"},{"@type":"ListItem","position":2,"name":"Solkyla p\u00e5 sjukhus i spanska Ourense"}]},{"@type":"WebSite","@id":"https:\/\/www.agma.com\/sv\/#website","url":"https:\/\/www.agma.com\/sv\/","name":"Absolicon","description":"","publisher":{"@id":"https:\/\/www.agma.com\/sv\/#organization"},"potentialAction":[{"@type":"SearchAction","target":{"@type":"EntryPoint","urlTemplate":"https:\/\/www.agma.com\/sv\/?s={search_term_string}"},"query-input":{"@type":"PropertyValueSpecification","valueRequired":true,"valueName":"search_term_string"}}],"inLanguage":"sv-SE"},{"@type":"Organization","@id":"https:\/\/www.agma.com\/sv\/#organization","name":"Absolicon","url":"https:\/\/www.agma.com\/sv\/","logo":{"@type":"ImageObject","inLanguage":"sv-SE","@id":"https:\/\/www.agma.com\/sv\/#\/schema\/logo\/image\/","url":"https:\/\/www.agma.com\/wp-content\/uploads\/2026\/04\/logotype_neg_blk.svg","contentUrl":"https:\/\/www.agma.com\/wp-content\/uploads\/2026\/04\/logotype_neg_blk.svg","width":705,"height":83,"caption":"Absolicon"},"image":{"@id":"https:\/\/www.agma.com\/sv\/#\/schema\/logo\/image\/"}},{"@type":"Person","@id":"https:\/\/www.agma.com\/sv\/#\/schema\/person\/6820b3ce1cc37edbaecc979090760d8b","name":"jakubschenk","image":{"@type":"ImageObject","inLanguage":"sv-SE","@id":"https:\/\/secure.gravatar.com\/avatar\/0ab843002d4a58702560e02354e5f9a3206e13bbfaa9df5a188e463870f605cd?s=96&d=mm&r=g","url":"https:\/\/secure.gravatar.com\/avatar\/0ab843002d4a58702560e02354e5f9a3206e13bbfaa9df5a188e463870f605cd?s=96&d=mm&r=g","contentUrl":"https:\/\/secure.gravatar.com\/avatar\/0ab843002d4a58702560e02354e5f9a3206e13bbfaa9df5a188e463870f605cd?s=96&d=mm&r=g","caption":"jakubschenk"},"sameAs":["https:\/\/www.agma.com"],"url":"https:\/\/www.agma.com\/sv\/author\/jakubschenk\/"}]}},"_links":{"self":[{"href":"https:\/\/www.agma.com\/sv\/wp-json\/wp\/v2\/posts\/8843","targetHints":{"allow":["GET"]}}],"collection":[{"href":"https:\/\/www.agma.com\/sv\/wp-json\/wp\/v2\/posts"}],"about":[{"href":"https:\/\/www.agma.com\/sv\/wp-json\/wp\/v2\/types\/post"}],"author":[{"embeddable":true,"href":"https:\/\/www.agma.com\/sv\/wp-json\/wp\/v2\/users\/1"}],"replies":[{"embeddable":true,"href":"https:\/\/www.agma.com\/sv\/wp-json\/wp\/v2\/comments?post=8843"}],"version-history":[{"count":0,"href":"https:\/\/www.agma.com\/sv\/wp-json\/wp\/v2\/posts\/8843\/revisions"}],"wp:attachment":[{"href":"https:\/\/www.agma.com\/sv\/wp-json\/wp\/v2\/media?parent=8843"}],"wp:term":[{"taxonomy":"category","embeddable":true,"href":"https:\/\/www.agma.com\/sv\/wp-json\/wp\/v2\/categories?post=8843"},{"taxonomy":"post_tag","embeddable":true,"href":"https:\/\/www.agma.com\/sv\/wp-json\/wp\/v2\/tags?post=8843"}],"curies":[{"name":"wp","href":"https:\/\/api.w.org\/{rel}","templated":true}]}}