{"id":8845,"date":"2016-02-02T00:00:00","date_gmt":"2016-02-02T00:00:00","guid":{"rendered":"https:\/\/www.absolicon.com\/inbjudan-till-arsstamma-2-mars\/"},"modified":"2016-02-02T00:00:00","modified_gmt":"2016-02-02T00:00:00","slug":"inbjudan-till-arsstamma-2-mars","status":"publish","type":"post","link":"https:\/\/www.agma.com\/sv\/inbjudan-till-arsstamma-2-mars\/","title":{"rendered":"Inbjudan till \u00e5rsst\u00e4mma 2 mars"},"content":{"rendered":"<p>Absolicon bjuder in alla sina aktie\u00e4gare att delta i \u00c5rsst\u00e4mma 2016 i Absolicon Solar Collector AB lokaler i H\u00e4rn\u00f6sand. Kallelse har publicerats i Post och Inrikes tidningar 2 februari 2016. V\u00e4lkommen\u00a0f\u00f6r att ta del av det senaste \u00e5rets utveckling och f\u00e5 information om v\u00e5ra framtidsplaner!<\/p>\n<p><strong>Onsdagen den 2 mars 2016, kl 18.30<\/strong><br \/>\n<strong>Absolicons lokaler p\u00e5 Fiskaregatan 11 i H\u00e4rn\u00f6sand<\/strong><\/p>\n<p>Vi h\u00e5ller st\u00e4mman i Absolicons nya lokaler p\u00e5 H\u00e4rn\u00f6verken. D\u00e4r har vi b\u00e5de l\u00e4mpliga kontorslokaler och en rej\u00e4l verkstad. Under st\u00e4mman blir det tillf\u00e4lle att se hur vi steg f\u00f6r steg bygger upp verksamheten.<\/p>\n<h2>F\u00f6retr\u00e4desemission<\/h2>\n<p>Styrelsen f\u00f6resl\u00e5r st\u00e4mman att g\u00f6ra en f\u00f6retr\u00e4desemission om 12,7 MSEK f\u00f6r att ta n\u00e4sta steg p\u00e5 produktionslinan och bygga upp pilotanl\u00e4ggningar p\u00e5 olika marknader i enlighet med Absolicons marknadsplan.<\/p>\n<h2>Notering<\/h2>\n<p>Styrelsen har vidare beslutat om att ans\u00f6ka om notering genom listning p\u00e5 Aktietorget under v\u00e5ren 2016.<\/p>\n<h2>Anm\u00e4lan till \u00e5rsst\u00e4mman<\/h2>\n<p>Anm\u00e4l er till st\u00e4mman per brev, telefon eller skicka ett mail till <a href=\"mailto:info@absolicon.com\">info@absolicon.com<\/a>. Vi bjuder p\u00e5 en l\u00e4ttare f\u00f6rt\u00e4ring efter st\u00e4mman.<\/p>\n<p>Den formella kallelsen har publicerats i Post och Inrikes tidningar 2 februari 2016.<\/p>\n<p>L\u00e4s mer om dagordning, bilagor och formalia p\u00e5 sidan <a title=\"\u00c5rsst\u00e4mma 2016\" href=\"https:\/\/www.agma.cominvesterare\/arsstamma-2016\/\">\u00c5rsst\u00e4mma 2016<\/a><\/p>\n<p><a title=\"\u00c5rsst\u00e4mma 2016\" href=\"https:\/\/www.agma.cominvesterare\/arsstamma-2016\/\"><br \/>\n<\/a><\/p>\n<p style=\"text-align: right;\"><em>Publicerad 2016-02-02<\/em><\/p>\n","protected":false},"excerpt":{"rendered":"<p>Absolicon bjuder in alla sina aktie\u00e4gare att delta i \u00c5rsst\u00e4mma 2016 i Absolicon Solar Collector AB lokaler i H\u00e4rn\u00f6sand. Kallelse har publicerats i Post och Inrikes tidningar 2 februari 2016. V\u00e4lkommen\u00a0f\u00f6r att ta del av det senaste \u00e5rets utveckling och f\u00e5 information om v\u00e5ra framtidsplaner! Onsdagen den 2 mars 2016, kl 18.30 Absolicons lokaler p\u00e5 [&hellip;]<\/p>\n","protected":false},"author":1,"featured_media":0,"comment_status":"open","ping_status":"open","sticky":false,"template":"","format":"standard","meta":{"_acf_changed":false,"footnotes":""},"categories":[],"tags":[],"class_list":["post-8845","post","type-post","status-publish","format-standard","hentry"],"acf":[],"yoast_head":"<!-- This site is optimized with the Yoast SEO plugin v27.4 - https:\/\/yoast.com\/product\/yoast-seo-wordpress\/ -->\n<title>Inbjudan till \u00e5rsst\u00e4mma 2 mars - Absolicon<\/title>\n<meta name=\"robots\" content=\"index, follow, max-snippet:-1, max-image-preview:large, max-video-preview:-1\" \/>\n<link rel=\"canonical\" href=\"https:\/\/www.agma.com\/sv\/inbjudan-till-arsstamma-2-mars\/\" \/>\n<meta property=\"og:locale\" content=\"sv_SE\" \/>\n<meta property=\"og:type\" content=\"article\" \/>\n<meta property=\"og:title\" content=\"Inbjudan till \u00e5rsst\u00e4mma 2 mars - Absolicon\" \/>\n<meta property=\"og:description\" content=\"Absolicon bjuder in alla sina aktie\u00e4gare att delta i \u00c5rsst\u00e4mma 2016 i Absolicon Solar Collector AB lokaler i H\u00e4rn\u00f6sand. Kallelse har publicerats i Post och Inrikes tidningar 2 februari 2016. V\u00e4lkommen\u00a0f\u00f6r att ta del av det senaste \u00e5rets utveckling och f\u00e5 information om v\u00e5ra framtidsplaner! Onsdagen den 2 mars 2016, kl 18.30 Absolicons lokaler p\u00e5 [&hellip;]\" \/>\n<meta property=\"og:url\" content=\"https:\/\/www.agma.com\/sv\/inbjudan-till-arsstamma-2-mars\/\" \/>\n<meta property=\"og:site_name\" content=\"Absolicon\" \/>\n<meta property=\"article:published_time\" content=\"2016-02-02T00:00:00+00:00\" \/>\n<meta name=\"author\" content=\"jakubschenk\" \/>\n<meta name=\"twitter:card\" content=\"summary_large_image\" \/>\n<meta name=\"twitter:label1\" content=\"Skriven av\" \/>\n\t<meta name=\"twitter:data1\" content=\"jakubschenk\" \/>\n<script type=\"application\/ld+json\" class=\"yoast-schema-graph\">{\"@context\":\"https:\\\/\\\/schema.org\",\"@graph\":[{\"@type\":\"Article\",\"@id\":\"https:\\\/\\\/www.agma.com\\\/sv\\\/inbjudan-till-arsstamma-2-mars\\\/#article\",\"isPartOf\":{\"@id\":\"https:\\\/\\\/www.agma.com\\\/sv\\\/inbjudan-till-arsstamma-2-mars\\\/\"},\"author\":{\"name\":\"jakubschenk\",\"@id\":\"https:\\\/\\\/www.agma.com\\\/sv\\\/#\\\/schema\\\/person\\\/6820b3ce1cc37edbaecc979090760d8b\"},\"headline\":\"Inbjudan till \u00e5rsst\u00e4mma 2 mars\",\"datePublished\":\"2016-02-02T00:00:00+00:00\",\"mainEntityOfPage\":{\"@id\":\"https:\\\/\\\/www.agma.com\\\/sv\\\/inbjudan-till-arsstamma-2-mars\\\/\"},\"wordCount\":230,\"commentCount\":0,\"publisher\":{\"@id\":\"https:\\\/\\\/www.agma.com\\\/sv\\\/#organization\"},\"inLanguage\":\"sv-SE\",\"potentialAction\":[{\"@type\":\"CommentAction\",\"name\":\"Comment\",\"target\":[\"https:\\\/\\\/www.agma.com\\\/sv\\\/inbjudan-till-arsstamma-2-mars\\\/#respond\"]}]},{\"@type\":\"WebPage\",\"@id\":\"https:\\\/\\\/www.agma.com\\\/sv\\\/inbjudan-till-arsstamma-2-mars\\\/\",\"url\":\"https:\\\/\\\/www.agma.com\\\/sv\\\/inbjudan-till-arsstamma-2-mars\\\/\",\"name\":\"Inbjudan till \u00e5rsst\u00e4mma 2 mars - Absolicon\",\"isPartOf\":{\"@id\":\"https:\\\/\\\/www.agma.com\\\/sv\\\/#website\"},\"datePublished\":\"2016-02-02T00:00:00+00:00\",\"breadcrumb\":{\"@id\":\"https:\\\/\\\/www.agma.com\\\/sv\\\/inbjudan-till-arsstamma-2-mars\\\/#breadcrumb\"},\"inLanguage\":\"sv-SE\",\"potentialAction\":[{\"@type\":\"ReadAction\",\"target\":[\"https:\\\/\\\/www.agma.com\\\/sv\\\/inbjudan-till-arsstamma-2-mars\\\/\"]}]},{\"@type\":\"BreadcrumbList\",\"@id\":\"https:\\\/\\\/www.agma.com\\\/sv\\\/inbjudan-till-arsstamma-2-mars\\\/#breadcrumb\",\"itemListElement\":[{\"@type\":\"ListItem\",\"position\":1,\"name\":\"Home\",\"item\":\"https:\\\/\\\/www.agma.com\\\/sv\\\/\"},{\"@type\":\"ListItem\",\"position\":2,\"name\":\"Inbjudan till \u00e5rsst\u00e4mma 2 mars\"}]},{\"@type\":\"WebSite\",\"@id\":\"https:\\\/\\\/www.agma.com\\\/sv\\\/#website\",\"url\":\"https:\\\/\\\/www.agma.com\\\/sv\\\/\",\"name\":\"Absolicon\",\"description\":\"\",\"publisher\":{\"@id\":\"https:\\\/\\\/www.agma.com\\\/sv\\\/#organization\"},\"potentialAction\":[{\"@type\":\"SearchAction\",\"target\":{\"@type\":\"EntryPoint\",\"urlTemplate\":\"https:\\\/\\\/www.agma.com\\\/sv\\\/?s={search_term_string}\"},\"query-input\":{\"@type\":\"PropertyValueSpecification\",\"valueRequired\":true,\"valueName\":\"search_term_string\"}}],\"inLanguage\":\"sv-SE\"},{\"@type\":\"Organization\",\"@id\":\"https:\\\/\\\/www.agma.com\\\/sv\\\/#organization\",\"name\":\"Absolicon\",\"url\":\"https:\\\/\\\/www.agma.com\\\/sv\\\/\",\"logo\":{\"@type\":\"ImageObject\",\"inLanguage\":\"sv-SE\",\"@id\":\"https:\\\/\\\/www.agma.com\\\/sv\\\/#\\\/schema\\\/logo\\\/image\\\/\",\"url\":\"https:\\\/\\\/www.agma.com\\\/wp-content\\\/uploads\\\/2026\\\/04\\\/logotype_neg_blk.svg\",\"contentUrl\":\"https:\\\/\\\/www.agma.com\\\/wp-content\\\/uploads\\\/2026\\\/04\\\/logotype_neg_blk.svg\",\"width\":705,\"height\":83,\"caption\":\"Absolicon\"},\"image\":{\"@id\":\"https:\\\/\\\/www.agma.com\\\/sv\\\/#\\\/schema\\\/logo\\\/image\\\/\"}},{\"@type\":\"Person\",\"@id\":\"https:\\\/\\\/www.agma.com\\\/sv\\\/#\\\/schema\\\/person\\\/6820b3ce1cc37edbaecc979090760d8b\",\"name\":\"jakubschenk\",\"image\":{\"@type\":\"ImageObject\",\"inLanguage\":\"sv-SE\",\"@id\":\"https:\\\/\\\/secure.gravatar.com\\\/avatar\\\/0ab843002d4a58702560e02354e5f9a3206e13bbfaa9df5a188e463870f605cd?s=96&d=mm&r=g\",\"url\":\"https:\\\/\\\/secure.gravatar.com\\\/avatar\\\/0ab843002d4a58702560e02354e5f9a3206e13bbfaa9df5a188e463870f605cd?s=96&d=mm&r=g\",\"contentUrl\":\"https:\\\/\\\/secure.gravatar.com\\\/avatar\\\/0ab843002d4a58702560e02354e5f9a3206e13bbfaa9df5a188e463870f605cd?s=96&d=mm&r=g\",\"caption\":\"jakubschenk\"},\"sameAs\":[\"https:\\\/\\\/www.agma.com\"],\"url\":\"https:\\\/\\\/www.agma.com\\\/sv\\\/author\\\/jakubschenk\\\/\"}]}<\/script>\n<!-- \/ Yoast SEO plugin. -->","yoast_head_json":{"title":"Inbjudan till \u00e5rsst\u00e4mma 2 mars - Absolicon","robots":{"index":"index","follow":"follow","max-snippet":"max-snippet:-1","max-image-preview":"max-image-preview:large","max-video-preview":"max-video-preview:-1"},"canonical":"https:\/\/www.agma.com\/sv\/inbjudan-till-arsstamma-2-mars\/","og_locale":"sv_SE","og_type":"article","og_title":"Inbjudan till \u00e5rsst\u00e4mma 2 mars - Absolicon","og_description":"Absolicon bjuder in alla sina aktie\u00e4gare att delta i \u00c5rsst\u00e4mma 2016 i Absolicon Solar Collector AB lokaler i H\u00e4rn\u00f6sand. Kallelse har publicerats i Post och Inrikes tidningar 2 februari 2016. V\u00e4lkommen\u00a0f\u00f6r att ta del av det senaste \u00e5rets utveckling och f\u00e5 information om v\u00e5ra framtidsplaner! Onsdagen den 2 mars 2016, kl 18.30 Absolicons lokaler p\u00e5 [&hellip;]","og_url":"https:\/\/www.agma.com\/sv\/inbjudan-till-arsstamma-2-mars\/","og_site_name":"Absolicon","article_published_time":"2016-02-02T00:00:00+00:00","author":"jakubschenk","twitter_card":"summary_large_image","twitter_misc":{"Skriven av":"jakubschenk"},"schema":{"@context":"https:\/\/schema.org","@graph":[{"@type":"Article","@id":"https:\/\/www.agma.com\/sv\/inbjudan-till-arsstamma-2-mars\/#article","isPartOf":{"@id":"https:\/\/www.agma.com\/sv\/inbjudan-till-arsstamma-2-mars\/"},"author":{"name":"jakubschenk","@id":"https:\/\/www.agma.com\/sv\/#\/schema\/person\/6820b3ce1cc37edbaecc979090760d8b"},"headline":"Inbjudan till \u00e5rsst\u00e4mma 2 mars","datePublished":"2016-02-02T00:00:00+00:00","mainEntityOfPage":{"@id":"https:\/\/www.agma.com\/sv\/inbjudan-till-arsstamma-2-mars\/"},"wordCount":230,"commentCount":0,"publisher":{"@id":"https:\/\/www.agma.com\/sv\/#organization"},"inLanguage":"sv-SE","potentialAction":[{"@type":"CommentAction","name":"Comment","target":["https:\/\/www.agma.com\/sv\/inbjudan-till-arsstamma-2-mars\/#respond"]}]},{"@type":"WebPage","@id":"https:\/\/www.agma.com\/sv\/inbjudan-till-arsstamma-2-mars\/","url":"https:\/\/www.agma.com\/sv\/inbjudan-till-arsstamma-2-mars\/","name":"Inbjudan till \u00e5rsst\u00e4mma 2 mars - Absolicon","isPartOf":{"@id":"https:\/\/www.agma.com\/sv\/#website"},"datePublished":"2016-02-02T00:00:00+00:00","breadcrumb":{"@id":"https:\/\/www.agma.com\/sv\/inbjudan-till-arsstamma-2-mars\/#breadcrumb"},"inLanguage":"sv-SE","potentialAction":[{"@type":"ReadAction","target":["https:\/\/www.agma.com\/sv\/inbjudan-till-arsstamma-2-mars\/"]}]},{"@type":"BreadcrumbList","@id":"https:\/\/www.agma.com\/sv\/inbjudan-till-arsstamma-2-mars\/#breadcrumb","itemListElement":[{"@type":"ListItem","position":1,"name":"Home","item":"https:\/\/www.agma.com\/sv\/"},{"@type":"ListItem","position":2,"name":"Inbjudan till \u00e5rsst\u00e4mma 2 mars"}]},{"@type":"WebSite","@id":"https:\/\/www.agma.com\/sv\/#website","url":"https:\/\/www.agma.com\/sv\/","name":"Absolicon","description":"","publisher":{"@id":"https:\/\/www.agma.com\/sv\/#organization"},"potentialAction":[{"@type":"SearchAction","target":{"@type":"EntryPoint","urlTemplate":"https:\/\/www.agma.com\/sv\/?s={search_term_string}"},"query-input":{"@type":"PropertyValueSpecification","valueRequired":true,"valueName":"search_term_string"}}],"inLanguage":"sv-SE"},{"@type":"Organization","@id":"https:\/\/www.agma.com\/sv\/#organization","name":"Absolicon","url":"https:\/\/www.agma.com\/sv\/","logo":{"@type":"ImageObject","inLanguage":"sv-SE","@id":"https:\/\/www.agma.com\/sv\/#\/schema\/logo\/image\/","url":"https:\/\/www.agma.com\/wp-content\/uploads\/2026\/04\/logotype_neg_blk.svg","contentUrl":"https:\/\/www.agma.com\/wp-content\/uploads\/2026\/04\/logotype_neg_blk.svg","width":705,"height":83,"caption":"Absolicon"},"image":{"@id":"https:\/\/www.agma.com\/sv\/#\/schema\/logo\/image\/"}},{"@type":"Person","@id":"https:\/\/www.agma.com\/sv\/#\/schema\/person\/6820b3ce1cc37edbaecc979090760d8b","name":"jakubschenk","image":{"@type":"ImageObject","inLanguage":"sv-SE","@id":"https:\/\/secure.gravatar.com\/avatar\/0ab843002d4a58702560e02354e5f9a3206e13bbfaa9df5a188e463870f605cd?s=96&d=mm&r=g","url":"https:\/\/secure.gravatar.com\/avatar\/0ab843002d4a58702560e02354e5f9a3206e13bbfaa9df5a188e463870f605cd?s=96&d=mm&r=g","contentUrl":"https:\/\/secure.gravatar.com\/avatar\/0ab843002d4a58702560e02354e5f9a3206e13bbfaa9df5a188e463870f605cd?s=96&d=mm&r=g","caption":"jakubschenk"},"sameAs":["https:\/\/www.agma.com"],"url":"https:\/\/www.agma.com\/sv\/author\/jakubschenk\/"}]}},"_links":{"self":[{"href":"https:\/\/www.agma.com\/sv\/wp-json\/wp\/v2\/posts\/8845","targetHints":{"allow":["GET"]}}],"collection":[{"href":"https:\/\/www.agma.com\/sv\/wp-json\/wp\/v2\/posts"}],"about":[{"href":"https:\/\/www.agma.com\/sv\/wp-json\/wp\/v2\/types\/post"}],"author":[{"embeddable":true,"href":"https:\/\/www.agma.com\/sv\/wp-json\/wp\/v2\/users\/1"}],"replies":[{"embeddable":true,"href":"https:\/\/www.agma.com\/sv\/wp-json\/wp\/v2\/comments?post=8845"}],"version-history":[{"count":0,"href":"https:\/\/www.agma.com\/sv\/wp-json\/wp\/v2\/posts\/8845\/revisions"}],"wp:attachment":[{"href":"https:\/\/www.agma.com\/sv\/wp-json\/wp\/v2\/media?parent=8845"}],"wp:term":[{"taxonomy":"category","embeddable":true,"href":"https:\/\/www.agma.com\/sv\/wp-json\/wp\/v2\/categories?post=8845"},{"taxonomy":"post_tag","embeddable":true,"href":"https:\/\/www.agma.com\/sv\/wp-json\/wp\/v2\/tags?post=8845"}],"curies":[{"name":"wp","href":"https:\/\/api.w.org\/{rel}","templated":true}]}}