{"id":8849,"date":"2016-03-11T00:00:00","date_gmt":"2016-03-11T00:00:00","guid":{"rendered":"https:\/\/www.absolicon.com\/teckna-aktier-i-absolicon-11-29-mars\/"},"modified":"2016-03-11T00:00:00","modified_gmt":"2016-03-11T00:00:00","slug":"teckna-aktier-i-absolicon-11-29-mars","status":"publish","type":"post","link":"https:\/\/www.agma.com\/sv\/teckna-aktier-i-absolicon-11-29-mars\/","title":{"rendered":"Teckna aktier i Absolicon 11-29 mars"},"content":{"rendered":"<p>[ingress]Absolicons emission \u00e4r redan till 100% garanterad genom teckningsf\u00f6rbindeler och garantiavtal, men f\u00f6r att sprida aktien inf\u00f6r kommande notering p\u00e5 Aktietorget \u00e4r nya aktie\u00e4gare nu v\u00e4lkomna att teckna akter. Tr\u00e4ffa oss p\u00e5 presentationer i Stockholm, J\u00f6nk\u00f6ping, H\u00e4rn\u00f6sand och Ume\u00e5.[\/ingress]<\/p>\n<figure id=\"attachment_3150\" aria-describedby=\"caption-attachment-3150\" style=\"width: 325px\" class=\"wp-caption alignright\"><a href=\"https:\/\/www.agma.comwp-content\/uploads\/2016\/03\/Joakim_1.jpg\"><img fetchpriority=\"high\" decoding=\"async\" class=\" wp-image-3150 \" title=\"Joakim Bystr\u00f6m, vd Absolicon\" src=\"https:\/\/www.agma.comwp-content\/uploads\/2016\/03\/Joakim_1-682x1024.jpg\" alt=\"\" width=\"325\" height=\"486\" \/><\/a><figcaption id=\"caption-attachment-3150\" class=\"wp-caption-text\">Joakim Bystr\u00f6m, vd Absolicon<\/figcaption><\/figure>\n<p>Ny energiteknik f\u00f6r industrin beh\u00f6ver bevisas med pilot\u00adanl\u00e4ggningar som uppf\u00f6rs i samarbete med de multi\u00adnationella industrikoncernerna f\u00f6r att accepteras. Dessa f\u00f6rsta anl\u00e4ggningar skall fungera perfekt och helst \u00f6vertr\u00e4ffa kundens f\u00f6rv\u00e4ntningar. Vi genomf\u00f6r d\u00e4rf\u00f6r en emission om 12,7 MSEK som i huvudsak ska finansiera anpassade pilotanl\u00e4ggnignar f\u00f6r koncentrerad solenergi. Dessa skall\u00a0 uppf\u00f6ras tillsammans med olika multinationella koncerner som har m\u00e5ngmiljardoms\u00e4ttning och stora energibehov<\/p>\n<h4>Uppn\u00e5dda m\u00e5l<\/h4>\n<p>Under 2015 har Absolicon genom en genomf\u00f6rd emission om 4 MSEK finansierat tre utvecklings\u00adprojekt:<\/p>\n<p>1) Bolaget har utvecklat en ny solf\u00e5ngare f\u00f6r h\u00f6gre temperaturer, upp till 160\u00b0C. Den nya konstruktionen f\u00f6r sol\u00e5nga demonstreras med ett f\u00f6rsta pilotf\u00e4lt i H\u00e4rn\u00f6sand som uppf\u00f6rs i samarbete med Alfa Laval, Konica Minolta och H\u00e4rn\u00f6sand Energi och Milj\u00f6.<\/p>\n<p>2) Absolicon har projekterat en halvautomatisk produktions\u00adlina f\u00f6r massproduktion som tillverkar en ny solf\u00e5ngare var femte minut. Den effektiva tillverkningen m\u00f6jligg\u00f6r kort \u00e5terbetalningstid f\u00f6r solf\u00e5ngarf\u00e4lt.<\/p>\n<p>3) Genom ett m\u00e5lmedvetet internationellt marknads\u00adarbete har vi kommit \u00f6verens med en f\u00f6rsta multinationell industrikoncern om att utv\u00e4rdera v\u00e5r teknik med en pilotinstallation som skall installeras sommaren 2016.<\/p>\n<p>Pilotanl\u00e4ggningarna som nu skall uppf\u00f6ras kommer att \u00f6ppna d\u00f6rrarna f\u00f6r Absolicon att s\u00e4lja fullskaliga installationer till industrier som beh\u00f6ver v\u00e4rme och \u00e5nga.<\/p>\n<h4>Fakta om emissionen:<\/h4>\n<p>Bolagsv\u00e4rde pre-money \u00e4r 25,4 Mkr och emissionen omfattar 317 500 aktier till teckningskursen 40 kr\/aktie. Bolaget \u00e4r anslutet till Euroclear och har p\u00e5b\u00f6rjat f\u00f6rberedelserna inf\u00f6r listning p\u00e5 Aktietorget med f\u00f6rsta planerade handelsdag 9 maj 2016.<\/p>\n<p><strong>Befintliga aktie\u00e4gare<\/strong> erh\u00e5ller en teckningsr\u00e4tt per aktie i denna f\u00f6retr\u00e4desemission och tv\u00e5 teckningsr\u00e4tter ger r\u00e4tt att teckna en ny aktie.<\/p>\n<p><strong>Nya aktie\u00e4gare<\/strong> \u00e4r v\u00e4lkomna att teckna i erbjudandet. L\u00e4gsta teckningspost f\u00f6r nya aktie\u00e4gare i Bolaget \u00e4r 125 st. I syfte att \u00f6ka \u00e4garspridningen inf\u00f6r notering p\u00e5 Aktietorget har huvud\u00e4garna har \u00e5tagit sig att avst\u00e5 teckningsr\u00e4tter till f\u00f6rm\u00e5n f\u00f6r nya aktie\u00e4gare.<\/p>\n<p>Emissionen \u00e4r till 100% garanterad genom teckningsf\u00f6rbindelser och garantiavtal fr\u00e5n aktie\u00e4gare.<\/p>\n<p><em><strong>V\u00e4lkommen som aktie\u00e4gare i Absolicon!<br \/>\n<\/strong><\/em><\/p>\n<hr \/>\n<p>F\u00f6r v\u00e5r tidning Absolicon Magasin,\u00a0 anm\u00e4lningssedel och memorandum, se <a href=\"https:\/\/www.agma.cominvesterare\/anmalningssedel-och-villkor-for-nyemissionen\/\">Anm\u00e4lningssedel och villkor<\/a><\/p>\n<p>&nbsp;<\/p>\n<p style=\"text-align: right;\"><em>Publicerad 2016-03-11<\/em><\/p>\n","protected":false},"excerpt":{"rendered":"<p>[ingress]Absolicons emission \u00e4r redan till 100% garanterad genom teckningsf\u00f6rbindeler och garantiavtal, men f\u00f6r att sprida aktien inf\u00f6r kommande notering p\u00e5 Aktietorget \u00e4r nya aktie\u00e4gare nu v\u00e4lkomna att teckna akter. Tr\u00e4ffa oss p\u00e5 presentationer i Stockholm, J\u00f6nk\u00f6ping, H\u00e4rn\u00f6sand och Ume\u00e5.[\/ingress] Ny energiteknik f\u00f6r industrin beh\u00f6ver bevisas med pilot\u00adanl\u00e4ggningar som uppf\u00f6rs i samarbete med de multi\u00adnationella industrikoncernerna [&hellip;]<\/p>\n","protected":false},"author":1,"featured_media":0,"comment_status":"open","ping_status":"open","sticky":false,"template":"","format":"standard","meta":{"_acf_changed":false,"footnotes":""},"categories":[],"tags":[],"class_list":["post-8849","post","type-post","status-publish","format-standard","hentry"],"acf":[],"yoast_head":"<!-- This site is optimized with the Yoast SEO plugin v27.4 - https:\/\/yoast.com\/product\/yoast-seo-wordpress\/ -->\n<title>Teckna aktier i Absolicon 11-29 mars - Absolicon<\/title>\n<meta name=\"robots\" content=\"index, follow, max-snippet:-1, max-image-preview:large, max-video-preview:-1\" \/>\n<link rel=\"canonical\" href=\"https:\/\/www.agma.com\/sv\/teckna-aktier-i-absolicon-11-29-mars\/\" \/>\n<meta property=\"og:locale\" content=\"sv_SE\" \/>\n<meta property=\"og:type\" content=\"article\" \/>\n<meta property=\"og:title\" content=\"Teckna aktier i Absolicon 11-29 mars - Absolicon\" \/>\n<meta property=\"og:description\" content=\"[ingress]Absolicons emission \u00e4r redan till 100% garanterad genom teckningsf\u00f6rbindeler och garantiavtal, men f\u00f6r att sprida aktien inf\u00f6r kommande notering p\u00e5 Aktietorget \u00e4r nya aktie\u00e4gare nu v\u00e4lkomna att teckna akter. Tr\u00e4ffa oss p\u00e5 presentationer i Stockholm, J\u00f6nk\u00f6ping, H\u00e4rn\u00f6sand och Ume\u00e5.[\/ingress] Ny energiteknik f\u00f6r industrin beh\u00f6ver bevisas med pilot\u00adanl\u00e4ggningar som uppf\u00f6rs i samarbete med de multi\u00adnationella industrikoncernerna [&hellip;]\" \/>\n<meta property=\"og:url\" content=\"https:\/\/www.agma.com\/sv\/teckna-aktier-i-absolicon-11-29-mars\/\" \/>\n<meta property=\"og:site_name\" content=\"Absolicon\" \/>\n<meta property=\"article:published_time\" content=\"2016-03-11T00:00:00+00:00\" \/>\n<meta property=\"og:image\" content=\"https:\/\/www.agma.comwp-content\/uploads\/2016\/03\/Joakim_1-682x1024.jpg\" \/>\n<meta name=\"author\" content=\"jakubschenk\" \/>\n<meta name=\"twitter:card\" content=\"summary_large_image\" \/>\n<meta name=\"twitter:label1\" content=\"Skriven av\" \/>\n\t<meta name=\"twitter:data1\" content=\"jakubschenk\" \/>\n<script type=\"application\/ld+json\" class=\"yoast-schema-graph\">{\"@context\":\"https:\\\/\\\/schema.org\",\"@graph\":[{\"@type\":\"Article\",\"@id\":\"https:\\\/\\\/www.agma.com\\\/sv\\\/teckna-aktier-i-absolicon-11-29-mars\\\/#article\",\"isPartOf\":{\"@id\":\"https:\\\/\\\/www.agma.com\\\/sv\\\/teckna-aktier-i-absolicon-11-29-mars\\\/\"},\"author\":{\"name\":\"jakubschenk\",\"@id\":\"https:\\\/\\\/www.agma.com\\\/sv\\\/#\\\/schema\\\/person\\\/6820b3ce1cc37edbaecc979090760d8b\"},\"headline\":\"Teckna aktier i Absolicon 11-29 mars\",\"datePublished\":\"2016-03-11T00:00:00+00:00\",\"mainEntityOfPage\":{\"@id\":\"https:\\\/\\\/www.agma.com\\\/sv\\\/teckna-aktier-i-absolicon-11-29-mars\\\/\"},\"wordCount\":467,\"commentCount\":0,\"publisher\":{\"@id\":\"https:\\\/\\\/www.agma.com\\\/sv\\\/#organization\"},\"image\":{\"@id\":\"https:\\\/\\\/www.agma.com\\\/sv\\\/teckna-aktier-i-absolicon-11-29-mars\\\/#primaryimage\"},\"thumbnailUrl\":\"https:\\\/\\\/www.agma.comwp-content\\\/uploads\\\/2016\\\/03\\\/Joakim_1-682x1024.jpg\",\"inLanguage\":\"sv-SE\",\"potentialAction\":[{\"@type\":\"CommentAction\",\"name\":\"Comment\",\"target\":[\"https:\\\/\\\/www.agma.com\\\/sv\\\/teckna-aktier-i-absolicon-11-29-mars\\\/#respond\"]}]},{\"@type\":\"WebPage\",\"@id\":\"https:\\\/\\\/www.agma.com\\\/sv\\\/teckna-aktier-i-absolicon-11-29-mars\\\/\",\"url\":\"https:\\\/\\\/www.agma.com\\\/sv\\\/teckna-aktier-i-absolicon-11-29-mars\\\/\",\"name\":\"Teckna aktier i Absolicon 11-29 mars - Absolicon\",\"isPartOf\":{\"@id\":\"https:\\\/\\\/www.agma.com\\\/sv\\\/#website\"},\"primaryImageOfPage\":{\"@id\":\"https:\\\/\\\/www.agma.com\\\/sv\\\/teckna-aktier-i-absolicon-11-29-mars\\\/#primaryimage\"},\"image\":{\"@id\":\"https:\\\/\\\/www.agma.com\\\/sv\\\/teckna-aktier-i-absolicon-11-29-mars\\\/#primaryimage\"},\"thumbnailUrl\":\"https:\\\/\\\/www.agma.comwp-content\\\/uploads\\\/2016\\\/03\\\/Joakim_1-682x1024.jpg\",\"datePublished\":\"2016-03-11T00:00:00+00:00\",\"breadcrumb\":{\"@id\":\"https:\\\/\\\/www.agma.com\\\/sv\\\/teckna-aktier-i-absolicon-11-29-mars\\\/#breadcrumb\"},\"inLanguage\":\"sv-SE\",\"potentialAction\":[{\"@type\":\"ReadAction\",\"target\":[\"https:\\\/\\\/www.agma.com\\\/sv\\\/teckna-aktier-i-absolicon-11-29-mars\\\/\"]}]},{\"@type\":\"ImageObject\",\"inLanguage\":\"sv-SE\",\"@id\":\"https:\\\/\\\/www.agma.com\\\/sv\\\/teckna-aktier-i-absolicon-11-29-mars\\\/#primaryimage\",\"url\":\"https:\\\/\\\/www.agma.comwp-content\\\/uploads\\\/2016\\\/03\\\/Joakim_1-682x1024.jpg\",\"contentUrl\":\"https:\\\/\\\/www.agma.comwp-content\\\/uploads\\\/2016\\\/03\\\/Joakim_1-682x1024.jpg\"},{\"@type\":\"BreadcrumbList\",\"@id\":\"https:\\\/\\\/www.agma.com\\\/sv\\\/teckna-aktier-i-absolicon-11-29-mars\\\/#breadcrumb\",\"itemListElement\":[{\"@type\":\"ListItem\",\"position\":1,\"name\":\"Home\",\"item\":\"https:\\\/\\\/www.agma.com\\\/sv\\\/\"},{\"@type\":\"ListItem\",\"position\":2,\"name\":\"Teckna aktier i Absolicon 11-29 mars\"}]},{\"@type\":\"WebSite\",\"@id\":\"https:\\\/\\\/www.agma.com\\\/sv\\\/#website\",\"url\":\"https:\\\/\\\/www.agma.com\\\/sv\\\/\",\"name\":\"Absolicon\",\"description\":\"\",\"publisher\":{\"@id\":\"https:\\\/\\\/www.agma.com\\\/sv\\\/#organization\"},\"potentialAction\":[{\"@type\":\"SearchAction\",\"target\":{\"@type\":\"EntryPoint\",\"urlTemplate\":\"https:\\\/\\\/www.agma.com\\\/sv\\\/?s={search_term_string}\"},\"query-input\":{\"@type\":\"PropertyValueSpecification\",\"valueRequired\":true,\"valueName\":\"search_term_string\"}}],\"inLanguage\":\"sv-SE\"},{\"@type\":\"Organization\",\"@id\":\"https:\\\/\\\/www.agma.com\\\/sv\\\/#organization\",\"name\":\"Absolicon\",\"url\":\"https:\\\/\\\/www.agma.com\\\/sv\\\/\",\"logo\":{\"@type\":\"ImageObject\",\"inLanguage\":\"sv-SE\",\"@id\":\"https:\\\/\\\/www.agma.com\\\/sv\\\/#\\\/schema\\\/logo\\\/image\\\/\",\"url\":\"https:\\\/\\\/www.agma.com\\\/wp-content\\\/uploads\\\/2026\\\/04\\\/logotype_neg_blk.svg\",\"contentUrl\":\"https:\\\/\\\/www.agma.com\\\/wp-content\\\/uploads\\\/2026\\\/04\\\/logotype_neg_blk.svg\",\"width\":705,\"height\":83,\"caption\":\"Absolicon\"},\"image\":{\"@id\":\"https:\\\/\\\/www.agma.com\\\/sv\\\/#\\\/schema\\\/logo\\\/image\\\/\"}},{\"@type\":\"Person\",\"@id\":\"https:\\\/\\\/www.agma.com\\\/sv\\\/#\\\/schema\\\/person\\\/6820b3ce1cc37edbaecc979090760d8b\",\"name\":\"jakubschenk\",\"image\":{\"@type\":\"ImageObject\",\"inLanguage\":\"sv-SE\",\"@id\":\"https:\\\/\\\/secure.gravatar.com\\\/avatar\\\/0ab843002d4a58702560e02354e5f9a3206e13bbfaa9df5a188e463870f605cd?s=96&d=mm&r=g\",\"url\":\"https:\\\/\\\/secure.gravatar.com\\\/avatar\\\/0ab843002d4a58702560e02354e5f9a3206e13bbfaa9df5a188e463870f605cd?s=96&d=mm&r=g\",\"contentUrl\":\"https:\\\/\\\/secure.gravatar.com\\\/avatar\\\/0ab843002d4a58702560e02354e5f9a3206e13bbfaa9df5a188e463870f605cd?s=96&d=mm&r=g\",\"caption\":\"jakubschenk\"},\"sameAs\":[\"https:\\\/\\\/www.agma.com\"],\"url\":\"https:\\\/\\\/www.agma.com\\\/sv\\\/author\\\/jakubschenk\\\/\"}]}<\/script>\n<!-- \/ Yoast SEO plugin. -->","yoast_head_json":{"title":"Teckna aktier i Absolicon 11-29 mars - Absolicon","robots":{"index":"index","follow":"follow","max-snippet":"max-snippet:-1","max-image-preview":"max-image-preview:large","max-video-preview":"max-video-preview:-1"},"canonical":"https:\/\/www.agma.com\/sv\/teckna-aktier-i-absolicon-11-29-mars\/","og_locale":"sv_SE","og_type":"article","og_title":"Teckna aktier i Absolicon 11-29 mars - Absolicon","og_description":"[ingress]Absolicons emission \u00e4r redan till 100% garanterad genom teckningsf\u00f6rbindeler och garantiavtal, men f\u00f6r att sprida aktien inf\u00f6r kommande notering p\u00e5 Aktietorget \u00e4r nya aktie\u00e4gare nu v\u00e4lkomna att teckna akter. Tr\u00e4ffa oss p\u00e5 presentationer i Stockholm, J\u00f6nk\u00f6ping, H\u00e4rn\u00f6sand och Ume\u00e5.[\/ingress] Ny energiteknik f\u00f6r industrin beh\u00f6ver bevisas med pilot\u00adanl\u00e4ggningar som uppf\u00f6rs i samarbete med de multi\u00adnationella industrikoncernerna [&hellip;]","og_url":"https:\/\/www.agma.com\/sv\/teckna-aktier-i-absolicon-11-29-mars\/","og_site_name":"Absolicon","article_published_time":"2016-03-11T00:00:00+00:00","og_image":[{"url":"https:\/\/www.agma.comwp-content\/uploads\/2016\/03\/Joakim_1-682x1024.jpg","type":"","width":"","height":""}],"author":"jakubschenk","twitter_card":"summary_large_image","twitter_misc":{"Skriven av":"jakubschenk"},"schema":{"@context":"https:\/\/schema.org","@graph":[{"@type":"Article","@id":"https:\/\/www.agma.com\/sv\/teckna-aktier-i-absolicon-11-29-mars\/#article","isPartOf":{"@id":"https:\/\/www.agma.com\/sv\/teckna-aktier-i-absolicon-11-29-mars\/"},"author":{"name":"jakubschenk","@id":"https:\/\/www.agma.com\/sv\/#\/schema\/person\/6820b3ce1cc37edbaecc979090760d8b"},"headline":"Teckna aktier i Absolicon 11-29 mars","datePublished":"2016-03-11T00:00:00+00:00","mainEntityOfPage":{"@id":"https:\/\/www.agma.com\/sv\/teckna-aktier-i-absolicon-11-29-mars\/"},"wordCount":467,"commentCount":0,"publisher":{"@id":"https:\/\/www.agma.com\/sv\/#organization"},"image":{"@id":"https:\/\/www.agma.com\/sv\/teckna-aktier-i-absolicon-11-29-mars\/#primaryimage"},"thumbnailUrl":"https:\/\/www.agma.comwp-content\/uploads\/2016\/03\/Joakim_1-682x1024.jpg","inLanguage":"sv-SE","potentialAction":[{"@type":"CommentAction","name":"Comment","target":["https:\/\/www.agma.com\/sv\/teckna-aktier-i-absolicon-11-29-mars\/#respond"]}]},{"@type":"WebPage","@id":"https:\/\/www.agma.com\/sv\/teckna-aktier-i-absolicon-11-29-mars\/","url":"https:\/\/www.agma.com\/sv\/teckna-aktier-i-absolicon-11-29-mars\/","name":"Teckna aktier i Absolicon 11-29 mars - Absolicon","isPartOf":{"@id":"https:\/\/www.agma.com\/sv\/#website"},"primaryImageOfPage":{"@id":"https:\/\/www.agma.com\/sv\/teckna-aktier-i-absolicon-11-29-mars\/#primaryimage"},"image":{"@id":"https:\/\/www.agma.com\/sv\/teckna-aktier-i-absolicon-11-29-mars\/#primaryimage"},"thumbnailUrl":"https:\/\/www.agma.comwp-content\/uploads\/2016\/03\/Joakim_1-682x1024.jpg","datePublished":"2016-03-11T00:00:00+00:00","breadcrumb":{"@id":"https:\/\/www.agma.com\/sv\/teckna-aktier-i-absolicon-11-29-mars\/#breadcrumb"},"inLanguage":"sv-SE","potentialAction":[{"@type":"ReadAction","target":["https:\/\/www.agma.com\/sv\/teckna-aktier-i-absolicon-11-29-mars\/"]}]},{"@type":"ImageObject","inLanguage":"sv-SE","@id":"https:\/\/www.agma.com\/sv\/teckna-aktier-i-absolicon-11-29-mars\/#primaryimage","url":"https:\/\/www.agma.comwp-content\/uploads\/2016\/03\/Joakim_1-682x1024.jpg","contentUrl":"https:\/\/www.agma.comwp-content\/uploads\/2016\/03\/Joakim_1-682x1024.jpg"},{"@type":"BreadcrumbList","@id":"https:\/\/www.agma.com\/sv\/teckna-aktier-i-absolicon-11-29-mars\/#breadcrumb","itemListElement":[{"@type":"ListItem","position":1,"name":"Home","item":"https:\/\/www.agma.com\/sv\/"},{"@type":"ListItem","position":2,"name":"Teckna aktier i Absolicon 11-29 mars"}]},{"@type":"WebSite","@id":"https:\/\/www.agma.com\/sv\/#website","url":"https:\/\/www.agma.com\/sv\/","name":"Absolicon","description":"","publisher":{"@id":"https:\/\/www.agma.com\/sv\/#organization"},"potentialAction":[{"@type":"SearchAction","target":{"@type":"EntryPoint","urlTemplate":"https:\/\/www.agma.com\/sv\/?s={search_term_string}"},"query-input":{"@type":"PropertyValueSpecification","valueRequired":true,"valueName":"search_term_string"}}],"inLanguage":"sv-SE"},{"@type":"Organization","@id":"https:\/\/www.agma.com\/sv\/#organization","name":"Absolicon","url":"https:\/\/www.agma.com\/sv\/","logo":{"@type":"ImageObject","inLanguage":"sv-SE","@id":"https:\/\/www.agma.com\/sv\/#\/schema\/logo\/image\/","url":"https:\/\/www.agma.com\/wp-content\/uploads\/2026\/04\/logotype_neg_blk.svg","contentUrl":"https:\/\/www.agma.com\/wp-content\/uploads\/2026\/04\/logotype_neg_blk.svg","width":705,"height":83,"caption":"Absolicon"},"image":{"@id":"https:\/\/www.agma.com\/sv\/#\/schema\/logo\/image\/"}},{"@type":"Person","@id":"https:\/\/www.agma.com\/sv\/#\/schema\/person\/6820b3ce1cc37edbaecc979090760d8b","name":"jakubschenk","image":{"@type":"ImageObject","inLanguage":"sv-SE","@id":"https:\/\/secure.gravatar.com\/avatar\/0ab843002d4a58702560e02354e5f9a3206e13bbfaa9df5a188e463870f605cd?s=96&d=mm&r=g","url":"https:\/\/secure.gravatar.com\/avatar\/0ab843002d4a58702560e02354e5f9a3206e13bbfaa9df5a188e463870f605cd?s=96&d=mm&r=g","contentUrl":"https:\/\/secure.gravatar.com\/avatar\/0ab843002d4a58702560e02354e5f9a3206e13bbfaa9df5a188e463870f605cd?s=96&d=mm&r=g","caption":"jakubschenk"},"sameAs":["https:\/\/www.agma.com"],"url":"https:\/\/www.agma.com\/sv\/author\/jakubschenk\/"}]}},"_links":{"self":[{"href":"https:\/\/www.agma.com\/sv\/wp-json\/wp\/v2\/posts\/8849","targetHints":{"allow":["GET"]}}],"collection":[{"href":"https:\/\/www.agma.com\/sv\/wp-json\/wp\/v2\/posts"}],"about":[{"href":"https:\/\/www.agma.com\/sv\/wp-json\/wp\/v2\/types\/post"}],"author":[{"embeddable":true,"href":"https:\/\/www.agma.com\/sv\/wp-json\/wp\/v2\/users\/1"}],"replies":[{"embeddable":true,"href":"https:\/\/www.agma.com\/sv\/wp-json\/wp\/v2\/comments?post=8849"}],"version-history":[{"count":0,"href":"https:\/\/www.agma.com\/sv\/wp-json\/wp\/v2\/posts\/8849\/revisions"}],"wp:attachment":[{"href":"https:\/\/www.agma.com\/sv\/wp-json\/wp\/v2\/media?parent=8849"}],"wp:term":[{"taxonomy":"category","embeddable":true,"href":"https:\/\/www.agma.com\/sv\/wp-json\/wp\/v2\/categories?post=8849"},{"taxonomy":"post_tag","embeddable":true,"href":"https:\/\/www.agma.com\/sv\/wp-json\/wp\/v2\/tags?post=8849"}],"curies":[{"name":"wp","href":"https:\/\/api.w.org\/{rel}","templated":true}]}}