{"id":8851,"date":"2016-03-03T00:00:00","date_gmt":"2016-03-03T00:00:00","guid":{"rendered":"https:\/\/www.absolicon.com\/klimatkvall-for-investerare-pa-ostra-real-ostermalm\/"},"modified":"2020-07-21T07:49:43","modified_gmt":"2020-07-21T07:49:43","slug":"klimatkvall-for-investerare-pa-ostra-real-ostermalm","status":"publish","type":"post","link":"https:\/\/www.agma.com\/sv\/klimatkvall-for-investerare-pa-ostra-real-ostermalm\/","title":{"rendered":"Klimatkv\u00e4ll f\u00f6r investerare p\u00e5 \u00d6stra Real, \u00d6stermalm"},"content":{"rendered":"<figure id=\"attachment_3224\" aria-describedby=\"caption-attachment-3224\" style=\"width: 279px\" class=\"wp-caption alignright\"><img fetchpriority=\"high\" decoding=\"async\" class=\"size-medium wp-image-3224\" title=\"Eiffeltornet under klimatf\u00f6rhandlingarna i Paris december 2016\" src=\"https:\/\/www.agma.comwp-content\/uploads\/2016\/03\/eiffel-action_high-279x300.jpg\" alt=\"Eiffeltornet under klimatf\u00f6rhandlingarna i Paris december 2016\" width=\"279\" height=\"300\"><figcaption id=\"caption-attachment-3224\" class=\"wp-caption-text\">Eiffeltornet under klimatf\u00f6rhandlingarna i Paris december 2016<\/figcaption><\/figure>\n<p title=\"Eiffeltornet under klimatf\u00f6rhandlingarna i Paris december 2016\">[ingress]Den stora omst\u00e4llning som v\u00e4rldens l\u00e4nder genom Paris\u00f6verenskommelsen har enats om inneb\u00e4r stora utmaningar men ocks\u00e5 stora m\u00f6jligheter. Klimatkv\u00e4llen vill visa hur industrier och institutionella investerare p\u00e5verkas av omst\u00e4llningen av energisystemen och hur det p\u00e5verkar aktiesparare.[\/ingress]<\/p>\n<p>V\u00e4lkommen till f\u00f6redrag om l\u00e4get f\u00f6r klimatet efter Paris\u00f6verenskommelsen och hur Paris\u00f6verenskommelsen kommer att p\u00e5verka b\u00f6rser och investerare i framtiden. V\u00e4rldsnaturfonden visar den stora bilden med en presentation som tidigare bara visats exklusivt f\u00f6r Skandia, Swedbank, Styrelseakademien och Alecta.<\/p>\n<p>Absolicon som tillverkar koncentrerande solf\u00e5ngare presenterar sina framtidsplaner. I samarbete med Aktiespararna Stockholm Globen. Fri entr\u00e9 och enklare f\u00f6rt\u00e4ring.<\/p>\n<h5>Program onsdag 23 mars 2016<\/h5>\n<p><strong>18:00 L\u00e4ttare f\u00f6rt\u00e4ring och mingel med f\u00f6rel\u00e4sarna<\/strong><\/p>\n<p><strong>18:30<\/strong> Inledning och presentationer<\/p>\n<p><strong>18:45<\/strong> Stefan Henningsson p\u00e5 V\u00e4rldsnaturfonden som ber\u00e4ttar hur bolagsv\u00e4rden och hela l\u00e4nder kommer att p\u00e5verkas av Paris\u00f6verenskommelsen d\u00e5 kol och olja m\u00e5ste l\u00e4mnas kvar i marken och v\u00e4rldens l\u00e4nder byta fr\u00e5n fossila br\u00e4nslen till f\u00f6rnyelsebar energi. Stora investerare anpassar redan sina portf\u00f6ljer efter de nya signalerna. Hur p\u00e5verkar detta aktiesparare, var finns risker och m\u00f6jligheter?<\/p>\n<p><strong>19:30 <\/strong>Joakim Bystr\u00f6m fr\u00e5n Absolicon som ber\u00e4ttar om hur sol\u00e5nga och solkyla kan hj\u00e4lpa l\u00e4nderna n\u00e5 sina klimatl\u00f6ften fr\u00e5n Paris\u00f6verenskommelsen,&nbsp;hur f\u00f6retaget planerar pilotinstallationer hos multinationella f\u00f6retag och om Absolicons erbjudande i den p\u00e5g\u00e5ende emissionen<\/p>\n<p><strong>20:15<\/strong> Diskussion och fr\u00e5gestund<\/p>\n<p><strong>20:30<\/strong> Avslutning<\/p>\n<p><em>Klimatkv\u00e4llen h\u00e5lls p\u00e5 gymnasieskolan \u00d6stra Real p\u00e5 \u00d6stermalm, Stockholm. T-banestation Karlaplan eller Stadion<\/em><\/p>\n<p><strong>Anm\u00e4l dig till klimatkv\u00e4llen genom epost till <a href=\"mailto:ekonomi@absolicon.com\" target=\"_blank\" rel=\"noopener noreferrer\">ekonomi@absolicon.com<\/a> eller ring <em>0611-55 70 00<\/em><\/strong><\/p>\n<p>&nbsp;<\/p>\n<p style=\"text-align: right;\"><em>Publicerad 2016-03-03<\/em><\/p>\n","protected":false},"excerpt":{"rendered":"<p>[ingress]Den stora omst\u00e4llning som v\u00e4rldens l\u00e4nder genom Paris\u00f6verenskommelsen har enats om inneb\u00e4r stora utmaningar men ocks\u00e5 stora m\u00f6jligheter. Klimatkv\u00e4llen vill visa hur industrier och institutionella investerare p\u00e5verkas av omst\u00e4llningen av energisystemen och hur det p\u00e5verkar aktiesparare.[\/ingress] V\u00e4lkommen till f\u00f6redrag om l\u00e4get f\u00f6r klimatet efter Paris\u00f6verenskommelsen och hur Paris\u00f6verenskommelsen kommer att p\u00e5verka b\u00f6rser och investerare i [&hellip;]<\/p>\n","protected":false},"author":1,"featured_media":9227,"comment_status":"open","ping_status":"open","sticky":false,"template":"","format":"standard","meta":{"_acf_changed":false,"footnotes":""},"categories":[2],"tags":[],"class_list":["post-8851","post","type-post","status-publish","format-standard","has-post-thumbnail","hentry","category-okategoriserad"],"acf":[],"yoast_head":"<!-- This site is optimized with the Yoast SEO plugin v27.4 - https:\/\/yoast.com\/product\/yoast-seo-wordpress\/ -->\n<title>Klimatkv\u00e4ll f\u00f6r investerare p\u00e5 \u00d6stra Real, \u00d6stermalm - Absolicon<\/title>\n<meta name=\"robots\" content=\"index, follow, max-snippet:-1, max-image-preview:large, max-video-preview:-1\" \/>\n<link rel=\"canonical\" href=\"https:\/\/www.agma.com\/sv\/klimatkvall-for-investerare-pa-ostra-real-ostermalm\/\" \/>\n<meta property=\"og:locale\" content=\"sv_SE\" \/>\n<meta property=\"og:type\" content=\"article\" \/>\n<meta property=\"og:title\" content=\"Klimatkv\u00e4ll f\u00f6r investerare p\u00e5 \u00d6stra Real, \u00d6stermalm - Absolicon\" \/>\n<meta property=\"og:description\" content=\"[ingress]Den stora omst\u00e4llning som v\u00e4rldens l\u00e4nder genom Paris\u00f6verenskommelsen har enats om inneb\u00e4r stora utmaningar men ocks\u00e5 stora m\u00f6jligheter. Klimatkv\u00e4llen vill visa hur industrier och institutionella investerare p\u00e5verkas av omst\u00e4llningen av energisystemen och hur det p\u00e5verkar aktiesparare.[\/ingress] V\u00e4lkommen till f\u00f6redrag om l\u00e4get f\u00f6r klimatet efter Paris\u00f6verenskommelsen och hur Paris\u00f6verenskommelsen kommer att p\u00e5verka b\u00f6rser och investerare i [&hellip;]\" \/>\n<meta property=\"og:url\" content=\"https:\/\/www.agma.com\/sv\/klimatkvall-for-investerare-pa-ostra-real-ostermalm\/\" \/>\n<meta property=\"og:site_name\" content=\"Absolicon\" \/>\n<meta property=\"article:published_time\" content=\"2016-03-03T00:00:00+00:00\" \/>\n<meta property=\"article:modified_time\" content=\"2020-07-21T07:49:43+00:00\" \/>\n<meta property=\"og:image\" content=\"https:\/\/www.agma.com\/wp-content\/uploads\/2020\/07\/45f619cf4c75ebf6cfdc02b75263e8.jpg\" \/>\n\t<meta property=\"og:image:width\" content=\"720\" \/>\n\t<meta property=\"og:image:height\" content=\"250\" \/>\n\t<meta property=\"og:image:type\" content=\"image\/jpeg\" \/>\n<meta name=\"author\" content=\"jakubschenk\" \/>\n<meta name=\"twitter:card\" content=\"summary_large_image\" \/>\n<meta name=\"twitter:label1\" content=\"Skriven av\" \/>\n\t<meta name=\"twitter:data1\" content=\"jakubschenk\" \/>\n<script type=\"application\/ld+json\" class=\"yoast-schema-graph\">{\"@context\":\"https:\\\/\\\/schema.org\",\"@graph\":[{\"@type\":\"Article\",\"@id\":\"https:\\\/\\\/www.agma.com\\\/sv\\\/klimatkvall-for-investerare-pa-ostra-real-ostermalm\\\/#article\",\"isPartOf\":{\"@id\":\"https:\\\/\\\/www.agma.com\\\/sv\\\/klimatkvall-for-investerare-pa-ostra-real-ostermalm\\\/\"},\"author\":{\"name\":\"jakubschenk\",\"@id\":\"https:\\\/\\\/www.agma.com\\\/sv\\\/#\\\/schema\\\/person\\\/6820b3ce1cc37edbaecc979090760d8b\"},\"headline\":\"Klimatkv\u00e4ll f\u00f6r investerare p\u00e5 \u00d6stra Real, \u00d6stermalm\",\"datePublished\":\"2016-03-03T00:00:00+00:00\",\"dateModified\":\"2020-07-21T07:49:43+00:00\",\"mainEntityOfPage\":{\"@id\":\"https:\\\/\\\/www.agma.com\\\/sv\\\/klimatkvall-for-investerare-pa-ostra-real-ostermalm\\\/\"},\"wordCount\":317,\"commentCount\":0,\"publisher\":{\"@id\":\"https:\\\/\\\/www.agma.com\\\/sv\\\/#organization\"},\"image\":{\"@id\":\"https:\\\/\\\/www.agma.com\\\/sv\\\/klimatkvall-for-investerare-pa-ostra-real-ostermalm\\\/#primaryimage\"},\"thumbnailUrl\":\"https:\\\/\\\/www.agma.com\\\/wp-content\\\/uploads\\\/2020\\\/07\\\/45f619cf4c75ebf6cfdc02b75263e8.jpg\",\"articleSection\":[\"Okategoriserad\"],\"inLanguage\":\"sv-SE\",\"potentialAction\":[{\"@type\":\"CommentAction\",\"name\":\"Comment\",\"target\":[\"https:\\\/\\\/www.agma.com\\\/sv\\\/klimatkvall-for-investerare-pa-ostra-real-ostermalm\\\/#respond\"]}]},{\"@type\":\"WebPage\",\"@id\":\"https:\\\/\\\/www.agma.com\\\/sv\\\/klimatkvall-for-investerare-pa-ostra-real-ostermalm\\\/\",\"url\":\"https:\\\/\\\/www.agma.com\\\/sv\\\/klimatkvall-for-investerare-pa-ostra-real-ostermalm\\\/\",\"name\":\"Klimatkv\u00e4ll f\u00f6r investerare p\u00e5 \u00d6stra Real, \u00d6stermalm - Absolicon\",\"isPartOf\":{\"@id\":\"https:\\\/\\\/www.agma.com\\\/sv\\\/#website\"},\"primaryImageOfPage\":{\"@id\":\"https:\\\/\\\/www.agma.com\\\/sv\\\/klimatkvall-for-investerare-pa-ostra-real-ostermalm\\\/#primaryimage\"},\"image\":{\"@id\":\"https:\\\/\\\/www.agma.com\\\/sv\\\/klimatkvall-for-investerare-pa-ostra-real-ostermalm\\\/#primaryimage\"},\"thumbnailUrl\":\"https:\\\/\\\/www.agma.com\\\/wp-content\\\/uploads\\\/2020\\\/07\\\/45f619cf4c75ebf6cfdc02b75263e8.jpg\",\"datePublished\":\"2016-03-03T00:00:00+00:00\",\"dateModified\":\"2020-07-21T07:49:43+00:00\",\"breadcrumb\":{\"@id\":\"https:\\\/\\\/www.agma.com\\\/sv\\\/klimatkvall-for-investerare-pa-ostra-real-ostermalm\\\/#breadcrumb\"},\"inLanguage\":\"sv-SE\",\"potentialAction\":[{\"@type\":\"ReadAction\",\"target\":[\"https:\\\/\\\/www.agma.com\\\/sv\\\/klimatkvall-for-investerare-pa-ostra-real-ostermalm\\\/\"]}]},{\"@type\":\"ImageObject\",\"inLanguage\":\"sv-SE\",\"@id\":\"https:\\\/\\\/www.agma.com\\\/sv\\\/klimatkvall-for-investerare-pa-ostra-real-ostermalm\\\/#primaryimage\",\"url\":\"https:\\\/\\\/www.agma.com\\\/wp-content\\\/uploads\\\/2020\\\/07\\\/45f619cf4c75ebf6cfdc02b75263e8.jpg\",\"contentUrl\":\"https:\\\/\\\/www.agma.com\\\/wp-content\\\/uploads\\\/2020\\\/07\\\/45f619cf4c75ebf6cfdc02b75263e8.jpg\",\"width\":720,\"height\":250},{\"@type\":\"BreadcrumbList\",\"@id\":\"https:\\\/\\\/www.agma.com\\\/sv\\\/klimatkvall-for-investerare-pa-ostra-real-ostermalm\\\/#breadcrumb\",\"itemListElement\":[{\"@type\":\"ListItem\",\"position\":1,\"name\":\"Home\",\"item\":\"https:\\\/\\\/www.agma.com\\\/sv\\\/\"},{\"@type\":\"ListItem\",\"position\":2,\"name\":\"Klimatkv\u00e4ll f\u00f6r investerare p\u00e5 \u00d6stra Real, \u00d6stermalm\"}]},{\"@type\":\"WebSite\",\"@id\":\"https:\\\/\\\/www.agma.com\\\/sv\\\/#website\",\"url\":\"https:\\\/\\\/www.agma.com\\\/sv\\\/\",\"name\":\"Absolicon\",\"description\":\"\",\"publisher\":{\"@id\":\"https:\\\/\\\/www.agma.com\\\/sv\\\/#organization\"},\"potentialAction\":[{\"@type\":\"SearchAction\",\"target\":{\"@type\":\"EntryPoint\",\"urlTemplate\":\"https:\\\/\\\/www.agma.com\\\/sv\\\/?s={search_term_string}\"},\"query-input\":{\"@type\":\"PropertyValueSpecification\",\"valueRequired\":true,\"valueName\":\"search_term_string\"}}],\"inLanguage\":\"sv-SE\"},{\"@type\":\"Organization\",\"@id\":\"https:\\\/\\\/www.agma.com\\\/sv\\\/#organization\",\"name\":\"Absolicon\",\"url\":\"https:\\\/\\\/www.agma.com\\\/sv\\\/\",\"logo\":{\"@type\":\"ImageObject\",\"inLanguage\":\"sv-SE\",\"@id\":\"https:\\\/\\\/www.agma.com\\\/sv\\\/#\\\/schema\\\/logo\\\/image\\\/\",\"url\":\"https:\\\/\\\/www.agma.com\\\/wp-content\\\/uploads\\\/2026\\\/04\\\/logotype_neg_blk.svg\",\"contentUrl\":\"https:\\\/\\\/www.agma.com\\\/wp-content\\\/uploads\\\/2026\\\/04\\\/logotype_neg_blk.svg\",\"width\":705,\"height\":83,\"caption\":\"Absolicon\"},\"image\":{\"@id\":\"https:\\\/\\\/www.agma.com\\\/sv\\\/#\\\/schema\\\/logo\\\/image\\\/\"}},{\"@type\":\"Person\",\"@id\":\"https:\\\/\\\/www.agma.com\\\/sv\\\/#\\\/schema\\\/person\\\/6820b3ce1cc37edbaecc979090760d8b\",\"name\":\"jakubschenk\",\"image\":{\"@type\":\"ImageObject\",\"inLanguage\":\"sv-SE\",\"@id\":\"https:\\\/\\\/secure.gravatar.com\\\/avatar\\\/0ab843002d4a58702560e02354e5f9a3206e13bbfaa9df5a188e463870f605cd?s=96&d=mm&r=g\",\"url\":\"https:\\\/\\\/secure.gravatar.com\\\/avatar\\\/0ab843002d4a58702560e02354e5f9a3206e13bbfaa9df5a188e463870f605cd?s=96&d=mm&r=g\",\"contentUrl\":\"https:\\\/\\\/secure.gravatar.com\\\/avatar\\\/0ab843002d4a58702560e02354e5f9a3206e13bbfaa9df5a188e463870f605cd?s=96&d=mm&r=g\",\"caption\":\"jakubschenk\"},\"sameAs\":[\"https:\\\/\\\/www.agma.com\"],\"url\":\"https:\\\/\\\/www.agma.com\\\/sv\\\/author\\\/jakubschenk\\\/\"}]}<\/script>\n<!-- \/ Yoast SEO plugin. -->","yoast_head_json":{"title":"Klimatkv\u00e4ll f\u00f6r investerare p\u00e5 \u00d6stra Real, \u00d6stermalm - Absolicon","robots":{"index":"index","follow":"follow","max-snippet":"max-snippet:-1","max-image-preview":"max-image-preview:large","max-video-preview":"max-video-preview:-1"},"canonical":"https:\/\/www.agma.com\/sv\/klimatkvall-for-investerare-pa-ostra-real-ostermalm\/","og_locale":"sv_SE","og_type":"article","og_title":"Klimatkv\u00e4ll f\u00f6r investerare p\u00e5 \u00d6stra Real, \u00d6stermalm - Absolicon","og_description":"[ingress]Den stora omst\u00e4llning som v\u00e4rldens l\u00e4nder genom Paris\u00f6verenskommelsen har enats om inneb\u00e4r stora utmaningar men ocks\u00e5 stora m\u00f6jligheter. Klimatkv\u00e4llen vill visa hur industrier och institutionella investerare p\u00e5verkas av omst\u00e4llningen av energisystemen och hur det p\u00e5verkar aktiesparare.[\/ingress] V\u00e4lkommen till f\u00f6redrag om l\u00e4get f\u00f6r klimatet efter Paris\u00f6verenskommelsen och hur Paris\u00f6verenskommelsen kommer att p\u00e5verka b\u00f6rser och investerare i [&hellip;]","og_url":"https:\/\/www.agma.com\/sv\/klimatkvall-for-investerare-pa-ostra-real-ostermalm\/","og_site_name":"Absolicon","article_published_time":"2016-03-03T00:00:00+00:00","article_modified_time":"2020-07-21T07:49:43+00:00","og_image":[{"width":720,"height":250,"url":"https:\/\/www.agma.com\/wp-content\/uploads\/2020\/07\/45f619cf4c75ebf6cfdc02b75263e8.jpg","type":"image\/jpeg"}],"author":"jakubschenk","twitter_card":"summary_large_image","twitter_misc":{"Skriven av":"jakubschenk"},"schema":{"@context":"https:\/\/schema.org","@graph":[{"@type":"Article","@id":"https:\/\/www.agma.com\/sv\/klimatkvall-for-investerare-pa-ostra-real-ostermalm\/#article","isPartOf":{"@id":"https:\/\/www.agma.com\/sv\/klimatkvall-for-investerare-pa-ostra-real-ostermalm\/"},"author":{"name":"jakubschenk","@id":"https:\/\/www.agma.com\/sv\/#\/schema\/person\/6820b3ce1cc37edbaecc979090760d8b"},"headline":"Klimatkv\u00e4ll f\u00f6r investerare p\u00e5 \u00d6stra Real, \u00d6stermalm","datePublished":"2016-03-03T00:00:00+00:00","dateModified":"2020-07-21T07:49:43+00:00","mainEntityOfPage":{"@id":"https:\/\/www.agma.com\/sv\/klimatkvall-for-investerare-pa-ostra-real-ostermalm\/"},"wordCount":317,"commentCount":0,"publisher":{"@id":"https:\/\/www.agma.com\/sv\/#organization"},"image":{"@id":"https:\/\/www.agma.com\/sv\/klimatkvall-for-investerare-pa-ostra-real-ostermalm\/#primaryimage"},"thumbnailUrl":"https:\/\/www.agma.com\/wp-content\/uploads\/2020\/07\/45f619cf4c75ebf6cfdc02b75263e8.jpg","articleSection":["Okategoriserad"],"inLanguage":"sv-SE","potentialAction":[{"@type":"CommentAction","name":"Comment","target":["https:\/\/www.agma.com\/sv\/klimatkvall-for-investerare-pa-ostra-real-ostermalm\/#respond"]}]},{"@type":"WebPage","@id":"https:\/\/www.agma.com\/sv\/klimatkvall-for-investerare-pa-ostra-real-ostermalm\/","url":"https:\/\/www.agma.com\/sv\/klimatkvall-for-investerare-pa-ostra-real-ostermalm\/","name":"Klimatkv\u00e4ll f\u00f6r investerare p\u00e5 \u00d6stra Real, \u00d6stermalm - Absolicon","isPartOf":{"@id":"https:\/\/www.agma.com\/sv\/#website"},"primaryImageOfPage":{"@id":"https:\/\/www.agma.com\/sv\/klimatkvall-for-investerare-pa-ostra-real-ostermalm\/#primaryimage"},"image":{"@id":"https:\/\/www.agma.com\/sv\/klimatkvall-for-investerare-pa-ostra-real-ostermalm\/#primaryimage"},"thumbnailUrl":"https:\/\/www.agma.com\/wp-content\/uploads\/2020\/07\/45f619cf4c75ebf6cfdc02b75263e8.jpg","datePublished":"2016-03-03T00:00:00+00:00","dateModified":"2020-07-21T07:49:43+00:00","breadcrumb":{"@id":"https:\/\/www.agma.com\/sv\/klimatkvall-for-investerare-pa-ostra-real-ostermalm\/#breadcrumb"},"inLanguage":"sv-SE","potentialAction":[{"@type":"ReadAction","target":["https:\/\/www.agma.com\/sv\/klimatkvall-for-investerare-pa-ostra-real-ostermalm\/"]}]},{"@type":"ImageObject","inLanguage":"sv-SE","@id":"https:\/\/www.agma.com\/sv\/klimatkvall-for-investerare-pa-ostra-real-ostermalm\/#primaryimage","url":"https:\/\/www.agma.com\/wp-content\/uploads\/2020\/07\/45f619cf4c75ebf6cfdc02b75263e8.jpg","contentUrl":"https:\/\/www.agma.com\/wp-content\/uploads\/2020\/07\/45f619cf4c75ebf6cfdc02b75263e8.jpg","width":720,"height":250},{"@type":"BreadcrumbList","@id":"https:\/\/www.agma.com\/sv\/klimatkvall-for-investerare-pa-ostra-real-ostermalm\/#breadcrumb","itemListElement":[{"@type":"ListItem","position":1,"name":"Home","item":"https:\/\/www.agma.com\/sv\/"},{"@type":"ListItem","position":2,"name":"Klimatkv\u00e4ll f\u00f6r investerare p\u00e5 \u00d6stra Real, \u00d6stermalm"}]},{"@type":"WebSite","@id":"https:\/\/www.agma.com\/sv\/#website","url":"https:\/\/www.agma.com\/sv\/","name":"Absolicon","description":"","publisher":{"@id":"https:\/\/www.agma.com\/sv\/#organization"},"potentialAction":[{"@type":"SearchAction","target":{"@type":"EntryPoint","urlTemplate":"https:\/\/www.agma.com\/sv\/?s={search_term_string}"},"query-input":{"@type":"PropertyValueSpecification","valueRequired":true,"valueName":"search_term_string"}}],"inLanguage":"sv-SE"},{"@type":"Organization","@id":"https:\/\/www.agma.com\/sv\/#organization","name":"Absolicon","url":"https:\/\/www.agma.com\/sv\/","logo":{"@type":"ImageObject","inLanguage":"sv-SE","@id":"https:\/\/www.agma.com\/sv\/#\/schema\/logo\/image\/","url":"https:\/\/www.agma.com\/wp-content\/uploads\/2026\/04\/logotype_neg_blk.svg","contentUrl":"https:\/\/www.agma.com\/wp-content\/uploads\/2026\/04\/logotype_neg_blk.svg","width":705,"height":83,"caption":"Absolicon"},"image":{"@id":"https:\/\/www.agma.com\/sv\/#\/schema\/logo\/image\/"}},{"@type":"Person","@id":"https:\/\/www.agma.com\/sv\/#\/schema\/person\/6820b3ce1cc37edbaecc979090760d8b","name":"jakubschenk","image":{"@type":"ImageObject","inLanguage":"sv-SE","@id":"https:\/\/secure.gravatar.com\/avatar\/0ab843002d4a58702560e02354e5f9a3206e13bbfaa9df5a188e463870f605cd?s=96&d=mm&r=g","url":"https:\/\/secure.gravatar.com\/avatar\/0ab843002d4a58702560e02354e5f9a3206e13bbfaa9df5a188e463870f605cd?s=96&d=mm&r=g","contentUrl":"https:\/\/secure.gravatar.com\/avatar\/0ab843002d4a58702560e02354e5f9a3206e13bbfaa9df5a188e463870f605cd?s=96&d=mm&r=g","caption":"jakubschenk"},"sameAs":["https:\/\/www.agma.com"],"url":"https:\/\/www.agma.com\/sv\/author\/jakubschenk\/"}]}},"_links":{"self":[{"href":"https:\/\/www.agma.com\/sv\/wp-json\/wp\/v2\/posts\/8851","targetHints":{"allow":["GET"]}}],"collection":[{"href":"https:\/\/www.agma.com\/sv\/wp-json\/wp\/v2\/posts"}],"about":[{"href":"https:\/\/www.agma.com\/sv\/wp-json\/wp\/v2\/types\/post"}],"author":[{"embeddable":true,"href":"https:\/\/www.agma.com\/sv\/wp-json\/wp\/v2\/users\/1"}],"replies":[{"embeddable":true,"href":"https:\/\/www.agma.com\/sv\/wp-json\/wp\/v2\/comments?post=8851"}],"version-history":[{"count":1,"href":"https:\/\/www.agma.com\/sv\/wp-json\/wp\/v2\/posts\/8851\/revisions"}],"predecessor-version":[{"id":9229,"href":"https:\/\/www.agma.com\/sv\/wp-json\/wp\/v2\/posts\/8851\/revisions\/9229"}],"wp:featuredmedia":[{"embeddable":true,"href":"https:\/\/www.agma.com\/sv\/wp-json\/wp\/v2\/media\/9227"}],"wp:attachment":[{"href":"https:\/\/www.agma.com\/sv\/wp-json\/wp\/v2\/media?parent=8851"}],"wp:term":[{"taxonomy":"category","embeddable":true,"href":"https:\/\/www.agma.com\/sv\/wp-json\/wp\/v2\/categories?post=8851"},{"taxonomy":"post_tag","embeddable":true,"href":"https:\/\/www.agma.com\/sv\/wp-json\/wp\/v2\/tags?post=8851"}],"curies":[{"name":"wp","href":"https:\/\/api.w.org\/{rel}","templated":true}]}}