{"id":8854,"date":"2016-05-08T00:00:00","date_gmt":"2016-05-08T00:00:00","guid":{"rendered":"https:\/\/www.absolicon.com\/planerat-noteringsdatum\/"},"modified":"2016-05-08T00:00:00","modified_gmt":"2016-05-08T00:00:00","slug":"planerat-noteringsdatum","status":"publish","type":"post","link":"https:\/\/www.agma.com\/sv\/planerat-noteringsdatum\/","title":{"rendered":"Planerat noteringsdatum"},"content":{"rendered":"<p>[ingress]Styrelsens bed\u00f6mer att godk\u00e4nnande om upptagande till handel vid Aktietorget kommer att erh\u00e5llas inom kort och har inriktat sig p\u00e5 den 8 juni som nytt planerat datum f\u00f6r f\u00f6rsta handelsdag.[\/ingress]<\/p>\n<p>Inf\u00f6r f\u00f6rberedelserna f\u00f6r den nyligen avslutade nyemissionen i Absolicon antogs att den f\u00f6rsta handelsdagen i Bolagets aktie till den 9 maj 2016. Emissionen, som tecknades till 210%, har nu slutf\u00f6rts och Absolicon har tillf\u00f6rts 12,7 MSEK i emissionslikvid.<\/p>\n<p>Uppslutningen i emissionen var stor, och inbetalningar fr\u00e5n vissa tecknare inkom sent, men nu kommer emissionen att registreras och de nya aktierna levereras till respektive \u00e4gares v\u00e4rdepapperskonto eller dep\u00e5 s\u00e5 snart Bolagsverket \u00e4r klara.<\/p>\n<p>\u00c4ven den legala genomlysning av Bolaget som genomf\u00f6rts inf\u00f6r noteringen \u00e4r slutf\u00f6rd, och Bolagets st\u00e4llning och \u00e4garspridning har st\u00e4rkts ytterligare efter nyemissionen. Arbetsbelastningen vid Aktietorgets noteringsavdelning har varit stor under v\u00e5ren, men det \u00e4r styrelsens bed\u00f6mning att slutligt godk\u00e4nnande om upptagande till handel vid Aktietorget kommer att erh\u00e5llas inom kort.<\/p>\n<p>Mot bakgrund av ovanst\u00e5ende faktorer har Styrelsen d\u00e4rf\u00f6r inriktat sig p\u00e5 den 8 juni som nytt planerat datum f\u00f6r f\u00f6rsta dag f\u00f6r handel.<\/p>\n<p>&nbsp;<\/p>\n<p><strong>Uppdatering 17\/6:<\/strong><\/p>\n<p><strong>Vi planerar nu f\u00f6r noteringen p\u00e5 Aktietorget i juni 2016.<\/strong> <strong>Allt har varit klart fr\u00e5n v\u00e5r sida i flera veckor, men v\u00e5r fondkommission\u00e4r och Aktietorget har fortfarande sm\u00e5 saker som de m\u00e5ste g\u00f6ra innan vi kan b\u00f6rja handeln. Inom n\u00e5gra dagar \u00e4r det klart och d\u00e5 g\u00e5r vi ut med ett utskick med pressrelease, och nyhetsbrev till aktie\u00e4gare.<\/strong><\/p>\n<p><strong>Aktietorget har publicerat f\u00f6ljande pressrelease:<\/strong><\/p>\n<p><a href=\"https:\/\/www.aktietorget.se\/NewsItem.aspx?ID=79130 \">AktieTorget: Absolicon Solar Collector AB godk\u00e4nt f\u00f6r notering<\/a><\/p>\n<p>&nbsp;<\/p>\n<p style=\"text-align: right;\"><em>Publicerad 2016-05-08<\/em><\/p>\n","protected":false},"excerpt":{"rendered":"<p>[ingress]Styrelsens bed\u00f6mer att godk\u00e4nnande om upptagande till handel vid Aktietorget kommer att erh\u00e5llas inom kort och har inriktat sig p\u00e5 den 8 juni som nytt planerat datum f\u00f6r f\u00f6rsta handelsdag.[\/ingress] Inf\u00f6r f\u00f6rberedelserna f\u00f6r den nyligen avslutade nyemissionen i Absolicon antogs att den f\u00f6rsta handelsdagen i Bolagets aktie till den 9 maj 2016. Emissionen, som tecknades [&hellip;]<\/p>\n","protected":false},"author":1,"featured_media":0,"comment_status":"open","ping_status":"open","sticky":false,"template":"","format":"standard","meta":{"_acf_changed":false,"footnotes":""},"categories":[],"tags":[],"class_list":["post-8854","post","type-post","status-publish","format-standard","hentry"],"acf":[],"yoast_head":"<!-- This site is optimized with the Yoast SEO plugin v27.4 - https:\/\/yoast.com\/product\/yoast-seo-wordpress\/ -->\n<title>Planerat noteringsdatum - Absolicon<\/title>\n<meta name=\"robots\" content=\"index, follow, max-snippet:-1, max-image-preview:large, max-video-preview:-1\" \/>\n<link rel=\"canonical\" href=\"https:\/\/www.agma.com\/sv\/planerat-noteringsdatum\/\" \/>\n<meta property=\"og:locale\" content=\"sv_SE\" \/>\n<meta property=\"og:type\" content=\"article\" \/>\n<meta property=\"og:title\" content=\"Planerat noteringsdatum - Absolicon\" \/>\n<meta property=\"og:description\" content=\"[ingress]Styrelsens bed\u00f6mer att godk\u00e4nnande om upptagande till handel vid Aktietorget kommer att erh\u00e5llas inom kort och har inriktat sig p\u00e5 den 8 juni som nytt planerat datum f\u00f6r f\u00f6rsta handelsdag.[\/ingress] Inf\u00f6r f\u00f6rberedelserna f\u00f6r den nyligen avslutade nyemissionen i Absolicon antogs att den f\u00f6rsta handelsdagen i Bolagets aktie till den 9 maj 2016. Emissionen, som tecknades [&hellip;]\" \/>\n<meta property=\"og:url\" content=\"https:\/\/www.agma.com\/sv\/planerat-noteringsdatum\/\" \/>\n<meta property=\"og:site_name\" content=\"Absolicon\" \/>\n<meta property=\"article:published_time\" content=\"2016-05-08T00:00:00+00:00\" \/>\n<meta name=\"author\" content=\"jakubschenk\" \/>\n<meta name=\"twitter:card\" content=\"summary_large_image\" \/>\n<meta name=\"twitter:label1\" content=\"Skriven av\" \/>\n\t<meta name=\"twitter:data1\" content=\"jakubschenk\" \/>\n<script type=\"application\/ld+json\" class=\"yoast-schema-graph\">{\"@context\":\"https:\\\/\\\/schema.org\",\"@graph\":[{\"@type\":\"Article\",\"@id\":\"https:\\\/\\\/www.agma.com\\\/sv\\\/planerat-noteringsdatum\\\/#article\",\"isPartOf\":{\"@id\":\"https:\\\/\\\/www.agma.com\\\/sv\\\/planerat-noteringsdatum\\\/\"},\"author\":{\"name\":\"jakubschenk\",\"@id\":\"https:\\\/\\\/www.agma.com\\\/sv\\\/#\\\/schema\\\/person\\\/6820b3ce1cc37edbaecc979090760d8b\"},\"headline\":\"Planerat noteringsdatum\",\"datePublished\":\"2016-05-08T00:00:00+00:00\",\"mainEntityOfPage\":{\"@id\":\"https:\\\/\\\/www.agma.com\\\/sv\\\/planerat-noteringsdatum\\\/\"},\"wordCount\":291,\"commentCount\":0,\"publisher\":{\"@id\":\"https:\\\/\\\/www.agma.com\\\/sv\\\/#organization\"},\"inLanguage\":\"sv-SE\",\"potentialAction\":[{\"@type\":\"CommentAction\",\"name\":\"Comment\",\"target\":[\"https:\\\/\\\/www.agma.com\\\/sv\\\/planerat-noteringsdatum\\\/#respond\"]}]},{\"@type\":\"WebPage\",\"@id\":\"https:\\\/\\\/www.agma.com\\\/sv\\\/planerat-noteringsdatum\\\/\",\"url\":\"https:\\\/\\\/www.agma.com\\\/sv\\\/planerat-noteringsdatum\\\/\",\"name\":\"Planerat noteringsdatum - Absolicon\",\"isPartOf\":{\"@id\":\"https:\\\/\\\/www.agma.com\\\/sv\\\/#website\"},\"datePublished\":\"2016-05-08T00:00:00+00:00\",\"breadcrumb\":{\"@id\":\"https:\\\/\\\/www.agma.com\\\/sv\\\/planerat-noteringsdatum\\\/#breadcrumb\"},\"inLanguage\":\"sv-SE\",\"potentialAction\":[{\"@type\":\"ReadAction\",\"target\":[\"https:\\\/\\\/www.agma.com\\\/sv\\\/planerat-noteringsdatum\\\/\"]}]},{\"@type\":\"BreadcrumbList\",\"@id\":\"https:\\\/\\\/www.agma.com\\\/sv\\\/planerat-noteringsdatum\\\/#breadcrumb\",\"itemListElement\":[{\"@type\":\"ListItem\",\"position\":1,\"name\":\"Home\",\"item\":\"https:\\\/\\\/www.agma.com\\\/sv\\\/\"},{\"@type\":\"ListItem\",\"position\":2,\"name\":\"Planerat noteringsdatum\"}]},{\"@type\":\"WebSite\",\"@id\":\"https:\\\/\\\/www.agma.com\\\/sv\\\/#website\",\"url\":\"https:\\\/\\\/www.agma.com\\\/sv\\\/\",\"name\":\"Absolicon\",\"description\":\"\",\"publisher\":{\"@id\":\"https:\\\/\\\/www.agma.com\\\/sv\\\/#organization\"},\"potentialAction\":[{\"@type\":\"SearchAction\",\"target\":{\"@type\":\"EntryPoint\",\"urlTemplate\":\"https:\\\/\\\/www.agma.com\\\/sv\\\/?s={search_term_string}\"},\"query-input\":{\"@type\":\"PropertyValueSpecification\",\"valueRequired\":true,\"valueName\":\"search_term_string\"}}],\"inLanguage\":\"sv-SE\"},{\"@type\":\"Organization\",\"@id\":\"https:\\\/\\\/www.agma.com\\\/sv\\\/#organization\",\"name\":\"Absolicon\",\"url\":\"https:\\\/\\\/www.agma.com\\\/sv\\\/\",\"logo\":{\"@type\":\"ImageObject\",\"inLanguage\":\"sv-SE\",\"@id\":\"https:\\\/\\\/www.agma.com\\\/sv\\\/#\\\/schema\\\/logo\\\/image\\\/\",\"url\":\"https:\\\/\\\/www.agma.com\\\/wp-content\\\/uploads\\\/2026\\\/04\\\/logotype_neg_blk.svg\",\"contentUrl\":\"https:\\\/\\\/www.agma.com\\\/wp-content\\\/uploads\\\/2026\\\/04\\\/logotype_neg_blk.svg\",\"width\":705,\"height\":83,\"caption\":\"Absolicon\"},\"image\":{\"@id\":\"https:\\\/\\\/www.agma.com\\\/sv\\\/#\\\/schema\\\/logo\\\/image\\\/\"}},{\"@type\":\"Person\",\"@id\":\"https:\\\/\\\/www.agma.com\\\/sv\\\/#\\\/schema\\\/person\\\/6820b3ce1cc37edbaecc979090760d8b\",\"name\":\"jakubschenk\",\"image\":{\"@type\":\"ImageObject\",\"inLanguage\":\"sv-SE\",\"@id\":\"https:\\\/\\\/secure.gravatar.com\\\/avatar\\\/0ab843002d4a58702560e02354e5f9a3206e13bbfaa9df5a188e463870f605cd?s=96&d=mm&r=g\",\"url\":\"https:\\\/\\\/secure.gravatar.com\\\/avatar\\\/0ab843002d4a58702560e02354e5f9a3206e13bbfaa9df5a188e463870f605cd?s=96&d=mm&r=g\",\"contentUrl\":\"https:\\\/\\\/secure.gravatar.com\\\/avatar\\\/0ab843002d4a58702560e02354e5f9a3206e13bbfaa9df5a188e463870f605cd?s=96&d=mm&r=g\",\"caption\":\"jakubschenk\"},\"sameAs\":[\"https:\\\/\\\/www.agma.com\"],\"url\":\"https:\\\/\\\/www.agma.com\\\/sv\\\/author\\\/jakubschenk\\\/\"}]}<\/script>\n<!-- \/ Yoast SEO plugin. -->","yoast_head_json":{"title":"Planerat noteringsdatum - Absolicon","robots":{"index":"index","follow":"follow","max-snippet":"max-snippet:-1","max-image-preview":"max-image-preview:large","max-video-preview":"max-video-preview:-1"},"canonical":"https:\/\/www.agma.com\/sv\/planerat-noteringsdatum\/","og_locale":"sv_SE","og_type":"article","og_title":"Planerat noteringsdatum - Absolicon","og_description":"[ingress]Styrelsens bed\u00f6mer att godk\u00e4nnande om upptagande till handel vid Aktietorget kommer att erh\u00e5llas inom kort och har inriktat sig p\u00e5 den 8 juni som nytt planerat datum f\u00f6r f\u00f6rsta handelsdag.[\/ingress] Inf\u00f6r f\u00f6rberedelserna f\u00f6r den nyligen avslutade nyemissionen i Absolicon antogs att den f\u00f6rsta handelsdagen i Bolagets aktie till den 9 maj 2016. Emissionen, som tecknades [&hellip;]","og_url":"https:\/\/www.agma.com\/sv\/planerat-noteringsdatum\/","og_site_name":"Absolicon","article_published_time":"2016-05-08T00:00:00+00:00","author":"jakubschenk","twitter_card":"summary_large_image","twitter_misc":{"Skriven av":"jakubschenk"},"schema":{"@context":"https:\/\/schema.org","@graph":[{"@type":"Article","@id":"https:\/\/www.agma.com\/sv\/planerat-noteringsdatum\/#article","isPartOf":{"@id":"https:\/\/www.agma.com\/sv\/planerat-noteringsdatum\/"},"author":{"name":"jakubschenk","@id":"https:\/\/www.agma.com\/sv\/#\/schema\/person\/6820b3ce1cc37edbaecc979090760d8b"},"headline":"Planerat noteringsdatum","datePublished":"2016-05-08T00:00:00+00:00","mainEntityOfPage":{"@id":"https:\/\/www.agma.com\/sv\/planerat-noteringsdatum\/"},"wordCount":291,"commentCount":0,"publisher":{"@id":"https:\/\/www.agma.com\/sv\/#organization"},"inLanguage":"sv-SE","potentialAction":[{"@type":"CommentAction","name":"Comment","target":["https:\/\/www.agma.com\/sv\/planerat-noteringsdatum\/#respond"]}]},{"@type":"WebPage","@id":"https:\/\/www.agma.com\/sv\/planerat-noteringsdatum\/","url":"https:\/\/www.agma.com\/sv\/planerat-noteringsdatum\/","name":"Planerat noteringsdatum - Absolicon","isPartOf":{"@id":"https:\/\/www.agma.com\/sv\/#website"},"datePublished":"2016-05-08T00:00:00+00:00","breadcrumb":{"@id":"https:\/\/www.agma.com\/sv\/planerat-noteringsdatum\/#breadcrumb"},"inLanguage":"sv-SE","potentialAction":[{"@type":"ReadAction","target":["https:\/\/www.agma.com\/sv\/planerat-noteringsdatum\/"]}]},{"@type":"BreadcrumbList","@id":"https:\/\/www.agma.com\/sv\/planerat-noteringsdatum\/#breadcrumb","itemListElement":[{"@type":"ListItem","position":1,"name":"Home","item":"https:\/\/www.agma.com\/sv\/"},{"@type":"ListItem","position":2,"name":"Planerat noteringsdatum"}]},{"@type":"WebSite","@id":"https:\/\/www.agma.com\/sv\/#website","url":"https:\/\/www.agma.com\/sv\/","name":"Absolicon","description":"","publisher":{"@id":"https:\/\/www.agma.com\/sv\/#organization"},"potentialAction":[{"@type":"SearchAction","target":{"@type":"EntryPoint","urlTemplate":"https:\/\/www.agma.com\/sv\/?s={search_term_string}"},"query-input":{"@type":"PropertyValueSpecification","valueRequired":true,"valueName":"search_term_string"}}],"inLanguage":"sv-SE"},{"@type":"Organization","@id":"https:\/\/www.agma.com\/sv\/#organization","name":"Absolicon","url":"https:\/\/www.agma.com\/sv\/","logo":{"@type":"ImageObject","inLanguage":"sv-SE","@id":"https:\/\/www.agma.com\/sv\/#\/schema\/logo\/image\/","url":"https:\/\/www.agma.com\/wp-content\/uploads\/2026\/04\/logotype_neg_blk.svg","contentUrl":"https:\/\/www.agma.com\/wp-content\/uploads\/2026\/04\/logotype_neg_blk.svg","width":705,"height":83,"caption":"Absolicon"},"image":{"@id":"https:\/\/www.agma.com\/sv\/#\/schema\/logo\/image\/"}},{"@type":"Person","@id":"https:\/\/www.agma.com\/sv\/#\/schema\/person\/6820b3ce1cc37edbaecc979090760d8b","name":"jakubschenk","image":{"@type":"ImageObject","inLanguage":"sv-SE","@id":"https:\/\/secure.gravatar.com\/avatar\/0ab843002d4a58702560e02354e5f9a3206e13bbfaa9df5a188e463870f605cd?s=96&d=mm&r=g","url":"https:\/\/secure.gravatar.com\/avatar\/0ab843002d4a58702560e02354e5f9a3206e13bbfaa9df5a188e463870f605cd?s=96&d=mm&r=g","contentUrl":"https:\/\/secure.gravatar.com\/avatar\/0ab843002d4a58702560e02354e5f9a3206e13bbfaa9df5a188e463870f605cd?s=96&d=mm&r=g","caption":"jakubschenk"},"sameAs":["https:\/\/www.agma.com"],"url":"https:\/\/www.agma.com\/sv\/author\/jakubschenk\/"}]}},"_links":{"self":[{"href":"https:\/\/www.agma.com\/sv\/wp-json\/wp\/v2\/posts\/8854","targetHints":{"allow":["GET"]}}],"collection":[{"href":"https:\/\/www.agma.com\/sv\/wp-json\/wp\/v2\/posts"}],"about":[{"href":"https:\/\/www.agma.com\/sv\/wp-json\/wp\/v2\/types\/post"}],"author":[{"embeddable":true,"href":"https:\/\/www.agma.com\/sv\/wp-json\/wp\/v2\/users\/1"}],"replies":[{"embeddable":true,"href":"https:\/\/www.agma.com\/sv\/wp-json\/wp\/v2\/comments?post=8854"}],"version-history":[{"count":0,"href":"https:\/\/www.agma.com\/sv\/wp-json\/wp\/v2\/posts\/8854\/revisions"}],"wp:attachment":[{"href":"https:\/\/www.agma.com\/sv\/wp-json\/wp\/v2\/media?parent=8854"}],"wp:term":[{"taxonomy":"category","embeddable":true,"href":"https:\/\/www.agma.com\/sv\/wp-json\/wp\/v2\/categories?post=8854"},{"taxonomy":"post_tag","embeddable":true,"href":"https:\/\/www.agma.com\/sv\/wp-json\/wp\/v2\/tags?post=8854"}],"curies":[{"name":"wp","href":"https:\/\/api.w.org\/{rel}","templated":true}]}}