{"id":8855,"date":"2016-06-21T00:00:00","date_gmt":"2016-06-21T00:00:00","guid":{"rendered":"https:\/\/www.absolicon.com\/handeln-i-absolicon-pa-aktietorget-startar-22-6\/"},"modified":"2016-06-21T00:00:00","modified_gmt":"2016-06-21T00:00:00","slug":"handeln-i-absolicon-pa-aktietorget-startar-22-6","status":"publish","type":"post","link":"https:\/\/www.agma.com\/sv\/handeln-i-absolicon-pa-aktietorget-startar-22-6\/","title":{"rendered":"Handeln i Absolicon p\u00e5 Aktietorget startar 22\/6"},"content":{"rendered":"<p><strong>P\u00e5 onsdag 22 Juni 2016 startar handeln i solenergif\u00f6retaget Absolicon p\u00e5 Aktietorget under beteckningen ABSL som arbetar med koncentrerad solenergi f\u00f6r v\u00e4rme, industri\u00e5nga och solkyla.<\/strong><\/p>\n<p>Absolicon utvecklar och tillverkar solf\u00f6ljande, koncentrerande solf\u00e5ngare. Bolagets mission \u00e4r att bidra till omst\u00e4llningen av v\u00e4rldens energif\u00f6rs\u00f6rjning fr\u00e5n fossila br\u00e4nslen till f\u00f6rnyelsebar energi genom v\u00e5r kompetens inom koncentrerad solenergi.<\/p>\n<p>Aff\u00e4rsm\u00e5len inneb\u00e4r produktutveckling och till\u00e4mpad forskning f\u00f6r att skapa m\u00e5ngsidiga och kostnadseffektiva koncentrerande solf\u00e5ngare f\u00f6r stora byggnader, solf\u00e5ngarf\u00e4lt, solkyla och industrier. Absolicon uppf\u00f6r nu pilotanl\u00e4ggningar som visar hur solenergi kan leverera \u00e5nga direkt till industriprocesser och p\u00e5 s\u00e5 s\u00e4tt minska energikostnaderna. Parallellt med detta utvecklar Absolicon en produktionslina som minskar produktionskostnaderna f\u00f6r solf\u00e5ngarna.<\/p>\n<p>Bolagets f\u00f6retr\u00e4desemission f\u00f6r att finansiera pilotanl\u00e4ggningar hos industrif\u00f6retag, vilken var vederlagsfritt fullt garanterad av aktie\u00e4gare, st\u00e4ngde 29 mars 2016 och tecknades till 210%.<\/p>\n<p>I syfte att ut\u00f6ka \u00e4garspridningen inf\u00f6r noteringen avstod huvud\u00e4garna teckningsr\u00e4tter till f\u00f6rm\u00e5n f\u00f6r nya aktie\u00e4gare. Trots \u00f6verteckningen ut\u00f6kades emissionsbeloppet inte ut\u00f6ver de 12,7 MSEK som erbjudits, utan varje tecknare fick f\u00f6rst en post och d\u00e4refter i proportion till sin teckning vilket gav Absolicon ca 1100 nya aktie\u00e4gare.<\/p>\n<p>Efter en ans\u00f6kningsprocess om notering hos Aktietorget d\u00e4r Eminova Fondkommission AB assisterat bolaget har bolagets aktie nu upptagits till handel med beteckningen ABSL.<\/p>\n<p>Teckningskursen i f\u00f6retr\u00e4desemissionen var 40 kr per aktie vilket \u00e4ven \u00e4r startpriset n\u00e4r handeln startar den 22 juni och inneb\u00e4r ett bolagsv\u00e4rde p\u00e5 ca 38 MSEK.<\/p>\n<p>&#8211; Noteringen \u00e4r en del av v\u00e5r finansieringsplan som vi presenterade 2015. Nu ger vi v\u00e5ra aktie\u00e4gare m\u00f6jlighet att k\u00f6pa och s\u00e4lja aktier i bolaget och f\u00e5r samtidigt en v\u00e4rdering av bolaget, s\u00e4ger Joakim Bystr\u00f6m, vd och grundare f\u00f6r Absolicon.<\/p>\n<p>Absolicon deltog p\u00e5 FN:s stora klimatkonferens i Paris i december 2015 d\u00e4r 195 l\u00e4nder beslutade att de skall arbeta f\u00f6r att h\u00e5lla temperatur\u00f6kningen under 2 grader med en ambition att komma till 1,5 grad.<\/p>\n<p>&#8211; Klimatfr\u00e5gan \u00e4r v\u00e5r generations stora utmaning och den g\u00e5r bara att l\u00f6sa genom samverkan mellan politiska beslut, teknisk utveckling och innovativa f\u00f6retag om oms\u00e4tter ambitionerna i praktiska l\u00f6sningar. Vi tror att koncentrerad solenergi kommer att spela en viktig roll i den processen, menar Bystr\u00f6m.<\/p>\n<p>&nbsp;<\/p>\n<p style=\"text-align: right;\"><em>Publicerad 2016-06-21<\/em><\/p>\n","protected":false},"excerpt":{"rendered":"<p>P\u00e5 onsdag 22 Juni 2016 startar handeln i solenergif\u00f6retaget Absolicon p\u00e5 Aktietorget under beteckningen ABSL som arbetar med koncentrerad solenergi f\u00f6r v\u00e4rme, industri\u00e5nga och solkyla. Absolicon utvecklar och tillverkar solf\u00f6ljande, koncentrerande solf\u00e5ngare. Bolagets mission \u00e4r att bidra till omst\u00e4llningen av v\u00e4rldens energif\u00f6rs\u00f6rjning fr\u00e5n fossila br\u00e4nslen till f\u00f6rnyelsebar energi genom v\u00e5r kompetens inom koncentrerad solenergi. Aff\u00e4rsm\u00e5len [&hellip;]<\/p>\n","protected":false},"author":1,"featured_media":0,"comment_status":"open","ping_status":"open","sticky":false,"template":"","format":"standard","meta":{"_acf_changed":false,"footnotes":""},"categories":[],"tags":[],"class_list":["post-8855","post","type-post","status-publish","format-standard","hentry"],"acf":[],"yoast_head":"<!-- This site is optimized with the Yoast SEO plugin v27.4 - https:\/\/yoast.com\/product\/yoast-seo-wordpress\/ -->\n<title>Handeln i Absolicon p\u00e5 Aktietorget startar 22\/6 - Absolicon<\/title>\n<meta name=\"robots\" content=\"index, follow, max-snippet:-1, max-image-preview:large, max-video-preview:-1\" \/>\n<link rel=\"canonical\" href=\"https:\/\/www.agma.com\/sv\/handeln-i-absolicon-pa-aktietorget-startar-22-6\/\" \/>\n<meta property=\"og:locale\" content=\"sv_SE\" \/>\n<meta property=\"og:type\" content=\"article\" \/>\n<meta property=\"og:title\" content=\"Handeln i Absolicon p\u00e5 Aktietorget startar 22\/6 - Absolicon\" \/>\n<meta property=\"og:description\" content=\"P\u00e5 onsdag 22 Juni 2016 startar handeln i solenergif\u00f6retaget Absolicon p\u00e5 Aktietorget under beteckningen ABSL som arbetar med koncentrerad solenergi f\u00f6r v\u00e4rme, industri\u00e5nga och solkyla. Absolicon utvecklar och tillverkar solf\u00f6ljande, koncentrerande solf\u00e5ngare. Bolagets mission \u00e4r att bidra till omst\u00e4llningen av v\u00e4rldens energif\u00f6rs\u00f6rjning fr\u00e5n fossila br\u00e4nslen till f\u00f6rnyelsebar energi genom v\u00e5r kompetens inom koncentrerad solenergi. Aff\u00e4rsm\u00e5len [&hellip;]\" \/>\n<meta property=\"og:url\" content=\"https:\/\/www.agma.com\/sv\/handeln-i-absolicon-pa-aktietorget-startar-22-6\/\" \/>\n<meta property=\"og:site_name\" content=\"Absolicon\" \/>\n<meta property=\"article:published_time\" content=\"2016-06-21T00:00:00+00:00\" \/>\n<meta name=\"author\" content=\"jakubschenk\" \/>\n<meta name=\"twitter:card\" content=\"summary_large_image\" \/>\n<meta name=\"twitter:label1\" content=\"Skriven av\" \/>\n\t<meta name=\"twitter:data1\" content=\"jakubschenk\" \/>\n<script type=\"application\/ld+json\" class=\"yoast-schema-graph\">{\"@context\":\"https:\\\/\\\/schema.org\",\"@graph\":[{\"@type\":\"Article\",\"@id\":\"https:\\\/\\\/www.agma.com\\\/sv\\\/handeln-i-absolicon-pa-aktietorget-startar-22-6\\\/#article\",\"isPartOf\":{\"@id\":\"https:\\\/\\\/www.agma.com\\\/sv\\\/handeln-i-absolicon-pa-aktietorget-startar-22-6\\\/\"},\"author\":{\"name\":\"jakubschenk\",\"@id\":\"https:\\\/\\\/www.agma.com\\\/sv\\\/#\\\/schema\\\/person\\\/6820b3ce1cc37edbaecc979090760d8b\"},\"headline\":\"Handeln i Absolicon p\u00e5 Aktietorget startar 22\\\/6\",\"datePublished\":\"2016-06-21T00:00:00+00:00\",\"mainEntityOfPage\":{\"@id\":\"https:\\\/\\\/www.agma.com\\\/sv\\\/handeln-i-absolicon-pa-aktietorget-startar-22-6\\\/\"},\"wordCount\":421,\"commentCount\":0,\"publisher\":{\"@id\":\"https:\\\/\\\/www.agma.com\\\/sv\\\/#organization\"},\"inLanguage\":\"sv-SE\",\"potentialAction\":[{\"@type\":\"CommentAction\",\"name\":\"Comment\",\"target\":[\"https:\\\/\\\/www.agma.com\\\/sv\\\/handeln-i-absolicon-pa-aktietorget-startar-22-6\\\/#respond\"]}]},{\"@type\":\"WebPage\",\"@id\":\"https:\\\/\\\/www.agma.com\\\/sv\\\/handeln-i-absolicon-pa-aktietorget-startar-22-6\\\/\",\"url\":\"https:\\\/\\\/www.agma.com\\\/sv\\\/handeln-i-absolicon-pa-aktietorget-startar-22-6\\\/\",\"name\":\"Handeln i Absolicon p\u00e5 Aktietorget startar 22\\\/6 - Absolicon\",\"isPartOf\":{\"@id\":\"https:\\\/\\\/www.agma.com\\\/sv\\\/#website\"},\"datePublished\":\"2016-06-21T00:00:00+00:00\",\"breadcrumb\":{\"@id\":\"https:\\\/\\\/www.agma.com\\\/sv\\\/handeln-i-absolicon-pa-aktietorget-startar-22-6\\\/#breadcrumb\"},\"inLanguage\":\"sv-SE\",\"potentialAction\":[{\"@type\":\"ReadAction\",\"target\":[\"https:\\\/\\\/www.agma.com\\\/sv\\\/handeln-i-absolicon-pa-aktietorget-startar-22-6\\\/\"]}]},{\"@type\":\"BreadcrumbList\",\"@id\":\"https:\\\/\\\/www.agma.com\\\/sv\\\/handeln-i-absolicon-pa-aktietorget-startar-22-6\\\/#breadcrumb\",\"itemListElement\":[{\"@type\":\"ListItem\",\"position\":1,\"name\":\"Home\",\"item\":\"https:\\\/\\\/www.agma.com\\\/sv\\\/\"},{\"@type\":\"ListItem\",\"position\":2,\"name\":\"Handeln i Absolicon p\u00e5 Aktietorget startar 22\\\/6\"}]},{\"@type\":\"WebSite\",\"@id\":\"https:\\\/\\\/www.agma.com\\\/sv\\\/#website\",\"url\":\"https:\\\/\\\/www.agma.com\\\/sv\\\/\",\"name\":\"Absolicon\",\"description\":\"\",\"publisher\":{\"@id\":\"https:\\\/\\\/www.agma.com\\\/sv\\\/#organization\"},\"potentialAction\":[{\"@type\":\"SearchAction\",\"target\":{\"@type\":\"EntryPoint\",\"urlTemplate\":\"https:\\\/\\\/www.agma.com\\\/sv\\\/?s={search_term_string}\"},\"query-input\":{\"@type\":\"PropertyValueSpecification\",\"valueRequired\":true,\"valueName\":\"search_term_string\"}}],\"inLanguage\":\"sv-SE\"},{\"@type\":\"Organization\",\"@id\":\"https:\\\/\\\/www.agma.com\\\/sv\\\/#organization\",\"name\":\"Absolicon\",\"url\":\"https:\\\/\\\/www.agma.com\\\/sv\\\/\",\"logo\":{\"@type\":\"ImageObject\",\"inLanguage\":\"sv-SE\",\"@id\":\"https:\\\/\\\/www.agma.com\\\/sv\\\/#\\\/schema\\\/logo\\\/image\\\/\",\"url\":\"https:\\\/\\\/www.agma.com\\\/wp-content\\\/uploads\\\/2026\\\/04\\\/logotype_neg_blk.svg\",\"contentUrl\":\"https:\\\/\\\/www.agma.com\\\/wp-content\\\/uploads\\\/2026\\\/04\\\/logotype_neg_blk.svg\",\"width\":705,\"height\":83,\"caption\":\"Absolicon\"},\"image\":{\"@id\":\"https:\\\/\\\/www.agma.com\\\/sv\\\/#\\\/schema\\\/logo\\\/image\\\/\"}},{\"@type\":\"Person\",\"@id\":\"https:\\\/\\\/www.agma.com\\\/sv\\\/#\\\/schema\\\/person\\\/6820b3ce1cc37edbaecc979090760d8b\",\"name\":\"jakubschenk\",\"image\":{\"@type\":\"ImageObject\",\"inLanguage\":\"sv-SE\",\"@id\":\"https:\\\/\\\/secure.gravatar.com\\\/avatar\\\/0ab843002d4a58702560e02354e5f9a3206e13bbfaa9df5a188e463870f605cd?s=96&d=mm&r=g\",\"url\":\"https:\\\/\\\/secure.gravatar.com\\\/avatar\\\/0ab843002d4a58702560e02354e5f9a3206e13bbfaa9df5a188e463870f605cd?s=96&d=mm&r=g\",\"contentUrl\":\"https:\\\/\\\/secure.gravatar.com\\\/avatar\\\/0ab843002d4a58702560e02354e5f9a3206e13bbfaa9df5a188e463870f605cd?s=96&d=mm&r=g\",\"caption\":\"jakubschenk\"},\"sameAs\":[\"https:\\\/\\\/www.agma.com\"],\"url\":\"https:\\\/\\\/www.agma.com\\\/sv\\\/author\\\/jakubschenk\\\/\"}]}<\/script>\n<!-- \/ Yoast SEO plugin. -->","yoast_head_json":{"title":"Handeln i Absolicon p\u00e5 Aktietorget startar 22\/6 - Absolicon","robots":{"index":"index","follow":"follow","max-snippet":"max-snippet:-1","max-image-preview":"max-image-preview:large","max-video-preview":"max-video-preview:-1"},"canonical":"https:\/\/www.agma.com\/sv\/handeln-i-absolicon-pa-aktietorget-startar-22-6\/","og_locale":"sv_SE","og_type":"article","og_title":"Handeln i Absolicon p\u00e5 Aktietorget startar 22\/6 - Absolicon","og_description":"P\u00e5 onsdag 22 Juni 2016 startar handeln i solenergif\u00f6retaget Absolicon p\u00e5 Aktietorget under beteckningen ABSL som arbetar med koncentrerad solenergi f\u00f6r v\u00e4rme, industri\u00e5nga och solkyla. Absolicon utvecklar och tillverkar solf\u00f6ljande, koncentrerande solf\u00e5ngare. Bolagets mission \u00e4r att bidra till omst\u00e4llningen av v\u00e4rldens energif\u00f6rs\u00f6rjning fr\u00e5n fossila br\u00e4nslen till f\u00f6rnyelsebar energi genom v\u00e5r kompetens inom koncentrerad solenergi. Aff\u00e4rsm\u00e5len [&hellip;]","og_url":"https:\/\/www.agma.com\/sv\/handeln-i-absolicon-pa-aktietorget-startar-22-6\/","og_site_name":"Absolicon","article_published_time":"2016-06-21T00:00:00+00:00","author":"jakubschenk","twitter_card":"summary_large_image","twitter_misc":{"Skriven av":"jakubschenk"},"schema":{"@context":"https:\/\/schema.org","@graph":[{"@type":"Article","@id":"https:\/\/www.agma.com\/sv\/handeln-i-absolicon-pa-aktietorget-startar-22-6\/#article","isPartOf":{"@id":"https:\/\/www.agma.com\/sv\/handeln-i-absolicon-pa-aktietorget-startar-22-6\/"},"author":{"name":"jakubschenk","@id":"https:\/\/www.agma.com\/sv\/#\/schema\/person\/6820b3ce1cc37edbaecc979090760d8b"},"headline":"Handeln i Absolicon p\u00e5 Aktietorget startar 22\/6","datePublished":"2016-06-21T00:00:00+00:00","mainEntityOfPage":{"@id":"https:\/\/www.agma.com\/sv\/handeln-i-absolicon-pa-aktietorget-startar-22-6\/"},"wordCount":421,"commentCount":0,"publisher":{"@id":"https:\/\/www.agma.com\/sv\/#organization"},"inLanguage":"sv-SE","potentialAction":[{"@type":"CommentAction","name":"Comment","target":["https:\/\/www.agma.com\/sv\/handeln-i-absolicon-pa-aktietorget-startar-22-6\/#respond"]}]},{"@type":"WebPage","@id":"https:\/\/www.agma.com\/sv\/handeln-i-absolicon-pa-aktietorget-startar-22-6\/","url":"https:\/\/www.agma.com\/sv\/handeln-i-absolicon-pa-aktietorget-startar-22-6\/","name":"Handeln i Absolicon p\u00e5 Aktietorget startar 22\/6 - Absolicon","isPartOf":{"@id":"https:\/\/www.agma.com\/sv\/#website"},"datePublished":"2016-06-21T00:00:00+00:00","breadcrumb":{"@id":"https:\/\/www.agma.com\/sv\/handeln-i-absolicon-pa-aktietorget-startar-22-6\/#breadcrumb"},"inLanguage":"sv-SE","potentialAction":[{"@type":"ReadAction","target":["https:\/\/www.agma.com\/sv\/handeln-i-absolicon-pa-aktietorget-startar-22-6\/"]}]},{"@type":"BreadcrumbList","@id":"https:\/\/www.agma.com\/sv\/handeln-i-absolicon-pa-aktietorget-startar-22-6\/#breadcrumb","itemListElement":[{"@type":"ListItem","position":1,"name":"Home","item":"https:\/\/www.agma.com\/sv\/"},{"@type":"ListItem","position":2,"name":"Handeln i Absolicon p\u00e5 Aktietorget startar 22\/6"}]},{"@type":"WebSite","@id":"https:\/\/www.agma.com\/sv\/#website","url":"https:\/\/www.agma.com\/sv\/","name":"Absolicon","description":"","publisher":{"@id":"https:\/\/www.agma.com\/sv\/#organization"},"potentialAction":[{"@type":"SearchAction","target":{"@type":"EntryPoint","urlTemplate":"https:\/\/www.agma.com\/sv\/?s={search_term_string}"},"query-input":{"@type":"PropertyValueSpecification","valueRequired":true,"valueName":"search_term_string"}}],"inLanguage":"sv-SE"},{"@type":"Organization","@id":"https:\/\/www.agma.com\/sv\/#organization","name":"Absolicon","url":"https:\/\/www.agma.com\/sv\/","logo":{"@type":"ImageObject","inLanguage":"sv-SE","@id":"https:\/\/www.agma.com\/sv\/#\/schema\/logo\/image\/","url":"https:\/\/www.agma.com\/wp-content\/uploads\/2026\/04\/logotype_neg_blk.svg","contentUrl":"https:\/\/www.agma.com\/wp-content\/uploads\/2026\/04\/logotype_neg_blk.svg","width":705,"height":83,"caption":"Absolicon"},"image":{"@id":"https:\/\/www.agma.com\/sv\/#\/schema\/logo\/image\/"}},{"@type":"Person","@id":"https:\/\/www.agma.com\/sv\/#\/schema\/person\/6820b3ce1cc37edbaecc979090760d8b","name":"jakubschenk","image":{"@type":"ImageObject","inLanguage":"sv-SE","@id":"https:\/\/secure.gravatar.com\/avatar\/0ab843002d4a58702560e02354e5f9a3206e13bbfaa9df5a188e463870f605cd?s=96&d=mm&r=g","url":"https:\/\/secure.gravatar.com\/avatar\/0ab843002d4a58702560e02354e5f9a3206e13bbfaa9df5a188e463870f605cd?s=96&d=mm&r=g","contentUrl":"https:\/\/secure.gravatar.com\/avatar\/0ab843002d4a58702560e02354e5f9a3206e13bbfaa9df5a188e463870f605cd?s=96&d=mm&r=g","caption":"jakubschenk"},"sameAs":["https:\/\/www.agma.com"],"url":"https:\/\/www.agma.com\/sv\/author\/jakubschenk\/"}]}},"_links":{"self":[{"href":"https:\/\/www.agma.com\/sv\/wp-json\/wp\/v2\/posts\/8855","targetHints":{"allow":["GET"]}}],"collection":[{"href":"https:\/\/www.agma.com\/sv\/wp-json\/wp\/v2\/posts"}],"about":[{"href":"https:\/\/www.agma.com\/sv\/wp-json\/wp\/v2\/types\/post"}],"author":[{"embeddable":true,"href":"https:\/\/www.agma.com\/sv\/wp-json\/wp\/v2\/users\/1"}],"replies":[{"embeddable":true,"href":"https:\/\/www.agma.com\/sv\/wp-json\/wp\/v2\/comments?post=8855"}],"version-history":[{"count":0,"href":"https:\/\/www.agma.com\/sv\/wp-json\/wp\/v2\/posts\/8855\/revisions"}],"wp:attachment":[{"href":"https:\/\/www.agma.com\/sv\/wp-json\/wp\/v2\/media?parent=8855"}],"wp:term":[{"taxonomy":"category","embeddable":true,"href":"https:\/\/www.agma.com\/sv\/wp-json\/wp\/v2\/categories?post=8855"},{"taxonomy":"post_tag","embeddable":true,"href":"https:\/\/www.agma.com\/sv\/wp-json\/wp\/v2\/tags?post=8855"}],"curies":[{"name":"wp","href":"https:\/\/api.w.org\/{rel}","templated":true}]}}