{"id":8861,"date":"2016-07-10T00:00:00","date_gmt":"2016-07-10T00:00:00","guid":{"rendered":"https:\/\/www.absolicon.com\/ledig-tjanst-projektledare-inkopare\/"},"modified":"2016-07-10T00:00:00","modified_gmt":"2016-07-10T00:00:00","slug":"ledig-tjanst-projektledare-inkopare","status":"publish","type":"post","link":"https:\/\/www.agma.com\/sv\/ledig-tjanst-projektledare-inkopare\/","title":{"rendered":"Ledig tj\u00e4nst: Projektledare\/Ink\u00f6pare"},"content":{"rendered":"<p>[ingress]<strong>De kommande 35 \u00e5ren ber\u00e4knar IEA att industrier kommer att installera solf\u00e5ngare f\u00f6r 3000 miljarder kronor. Absolicon \u00e4r ett av de f\u00e5 f\u00f6retag i v\u00e4rlden som kan leverera och vi utvecklar nu en produktionslina som radikalt skall minska kostnaderna<\/strong>.[\/ingress]<\/p>\n<p>Absolicons solf\u00e5ngare generar el, v\u00e4rme, \u00e5nga och kyla fr\u00e5n solen. Vi \u00e4r solenergiexperter och arbetar med en produktionslina som skall massproducera solf\u00e5ngare. Nu s\u00f6ker vi nya sj\u00e4lvst\u00e4ndiga och modiga ingenj\u00f6rer som vill vara med och \u00e4ndra v\u00e4rldens energif\u00f6rs\u00f6rjning. Vi beh\u00f6ver hj\u00e4lp av Sveriges b\u00e4sta ingenj\u00f6rer!<\/p>\n<h2>Projektledare\/Ink\u00f6pare<\/h2>\n<p>Leveranserna \u00e4r komplexa och vi beh\u00f6ver en ink\u00f6pare\/projektledare som h\u00e5ller samman v\u00e5ra projekt och ser till att r\u00e4tt utrustning finns p\u00e5 r\u00e4tt plants i r\u00e4tt tid.\u00a0 Funktionen inneb\u00e4r ocks\u00e5 att s\u00f6ka leverant\u00f6rer och upphandla tillverkning av v\u00e5ra komponenter, bland annat i Kina.<\/p>\n<h2><\/h2>\n<p>Kontakt i f\u00f6rsta hand med CV till\u00a0<strong><em><a href=\"mailto:ekonomi@absolicon.com\">ekonomi@absolicon.com<\/a>\u00a0Senast 9 september<\/em><\/strong><\/p>\n<p>&nbsp;<\/p>\n<p style=\"text-align: right;\"><em>Publicerad 2016-07-10<\/em><\/p>\n<hr \/>\n<p>Vi \u00e4r flera teknikf\u00f6retag i H\u00f6ga Kusten som nu rekryterar! L\u00e4s om de olika tj\u00e4nsterna och hur det \u00e4r att leva och verka h\u00e4r hos v\u00e5r medlemsorganisation\u00a0<a title=\"Industrif\u00f6retag i H\u00f6ga Kusten\" href=\"https:\/\/www.hkig.se\/\" target=\"_blank\" rel=\"noopener noreferrer\">H\u00f6ga Kusten Industrigrupp<\/a>!<\/p>\n","protected":false},"excerpt":{"rendered":"<p>[ingress]De kommande 35 \u00e5ren ber\u00e4knar IEA att industrier kommer att installera solf\u00e5ngare f\u00f6r 3000 miljarder kronor. Absolicon \u00e4r ett av de f\u00e5 f\u00f6retag i v\u00e4rlden som kan leverera och vi utvecklar nu en produktionslina som radikalt skall minska kostnaderna.[\/ingress] Absolicons solf\u00e5ngare generar el, v\u00e4rme, \u00e5nga och kyla fr\u00e5n solen. Vi \u00e4r solenergiexperter och arbetar med [&hellip;]<\/p>\n","protected":false},"author":1,"featured_media":0,"comment_status":"open","ping_status":"open","sticky":false,"template":"","format":"standard","meta":{"_acf_changed":false,"footnotes":""},"categories":[],"tags":[],"class_list":["post-8861","post","type-post","status-publish","format-standard","hentry"],"acf":[],"yoast_head":"<!-- This site is optimized with the Yoast SEO plugin v27.4 - https:\/\/yoast.com\/product\/yoast-seo-wordpress\/ -->\n<title>Ledig tj\u00e4nst: Projektledare\/Ink\u00f6pare - Absolicon<\/title>\n<meta name=\"robots\" content=\"index, follow, max-snippet:-1, max-image-preview:large, max-video-preview:-1\" \/>\n<link rel=\"canonical\" href=\"https:\/\/www.agma.com\/sv\/ledig-tjanst-projektledare-inkopare\/\" \/>\n<meta property=\"og:locale\" content=\"sv_SE\" \/>\n<meta property=\"og:type\" content=\"article\" \/>\n<meta property=\"og:title\" content=\"Ledig tj\u00e4nst: Projektledare\/Ink\u00f6pare - Absolicon\" \/>\n<meta property=\"og:description\" content=\"[ingress]De kommande 35 \u00e5ren ber\u00e4knar IEA att industrier kommer att installera solf\u00e5ngare f\u00f6r 3000 miljarder kronor. Absolicon \u00e4r ett av de f\u00e5 f\u00f6retag i v\u00e4rlden som kan leverera och vi utvecklar nu en produktionslina som radikalt skall minska kostnaderna.[\/ingress] Absolicons solf\u00e5ngare generar el, v\u00e4rme, \u00e5nga och kyla fr\u00e5n solen. Vi \u00e4r solenergiexperter och arbetar med [&hellip;]\" \/>\n<meta property=\"og:url\" content=\"https:\/\/www.agma.com\/sv\/ledig-tjanst-projektledare-inkopare\/\" \/>\n<meta property=\"og:site_name\" content=\"Absolicon\" \/>\n<meta property=\"article:published_time\" content=\"2016-07-10T00:00:00+00:00\" \/>\n<meta name=\"author\" content=\"jakubschenk\" \/>\n<meta name=\"twitter:card\" content=\"summary_large_image\" \/>\n<meta name=\"twitter:label1\" content=\"Skriven av\" \/>\n\t<meta name=\"twitter:data1\" content=\"jakubschenk\" \/>\n<script type=\"application\/ld+json\" class=\"yoast-schema-graph\">{\"@context\":\"https:\\\/\\\/schema.org\",\"@graph\":[{\"@type\":\"Article\",\"@id\":\"https:\\\/\\\/www.agma.com\\\/sv\\\/ledig-tjanst-projektledare-inkopare\\\/#article\",\"isPartOf\":{\"@id\":\"https:\\\/\\\/www.agma.com\\\/sv\\\/ledig-tjanst-projektledare-inkopare\\\/\"},\"author\":{\"name\":\"jakubschenk\",\"@id\":\"https:\\\/\\\/www.agma.com\\\/sv\\\/#\\\/schema\\\/person\\\/6820b3ce1cc37edbaecc979090760d8b\"},\"headline\":\"Ledig tj\u00e4nst: Projektledare\\\/Ink\u00f6pare\",\"datePublished\":\"2016-07-10T00:00:00+00:00\",\"mainEntityOfPage\":{\"@id\":\"https:\\\/\\\/www.agma.com\\\/sv\\\/ledig-tjanst-projektledare-inkopare\\\/\"},\"wordCount\":221,\"commentCount\":0,\"publisher\":{\"@id\":\"https:\\\/\\\/www.agma.com\\\/sv\\\/#organization\"},\"inLanguage\":\"sv-SE\",\"potentialAction\":[{\"@type\":\"CommentAction\",\"name\":\"Comment\",\"target\":[\"https:\\\/\\\/www.agma.com\\\/sv\\\/ledig-tjanst-projektledare-inkopare\\\/#respond\"]}]},{\"@type\":\"WebPage\",\"@id\":\"https:\\\/\\\/www.agma.com\\\/sv\\\/ledig-tjanst-projektledare-inkopare\\\/\",\"url\":\"https:\\\/\\\/www.agma.com\\\/sv\\\/ledig-tjanst-projektledare-inkopare\\\/\",\"name\":\"Ledig tj\u00e4nst: Projektledare\\\/Ink\u00f6pare - Absolicon\",\"isPartOf\":{\"@id\":\"https:\\\/\\\/www.agma.com\\\/sv\\\/#website\"},\"datePublished\":\"2016-07-10T00:00:00+00:00\",\"breadcrumb\":{\"@id\":\"https:\\\/\\\/www.agma.com\\\/sv\\\/ledig-tjanst-projektledare-inkopare\\\/#breadcrumb\"},\"inLanguage\":\"sv-SE\",\"potentialAction\":[{\"@type\":\"ReadAction\",\"target\":[\"https:\\\/\\\/www.agma.com\\\/sv\\\/ledig-tjanst-projektledare-inkopare\\\/\"]}]},{\"@type\":\"BreadcrumbList\",\"@id\":\"https:\\\/\\\/www.agma.com\\\/sv\\\/ledig-tjanst-projektledare-inkopare\\\/#breadcrumb\",\"itemListElement\":[{\"@type\":\"ListItem\",\"position\":1,\"name\":\"Home\",\"item\":\"https:\\\/\\\/www.agma.com\\\/sv\\\/\"},{\"@type\":\"ListItem\",\"position\":2,\"name\":\"Ledig tj\u00e4nst: Projektledare\\\/Ink\u00f6pare\"}]},{\"@type\":\"WebSite\",\"@id\":\"https:\\\/\\\/www.agma.com\\\/sv\\\/#website\",\"url\":\"https:\\\/\\\/www.agma.com\\\/sv\\\/\",\"name\":\"Absolicon\",\"description\":\"\",\"publisher\":{\"@id\":\"https:\\\/\\\/www.agma.com\\\/sv\\\/#organization\"},\"potentialAction\":[{\"@type\":\"SearchAction\",\"target\":{\"@type\":\"EntryPoint\",\"urlTemplate\":\"https:\\\/\\\/www.agma.com\\\/sv\\\/?s={search_term_string}\"},\"query-input\":{\"@type\":\"PropertyValueSpecification\",\"valueRequired\":true,\"valueName\":\"search_term_string\"}}],\"inLanguage\":\"sv-SE\"},{\"@type\":\"Organization\",\"@id\":\"https:\\\/\\\/www.agma.com\\\/sv\\\/#organization\",\"name\":\"Absolicon\",\"url\":\"https:\\\/\\\/www.agma.com\\\/sv\\\/\",\"logo\":{\"@type\":\"ImageObject\",\"inLanguage\":\"sv-SE\",\"@id\":\"https:\\\/\\\/www.agma.com\\\/sv\\\/#\\\/schema\\\/logo\\\/image\\\/\",\"url\":\"https:\\\/\\\/www.agma.com\\\/wp-content\\\/uploads\\\/2026\\\/04\\\/logotype_neg_blk.svg\",\"contentUrl\":\"https:\\\/\\\/www.agma.com\\\/wp-content\\\/uploads\\\/2026\\\/04\\\/logotype_neg_blk.svg\",\"width\":705,\"height\":83,\"caption\":\"Absolicon\"},\"image\":{\"@id\":\"https:\\\/\\\/www.agma.com\\\/sv\\\/#\\\/schema\\\/logo\\\/image\\\/\"}},{\"@type\":\"Person\",\"@id\":\"https:\\\/\\\/www.agma.com\\\/sv\\\/#\\\/schema\\\/person\\\/6820b3ce1cc37edbaecc979090760d8b\",\"name\":\"jakubschenk\",\"image\":{\"@type\":\"ImageObject\",\"inLanguage\":\"sv-SE\",\"@id\":\"https:\\\/\\\/secure.gravatar.com\\\/avatar\\\/0ab843002d4a58702560e02354e5f9a3206e13bbfaa9df5a188e463870f605cd?s=96&d=mm&r=g\",\"url\":\"https:\\\/\\\/secure.gravatar.com\\\/avatar\\\/0ab843002d4a58702560e02354e5f9a3206e13bbfaa9df5a188e463870f605cd?s=96&d=mm&r=g\",\"contentUrl\":\"https:\\\/\\\/secure.gravatar.com\\\/avatar\\\/0ab843002d4a58702560e02354e5f9a3206e13bbfaa9df5a188e463870f605cd?s=96&d=mm&r=g\",\"caption\":\"jakubschenk\"},\"sameAs\":[\"https:\\\/\\\/www.agma.com\"],\"url\":\"https:\\\/\\\/www.agma.com\\\/sv\\\/author\\\/jakubschenk\\\/\"}]}<\/script>\n<!-- \/ Yoast SEO plugin. -->","yoast_head_json":{"title":"Ledig tj\u00e4nst: Projektledare\/Ink\u00f6pare - Absolicon","robots":{"index":"index","follow":"follow","max-snippet":"max-snippet:-1","max-image-preview":"max-image-preview:large","max-video-preview":"max-video-preview:-1"},"canonical":"https:\/\/www.agma.com\/sv\/ledig-tjanst-projektledare-inkopare\/","og_locale":"sv_SE","og_type":"article","og_title":"Ledig tj\u00e4nst: Projektledare\/Ink\u00f6pare - Absolicon","og_description":"[ingress]De kommande 35 \u00e5ren ber\u00e4knar IEA att industrier kommer att installera solf\u00e5ngare f\u00f6r 3000 miljarder kronor. Absolicon \u00e4r ett av de f\u00e5 f\u00f6retag i v\u00e4rlden som kan leverera och vi utvecklar nu en produktionslina som radikalt skall minska kostnaderna.[\/ingress] Absolicons solf\u00e5ngare generar el, v\u00e4rme, \u00e5nga och kyla fr\u00e5n solen. Vi \u00e4r solenergiexperter och arbetar med [&hellip;]","og_url":"https:\/\/www.agma.com\/sv\/ledig-tjanst-projektledare-inkopare\/","og_site_name":"Absolicon","article_published_time":"2016-07-10T00:00:00+00:00","author":"jakubschenk","twitter_card":"summary_large_image","twitter_misc":{"Skriven av":"jakubschenk"},"schema":{"@context":"https:\/\/schema.org","@graph":[{"@type":"Article","@id":"https:\/\/www.agma.com\/sv\/ledig-tjanst-projektledare-inkopare\/#article","isPartOf":{"@id":"https:\/\/www.agma.com\/sv\/ledig-tjanst-projektledare-inkopare\/"},"author":{"name":"jakubschenk","@id":"https:\/\/www.agma.com\/sv\/#\/schema\/person\/6820b3ce1cc37edbaecc979090760d8b"},"headline":"Ledig tj\u00e4nst: Projektledare\/Ink\u00f6pare","datePublished":"2016-07-10T00:00:00+00:00","mainEntityOfPage":{"@id":"https:\/\/www.agma.com\/sv\/ledig-tjanst-projektledare-inkopare\/"},"wordCount":221,"commentCount":0,"publisher":{"@id":"https:\/\/www.agma.com\/sv\/#organization"},"inLanguage":"sv-SE","potentialAction":[{"@type":"CommentAction","name":"Comment","target":["https:\/\/www.agma.com\/sv\/ledig-tjanst-projektledare-inkopare\/#respond"]}]},{"@type":"WebPage","@id":"https:\/\/www.agma.com\/sv\/ledig-tjanst-projektledare-inkopare\/","url":"https:\/\/www.agma.com\/sv\/ledig-tjanst-projektledare-inkopare\/","name":"Ledig tj\u00e4nst: Projektledare\/Ink\u00f6pare - Absolicon","isPartOf":{"@id":"https:\/\/www.agma.com\/sv\/#website"},"datePublished":"2016-07-10T00:00:00+00:00","breadcrumb":{"@id":"https:\/\/www.agma.com\/sv\/ledig-tjanst-projektledare-inkopare\/#breadcrumb"},"inLanguage":"sv-SE","potentialAction":[{"@type":"ReadAction","target":["https:\/\/www.agma.com\/sv\/ledig-tjanst-projektledare-inkopare\/"]}]},{"@type":"BreadcrumbList","@id":"https:\/\/www.agma.com\/sv\/ledig-tjanst-projektledare-inkopare\/#breadcrumb","itemListElement":[{"@type":"ListItem","position":1,"name":"Home","item":"https:\/\/www.agma.com\/sv\/"},{"@type":"ListItem","position":2,"name":"Ledig tj\u00e4nst: Projektledare\/Ink\u00f6pare"}]},{"@type":"WebSite","@id":"https:\/\/www.agma.com\/sv\/#website","url":"https:\/\/www.agma.com\/sv\/","name":"Absolicon","description":"","publisher":{"@id":"https:\/\/www.agma.com\/sv\/#organization"},"potentialAction":[{"@type":"SearchAction","target":{"@type":"EntryPoint","urlTemplate":"https:\/\/www.agma.com\/sv\/?s={search_term_string}"},"query-input":{"@type":"PropertyValueSpecification","valueRequired":true,"valueName":"search_term_string"}}],"inLanguage":"sv-SE"},{"@type":"Organization","@id":"https:\/\/www.agma.com\/sv\/#organization","name":"Absolicon","url":"https:\/\/www.agma.com\/sv\/","logo":{"@type":"ImageObject","inLanguage":"sv-SE","@id":"https:\/\/www.agma.com\/sv\/#\/schema\/logo\/image\/","url":"https:\/\/www.agma.com\/wp-content\/uploads\/2026\/04\/logotype_neg_blk.svg","contentUrl":"https:\/\/www.agma.com\/wp-content\/uploads\/2026\/04\/logotype_neg_blk.svg","width":705,"height":83,"caption":"Absolicon"},"image":{"@id":"https:\/\/www.agma.com\/sv\/#\/schema\/logo\/image\/"}},{"@type":"Person","@id":"https:\/\/www.agma.com\/sv\/#\/schema\/person\/6820b3ce1cc37edbaecc979090760d8b","name":"jakubschenk","image":{"@type":"ImageObject","inLanguage":"sv-SE","@id":"https:\/\/secure.gravatar.com\/avatar\/0ab843002d4a58702560e02354e5f9a3206e13bbfaa9df5a188e463870f605cd?s=96&d=mm&r=g","url":"https:\/\/secure.gravatar.com\/avatar\/0ab843002d4a58702560e02354e5f9a3206e13bbfaa9df5a188e463870f605cd?s=96&d=mm&r=g","contentUrl":"https:\/\/secure.gravatar.com\/avatar\/0ab843002d4a58702560e02354e5f9a3206e13bbfaa9df5a188e463870f605cd?s=96&d=mm&r=g","caption":"jakubschenk"},"sameAs":["https:\/\/www.agma.com"],"url":"https:\/\/www.agma.com\/sv\/author\/jakubschenk\/"}]}},"_links":{"self":[{"href":"https:\/\/www.agma.com\/sv\/wp-json\/wp\/v2\/posts\/8861","targetHints":{"allow":["GET"]}}],"collection":[{"href":"https:\/\/www.agma.com\/sv\/wp-json\/wp\/v2\/posts"}],"about":[{"href":"https:\/\/www.agma.com\/sv\/wp-json\/wp\/v2\/types\/post"}],"author":[{"embeddable":true,"href":"https:\/\/www.agma.com\/sv\/wp-json\/wp\/v2\/users\/1"}],"replies":[{"embeddable":true,"href":"https:\/\/www.agma.com\/sv\/wp-json\/wp\/v2\/comments?post=8861"}],"version-history":[{"count":0,"href":"https:\/\/www.agma.com\/sv\/wp-json\/wp\/v2\/posts\/8861\/revisions"}],"wp:attachment":[{"href":"https:\/\/www.agma.com\/sv\/wp-json\/wp\/v2\/media?parent=8861"}],"wp:term":[{"taxonomy":"category","embeddable":true,"href":"https:\/\/www.agma.com\/sv\/wp-json\/wp\/v2\/categories?post=8861"},{"taxonomy":"post_tag","embeddable":true,"href":"https:\/\/www.agma.com\/sv\/wp-json\/wp\/v2\/tags?post=8861"}],"curies":[{"name":"wp","href":"https:\/\/api.w.org\/{rel}","templated":true}]}}