{"id":8871,"date":"2017-03-15T00:00:00","date_gmt":"2017-03-15T00:00:00","guid":{"rendered":"https:\/\/www.absolicon.com\/absolicondagen-25-mars-2017\/"},"modified":"2017-03-15T00:00:00","modified_gmt":"2017-03-15T00:00:00","slug":"absolicondagen-25-mars-2017","status":"publish","type":"post","link":"https:\/\/www.agma.com\/sv\/absolicondagen-25-mars-2017\/","title":{"rendered":"Absolicondagen 25 Mars 2017"},"content":{"rendered":"<h2>Absolicondagen 25 mars 2017 p\u00e5 H\u00e4rn\u00f6sands Teater<\/h2>\n<p>L\u00f6rdag 25 mars anordnar Absolicon en heldag i H\u00e4rn\u00f6sand med studiebes\u00f6k p\u00e5 installationer, visning av produktionen, underh\u00e5llning och presentationer av Absolicon. Under dagen f\u00f6redrag p\u00e5 Logosol, \u00a0i Absolicons lokaler p\u00e5 Fiskaregatan och sedan p\u00e5 kv\u00e4llen p\u00e5 H\u00e4rn\u00f6sands Teater med plats f\u00f6r 500 personer. Under dagen och p\u00e5 f\u00f6rest\u00e4llningen kl 19 \u00e4r det \u00f6ppet f\u00f6r allm\u00e4nheten och p\u00e5 kv\u00e4llen middag f\u00f6r aktie\u00e4gare och speciellt inbjudna. V\u00e4lkomna till denna galakv\u00e4ll!<\/p>\n<h4><strong>Program l\u00f6rdag 25\/3:<\/strong><\/h4>\n<p><strong>12:00 \u2013 13:30<\/strong>\u00a0\u00d6ppen f\u00f6rel\u00e4sning om Climate Reality \u2013 Al Gores ber\u00e4ttelse om klimatet.<strong>\u00a0Logosol Fiskaregatan 2<\/strong><\/p>\n<p><strong>14:00 \u2013 15.00<\/strong>\u00a0\u00d6ppet hus hos\u00a0<strong>Absolicon, Fiskaregatan 11<\/strong><\/p>\n<p><strong>15:00 \u2013 15:30<\/strong>\u00a0Visning av energiparken p\u00e5\u00a0<strong>Hemab, V\u00e4stra ringv\u00e4gen\u00a0<\/strong><\/p>\n<p><strong>17:30 \u2013 18:30<\/strong>\u00a0Mottagning (f\u00f6r g\u00e4ster med guldbiljett),\u00a0<strong>H\u00e4rn\u00f6sands teater, Storgatan 9<\/strong><\/p>\n<p><strong>19:00 \u2013 21:00<\/strong>\u00a0Kv\u00e4llens f\u00f6rest\u00e4llning med Joakim Bystr\u00f6m. Paus med fika ca kl 19:45.\u00a0<strong>H\u00e4rn\u00f6sands teater, Storgatan 9<\/strong><\/p>\n<p><strong>Anm\u00e4lan till middagen via mail till info@absolicon.com.<\/strong><\/p>\n<p>F\u00f6r anm\u00e4lan till arrangemanget kl 12:00-15:30 anm\u00e4ld dig h\u00e4r:\u00a0<a href=\"https:\/\/www.facebook.com\/events\/1860942187484140\/\" target=\"_blank\" rel=\"noopener noreferrer\">Facebook evenemang <\/a><a href=\"https:\/\/www.facebook.com\/events\/1860942187484140\/\" target=\"_blank\" rel=\"noopener noreferrer\">Absolicon Del 1<\/a><\/p>\n<p>F\u00f6r anm\u00e4lan till f\u00f6redraget kl 19:00 anm\u00e4l dig h\u00e4r: <a href=\"https:\/\/www.facebook.com\/events\/1955217958039428\/\" target=\"_blank\" rel=\"noopener noreferrer\">Facebook evenemang Absolicon Del 2<\/a><\/p>\n<figure id=\"attachment_3205\" aria-describedby=\"caption-attachment-3205\" style=\"width: 220px\" class=\"wp-caption aligncenter\"><a href=\"https:\/\/www.agma.comwp-content\/uploads\/2017\/03\/Absolicondagen-programblad-web.pdf\"><img fetchpriority=\"high\" decoding=\"async\" class=\"size-medium wp-image-3205\" title=\"Absolicondagen 2017 Programblad\" src=\"https:\/\/www.agma.comwp-content\/uploads\/2017\/03\/Absolicondagen-programblad-web-300x220.png\" alt=\"Absolicondagen programblad 2017\" width=\"220\" height=\"300\" \/><\/a><figcaption id=\"caption-attachment-3205\" class=\"wp-caption-text\">Klicka p\u00e5 bilden f\u00f6r att ladda ner \u00e5rets programblad!<\/figcaption><\/figure>\n<p>&nbsp;<\/p>\n<p style=\"text-align: right;\"><em>Publicerad 2017-03-15<\/em><\/p>\n","protected":false},"excerpt":{"rendered":"<p>Absolicondagen 25 mars 2017 p\u00e5 H\u00e4rn\u00f6sands Teater L\u00f6rdag 25 mars anordnar Absolicon en heldag i H\u00e4rn\u00f6sand med studiebes\u00f6k p\u00e5 installationer, visning av produktionen, underh\u00e5llning och presentationer av Absolicon. Under dagen f\u00f6redrag p\u00e5 Logosol, \u00a0i Absolicons lokaler p\u00e5 Fiskaregatan och sedan p\u00e5 kv\u00e4llen p\u00e5 H\u00e4rn\u00f6sands Teater med plats f\u00f6r 500 personer. Under dagen och p\u00e5 f\u00f6rest\u00e4llningen [&hellip;]<\/p>\n","protected":false},"author":1,"featured_media":0,"comment_status":"open","ping_status":"open","sticky":false,"template":"","format":"standard","meta":{"_acf_changed":false,"footnotes":""},"categories":[],"tags":[],"class_list":["post-8871","post","type-post","status-publish","format-standard","hentry"],"acf":[],"yoast_head":"<!-- This site is optimized with the Yoast SEO plugin v27.4 - https:\/\/yoast.com\/product\/yoast-seo-wordpress\/ -->\n<title>Absolicondagen 25 Mars 2017 - Absolicon<\/title>\n<meta name=\"robots\" content=\"index, follow, max-snippet:-1, max-image-preview:large, max-video-preview:-1\" \/>\n<link rel=\"canonical\" href=\"https:\/\/www.agma.com\/sv\/absolicondagen-25-mars-2017\/\" \/>\n<meta property=\"og:locale\" content=\"sv_SE\" \/>\n<meta property=\"og:type\" content=\"article\" \/>\n<meta property=\"og:title\" content=\"Absolicondagen 25 Mars 2017 - Absolicon\" \/>\n<meta property=\"og:description\" content=\"Absolicondagen 25 mars 2017 p\u00e5 H\u00e4rn\u00f6sands Teater L\u00f6rdag 25 mars anordnar Absolicon en heldag i H\u00e4rn\u00f6sand med studiebes\u00f6k p\u00e5 installationer, visning av produktionen, underh\u00e5llning och presentationer av Absolicon. Under dagen f\u00f6redrag p\u00e5 Logosol, \u00a0i Absolicons lokaler p\u00e5 Fiskaregatan och sedan p\u00e5 kv\u00e4llen p\u00e5 H\u00e4rn\u00f6sands Teater med plats f\u00f6r 500 personer. Under dagen och p\u00e5 f\u00f6rest\u00e4llningen [&hellip;]\" \/>\n<meta property=\"og:url\" content=\"https:\/\/www.agma.com\/sv\/absolicondagen-25-mars-2017\/\" \/>\n<meta property=\"og:site_name\" content=\"Absolicon\" \/>\n<meta property=\"article:published_time\" content=\"2017-03-15T00:00:00+00:00\" \/>\n<meta property=\"og:image\" content=\"https:\/\/www.agma.comwp-content\/uploads\/2017\/03\/Absolicondagen-programblad-web-300x220.png\" \/>\n<meta name=\"author\" content=\"jakubschenk\" \/>\n<meta name=\"twitter:card\" content=\"summary_large_image\" \/>\n<meta name=\"twitter:label1\" content=\"Skriven av\" \/>\n\t<meta name=\"twitter:data1\" content=\"jakubschenk\" \/>\n<script type=\"application\/ld+json\" class=\"yoast-schema-graph\">{\"@context\":\"https:\\\/\\\/schema.org\",\"@graph\":[{\"@type\":\"Article\",\"@id\":\"https:\\\/\\\/www.agma.com\\\/sv\\\/absolicondagen-25-mars-2017\\\/#article\",\"isPartOf\":{\"@id\":\"https:\\\/\\\/www.agma.com\\\/sv\\\/absolicondagen-25-mars-2017\\\/\"},\"author\":{\"name\":\"jakubschenk\",\"@id\":\"https:\\\/\\\/www.agma.com\\\/sv\\\/#\\\/schema\\\/person\\\/6820b3ce1cc37edbaecc979090760d8b\"},\"headline\":\"Absolicondagen 25 Mars 2017\",\"datePublished\":\"2017-03-15T00:00:00+00:00\",\"mainEntityOfPage\":{\"@id\":\"https:\\\/\\\/www.agma.com\\\/sv\\\/absolicondagen-25-mars-2017\\\/\"},\"wordCount\":222,\"commentCount\":0,\"publisher\":{\"@id\":\"https:\\\/\\\/www.agma.com\\\/sv\\\/#organization\"},\"image\":{\"@id\":\"https:\\\/\\\/www.agma.com\\\/sv\\\/absolicondagen-25-mars-2017\\\/#primaryimage\"},\"thumbnailUrl\":\"https:\\\/\\\/www.agma.comwp-content\\\/uploads\\\/2017\\\/03\\\/Absolicondagen-programblad-web-300x220.png\",\"inLanguage\":\"sv-SE\",\"potentialAction\":[{\"@type\":\"CommentAction\",\"name\":\"Comment\",\"target\":[\"https:\\\/\\\/www.agma.com\\\/sv\\\/absolicondagen-25-mars-2017\\\/#respond\"]}]},{\"@type\":\"WebPage\",\"@id\":\"https:\\\/\\\/www.agma.com\\\/sv\\\/absolicondagen-25-mars-2017\\\/\",\"url\":\"https:\\\/\\\/www.agma.com\\\/sv\\\/absolicondagen-25-mars-2017\\\/\",\"name\":\"Absolicondagen 25 Mars 2017 - Absolicon\",\"isPartOf\":{\"@id\":\"https:\\\/\\\/www.agma.com\\\/sv\\\/#website\"},\"primaryImageOfPage\":{\"@id\":\"https:\\\/\\\/www.agma.com\\\/sv\\\/absolicondagen-25-mars-2017\\\/#primaryimage\"},\"image\":{\"@id\":\"https:\\\/\\\/www.agma.com\\\/sv\\\/absolicondagen-25-mars-2017\\\/#primaryimage\"},\"thumbnailUrl\":\"https:\\\/\\\/www.agma.comwp-content\\\/uploads\\\/2017\\\/03\\\/Absolicondagen-programblad-web-300x220.png\",\"datePublished\":\"2017-03-15T00:00:00+00:00\",\"breadcrumb\":{\"@id\":\"https:\\\/\\\/www.agma.com\\\/sv\\\/absolicondagen-25-mars-2017\\\/#breadcrumb\"},\"inLanguage\":\"sv-SE\",\"potentialAction\":[{\"@type\":\"ReadAction\",\"target\":[\"https:\\\/\\\/www.agma.com\\\/sv\\\/absolicondagen-25-mars-2017\\\/\"]}]},{\"@type\":\"ImageObject\",\"inLanguage\":\"sv-SE\",\"@id\":\"https:\\\/\\\/www.agma.com\\\/sv\\\/absolicondagen-25-mars-2017\\\/#primaryimage\",\"url\":\"https:\\\/\\\/www.agma.comwp-content\\\/uploads\\\/2017\\\/03\\\/Absolicondagen-programblad-web-300x220.png\",\"contentUrl\":\"https:\\\/\\\/www.agma.comwp-content\\\/uploads\\\/2017\\\/03\\\/Absolicondagen-programblad-web-300x220.png\"},{\"@type\":\"BreadcrumbList\",\"@id\":\"https:\\\/\\\/www.agma.com\\\/sv\\\/absolicondagen-25-mars-2017\\\/#breadcrumb\",\"itemListElement\":[{\"@type\":\"ListItem\",\"position\":1,\"name\":\"Home\",\"item\":\"https:\\\/\\\/www.agma.com\\\/sv\\\/\"},{\"@type\":\"ListItem\",\"position\":2,\"name\":\"Absolicondagen 25 Mars 2017\"}]},{\"@type\":\"WebSite\",\"@id\":\"https:\\\/\\\/www.agma.com\\\/sv\\\/#website\",\"url\":\"https:\\\/\\\/www.agma.com\\\/sv\\\/\",\"name\":\"Absolicon\",\"description\":\"\",\"publisher\":{\"@id\":\"https:\\\/\\\/www.agma.com\\\/sv\\\/#organization\"},\"potentialAction\":[{\"@type\":\"SearchAction\",\"target\":{\"@type\":\"EntryPoint\",\"urlTemplate\":\"https:\\\/\\\/www.agma.com\\\/sv\\\/?s={search_term_string}\"},\"query-input\":{\"@type\":\"PropertyValueSpecification\",\"valueRequired\":true,\"valueName\":\"search_term_string\"}}],\"inLanguage\":\"sv-SE\"},{\"@type\":\"Organization\",\"@id\":\"https:\\\/\\\/www.agma.com\\\/sv\\\/#organization\",\"name\":\"Absolicon\",\"url\":\"https:\\\/\\\/www.agma.com\\\/sv\\\/\",\"logo\":{\"@type\":\"ImageObject\",\"inLanguage\":\"sv-SE\",\"@id\":\"https:\\\/\\\/www.agma.com\\\/sv\\\/#\\\/schema\\\/logo\\\/image\\\/\",\"url\":\"https:\\\/\\\/www.agma.com\\\/wp-content\\\/uploads\\\/2026\\\/04\\\/logotype_neg_blk.svg\",\"contentUrl\":\"https:\\\/\\\/www.agma.com\\\/wp-content\\\/uploads\\\/2026\\\/04\\\/logotype_neg_blk.svg\",\"width\":705,\"height\":83,\"caption\":\"Absolicon\"},\"image\":{\"@id\":\"https:\\\/\\\/www.agma.com\\\/sv\\\/#\\\/schema\\\/logo\\\/image\\\/\"}},{\"@type\":\"Person\",\"@id\":\"https:\\\/\\\/www.agma.com\\\/sv\\\/#\\\/schema\\\/person\\\/6820b3ce1cc37edbaecc979090760d8b\",\"name\":\"jakubschenk\",\"image\":{\"@type\":\"ImageObject\",\"inLanguage\":\"sv-SE\",\"@id\":\"https:\\\/\\\/secure.gravatar.com\\\/avatar\\\/0ab843002d4a58702560e02354e5f9a3206e13bbfaa9df5a188e463870f605cd?s=96&d=mm&r=g\",\"url\":\"https:\\\/\\\/secure.gravatar.com\\\/avatar\\\/0ab843002d4a58702560e02354e5f9a3206e13bbfaa9df5a188e463870f605cd?s=96&d=mm&r=g\",\"contentUrl\":\"https:\\\/\\\/secure.gravatar.com\\\/avatar\\\/0ab843002d4a58702560e02354e5f9a3206e13bbfaa9df5a188e463870f605cd?s=96&d=mm&r=g\",\"caption\":\"jakubschenk\"},\"sameAs\":[\"https:\\\/\\\/www.agma.com\"],\"url\":\"https:\\\/\\\/www.agma.com\\\/sv\\\/author\\\/jakubschenk\\\/\"}]}<\/script>\n<!-- \/ Yoast SEO plugin. -->","yoast_head_json":{"title":"Absolicondagen 25 Mars 2017 - Absolicon","robots":{"index":"index","follow":"follow","max-snippet":"max-snippet:-1","max-image-preview":"max-image-preview:large","max-video-preview":"max-video-preview:-1"},"canonical":"https:\/\/www.agma.com\/sv\/absolicondagen-25-mars-2017\/","og_locale":"sv_SE","og_type":"article","og_title":"Absolicondagen 25 Mars 2017 - Absolicon","og_description":"Absolicondagen 25 mars 2017 p\u00e5 H\u00e4rn\u00f6sands Teater L\u00f6rdag 25 mars anordnar Absolicon en heldag i H\u00e4rn\u00f6sand med studiebes\u00f6k p\u00e5 installationer, visning av produktionen, underh\u00e5llning och presentationer av Absolicon. Under dagen f\u00f6redrag p\u00e5 Logosol, \u00a0i Absolicons lokaler p\u00e5 Fiskaregatan och sedan p\u00e5 kv\u00e4llen p\u00e5 H\u00e4rn\u00f6sands Teater med plats f\u00f6r 500 personer. Under dagen och p\u00e5 f\u00f6rest\u00e4llningen [&hellip;]","og_url":"https:\/\/www.agma.com\/sv\/absolicondagen-25-mars-2017\/","og_site_name":"Absolicon","article_published_time":"2017-03-15T00:00:00+00:00","og_image":[{"url":"https:\/\/www.agma.comwp-content\/uploads\/2017\/03\/Absolicondagen-programblad-web-300x220.png","type":"","width":"","height":""}],"author":"jakubschenk","twitter_card":"summary_large_image","twitter_misc":{"Skriven av":"jakubschenk"},"schema":{"@context":"https:\/\/schema.org","@graph":[{"@type":"Article","@id":"https:\/\/www.agma.com\/sv\/absolicondagen-25-mars-2017\/#article","isPartOf":{"@id":"https:\/\/www.agma.com\/sv\/absolicondagen-25-mars-2017\/"},"author":{"name":"jakubschenk","@id":"https:\/\/www.agma.com\/sv\/#\/schema\/person\/6820b3ce1cc37edbaecc979090760d8b"},"headline":"Absolicondagen 25 Mars 2017","datePublished":"2017-03-15T00:00:00+00:00","mainEntityOfPage":{"@id":"https:\/\/www.agma.com\/sv\/absolicondagen-25-mars-2017\/"},"wordCount":222,"commentCount":0,"publisher":{"@id":"https:\/\/www.agma.com\/sv\/#organization"},"image":{"@id":"https:\/\/www.agma.com\/sv\/absolicondagen-25-mars-2017\/#primaryimage"},"thumbnailUrl":"https:\/\/www.agma.comwp-content\/uploads\/2017\/03\/Absolicondagen-programblad-web-300x220.png","inLanguage":"sv-SE","potentialAction":[{"@type":"CommentAction","name":"Comment","target":["https:\/\/www.agma.com\/sv\/absolicondagen-25-mars-2017\/#respond"]}]},{"@type":"WebPage","@id":"https:\/\/www.agma.com\/sv\/absolicondagen-25-mars-2017\/","url":"https:\/\/www.agma.com\/sv\/absolicondagen-25-mars-2017\/","name":"Absolicondagen 25 Mars 2017 - Absolicon","isPartOf":{"@id":"https:\/\/www.agma.com\/sv\/#website"},"primaryImageOfPage":{"@id":"https:\/\/www.agma.com\/sv\/absolicondagen-25-mars-2017\/#primaryimage"},"image":{"@id":"https:\/\/www.agma.com\/sv\/absolicondagen-25-mars-2017\/#primaryimage"},"thumbnailUrl":"https:\/\/www.agma.comwp-content\/uploads\/2017\/03\/Absolicondagen-programblad-web-300x220.png","datePublished":"2017-03-15T00:00:00+00:00","breadcrumb":{"@id":"https:\/\/www.agma.com\/sv\/absolicondagen-25-mars-2017\/#breadcrumb"},"inLanguage":"sv-SE","potentialAction":[{"@type":"ReadAction","target":["https:\/\/www.agma.com\/sv\/absolicondagen-25-mars-2017\/"]}]},{"@type":"ImageObject","inLanguage":"sv-SE","@id":"https:\/\/www.agma.com\/sv\/absolicondagen-25-mars-2017\/#primaryimage","url":"https:\/\/www.agma.comwp-content\/uploads\/2017\/03\/Absolicondagen-programblad-web-300x220.png","contentUrl":"https:\/\/www.agma.comwp-content\/uploads\/2017\/03\/Absolicondagen-programblad-web-300x220.png"},{"@type":"BreadcrumbList","@id":"https:\/\/www.agma.com\/sv\/absolicondagen-25-mars-2017\/#breadcrumb","itemListElement":[{"@type":"ListItem","position":1,"name":"Home","item":"https:\/\/www.agma.com\/sv\/"},{"@type":"ListItem","position":2,"name":"Absolicondagen 25 Mars 2017"}]},{"@type":"WebSite","@id":"https:\/\/www.agma.com\/sv\/#website","url":"https:\/\/www.agma.com\/sv\/","name":"Absolicon","description":"","publisher":{"@id":"https:\/\/www.agma.com\/sv\/#organization"},"potentialAction":[{"@type":"SearchAction","target":{"@type":"EntryPoint","urlTemplate":"https:\/\/www.agma.com\/sv\/?s={search_term_string}"},"query-input":{"@type":"PropertyValueSpecification","valueRequired":true,"valueName":"search_term_string"}}],"inLanguage":"sv-SE"},{"@type":"Organization","@id":"https:\/\/www.agma.com\/sv\/#organization","name":"Absolicon","url":"https:\/\/www.agma.com\/sv\/","logo":{"@type":"ImageObject","inLanguage":"sv-SE","@id":"https:\/\/www.agma.com\/sv\/#\/schema\/logo\/image\/","url":"https:\/\/www.agma.com\/wp-content\/uploads\/2026\/04\/logotype_neg_blk.svg","contentUrl":"https:\/\/www.agma.com\/wp-content\/uploads\/2026\/04\/logotype_neg_blk.svg","width":705,"height":83,"caption":"Absolicon"},"image":{"@id":"https:\/\/www.agma.com\/sv\/#\/schema\/logo\/image\/"}},{"@type":"Person","@id":"https:\/\/www.agma.com\/sv\/#\/schema\/person\/6820b3ce1cc37edbaecc979090760d8b","name":"jakubschenk","image":{"@type":"ImageObject","inLanguage":"sv-SE","@id":"https:\/\/secure.gravatar.com\/avatar\/0ab843002d4a58702560e02354e5f9a3206e13bbfaa9df5a188e463870f605cd?s=96&d=mm&r=g","url":"https:\/\/secure.gravatar.com\/avatar\/0ab843002d4a58702560e02354e5f9a3206e13bbfaa9df5a188e463870f605cd?s=96&d=mm&r=g","contentUrl":"https:\/\/secure.gravatar.com\/avatar\/0ab843002d4a58702560e02354e5f9a3206e13bbfaa9df5a188e463870f605cd?s=96&d=mm&r=g","caption":"jakubschenk"},"sameAs":["https:\/\/www.agma.com"],"url":"https:\/\/www.agma.com\/sv\/author\/jakubschenk\/"}]}},"_links":{"self":[{"href":"https:\/\/www.agma.com\/sv\/wp-json\/wp\/v2\/posts\/8871","targetHints":{"allow":["GET"]}}],"collection":[{"href":"https:\/\/www.agma.com\/sv\/wp-json\/wp\/v2\/posts"}],"about":[{"href":"https:\/\/www.agma.com\/sv\/wp-json\/wp\/v2\/types\/post"}],"author":[{"embeddable":true,"href":"https:\/\/www.agma.com\/sv\/wp-json\/wp\/v2\/users\/1"}],"replies":[{"embeddable":true,"href":"https:\/\/www.agma.com\/sv\/wp-json\/wp\/v2\/comments?post=8871"}],"version-history":[{"count":0,"href":"https:\/\/www.agma.com\/sv\/wp-json\/wp\/v2\/posts\/8871\/revisions"}],"wp:attachment":[{"href":"https:\/\/www.agma.com\/sv\/wp-json\/wp\/v2\/media?parent=8871"}],"wp:term":[{"taxonomy":"category","embeddable":true,"href":"https:\/\/www.agma.com\/sv\/wp-json\/wp\/v2\/categories?post=8871"},{"taxonomy":"post_tag","embeddable":true,"href":"https:\/\/www.agma.com\/sv\/wp-json\/wp\/v2\/tags?post=8871"}],"curies":[{"name":"wp","href":"https:\/\/api.w.org\/{rel}","templated":true}]}}