{"id":8874,"date":"2017-03-22T00:00:00","date_gmt":"2017-03-22T00:00:00","guid":{"rendered":"https:\/\/www.absolicon.com\/forlangning-av-teckingsperioden\/"},"modified":"2017-03-22T00:00:00","modified_gmt":"2017-03-22T00:00:00","slug":"forlangning-av-teckingsperioden","status":"publish","type":"post","link":"https:\/\/www.agma.com\/sv\/forlangning-av-teckingsperioden\/","title":{"rendered":"F\u00f6rl\u00e4ngning av teckingsperioden"},"content":{"rendered":"<h3>F\u00f6r\u00e4ndring av teckningsperioden<\/h3>\n<p>Inf\u00f6r f\u00f6retr\u00e4desemissionen i Absolicon, med f\u00f6rsta teckningsdag den 27 mars, har Bolaget beslutat att \u00e4ndra teckningsperiodens varaktighet, s\u00e5 att sista teckningsdagen infaller den 18 april, i st\u00e4llet f\u00f6r tidigare publicerat sista teckningsdag den 10 april, 2017.<\/p>\n<p>Sista dag f\u00f6r handel med teckningsr\u00e4tter \u00e4r den 12 april, 2017.<\/p>\n<p>F\u00f6r\u00e4ndringen f\u00f6ranleds av att Bolaget ut\u00f6kat antalet planerade f\u00f6retagspresentationer under teckningstiden.<\/p>\n<p>Presentationer<\/p>\n<table border=\"0\" cellspacing=\"0\" cellpadding=\"0\">\n<tbody>\n<tr>\n<td valign=\"top\" width=\"67\">M\u00e5ndag<\/td>\n<td valign=\"top\" width=\"84\">3 april<\/td>\n<td valign=\"top\" width=\"246\"><a href=\"https:\/\/www.aktiespararna.se\/sajt\/kontakt\/lokalavdelningar\/lok\/aktiespararna\/Ostersund\/Lokala-aktiviteter\/par-arvidsson-presenterar-investmentbolaget-latour-den-3-april-2017\/\">Aktiespararna<\/a><\/td>\n<td valign=\"top\" width=\"104\">\u00d6stersund<\/td>\n<td valign=\"top\" width=\"85\">kl. 18:30<\/td>\n<\/tr>\n<tr>\n<td valign=\"top\" width=\"67\">Torsdag<\/td>\n<td valign=\"top\" width=\"84\">6 april<\/td>\n<td valign=\"top\" width=\"246\"><a href=\"https:\/\/www.agma.com?p=3758\">Aktiespararna \/ Stenbergs FR AB<\/a><\/td>\n<td valign=\"top\" width=\"104\">Ume\u00e5<\/td>\n<td valign=\"top\" width=\"85\">kl. 11:30<\/td>\n<\/tr>\n<tr>\n<td valign=\"top\" width=\"67\">Fredag<\/td>\n<td valign=\"top\" width=\"84\">7 april<\/td>\n<td valign=\"top\" width=\"246\"><a href=\"https:\/\/www.aktiespararna.se\/sajt\/kontakt\/lokalavdelningar\/lok\/aktiespararna\/Goteborg-City\/Lokala-aktiviteter\/2017-04-07\/\">Aktiespararna City<\/a><\/td>\n<td valign=\"top\" width=\"104\">G\u00f6teborg<\/td>\n<td valign=\"top\" width=\"85\">kl. 12:30<\/td>\n<\/tr>\n<tr>\n<td valign=\"top\" width=\"67\">M\u00e5ndag<\/td>\n<td valign=\"top\" width=\"84\">10 april<\/td>\n<td valign=\"top\" width=\"246\"><a href=\"https:\/\/www.agma.com?p=3767\">Klimatkv\u00e4ll p\u00e5 \u00d6stra Real<\/a><\/td>\n<td valign=\"top\" width=\"104\">Stockholm<\/td>\n<td valign=\"top\" width=\"85\">kl. 18:00<\/td>\n<\/tr>\n<\/tbody>\n<\/table>\n<p>&nbsp;<\/p>\n<p>F\u00f6r anm\u00e4lningar, klicka p\u00e5 l\u00e4nkarna ovan eller maila till <a href=\"mailto:info@absolicon.com\">info@absolicon.com<\/a> F\u00f6r ytterligare information, v\u00e4nligen kontakta:<\/p>\n<p>Joakim Bystr\u00f6m, verkst\u00e4llande direkt\u00f6r.<br \/>\ntel: 070-2976130<\/p>\n<p>&nbsp;<\/p>\n<p><em>Denna information \u00e4r s\u00e5dan information som Absolicon Solar Collector AB \u00e4r skyldigt att offentligg\u00f6ra enligt lagen om v\u00e4rdepappersmarknaden. Informationen l\u00e4mnades genom ovanst\u00e5ende kontaktpersons f\u00f6rsorg f\u00f6r offentligg\u00f6rande den 22 mars 2017.<\/em><\/p>\n<p>&nbsp;<\/p>\n<p style=\"text-align: right;\"><em>Publicerad 2017-03-22<\/em><\/p>\n","protected":false},"excerpt":{"rendered":"<p>F\u00f6r\u00e4ndring av teckningsperioden Inf\u00f6r f\u00f6retr\u00e4desemissionen i Absolicon, med f\u00f6rsta teckningsdag den 27 mars, har Bolaget beslutat att \u00e4ndra teckningsperiodens varaktighet, s\u00e5 att sista teckningsdagen infaller den 18 april, i st\u00e4llet f\u00f6r tidigare publicerat sista teckningsdag den 10 april, 2017. Sista dag f\u00f6r handel med teckningsr\u00e4tter \u00e4r den 12 april, 2017. F\u00f6r\u00e4ndringen f\u00f6ranleds av att Bolaget [&hellip;]<\/p>\n","protected":false},"author":1,"featured_media":0,"comment_status":"open","ping_status":"open","sticky":false,"template":"","format":"standard","meta":{"_acf_changed":false,"footnotes":""},"categories":[],"tags":[],"class_list":["post-8874","post","type-post","status-publish","format-standard","hentry"],"acf":[],"yoast_head":"<!-- This site is optimized with the Yoast SEO plugin v27.4 - https:\/\/yoast.com\/product\/yoast-seo-wordpress\/ -->\n<title>F\u00f6rl\u00e4ngning av teckingsperioden - Absolicon<\/title>\n<meta name=\"robots\" content=\"index, follow, max-snippet:-1, max-image-preview:large, max-video-preview:-1\" \/>\n<link rel=\"canonical\" href=\"https:\/\/www.agma.com\/sv\/forlangning-av-teckingsperioden\/\" \/>\n<meta property=\"og:locale\" content=\"sv_SE\" \/>\n<meta property=\"og:type\" content=\"article\" \/>\n<meta property=\"og:title\" content=\"F\u00f6rl\u00e4ngning av teckingsperioden - Absolicon\" \/>\n<meta property=\"og:description\" content=\"F\u00f6r\u00e4ndring av teckningsperioden Inf\u00f6r f\u00f6retr\u00e4desemissionen i Absolicon, med f\u00f6rsta teckningsdag den 27 mars, har Bolaget beslutat att \u00e4ndra teckningsperiodens varaktighet, s\u00e5 att sista teckningsdagen infaller den 18 april, i st\u00e4llet f\u00f6r tidigare publicerat sista teckningsdag den 10 april, 2017. Sista dag f\u00f6r handel med teckningsr\u00e4tter \u00e4r den 12 april, 2017. F\u00f6r\u00e4ndringen f\u00f6ranleds av att Bolaget [&hellip;]\" \/>\n<meta property=\"og:url\" content=\"https:\/\/www.agma.com\/sv\/forlangning-av-teckingsperioden\/\" \/>\n<meta property=\"og:site_name\" content=\"Absolicon\" \/>\n<meta property=\"article:published_time\" content=\"2017-03-22T00:00:00+00:00\" \/>\n<meta name=\"author\" content=\"jakubschenk\" \/>\n<meta name=\"twitter:card\" content=\"summary_large_image\" \/>\n<meta name=\"twitter:label1\" content=\"Skriven av\" \/>\n\t<meta name=\"twitter:data1\" content=\"jakubschenk\" \/>\n<script type=\"application\/ld+json\" class=\"yoast-schema-graph\">{\"@context\":\"https:\\\/\\\/schema.org\",\"@graph\":[{\"@type\":\"Article\",\"@id\":\"https:\\\/\\\/www.agma.com\\\/sv\\\/forlangning-av-teckingsperioden\\\/#article\",\"isPartOf\":{\"@id\":\"https:\\\/\\\/www.agma.com\\\/sv\\\/forlangning-av-teckingsperioden\\\/\"},\"author\":{\"name\":\"jakubschenk\",\"@id\":\"https:\\\/\\\/www.agma.com\\\/sv\\\/#\\\/schema\\\/person\\\/6820b3ce1cc37edbaecc979090760d8b\"},\"headline\":\"F\u00f6rl\u00e4ngning av teckingsperioden\",\"datePublished\":\"2017-03-22T00:00:00+00:00\",\"mainEntityOfPage\":{\"@id\":\"https:\\\/\\\/www.agma.com\\\/sv\\\/forlangning-av-teckingsperioden\\\/\"},\"wordCount\":180,\"commentCount\":0,\"publisher\":{\"@id\":\"https:\\\/\\\/www.agma.com\\\/sv\\\/#organization\"},\"inLanguage\":\"sv-SE\",\"potentialAction\":[{\"@type\":\"CommentAction\",\"name\":\"Comment\",\"target\":[\"https:\\\/\\\/www.agma.com\\\/sv\\\/forlangning-av-teckingsperioden\\\/#respond\"]}]},{\"@type\":\"WebPage\",\"@id\":\"https:\\\/\\\/www.agma.com\\\/sv\\\/forlangning-av-teckingsperioden\\\/\",\"url\":\"https:\\\/\\\/www.agma.com\\\/sv\\\/forlangning-av-teckingsperioden\\\/\",\"name\":\"F\u00f6rl\u00e4ngning av teckingsperioden - Absolicon\",\"isPartOf\":{\"@id\":\"https:\\\/\\\/www.agma.com\\\/sv\\\/#website\"},\"datePublished\":\"2017-03-22T00:00:00+00:00\",\"breadcrumb\":{\"@id\":\"https:\\\/\\\/www.agma.com\\\/sv\\\/forlangning-av-teckingsperioden\\\/#breadcrumb\"},\"inLanguage\":\"sv-SE\",\"potentialAction\":[{\"@type\":\"ReadAction\",\"target\":[\"https:\\\/\\\/www.agma.com\\\/sv\\\/forlangning-av-teckingsperioden\\\/\"]}]},{\"@type\":\"BreadcrumbList\",\"@id\":\"https:\\\/\\\/www.agma.com\\\/sv\\\/forlangning-av-teckingsperioden\\\/#breadcrumb\",\"itemListElement\":[{\"@type\":\"ListItem\",\"position\":1,\"name\":\"Home\",\"item\":\"https:\\\/\\\/www.agma.com\\\/sv\\\/\"},{\"@type\":\"ListItem\",\"position\":2,\"name\":\"F\u00f6rl\u00e4ngning av teckingsperioden\"}]},{\"@type\":\"WebSite\",\"@id\":\"https:\\\/\\\/www.agma.com\\\/sv\\\/#website\",\"url\":\"https:\\\/\\\/www.agma.com\\\/sv\\\/\",\"name\":\"Absolicon\",\"description\":\"\",\"publisher\":{\"@id\":\"https:\\\/\\\/www.agma.com\\\/sv\\\/#organization\"},\"potentialAction\":[{\"@type\":\"SearchAction\",\"target\":{\"@type\":\"EntryPoint\",\"urlTemplate\":\"https:\\\/\\\/www.agma.com\\\/sv\\\/?s={search_term_string}\"},\"query-input\":{\"@type\":\"PropertyValueSpecification\",\"valueRequired\":true,\"valueName\":\"search_term_string\"}}],\"inLanguage\":\"sv-SE\"},{\"@type\":\"Organization\",\"@id\":\"https:\\\/\\\/www.agma.com\\\/sv\\\/#organization\",\"name\":\"Absolicon\",\"url\":\"https:\\\/\\\/www.agma.com\\\/sv\\\/\",\"logo\":{\"@type\":\"ImageObject\",\"inLanguage\":\"sv-SE\",\"@id\":\"https:\\\/\\\/www.agma.com\\\/sv\\\/#\\\/schema\\\/logo\\\/image\\\/\",\"url\":\"https:\\\/\\\/www.agma.com\\\/wp-content\\\/uploads\\\/2026\\\/04\\\/logotype_neg_blk.svg\",\"contentUrl\":\"https:\\\/\\\/www.agma.com\\\/wp-content\\\/uploads\\\/2026\\\/04\\\/logotype_neg_blk.svg\",\"width\":705,\"height\":83,\"caption\":\"Absolicon\"},\"image\":{\"@id\":\"https:\\\/\\\/www.agma.com\\\/sv\\\/#\\\/schema\\\/logo\\\/image\\\/\"}},{\"@type\":\"Person\",\"@id\":\"https:\\\/\\\/www.agma.com\\\/sv\\\/#\\\/schema\\\/person\\\/6820b3ce1cc37edbaecc979090760d8b\",\"name\":\"jakubschenk\",\"image\":{\"@type\":\"ImageObject\",\"inLanguage\":\"sv-SE\",\"@id\":\"https:\\\/\\\/secure.gravatar.com\\\/avatar\\\/0ab843002d4a58702560e02354e5f9a3206e13bbfaa9df5a188e463870f605cd?s=96&d=mm&r=g\",\"url\":\"https:\\\/\\\/secure.gravatar.com\\\/avatar\\\/0ab843002d4a58702560e02354e5f9a3206e13bbfaa9df5a188e463870f605cd?s=96&d=mm&r=g\",\"contentUrl\":\"https:\\\/\\\/secure.gravatar.com\\\/avatar\\\/0ab843002d4a58702560e02354e5f9a3206e13bbfaa9df5a188e463870f605cd?s=96&d=mm&r=g\",\"caption\":\"jakubschenk\"},\"sameAs\":[\"https:\\\/\\\/www.agma.com\"],\"url\":\"https:\\\/\\\/www.agma.com\\\/sv\\\/author\\\/jakubschenk\\\/\"}]}<\/script>\n<!-- \/ Yoast SEO plugin. -->","yoast_head_json":{"title":"F\u00f6rl\u00e4ngning av teckingsperioden - Absolicon","robots":{"index":"index","follow":"follow","max-snippet":"max-snippet:-1","max-image-preview":"max-image-preview:large","max-video-preview":"max-video-preview:-1"},"canonical":"https:\/\/www.agma.com\/sv\/forlangning-av-teckingsperioden\/","og_locale":"sv_SE","og_type":"article","og_title":"F\u00f6rl\u00e4ngning av teckingsperioden - Absolicon","og_description":"F\u00f6r\u00e4ndring av teckningsperioden Inf\u00f6r f\u00f6retr\u00e4desemissionen i Absolicon, med f\u00f6rsta teckningsdag den 27 mars, har Bolaget beslutat att \u00e4ndra teckningsperiodens varaktighet, s\u00e5 att sista teckningsdagen infaller den 18 april, i st\u00e4llet f\u00f6r tidigare publicerat sista teckningsdag den 10 april, 2017. Sista dag f\u00f6r handel med teckningsr\u00e4tter \u00e4r den 12 april, 2017. F\u00f6r\u00e4ndringen f\u00f6ranleds av att Bolaget [&hellip;]","og_url":"https:\/\/www.agma.com\/sv\/forlangning-av-teckingsperioden\/","og_site_name":"Absolicon","article_published_time":"2017-03-22T00:00:00+00:00","author":"jakubschenk","twitter_card":"summary_large_image","twitter_misc":{"Skriven av":"jakubschenk"},"schema":{"@context":"https:\/\/schema.org","@graph":[{"@type":"Article","@id":"https:\/\/www.agma.com\/sv\/forlangning-av-teckingsperioden\/#article","isPartOf":{"@id":"https:\/\/www.agma.com\/sv\/forlangning-av-teckingsperioden\/"},"author":{"name":"jakubschenk","@id":"https:\/\/www.agma.com\/sv\/#\/schema\/person\/6820b3ce1cc37edbaecc979090760d8b"},"headline":"F\u00f6rl\u00e4ngning av teckingsperioden","datePublished":"2017-03-22T00:00:00+00:00","mainEntityOfPage":{"@id":"https:\/\/www.agma.com\/sv\/forlangning-av-teckingsperioden\/"},"wordCount":180,"commentCount":0,"publisher":{"@id":"https:\/\/www.agma.com\/sv\/#organization"},"inLanguage":"sv-SE","potentialAction":[{"@type":"CommentAction","name":"Comment","target":["https:\/\/www.agma.com\/sv\/forlangning-av-teckingsperioden\/#respond"]}]},{"@type":"WebPage","@id":"https:\/\/www.agma.com\/sv\/forlangning-av-teckingsperioden\/","url":"https:\/\/www.agma.com\/sv\/forlangning-av-teckingsperioden\/","name":"F\u00f6rl\u00e4ngning av teckingsperioden - Absolicon","isPartOf":{"@id":"https:\/\/www.agma.com\/sv\/#website"},"datePublished":"2017-03-22T00:00:00+00:00","breadcrumb":{"@id":"https:\/\/www.agma.com\/sv\/forlangning-av-teckingsperioden\/#breadcrumb"},"inLanguage":"sv-SE","potentialAction":[{"@type":"ReadAction","target":["https:\/\/www.agma.com\/sv\/forlangning-av-teckingsperioden\/"]}]},{"@type":"BreadcrumbList","@id":"https:\/\/www.agma.com\/sv\/forlangning-av-teckingsperioden\/#breadcrumb","itemListElement":[{"@type":"ListItem","position":1,"name":"Home","item":"https:\/\/www.agma.com\/sv\/"},{"@type":"ListItem","position":2,"name":"F\u00f6rl\u00e4ngning av teckingsperioden"}]},{"@type":"WebSite","@id":"https:\/\/www.agma.com\/sv\/#website","url":"https:\/\/www.agma.com\/sv\/","name":"Absolicon","description":"","publisher":{"@id":"https:\/\/www.agma.com\/sv\/#organization"},"potentialAction":[{"@type":"SearchAction","target":{"@type":"EntryPoint","urlTemplate":"https:\/\/www.agma.com\/sv\/?s={search_term_string}"},"query-input":{"@type":"PropertyValueSpecification","valueRequired":true,"valueName":"search_term_string"}}],"inLanguage":"sv-SE"},{"@type":"Organization","@id":"https:\/\/www.agma.com\/sv\/#organization","name":"Absolicon","url":"https:\/\/www.agma.com\/sv\/","logo":{"@type":"ImageObject","inLanguage":"sv-SE","@id":"https:\/\/www.agma.com\/sv\/#\/schema\/logo\/image\/","url":"https:\/\/www.agma.com\/wp-content\/uploads\/2026\/04\/logotype_neg_blk.svg","contentUrl":"https:\/\/www.agma.com\/wp-content\/uploads\/2026\/04\/logotype_neg_blk.svg","width":705,"height":83,"caption":"Absolicon"},"image":{"@id":"https:\/\/www.agma.com\/sv\/#\/schema\/logo\/image\/"}},{"@type":"Person","@id":"https:\/\/www.agma.com\/sv\/#\/schema\/person\/6820b3ce1cc37edbaecc979090760d8b","name":"jakubschenk","image":{"@type":"ImageObject","inLanguage":"sv-SE","@id":"https:\/\/secure.gravatar.com\/avatar\/0ab843002d4a58702560e02354e5f9a3206e13bbfaa9df5a188e463870f605cd?s=96&d=mm&r=g","url":"https:\/\/secure.gravatar.com\/avatar\/0ab843002d4a58702560e02354e5f9a3206e13bbfaa9df5a188e463870f605cd?s=96&d=mm&r=g","contentUrl":"https:\/\/secure.gravatar.com\/avatar\/0ab843002d4a58702560e02354e5f9a3206e13bbfaa9df5a188e463870f605cd?s=96&d=mm&r=g","caption":"jakubschenk"},"sameAs":["https:\/\/www.agma.com"],"url":"https:\/\/www.agma.com\/sv\/author\/jakubschenk\/"}]}},"_links":{"self":[{"href":"https:\/\/www.agma.com\/sv\/wp-json\/wp\/v2\/posts\/8874","targetHints":{"allow":["GET"]}}],"collection":[{"href":"https:\/\/www.agma.com\/sv\/wp-json\/wp\/v2\/posts"}],"about":[{"href":"https:\/\/www.agma.com\/sv\/wp-json\/wp\/v2\/types\/post"}],"author":[{"embeddable":true,"href":"https:\/\/www.agma.com\/sv\/wp-json\/wp\/v2\/users\/1"}],"replies":[{"embeddable":true,"href":"https:\/\/www.agma.com\/sv\/wp-json\/wp\/v2\/comments?post=8874"}],"version-history":[{"count":0,"href":"https:\/\/www.agma.com\/sv\/wp-json\/wp\/v2\/posts\/8874\/revisions"}],"wp:attachment":[{"href":"https:\/\/www.agma.com\/sv\/wp-json\/wp\/v2\/media?parent=8874"}],"wp:term":[{"taxonomy":"category","embeddable":true,"href":"https:\/\/www.agma.com\/sv\/wp-json\/wp\/v2\/categories?post=8874"},{"taxonomy":"post_tag","embeddable":true,"href":"https:\/\/www.agma.com\/sv\/wp-json\/wp\/v2\/tags?post=8874"}],"curies":[{"name":"wp","href":"https:\/\/api.w.org\/{rel}","templated":true}]}}