{"id":8875,"date":"2017-03-24T00:00:00","date_gmt":"2017-03-24T00:00:00","guid":{"rendered":"https:\/\/www.absolicon.com\/prospektet-offentliggjort-teckningsrattshandeln-paborjats\/"},"modified":"2017-03-24T00:00:00","modified_gmt":"2017-03-24T00:00:00","slug":"prospektet-offentliggjort-teckningsrattshandeln-paborjats","status":"publish","type":"post","link":"https:\/\/www.agma.com\/sv\/prospektet-offentliggjort-teckningsrattshandeln-paborjats\/","title":{"rendered":"Prospektet offentliggjort, teckningsr\u00e4ttshandeln p\u00e5b\u00f6rjats"},"content":{"rendered":"<p>[ingress]Prospektet avseende f\u00f6retr\u00e4desemission i Absolicon Solar Collector AB har godk\u00e4nts och registrerats av Finansinspektionen[\/ingress]<\/p>\n<p>Prospektet finns nu tillg\u00e4ngligt p\u00e5 bolagets hemsida absolicon.com. Prospektet kommer \u00e4ven att finnas tillg\u00e4ngligt p\u00e5 emissionsinstitutets hemsida www.eminova.se, p\u00e5 AktieTorgets hemsida, www.aktietorget.se samt p\u00e5 <a href=\"https:\/\/www.agma.cominvesterare\/finansiell-information\/\">absolicon.com<\/a><\/p>\n<p>Teckningstiden i f\u00f6retr\u00e4desemissionen l\u00f6per den 27 mars \u2013 18 april 2017. De som p\u00e5 avst\u00e4mningsdagen den 23 mars var aktie\u00e4gare i Absolicon erh\u00e5ller en (1) teckningsr\u00e4tt per innehavd aktie. Fyra (4) teckningsr\u00e4tter ber\u00e4ttigar till teckning av en (1) ny aktie.<\/p>\n<p>Handel med teckningsr\u00e4tter p\u00e5g\u00e5r fr\u00e5n och med den 27 mars till och med den 12 april 2017.<\/p>\n<p>Den som erh\u00e5llit eller f\u00f6rv\u00e4rvat teckningsr\u00e4tter \u00e4ger r\u00e4tt till tilldelning. H\u00e4rut\u00f6ver erbjuds andra investerare att anm\u00e4la intresse om teckning av nya aktier utan f\u00f6retr\u00e4desr\u00e4tt, och erh\u00e5ller tilldelning i m\u00e5n av plats.<\/p>\n<p><a href=\"https:\/\/www.agma.comwp-content\/uploads\/2017\/03\/Absolicon_Prospekt_2017.pdf\">&gt;&gt; Absolicon_Prospekt_2017 (1,6 MB)<\/a><\/p>\n<p><a href=\"https:\/\/www.agma.comwp-content\/uploads\/2012\/06\/Absolicon-teckningssedel-2017.pdf\">&gt;&gt; Absolicon Teckningssedel 2017 (121 kB)<\/a><\/p>\n<p>&nbsp;<\/p>\n<p><strong>Presentationer av f\u00f6retr\u00e4desemissionen under april kommer att h\u00e5llas p\u00e5 f\u00f6ljande orter:<\/strong><\/p>\n<table width=\"710\" border=\"0\" cellspacing=\"0\" cellpadding=\"0\">\n<tbody>\n<tr>\n<td valign=\"top\" width=\"85\"><strong>\u00d6stersund<\/strong><\/td>\n<td valign=\"top\" width=\"66\">M\u00e5ndag<\/td>\n<td valign=\"top\" width=\"67\">3 april<\/td>\n<td valign=\"top\" width=\"75\">kl. 18:30<\/td>\n<td valign=\"top\" width=\"417\"><a href=\"https:\/\/www.aktiespararna.se\/sajt\/kontakt\/lokalavdelningar\/lok\/aktiespararna\/Ostersund\/Lokala-aktiviteter\/par-arvidsson-presenterar-investmentbolaget-latour-den-3-april-2017\/\">Aktiespararna<\/a><\/td>\n<\/tr>\n<tr>\n<td valign=\"top\" width=\"85\"><strong>Ume\u00e5<\/strong><\/td>\n<td valign=\"top\" width=\"66\">Torsdag<\/td>\n<td valign=\"top\" width=\"67\">6 april<\/td>\n<td valign=\"top\" width=\"75\">kl. 11:30<\/td>\n<td valign=\"top\" width=\"417\"><a href=\"https:\/\/www.agma.com?p=3758\">Aktiespararna \/ Stenbergs FR AB<\/a><\/td>\n<\/tr>\n<tr>\n<td valign=\"top\" width=\"85\"><strong>G\u00f6teborg<\/strong><\/td>\n<td valign=\"top\" width=\"66\">Fredag<\/td>\n<td valign=\"top\" width=\"67\">7 april<\/td>\n<td valign=\"top\" width=\"75\">kl. 12:30<\/td>\n<td valign=\"top\" width=\"417\"><a href=\"https:\/\/www.aktiespararna.se\/sajt\/kontakt\/lokalavdelningar\/lok\/aktiespararna\/Goteborg-City\/Lokala-aktiviteter\/2017-04-07\/\">Aktiespararna G\u00f6teborg City<\/a><\/td>\n<\/tr>\n<tr>\n<td valign=\"top\" width=\"85\"><strong>Stockholm<\/strong><\/td>\n<td valign=\"top\" width=\"66\">M\u00e5ndag<\/td>\n<td valign=\"top\" width=\"67\">10 april<\/td>\n<td valign=\"top\" width=\"75\">kl. 18:00<\/td>\n<td valign=\"top\" width=\"417\"><a href=\"https:\/\/www.agma.com?p=3767\">Klimatkv\u00e4ll p\u00e5 \u00d6stra Real<\/a><\/td>\n<\/tr>\n<\/tbody>\n<\/table>\n<p>&nbsp;<\/p>\n<p>F\u00f6r ytterligare information, v\u00e4nligen kontakta:<\/p>\n<p>Joakim Bystr\u00f6m, verkst\u00e4llande direkt\u00f6r.<br \/>\nE-post: <a href=\"mailto:joakim@absolicon.com\">joakim@absolicon.com<\/a><br \/>\ntel: 070-2976130<\/p>\n<p><em style=\"font-size: 13px;\">Denna information \u00e4r s\u00e5dan information som Absolicon Solar Collector AB \u00e4r skyldigt att offentligg\u00f6ra enligt lagen om v\u00e4rdepappersmarknaden och EU:s marknadsmissbruksf\u00f6rordning. Informationen l\u00e4mnades genom ovanst\u00e5ende kontaktpersons f\u00f6rsorg f\u00f6r offentligg\u00f6rande den 24 mars 2017.<\/em><\/p>\n<p>&nbsp;<\/p>\n<p style=\"text-align: right;\"><em>Publicerad 2017-03-24<\/em><\/p>\n","protected":false},"excerpt":{"rendered":"<p>[ingress]Prospektet avseende f\u00f6retr\u00e4desemission i Absolicon Solar Collector AB har godk\u00e4nts och registrerats av Finansinspektionen[\/ingress] Prospektet finns nu tillg\u00e4ngligt p\u00e5 bolagets hemsida absolicon.com. Prospektet kommer \u00e4ven att finnas tillg\u00e4ngligt p\u00e5 emissionsinstitutets hemsida www.eminova.se, p\u00e5 AktieTorgets hemsida, www.aktietorget.se samt p\u00e5 absolicon.com Teckningstiden i f\u00f6retr\u00e4desemissionen l\u00f6per den 27 mars \u2013 18 april 2017. De som p\u00e5 avst\u00e4mningsdagen den [&hellip;]<\/p>\n","protected":false},"author":1,"featured_media":0,"comment_status":"open","ping_status":"open","sticky":false,"template":"","format":"standard","meta":{"_acf_changed":false,"footnotes":""},"categories":[],"tags":[],"class_list":["post-8875","post","type-post","status-publish","format-standard","hentry"],"acf":[],"yoast_head":"<!-- This site is optimized with the Yoast SEO plugin v27.4 - https:\/\/yoast.com\/product\/yoast-seo-wordpress\/ -->\n<title>Prospektet offentliggjort, teckningsr\u00e4ttshandeln p\u00e5b\u00f6rjats - Absolicon<\/title>\n<meta name=\"robots\" content=\"index, follow, max-snippet:-1, max-image-preview:large, max-video-preview:-1\" \/>\n<link rel=\"canonical\" href=\"https:\/\/www.agma.com\/sv\/prospektet-offentliggjort-teckningsrattshandeln-paborjats\/\" \/>\n<meta property=\"og:locale\" content=\"sv_SE\" \/>\n<meta property=\"og:type\" content=\"article\" \/>\n<meta property=\"og:title\" content=\"Prospektet offentliggjort, teckningsr\u00e4ttshandeln p\u00e5b\u00f6rjats - Absolicon\" \/>\n<meta property=\"og:description\" content=\"[ingress]Prospektet avseende f\u00f6retr\u00e4desemission i Absolicon Solar Collector AB har godk\u00e4nts och registrerats av Finansinspektionen[\/ingress] Prospektet finns nu tillg\u00e4ngligt p\u00e5 bolagets hemsida absolicon.com. Prospektet kommer \u00e4ven att finnas tillg\u00e4ngligt p\u00e5 emissionsinstitutets hemsida www.eminova.se, p\u00e5 AktieTorgets hemsida, www.aktietorget.se samt p\u00e5 absolicon.com Teckningstiden i f\u00f6retr\u00e4desemissionen l\u00f6per den 27 mars \u2013 18 april 2017. De som p\u00e5 avst\u00e4mningsdagen den [&hellip;]\" \/>\n<meta property=\"og:url\" content=\"https:\/\/www.agma.com\/sv\/prospektet-offentliggjort-teckningsrattshandeln-paborjats\/\" \/>\n<meta property=\"og:site_name\" content=\"Absolicon\" \/>\n<meta property=\"article:published_time\" content=\"2017-03-24T00:00:00+00:00\" \/>\n<meta name=\"author\" content=\"jakubschenk\" \/>\n<meta name=\"twitter:card\" content=\"summary_large_image\" \/>\n<meta name=\"twitter:label1\" content=\"Skriven av\" \/>\n\t<meta name=\"twitter:data1\" content=\"jakubschenk\" \/>\n<script type=\"application\/ld+json\" class=\"yoast-schema-graph\">{\"@context\":\"https:\\\/\\\/schema.org\",\"@graph\":[{\"@type\":\"Article\",\"@id\":\"https:\\\/\\\/www.agma.com\\\/sv\\\/prospektet-offentliggjort-teckningsrattshandeln-paborjats\\\/#article\",\"isPartOf\":{\"@id\":\"https:\\\/\\\/www.agma.com\\\/sv\\\/prospektet-offentliggjort-teckningsrattshandeln-paborjats\\\/\"},\"author\":{\"name\":\"jakubschenk\",\"@id\":\"https:\\\/\\\/www.agma.com\\\/sv\\\/#\\\/schema\\\/person\\\/6820b3ce1cc37edbaecc979090760d8b\"},\"headline\":\"Prospektet offentliggjort, teckningsr\u00e4ttshandeln p\u00e5b\u00f6rjats\",\"datePublished\":\"2017-03-24T00:00:00+00:00\",\"mainEntityOfPage\":{\"@id\":\"https:\\\/\\\/www.agma.com\\\/sv\\\/prospektet-offentliggjort-teckningsrattshandeln-paborjats\\\/\"},\"wordCount\":287,\"commentCount\":0,\"publisher\":{\"@id\":\"https:\\\/\\\/www.agma.com\\\/sv\\\/#organization\"},\"inLanguage\":\"sv-SE\",\"potentialAction\":[{\"@type\":\"CommentAction\",\"name\":\"Comment\",\"target\":[\"https:\\\/\\\/www.agma.com\\\/sv\\\/prospektet-offentliggjort-teckningsrattshandeln-paborjats\\\/#respond\"]}]},{\"@type\":\"WebPage\",\"@id\":\"https:\\\/\\\/www.agma.com\\\/sv\\\/prospektet-offentliggjort-teckningsrattshandeln-paborjats\\\/\",\"url\":\"https:\\\/\\\/www.agma.com\\\/sv\\\/prospektet-offentliggjort-teckningsrattshandeln-paborjats\\\/\",\"name\":\"Prospektet offentliggjort, teckningsr\u00e4ttshandeln p\u00e5b\u00f6rjats - Absolicon\",\"isPartOf\":{\"@id\":\"https:\\\/\\\/www.agma.com\\\/sv\\\/#website\"},\"datePublished\":\"2017-03-24T00:00:00+00:00\",\"breadcrumb\":{\"@id\":\"https:\\\/\\\/www.agma.com\\\/sv\\\/prospektet-offentliggjort-teckningsrattshandeln-paborjats\\\/#breadcrumb\"},\"inLanguage\":\"sv-SE\",\"potentialAction\":[{\"@type\":\"ReadAction\",\"target\":[\"https:\\\/\\\/www.agma.com\\\/sv\\\/prospektet-offentliggjort-teckningsrattshandeln-paborjats\\\/\"]}]},{\"@type\":\"BreadcrumbList\",\"@id\":\"https:\\\/\\\/www.agma.com\\\/sv\\\/prospektet-offentliggjort-teckningsrattshandeln-paborjats\\\/#breadcrumb\",\"itemListElement\":[{\"@type\":\"ListItem\",\"position\":1,\"name\":\"Home\",\"item\":\"https:\\\/\\\/www.agma.com\\\/sv\\\/\"},{\"@type\":\"ListItem\",\"position\":2,\"name\":\"Prospektet offentliggjort, teckningsr\u00e4ttshandeln p\u00e5b\u00f6rjats\"}]},{\"@type\":\"WebSite\",\"@id\":\"https:\\\/\\\/www.agma.com\\\/sv\\\/#website\",\"url\":\"https:\\\/\\\/www.agma.com\\\/sv\\\/\",\"name\":\"Absolicon\",\"description\":\"\",\"publisher\":{\"@id\":\"https:\\\/\\\/www.agma.com\\\/sv\\\/#organization\"},\"potentialAction\":[{\"@type\":\"SearchAction\",\"target\":{\"@type\":\"EntryPoint\",\"urlTemplate\":\"https:\\\/\\\/www.agma.com\\\/sv\\\/?s={search_term_string}\"},\"query-input\":{\"@type\":\"PropertyValueSpecification\",\"valueRequired\":true,\"valueName\":\"search_term_string\"}}],\"inLanguage\":\"sv-SE\"},{\"@type\":\"Organization\",\"@id\":\"https:\\\/\\\/www.agma.com\\\/sv\\\/#organization\",\"name\":\"Absolicon\",\"url\":\"https:\\\/\\\/www.agma.com\\\/sv\\\/\",\"logo\":{\"@type\":\"ImageObject\",\"inLanguage\":\"sv-SE\",\"@id\":\"https:\\\/\\\/www.agma.com\\\/sv\\\/#\\\/schema\\\/logo\\\/image\\\/\",\"url\":\"https:\\\/\\\/www.agma.com\\\/wp-content\\\/uploads\\\/2026\\\/04\\\/logotype_neg_blk.svg\",\"contentUrl\":\"https:\\\/\\\/www.agma.com\\\/wp-content\\\/uploads\\\/2026\\\/04\\\/logotype_neg_blk.svg\",\"width\":705,\"height\":83,\"caption\":\"Absolicon\"},\"image\":{\"@id\":\"https:\\\/\\\/www.agma.com\\\/sv\\\/#\\\/schema\\\/logo\\\/image\\\/\"}},{\"@type\":\"Person\",\"@id\":\"https:\\\/\\\/www.agma.com\\\/sv\\\/#\\\/schema\\\/person\\\/6820b3ce1cc37edbaecc979090760d8b\",\"name\":\"jakubschenk\",\"image\":{\"@type\":\"ImageObject\",\"inLanguage\":\"sv-SE\",\"@id\":\"https:\\\/\\\/secure.gravatar.com\\\/avatar\\\/0ab843002d4a58702560e02354e5f9a3206e13bbfaa9df5a188e463870f605cd?s=96&d=mm&r=g\",\"url\":\"https:\\\/\\\/secure.gravatar.com\\\/avatar\\\/0ab843002d4a58702560e02354e5f9a3206e13bbfaa9df5a188e463870f605cd?s=96&d=mm&r=g\",\"contentUrl\":\"https:\\\/\\\/secure.gravatar.com\\\/avatar\\\/0ab843002d4a58702560e02354e5f9a3206e13bbfaa9df5a188e463870f605cd?s=96&d=mm&r=g\",\"caption\":\"jakubschenk\"},\"sameAs\":[\"https:\\\/\\\/www.agma.com\"],\"url\":\"https:\\\/\\\/www.agma.com\\\/sv\\\/author\\\/jakubschenk\\\/\"}]}<\/script>\n<!-- \/ Yoast SEO plugin. -->","yoast_head_json":{"title":"Prospektet offentliggjort, teckningsr\u00e4ttshandeln p\u00e5b\u00f6rjats - Absolicon","robots":{"index":"index","follow":"follow","max-snippet":"max-snippet:-1","max-image-preview":"max-image-preview:large","max-video-preview":"max-video-preview:-1"},"canonical":"https:\/\/www.agma.com\/sv\/prospektet-offentliggjort-teckningsrattshandeln-paborjats\/","og_locale":"sv_SE","og_type":"article","og_title":"Prospektet offentliggjort, teckningsr\u00e4ttshandeln p\u00e5b\u00f6rjats - Absolicon","og_description":"[ingress]Prospektet avseende f\u00f6retr\u00e4desemission i Absolicon Solar Collector AB har godk\u00e4nts och registrerats av Finansinspektionen[\/ingress] Prospektet finns nu tillg\u00e4ngligt p\u00e5 bolagets hemsida absolicon.com. Prospektet kommer \u00e4ven att finnas tillg\u00e4ngligt p\u00e5 emissionsinstitutets hemsida www.eminova.se, p\u00e5 AktieTorgets hemsida, www.aktietorget.se samt p\u00e5 absolicon.com Teckningstiden i f\u00f6retr\u00e4desemissionen l\u00f6per den 27 mars \u2013 18 april 2017. De som p\u00e5 avst\u00e4mningsdagen den [&hellip;]","og_url":"https:\/\/www.agma.com\/sv\/prospektet-offentliggjort-teckningsrattshandeln-paborjats\/","og_site_name":"Absolicon","article_published_time":"2017-03-24T00:00:00+00:00","author":"jakubschenk","twitter_card":"summary_large_image","twitter_misc":{"Skriven av":"jakubschenk"},"schema":{"@context":"https:\/\/schema.org","@graph":[{"@type":"Article","@id":"https:\/\/www.agma.com\/sv\/prospektet-offentliggjort-teckningsrattshandeln-paborjats\/#article","isPartOf":{"@id":"https:\/\/www.agma.com\/sv\/prospektet-offentliggjort-teckningsrattshandeln-paborjats\/"},"author":{"name":"jakubschenk","@id":"https:\/\/www.agma.com\/sv\/#\/schema\/person\/6820b3ce1cc37edbaecc979090760d8b"},"headline":"Prospektet offentliggjort, teckningsr\u00e4ttshandeln p\u00e5b\u00f6rjats","datePublished":"2017-03-24T00:00:00+00:00","mainEntityOfPage":{"@id":"https:\/\/www.agma.com\/sv\/prospektet-offentliggjort-teckningsrattshandeln-paborjats\/"},"wordCount":287,"commentCount":0,"publisher":{"@id":"https:\/\/www.agma.com\/sv\/#organization"},"inLanguage":"sv-SE","potentialAction":[{"@type":"CommentAction","name":"Comment","target":["https:\/\/www.agma.com\/sv\/prospektet-offentliggjort-teckningsrattshandeln-paborjats\/#respond"]}]},{"@type":"WebPage","@id":"https:\/\/www.agma.com\/sv\/prospektet-offentliggjort-teckningsrattshandeln-paborjats\/","url":"https:\/\/www.agma.com\/sv\/prospektet-offentliggjort-teckningsrattshandeln-paborjats\/","name":"Prospektet offentliggjort, teckningsr\u00e4ttshandeln p\u00e5b\u00f6rjats - Absolicon","isPartOf":{"@id":"https:\/\/www.agma.com\/sv\/#website"},"datePublished":"2017-03-24T00:00:00+00:00","breadcrumb":{"@id":"https:\/\/www.agma.com\/sv\/prospektet-offentliggjort-teckningsrattshandeln-paborjats\/#breadcrumb"},"inLanguage":"sv-SE","potentialAction":[{"@type":"ReadAction","target":["https:\/\/www.agma.com\/sv\/prospektet-offentliggjort-teckningsrattshandeln-paborjats\/"]}]},{"@type":"BreadcrumbList","@id":"https:\/\/www.agma.com\/sv\/prospektet-offentliggjort-teckningsrattshandeln-paborjats\/#breadcrumb","itemListElement":[{"@type":"ListItem","position":1,"name":"Home","item":"https:\/\/www.agma.com\/sv\/"},{"@type":"ListItem","position":2,"name":"Prospektet offentliggjort, teckningsr\u00e4ttshandeln p\u00e5b\u00f6rjats"}]},{"@type":"WebSite","@id":"https:\/\/www.agma.com\/sv\/#website","url":"https:\/\/www.agma.com\/sv\/","name":"Absolicon","description":"","publisher":{"@id":"https:\/\/www.agma.com\/sv\/#organization"},"potentialAction":[{"@type":"SearchAction","target":{"@type":"EntryPoint","urlTemplate":"https:\/\/www.agma.com\/sv\/?s={search_term_string}"},"query-input":{"@type":"PropertyValueSpecification","valueRequired":true,"valueName":"search_term_string"}}],"inLanguage":"sv-SE"},{"@type":"Organization","@id":"https:\/\/www.agma.com\/sv\/#organization","name":"Absolicon","url":"https:\/\/www.agma.com\/sv\/","logo":{"@type":"ImageObject","inLanguage":"sv-SE","@id":"https:\/\/www.agma.com\/sv\/#\/schema\/logo\/image\/","url":"https:\/\/www.agma.com\/wp-content\/uploads\/2026\/04\/logotype_neg_blk.svg","contentUrl":"https:\/\/www.agma.com\/wp-content\/uploads\/2026\/04\/logotype_neg_blk.svg","width":705,"height":83,"caption":"Absolicon"},"image":{"@id":"https:\/\/www.agma.com\/sv\/#\/schema\/logo\/image\/"}},{"@type":"Person","@id":"https:\/\/www.agma.com\/sv\/#\/schema\/person\/6820b3ce1cc37edbaecc979090760d8b","name":"jakubschenk","image":{"@type":"ImageObject","inLanguage":"sv-SE","@id":"https:\/\/secure.gravatar.com\/avatar\/0ab843002d4a58702560e02354e5f9a3206e13bbfaa9df5a188e463870f605cd?s=96&d=mm&r=g","url":"https:\/\/secure.gravatar.com\/avatar\/0ab843002d4a58702560e02354e5f9a3206e13bbfaa9df5a188e463870f605cd?s=96&d=mm&r=g","contentUrl":"https:\/\/secure.gravatar.com\/avatar\/0ab843002d4a58702560e02354e5f9a3206e13bbfaa9df5a188e463870f605cd?s=96&d=mm&r=g","caption":"jakubschenk"},"sameAs":["https:\/\/www.agma.com"],"url":"https:\/\/www.agma.com\/sv\/author\/jakubschenk\/"}]}},"_links":{"self":[{"href":"https:\/\/www.agma.com\/sv\/wp-json\/wp\/v2\/posts\/8875","targetHints":{"allow":["GET"]}}],"collection":[{"href":"https:\/\/www.agma.com\/sv\/wp-json\/wp\/v2\/posts"}],"about":[{"href":"https:\/\/www.agma.com\/sv\/wp-json\/wp\/v2\/types\/post"}],"author":[{"embeddable":true,"href":"https:\/\/www.agma.com\/sv\/wp-json\/wp\/v2\/users\/1"}],"replies":[{"embeddable":true,"href":"https:\/\/www.agma.com\/sv\/wp-json\/wp\/v2\/comments?post=8875"}],"version-history":[{"count":0,"href":"https:\/\/www.agma.com\/sv\/wp-json\/wp\/v2\/posts\/8875\/revisions"}],"wp:attachment":[{"href":"https:\/\/www.agma.com\/sv\/wp-json\/wp\/v2\/media?parent=8875"}],"wp:term":[{"taxonomy":"category","embeddable":true,"href":"https:\/\/www.agma.com\/sv\/wp-json\/wp\/v2\/categories?post=8875"},{"taxonomy":"post_tag","embeddable":true,"href":"https:\/\/www.agma.com\/sv\/wp-json\/wp\/v2\/tags?post=8875"}],"curies":[{"name":"wp","href":"https:\/\/api.w.org\/{rel}","templated":true}]}}