{"id":8877,"date":"2017-03-23T00:00:00","date_gmt":"2017-03-23T00:00:00","guid":{"rendered":"https:\/\/www.absolicon.com\/klimatkvall-i-stockholm-ma-10-4\/"},"modified":"2017-03-23T00:00:00","modified_gmt":"2017-03-23T00:00:00","slug":"klimatkvall-i-stockholm-ma-10-4","status":"publish","type":"post","link":"https:\/\/www.agma.com\/sv\/klimatkvall-i-stockholm-ma-10-4\/","title":{"rendered":"Klimatkv\u00e4ll i Stockholm M\u00e5 10\/4"},"content":{"rendered":"<p>[ingress]F\u00f6r andra \u00e5ret arrangerar Absolicon klimatkv\u00e4ll p\u00e5 gymnasieskolan \u00d6stra Real. Kv\u00e4llen \u00e4r b\u00e5de en utbildning och en presentation av Absolicon.[\/ingress]<\/p>\n<p>F\u00f6rst presenterar Joakim Bystr\u00f6m (som i mars varit p\u00e5 klimatutbildning med fredspristagaren Al Gore) hur v\u00e4ldens klimat f\u00f6r\u00e4ndras steg f\u00f6r steg men hur 197 l\u00e4nder genom Paris\u00f6verenskommelsen nu gemensamt har beslutat sig f\u00f6r att h\u00e5lla temperatur\u00f6kningarna under tv\u00e5 grader &#8211; som dock hotas av Trumps agerande i Vita huset.<\/p>\n<p>D\u00e4refter presenteras Absolicons f\u00f6retr\u00e4desemission. Absolicons solf\u00e5ngare har f\u00e5tt mycket goda m\u00e4tresultat och \u00e4r upp till 50% b\u00e4ttre \u00e4n plana solf\u00e5ngare. \u00a0Det \u00e4r en del av historien om hur aff\u00e4ren med kinesiska Heli New Energi som k\u00f6pt en komplett produktionslina f\u00f6r Absolicons solf\u00e5ngare f\u00f6r 25 miljoner sitter ihop med Kinas 13:e fem\u00e5rsplan.<\/p>\n<p>Vi bjuder p\u00e5 en matig macka kl 18 och kaffe med dopp i pausen.<\/p>\n<p><strong>Klimatkv\u00e4ll \u00a0M\u00e5ndag 10 april<\/strong><\/p>\n<p><strong>18:00<\/strong> V\u00e4lkomna, servering en trappa ned<\/p>\n<p><strong>18:30<\/strong> Klimatutmaningen, l\u00f6ftena fr\u00e5n Paris och Al Gores budskap till v\u00e4rlden<\/p>\n<p><strong>19:15<\/strong> Paus<\/p>\n<p><strong>19:30<\/strong> Absolicons koncentrerande solf\u00e5ngare &#8211; en del av l\u00f6sningen p\u00e5 Kinas smog och v\u00e4rldens energiproblem<\/p>\n<p><strong>20:15<\/strong> Avslutning<\/p>\n<p>&nbsp;<\/p>\n<p><em>V\u00e4lkomna till \u00d6stra Real, Karlav\u00e4gen 79, Stockholm p\u00e5 M\u00e5ndag 10 april kl. 18:00.<\/em><\/p>\n<p>Anm\u00e4lan till <a href=\"mailto:info@absolicon.com\">info@absolicon.com<\/a>\u00a0eller per telefon 0611-557000<\/p>\n<p>&nbsp;<\/p>\n<p style=\"text-align: right;\"><em>Publicerad 2017-03-23<\/em><\/p>\n","protected":false},"excerpt":{"rendered":"<p>[ingress]F\u00f6r andra \u00e5ret arrangerar Absolicon klimatkv\u00e4ll p\u00e5 gymnasieskolan \u00d6stra Real. Kv\u00e4llen \u00e4r b\u00e5de en utbildning och en presentation av Absolicon.[\/ingress] F\u00f6rst presenterar Joakim Bystr\u00f6m (som i mars varit p\u00e5 klimatutbildning med fredspristagaren Al Gore) hur v\u00e4ldens klimat f\u00f6r\u00e4ndras steg f\u00f6r steg men hur 197 l\u00e4nder genom Paris\u00f6verenskommelsen nu gemensamt har beslutat sig f\u00f6r att h\u00e5lla [&hellip;]<\/p>\n","protected":false},"author":1,"featured_media":0,"comment_status":"open","ping_status":"open","sticky":false,"template":"","format":"standard","meta":{"_acf_changed":false,"footnotes":""},"categories":[],"tags":[],"class_list":["post-8877","post","type-post","status-publish","format-standard","hentry"],"acf":[],"yoast_head":"<!-- This site is optimized with the Yoast SEO plugin v27.4 - https:\/\/yoast.com\/product\/yoast-seo-wordpress\/ -->\n<title>Klimatkv\u00e4ll i Stockholm M\u00e5 10\/4 - Absolicon<\/title>\n<meta name=\"robots\" content=\"index, follow, max-snippet:-1, max-image-preview:large, max-video-preview:-1\" \/>\n<link rel=\"canonical\" href=\"https:\/\/www.agma.com\/sv\/klimatkvall-i-stockholm-ma-10-4\/\" \/>\n<meta property=\"og:locale\" content=\"sv_SE\" \/>\n<meta property=\"og:type\" content=\"article\" \/>\n<meta property=\"og:title\" content=\"Klimatkv\u00e4ll i Stockholm M\u00e5 10\/4 - Absolicon\" \/>\n<meta property=\"og:description\" content=\"[ingress]F\u00f6r andra \u00e5ret arrangerar Absolicon klimatkv\u00e4ll p\u00e5 gymnasieskolan \u00d6stra Real. Kv\u00e4llen \u00e4r b\u00e5de en utbildning och en presentation av Absolicon.[\/ingress] F\u00f6rst presenterar Joakim Bystr\u00f6m (som i mars varit p\u00e5 klimatutbildning med fredspristagaren Al Gore) hur v\u00e4ldens klimat f\u00f6r\u00e4ndras steg f\u00f6r steg men hur 197 l\u00e4nder genom Paris\u00f6verenskommelsen nu gemensamt har beslutat sig f\u00f6r att h\u00e5lla [&hellip;]\" \/>\n<meta property=\"og:url\" content=\"https:\/\/www.agma.com\/sv\/klimatkvall-i-stockholm-ma-10-4\/\" \/>\n<meta property=\"og:site_name\" content=\"Absolicon\" \/>\n<meta property=\"article:published_time\" content=\"2017-03-23T00:00:00+00:00\" \/>\n<meta name=\"author\" content=\"jakubschenk\" \/>\n<meta name=\"twitter:card\" content=\"summary_large_image\" \/>\n<meta name=\"twitter:label1\" content=\"Skriven av\" \/>\n\t<meta name=\"twitter:data1\" content=\"jakubschenk\" \/>\n<script type=\"application\/ld+json\" class=\"yoast-schema-graph\">{\"@context\":\"https:\\\/\\\/schema.org\",\"@graph\":[{\"@type\":\"Article\",\"@id\":\"https:\\\/\\\/www.agma.com\\\/sv\\\/klimatkvall-i-stockholm-ma-10-4\\\/#article\",\"isPartOf\":{\"@id\":\"https:\\\/\\\/www.agma.com\\\/sv\\\/klimatkvall-i-stockholm-ma-10-4\\\/\"},\"author\":{\"name\":\"jakubschenk\",\"@id\":\"https:\\\/\\\/www.agma.com\\\/sv\\\/#\\\/schema\\\/person\\\/6820b3ce1cc37edbaecc979090760d8b\"},\"headline\":\"Klimatkv\u00e4ll i Stockholm M\u00e5 10\\\/4\",\"datePublished\":\"2017-03-23T00:00:00+00:00\",\"mainEntityOfPage\":{\"@id\":\"https:\\\/\\\/www.agma.com\\\/sv\\\/klimatkvall-i-stockholm-ma-10-4\\\/\"},\"wordCount\":237,\"commentCount\":0,\"publisher\":{\"@id\":\"https:\\\/\\\/www.agma.com\\\/sv\\\/#organization\"},\"inLanguage\":\"sv-SE\",\"potentialAction\":[{\"@type\":\"CommentAction\",\"name\":\"Comment\",\"target\":[\"https:\\\/\\\/www.agma.com\\\/sv\\\/klimatkvall-i-stockholm-ma-10-4\\\/#respond\"]}]},{\"@type\":\"WebPage\",\"@id\":\"https:\\\/\\\/www.agma.com\\\/sv\\\/klimatkvall-i-stockholm-ma-10-4\\\/\",\"url\":\"https:\\\/\\\/www.agma.com\\\/sv\\\/klimatkvall-i-stockholm-ma-10-4\\\/\",\"name\":\"Klimatkv\u00e4ll i Stockholm M\u00e5 10\\\/4 - Absolicon\",\"isPartOf\":{\"@id\":\"https:\\\/\\\/www.agma.com\\\/sv\\\/#website\"},\"datePublished\":\"2017-03-23T00:00:00+00:00\",\"breadcrumb\":{\"@id\":\"https:\\\/\\\/www.agma.com\\\/sv\\\/klimatkvall-i-stockholm-ma-10-4\\\/#breadcrumb\"},\"inLanguage\":\"sv-SE\",\"potentialAction\":[{\"@type\":\"ReadAction\",\"target\":[\"https:\\\/\\\/www.agma.com\\\/sv\\\/klimatkvall-i-stockholm-ma-10-4\\\/\"]}]},{\"@type\":\"BreadcrumbList\",\"@id\":\"https:\\\/\\\/www.agma.com\\\/sv\\\/klimatkvall-i-stockholm-ma-10-4\\\/#breadcrumb\",\"itemListElement\":[{\"@type\":\"ListItem\",\"position\":1,\"name\":\"Home\",\"item\":\"https:\\\/\\\/www.agma.com\\\/sv\\\/\"},{\"@type\":\"ListItem\",\"position\":2,\"name\":\"Klimatkv\u00e4ll i Stockholm M\u00e5 10\\\/4\"}]},{\"@type\":\"WebSite\",\"@id\":\"https:\\\/\\\/www.agma.com\\\/sv\\\/#website\",\"url\":\"https:\\\/\\\/www.agma.com\\\/sv\\\/\",\"name\":\"Absolicon\",\"description\":\"\",\"publisher\":{\"@id\":\"https:\\\/\\\/www.agma.com\\\/sv\\\/#organization\"},\"potentialAction\":[{\"@type\":\"SearchAction\",\"target\":{\"@type\":\"EntryPoint\",\"urlTemplate\":\"https:\\\/\\\/www.agma.com\\\/sv\\\/?s={search_term_string}\"},\"query-input\":{\"@type\":\"PropertyValueSpecification\",\"valueRequired\":true,\"valueName\":\"search_term_string\"}}],\"inLanguage\":\"sv-SE\"},{\"@type\":\"Organization\",\"@id\":\"https:\\\/\\\/www.agma.com\\\/sv\\\/#organization\",\"name\":\"Absolicon\",\"url\":\"https:\\\/\\\/www.agma.com\\\/sv\\\/\",\"logo\":{\"@type\":\"ImageObject\",\"inLanguage\":\"sv-SE\",\"@id\":\"https:\\\/\\\/www.agma.com\\\/sv\\\/#\\\/schema\\\/logo\\\/image\\\/\",\"url\":\"https:\\\/\\\/www.agma.com\\\/wp-content\\\/uploads\\\/2026\\\/04\\\/logotype_neg_blk.svg\",\"contentUrl\":\"https:\\\/\\\/www.agma.com\\\/wp-content\\\/uploads\\\/2026\\\/04\\\/logotype_neg_blk.svg\",\"width\":705,\"height\":83,\"caption\":\"Absolicon\"},\"image\":{\"@id\":\"https:\\\/\\\/www.agma.com\\\/sv\\\/#\\\/schema\\\/logo\\\/image\\\/\"}},{\"@type\":\"Person\",\"@id\":\"https:\\\/\\\/www.agma.com\\\/sv\\\/#\\\/schema\\\/person\\\/6820b3ce1cc37edbaecc979090760d8b\",\"name\":\"jakubschenk\",\"image\":{\"@type\":\"ImageObject\",\"inLanguage\":\"sv-SE\",\"@id\":\"https:\\\/\\\/secure.gravatar.com\\\/avatar\\\/0ab843002d4a58702560e02354e5f9a3206e13bbfaa9df5a188e463870f605cd?s=96&d=mm&r=g\",\"url\":\"https:\\\/\\\/secure.gravatar.com\\\/avatar\\\/0ab843002d4a58702560e02354e5f9a3206e13bbfaa9df5a188e463870f605cd?s=96&d=mm&r=g\",\"contentUrl\":\"https:\\\/\\\/secure.gravatar.com\\\/avatar\\\/0ab843002d4a58702560e02354e5f9a3206e13bbfaa9df5a188e463870f605cd?s=96&d=mm&r=g\",\"caption\":\"jakubschenk\"},\"sameAs\":[\"https:\\\/\\\/www.agma.com\"],\"url\":\"https:\\\/\\\/www.agma.com\\\/sv\\\/author\\\/jakubschenk\\\/\"}]}<\/script>\n<!-- \/ Yoast SEO plugin. -->","yoast_head_json":{"title":"Klimatkv\u00e4ll i Stockholm M\u00e5 10\/4 - Absolicon","robots":{"index":"index","follow":"follow","max-snippet":"max-snippet:-1","max-image-preview":"max-image-preview:large","max-video-preview":"max-video-preview:-1"},"canonical":"https:\/\/www.agma.com\/sv\/klimatkvall-i-stockholm-ma-10-4\/","og_locale":"sv_SE","og_type":"article","og_title":"Klimatkv\u00e4ll i Stockholm M\u00e5 10\/4 - Absolicon","og_description":"[ingress]F\u00f6r andra \u00e5ret arrangerar Absolicon klimatkv\u00e4ll p\u00e5 gymnasieskolan \u00d6stra Real. Kv\u00e4llen \u00e4r b\u00e5de en utbildning och en presentation av Absolicon.[\/ingress] F\u00f6rst presenterar Joakim Bystr\u00f6m (som i mars varit p\u00e5 klimatutbildning med fredspristagaren Al Gore) hur v\u00e4ldens klimat f\u00f6r\u00e4ndras steg f\u00f6r steg men hur 197 l\u00e4nder genom Paris\u00f6verenskommelsen nu gemensamt har beslutat sig f\u00f6r att h\u00e5lla [&hellip;]","og_url":"https:\/\/www.agma.com\/sv\/klimatkvall-i-stockholm-ma-10-4\/","og_site_name":"Absolicon","article_published_time":"2017-03-23T00:00:00+00:00","author":"jakubschenk","twitter_card":"summary_large_image","twitter_misc":{"Skriven av":"jakubschenk"},"schema":{"@context":"https:\/\/schema.org","@graph":[{"@type":"Article","@id":"https:\/\/www.agma.com\/sv\/klimatkvall-i-stockholm-ma-10-4\/#article","isPartOf":{"@id":"https:\/\/www.agma.com\/sv\/klimatkvall-i-stockholm-ma-10-4\/"},"author":{"name":"jakubschenk","@id":"https:\/\/www.agma.com\/sv\/#\/schema\/person\/6820b3ce1cc37edbaecc979090760d8b"},"headline":"Klimatkv\u00e4ll i Stockholm M\u00e5 10\/4","datePublished":"2017-03-23T00:00:00+00:00","mainEntityOfPage":{"@id":"https:\/\/www.agma.com\/sv\/klimatkvall-i-stockholm-ma-10-4\/"},"wordCount":237,"commentCount":0,"publisher":{"@id":"https:\/\/www.agma.com\/sv\/#organization"},"inLanguage":"sv-SE","potentialAction":[{"@type":"CommentAction","name":"Comment","target":["https:\/\/www.agma.com\/sv\/klimatkvall-i-stockholm-ma-10-4\/#respond"]}]},{"@type":"WebPage","@id":"https:\/\/www.agma.com\/sv\/klimatkvall-i-stockholm-ma-10-4\/","url":"https:\/\/www.agma.com\/sv\/klimatkvall-i-stockholm-ma-10-4\/","name":"Klimatkv\u00e4ll i Stockholm M\u00e5 10\/4 - Absolicon","isPartOf":{"@id":"https:\/\/www.agma.com\/sv\/#website"},"datePublished":"2017-03-23T00:00:00+00:00","breadcrumb":{"@id":"https:\/\/www.agma.com\/sv\/klimatkvall-i-stockholm-ma-10-4\/#breadcrumb"},"inLanguage":"sv-SE","potentialAction":[{"@type":"ReadAction","target":["https:\/\/www.agma.com\/sv\/klimatkvall-i-stockholm-ma-10-4\/"]}]},{"@type":"BreadcrumbList","@id":"https:\/\/www.agma.com\/sv\/klimatkvall-i-stockholm-ma-10-4\/#breadcrumb","itemListElement":[{"@type":"ListItem","position":1,"name":"Home","item":"https:\/\/www.agma.com\/sv\/"},{"@type":"ListItem","position":2,"name":"Klimatkv\u00e4ll i Stockholm M\u00e5 10\/4"}]},{"@type":"WebSite","@id":"https:\/\/www.agma.com\/sv\/#website","url":"https:\/\/www.agma.com\/sv\/","name":"Absolicon","description":"","publisher":{"@id":"https:\/\/www.agma.com\/sv\/#organization"},"potentialAction":[{"@type":"SearchAction","target":{"@type":"EntryPoint","urlTemplate":"https:\/\/www.agma.com\/sv\/?s={search_term_string}"},"query-input":{"@type":"PropertyValueSpecification","valueRequired":true,"valueName":"search_term_string"}}],"inLanguage":"sv-SE"},{"@type":"Organization","@id":"https:\/\/www.agma.com\/sv\/#organization","name":"Absolicon","url":"https:\/\/www.agma.com\/sv\/","logo":{"@type":"ImageObject","inLanguage":"sv-SE","@id":"https:\/\/www.agma.com\/sv\/#\/schema\/logo\/image\/","url":"https:\/\/www.agma.com\/wp-content\/uploads\/2026\/04\/logotype_neg_blk.svg","contentUrl":"https:\/\/www.agma.com\/wp-content\/uploads\/2026\/04\/logotype_neg_blk.svg","width":705,"height":83,"caption":"Absolicon"},"image":{"@id":"https:\/\/www.agma.com\/sv\/#\/schema\/logo\/image\/"}},{"@type":"Person","@id":"https:\/\/www.agma.com\/sv\/#\/schema\/person\/6820b3ce1cc37edbaecc979090760d8b","name":"jakubschenk","image":{"@type":"ImageObject","inLanguage":"sv-SE","@id":"https:\/\/secure.gravatar.com\/avatar\/0ab843002d4a58702560e02354e5f9a3206e13bbfaa9df5a188e463870f605cd?s=96&d=mm&r=g","url":"https:\/\/secure.gravatar.com\/avatar\/0ab843002d4a58702560e02354e5f9a3206e13bbfaa9df5a188e463870f605cd?s=96&d=mm&r=g","contentUrl":"https:\/\/secure.gravatar.com\/avatar\/0ab843002d4a58702560e02354e5f9a3206e13bbfaa9df5a188e463870f605cd?s=96&d=mm&r=g","caption":"jakubschenk"},"sameAs":["https:\/\/www.agma.com"],"url":"https:\/\/www.agma.com\/sv\/author\/jakubschenk\/"}]}},"_links":{"self":[{"href":"https:\/\/www.agma.com\/sv\/wp-json\/wp\/v2\/posts\/8877","targetHints":{"allow":["GET"]}}],"collection":[{"href":"https:\/\/www.agma.com\/sv\/wp-json\/wp\/v2\/posts"}],"about":[{"href":"https:\/\/www.agma.com\/sv\/wp-json\/wp\/v2\/types\/post"}],"author":[{"embeddable":true,"href":"https:\/\/www.agma.com\/sv\/wp-json\/wp\/v2\/users\/1"}],"replies":[{"embeddable":true,"href":"https:\/\/www.agma.com\/sv\/wp-json\/wp\/v2\/comments?post=8877"}],"version-history":[{"count":0,"href":"https:\/\/www.agma.com\/sv\/wp-json\/wp\/v2\/posts\/8877\/revisions"}],"wp:attachment":[{"href":"https:\/\/www.agma.com\/sv\/wp-json\/wp\/v2\/media?parent=8877"}],"wp:term":[{"taxonomy":"category","embeddable":true,"href":"https:\/\/www.agma.com\/sv\/wp-json\/wp\/v2\/categories?post=8877"},{"taxonomy":"post_tag","embeddable":true,"href":"https:\/\/www.agma.com\/sv\/wp-json\/wp\/v2\/tags?post=8877"}],"curies":[{"name":"wp","href":"https:\/\/api.w.org\/{rel}","templated":true}]}}