{"id":8880,"date":"2017-04-16T00:00:00","date_gmt":"2017-04-16T00:00:00","guid":{"rendered":"https:\/\/www.absolicon.com\/18-april-sista-teckningsdagen\/"},"modified":"2017-04-16T00:00:00","modified_gmt":"2017-04-16T00:00:00","slug":"18-april-sista-teckningsdagen","status":"publish","type":"post","link":"https:\/\/www.agma.com\/sv\/18-april-sista-teckningsdagen\/","title":{"rendered":"18 april sista teckningsdagen"},"content":{"rendered":"<p>Handeln med teckningsr\u00e4tter avslutades onsdag 12 april. Teckningsr\u00e4tter (ABSL TR) p\u00e5 innehavarnas konton kommer nu successivt omvandlas till Betalda Tecknade Aktier (ABSL BTA) som det ocks\u00e5 blir handel med p\u00e5 Aktietorget fram tills de \u00f6verf\u00f6rs till det normala aktieslaget ABSL.<\/p>\n<p>18 april \u00e4r sista dagen att anm\u00e4la teckning av aktier med st\u00f6d av teckningsr\u00e4tter. Normalt sker detta automatiskt av din bank. Kontrollera p\u00e5 din dep\u00e5\/vp-konto att teckningsr\u00e4tterna omvandlats till betalda tecknade aktier! Om teckningsr\u00e4tterna finns p\u00e5 ett vp-konto kan du beh\u00f6va best\u00e4lla en speciell blankett f\u00f6r detta av Eminova.<\/p>\n<div>Fram till tisdag den <strong>18 april<\/strong> kan man \u00e4ven fortfarande anm\u00e4la sig f\u00f6r teckning av aktier f\u00f6r 130 kr utan st\u00f6d av teckningsr\u00e4tter. Aktie\u00e4gare kan \u00e5beropa f\u00f6retr\u00e4de genom att fylla i antalet aktier som innehades avst\u00e4mningsdagen 23 mars. Teckning sker enklast p\u00e5 Eminovas hemsida.<\/div>\n<div><\/div>\n<div><\/div>\n<div><a href=\"https:\/\/www.eminova.se\/emissionsuppdrags\/\">&gt;&gt; Digital teckning av aktier i Absolicon p\u00e5 Eminovas hemsida<\/a><\/div>\n<p><a title=\"Prospektet offentliggjort, teckningsr\u00e4ttshandeln p\u00e5b\u00f6rjats\" href=\"https:\/\/www.agma.comprospektet-offentliggjort\/\">&gt;&gt; L\u00e4s om villkoren f\u00f6r emissionen<\/a><\/p>\n<p style=\"text-align: right;\"><em>Publicerad 2017-04-16<\/em><\/p>\n","protected":false},"excerpt":{"rendered":"<p>Handeln med teckningsr\u00e4tter avslutades onsdag 12 april. Teckningsr\u00e4tter (ABSL TR) p\u00e5 innehavarnas konton kommer nu successivt omvandlas till Betalda Tecknade Aktier (ABSL BTA) som det ocks\u00e5 blir handel med p\u00e5 Aktietorget fram tills de \u00f6verf\u00f6rs till det normala aktieslaget ABSL. 18 april \u00e4r sista dagen att anm\u00e4la teckning av aktier med st\u00f6d av teckningsr\u00e4tter. Normalt [&hellip;]<\/p>\n","protected":false},"author":1,"featured_media":0,"comment_status":"open","ping_status":"open","sticky":false,"template":"","format":"standard","meta":{"_acf_changed":false,"footnotes":""},"categories":[],"tags":[],"class_list":["post-8880","post","type-post","status-publish","format-standard","hentry"],"acf":[],"yoast_head":"<!-- This site is optimized with the Yoast SEO plugin v27.4 - https:\/\/yoast.com\/product\/yoast-seo-wordpress\/ -->\n<title>18 april sista teckningsdagen - Absolicon<\/title>\n<meta name=\"robots\" content=\"index, follow, max-snippet:-1, max-image-preview:large, max-video-preview:-1\" \/>\n<link rel=\"canonical\" href=\"https:\/\/www.agma.com\/sv\/18-april-sista-teckningsdagen\/\" \/>\n<meta property=\"og:locale\" content=\"sv_SE\" \/>\n<meta property=\"og:type\" content=\"article\" \/>\n<meta property=\"og:title\" content=\"18 april sista teckningsdagen - Absolicon\" \/>\n<meta property=\"og:description\" content=\"Handeln med teckningsr\u00e4tter avslutades onsdag 12 april. Teckningsr\u00e4tter (ABSL TR) p\u00e5 innehavarnas konton kommer nu successivt omvandlas till Betalda Tecknade Aktier (ABSL BTA) som det ocks\u00e5 blir handel med p\u00e5 Aktietorget fram tills de \u00f6verf\u00f6rs till det normala aktieslaget ABSL. 18 april \u00e4r sista dagen att anm\u00e4la teckning av aktier med st\u00f6d av teckningsr\u00e4tter. Normalt [&hellip;]\" \/>\n<meta property=\"og:url\" content=\"https:\/\/www.agma.com\/sv\/18-april-sista-teckningsdagen\/\" \/>\n<meta property=\"og:site_name\" content=\"Absolicon\" \/>\n<meta property=\"article:published_time\" content=\"2017-04-16T00:00:00+00:00\" \/>\n<meta name=\"author\" content=\"jakubschenk\" \/>\n<meta name=\"twitter:card\" content=\"summary_large_image\" \/>\n<meta name=\"twitter:label1\" content=\"Skriven av\" \/>\n\t<meta name=\"twitter:data1\" content=\"jakubschenk\" \/>\n<script type=\"application\/ld+json\" class=\"yoast-schema-graph\">{\"@context\":\"https:\\\/\\\/schema.org\",\"@graph\":[{\"@type\":\"Article\",\"@id\":\"https:\\\/\\\/www.agma.com\\\/sv\\\/18-april-sista-teckningsdagen\\\/#article\",\"isPartOf\":{\"@id\":\"https:\\\/\\\/www.agma.com\\\/sv\\\/18-april-sista-teckningsdagen\\\/\"},\"author\":{\"name\":\"jakubschenk\",\"@id\":\"https:\\\/\\\/www.agma.com\\\/sv\\\/#\\\/schema\\\/person\\\/6820b3ce1cc37edbaecc979090760d8b\"},\"headline\":\"18 april sista teckningsdagen\",\"datePublished\":\"2017-04-16T00:00:00+00:00\",\"mainEntityOfPage\":{\"@id\":\"https:\\\/\\\/www.agma.com\\\/sv\\\/18-april-sista-teckningsdagen\\\/\"},\"wordCount\":175,\"commentCount\":0,\"publisher\":{\"@id\":\"https:\\\/\\\/www.agma.com\\\/sv\\\/#organization\"},\"inLanguage\":\"sv-SE\",\"potentialAction\":[{\"@type\":\"CommentAction\",\"name\":\"Comment\",\"target\":[\"https:\\\/\\\/www.agma.com\\\/sv\\\/18-april-sista-teckningsdagen\\\/#respond\"]}]},{\"@type\":\"WebPage\",\"@id\":\"https:\\\/\\\/www.agma.com\\\/sv\\\/18-april-sista-teckningsdagen\\\/\",\"url\":\"https:\\\/\\\/www.agma.com\\\/sv\\\/18-april-sista-teckningsdagen\\\/\",\"name\":\"18 april sista teckningsdagen - Absolicon\",\"isPartOf\":{\"@id\":\"https:\\\/\\\/www.agma.com\\\/sv\\\/#website\"},\"datePublished\":\"2017-04-16T00:00:00+00:00\",\"breadcrumb\":{\"@id\":\"https:\\\/\\\/www.agma.com\\\/sv\\\/18-april-sista-teckningsdagen\\\/#breadcrumb\"},\"inLanguage\":\"sv-SE\",\"potentialAction\":[{\"@type\":\"ReadAction\",\"target\":[\"https:\\\/\\\/www.agma.com\\\/sv\\\/18-april-sista-teckningsdagen\\\/\"]}]},{\"@type\":\"BreadcrumbList\",\"@id\":\"https:\\\/\\\/www.agma.com\\\/sv\\\/18-april-sista-teckningsdagen\\\/#breadcrumb\",\"itemListElement\":[{\"@type\":\"ListItem\",\"position\":1,\"name\":\"Home\",\"item\":\"https:\\\/\\\/www.agma.com\\\/sv\\\/\"},{\"@type\":\"ListItem\",\"position\":2,\"name\":\"18 april sista teckningsdagen\"}]},{\"@type\":\"WebSite\",\"@id\":\"https:\\\/\\\/www.agma.com\\\/sv\\\/#website\",\"url\":\"https:\\\/\\\/www.agma.com\\\/sv\\\/\",\"name\":\"Absolicon\",\"description\":\"\",\"publisher\":{\"@id\":\"https:\\\/\\\/www.agma.com\\\/sv\\\/#organization\"},\"potentialAction\":[{\"@type\":\"SearchAction\",\"target\":{\"@type\":\"EntryPoint\",\"urlTemplate\":\"https:\\\/\\\/www.agma.com\\\/sv\\\/?s={search_term_string}\"},\"query-input\":{\"@type\":\"PropertyValueSpecification\",\"valueRequired\":true,\"valueName\":\"search_term_string\"}}],\"inLanguage\":\"sv-SE\"},{\"@type\":\"Organization\",\"@id\":\"https:\\\/\\\/www.agma.com\\\/sv\\\/#organization\",\"name\":\"Absolicon\",\"url\":\"https:\\\/\\\/www.agma.com\\\/sv\\\/\",\"logo\":{\"@type\":\"ImageObject\",\"inLanguage\":\"sv-SE\",\"@id\":\"https:\\\/\\\/www.agma.com\\\/sv\\\/#\\\/schema\\\/logo\\\/image\\\/\",\"url\":\"https:\\\/\\\/www.agma.com\\\/wp-content\\\/uploads\\\/2026\\\/04\\\/logotype_neg_blk.svg\",\"contentUrl\":\"https:\\\/\\\/www.agma.com\\\/wp-content\\\/uploads\\\/2026\\\/04\\\/logotype_neg_blk.svg\",\"width\":705,\"height\":83,\"caption\":\"Absolicon\"},\"image\":{\"@id\":\"https:\\\/\\\/www.agma.com\\\/sv\\\/#\\\/schema\\\/logo\\\/image\\\/\"}},{\"@type\":\"Person\",\"@id\":\"https:\\\/\\\/www.agma.com\\\/sv\\\/#\\\/schema\\\/person\\\/6820b3ce1cc37edbaecc979090760d8b\",\"name\":\"jakubschenk\",\"image\":{\"@type\":\"ImageObject\",\"inLanguage\":\"sv-SE\",\"@id\":\"https:\\\/\\\/secure.gravatar.com\\\/avatar\\\/0ab843002d4a58702560e02354e5f9a3206e13bbfaa9df5a188e463870f605cd?s=96&d=mm&r=g\",\"url\":\"https:\\\/\\\/secure.gravatar.com\\\/avatar\\\/0ab843002d4a58702560e02354e5f9a3206e13bbfaa9df5a188e463870f605cd?s=96&d=mm&r=g\",\"contentUrl\":\"https:\\\/\\\/secure.gravatar.com\\\/avatar\\\/0ab843002d4a58702560e02354e5f9a3206e13bbfaa9df5a188e463870f605cd?s=96&d=mm&r=g\",\"caption\":\"jakubschenk\"},\"sameAs\":[\"https:\\\/\\\/www.agma.com\"],\"url\":\"https:\\\/\\\/www.agma.com\\\/sv\\\/author\\\/jakubschenk\\\/\"}]}<\/script>\n<!-- \/ Yoast SEO plugin. -->","yoast_head_json":{"title":"18 april sista teckningsdagen - Absolicon","robots":{"index":"index","follow":"follow","max-snippet":"max-snippet:-1","max-image-preview":"max-image-preview:large","max-video-preview":"max-video-preview:-1"},"canonical":"https:\/\/www.agma.com\/sv\/18-april-sista-teckningsdagen\/","og_locale":"sv_SE","og_type":"article","og_title":"18 april sista teckningsdagen - Absolicon","og_description":"Handeln med teckningsr\u00e4tter avslutades onsdag 12 april. Teckningsr\u00e4tter (ABSL TR) p\u00e5 innehavarnas konton kommer nu successivt omvandlas till Betalda Tecknade Aktier (ABSL BTA) som det ocks\u00e5 blir handel med p\u00e5 Aktietorget fram tills de \u00f6verf\u00f6rs till det normala aktieslaget ABSL. 18 april \u00e4r sista dagen att anm\u00e4la teckning av aktier med st\u00f6d av teckningsr\u00e4tter. Normalt [&hellip;]","og_url":"https:\/\/www.agma.com\/sv\/18-april-sista-teckningsdagen\/","og_site_name":"Absolicon","article_published_time":"2017-04-16T00:00:00+00:00","author":"jakubschenk","twitter_card":"summary_large_image","twitter_misc":{"Skriven av":"jakubschenk"},"schema":{"@context":"https:\/\/schema.org","@graph":[{"@type":"Article","@id":"https:\/\/www.agma.com\/sv\/18-april-sista-teckningsdagen\/#article","isPartOf":{"@id":"https:\/\/www.agma.com\/sv\/18-april-sista-teckningsdagen\/"},"author":{"name":"jakubschenk","@id":"https:\/\/www.agma.com\/sv\/#\/schema\/person\/6820b3ce1cc37edbaecc979090760d8b"},"headline":"18 april sista teckningsdagen","datePublished":"2017-04-16T00:00:00+00:00","mainEntityOfPage":{"@id":"https:\/\/www.agma.com\/sv\/18-april-sista-teckningsdagen\/"},"wordCount":175,"commentCount":0,"publisher":{"@id":"https:\/\/www.agma.com\/sv\/#organization"},"inLanguage":"sv-SE","potentialAction":[{"@type":"CommentAction","name":"Comment","target":["https:\/\/www.agma.com\/sv\/18-april-sista-teckningsdagen\/#respond"]}]},{"@type":"WebPage","@id":"https:\/\/www.agma.com\/sv\/18-april-sista-teckningsdagen\/","url":"https:\/\/www.agma.com\/sv\/18-april-sista-teckningsdagen\/","name":"18 april sista teckningsdagen - Absolicon","isPartOf":{"@id":"https:\/\/www.agma.com\/sv\/#website"},"datePublished":"2017-04-16T00:00:00+00:00","breadcrumb":{"@id":"https:\/\/www.agma.com\/sv\/18-april-sista-teckningsdagen\/#breadcrumb"},"inLanguage":"sv-SE","potentialAction":[{"@type":"ReadAction","target":["https:\/\/www.agma.com\/sv\/18-april-sista-teckningsdagen\/"]}]},{"@type":"BreadcrumbList","@id":"https:\/\/www.agma.com\/sv\/18-april-sista-teckningsdagen\/#breadcrumb","itemListElement":[{"@type":"ListItem","position":1,"name":"Home","item":"https:\/\/www.agma.com\/sv\/"},{"@type":"ListItem","position":2,"name":"18 april sista teckningsdagen"}]},{"@type":"WebSite","@id":"https:\/\/www.agma.com\/sv\/#website","url":"https:\/\/www.agma.com\/sv\/","name":"Absolicon","description":"","publisher":{"@id":"https:\/\/www.agma.com\/sv\/#organization"},"potentialAction":[{"@type":"SearchAction","target":{"@type":"EntryPoint","urlTemplate":"https:\/\/www.agma.com\/sv\/?s={search_term_string}"},"query-input":{"@type":"PropertyValueSpecification","valueRequired":true,"valueName":"search_term_string"}}],"inLanguage":"sv-SE"},{"@type":"Organization","@id":"https:\/\/www.agma.com\/sv\/#organization","name":"Absolicon","url":"https:\/\/www.agma.com\/sv\/","logo":{"@type":"ImageObject","inLanguage":"sv-SE","@id":"https:\/\/www.agma.com\/sv\/#\/schema\/logo\/image\/","url":"https:\/\/www.agma.com\/wp-content\/uploads\/2026\/04\/logotype_neg_blk.svg","contentUrl":"https:\/\/www.agma.com\/wp-content\/uploads\/2026\/04\/logotype_neg_blk.svg","width":705,"height":83,"caption":"Absolicon"},"image":{"@id":"https:\/\/www.agma.com\/sv\/#\/schema\/logo\/image\/"}},{"@type":"Person","@id":"https:\/\/www.agma.com\/sv\/#\/schema\/person\/6820b3ce1cc37edbaecc979090760d8b","name":"jakubschenk","image":{"@type":"ImageObject","inLanguage":"sv-SE","@id":"https:\/\/secure.gravatar.com\/avatar\/0ab843002d4a58702560e02354e5f9a3206e13bbfaa9df5a188e463870f605cd?s=96&d=mm&r=g","url":"https:\/\/secure.gravatar.com\/avatar\/0ab843002d4a58702560e02354e5f9a3206e13bbfaa9df5a188e463870f605cd?s=96&d=mm&r=g","contentUrl":"https:\/\/secure.gravatar.com\/avatar\/0ab843002d4a58702560e02354e5f9a3206e13bbfaa9df5a188e463870f605cd?s=96&d=mm&r=g","caption":"jakubschenk"},"sameAs":["https:\/\/www.agma.com"],"url":"https:\/\/www.agma.com\/sv\/author\/jakubschenk\/"}]}},"_links":{"self":[{"href":"https:\/\/www.agma.com\/sv\/wp-json\/wp\/v2\/posts\/8880","targetHints":{"allow":["GET"]}}],"collection":[{"href":"https:\/\/www.agma.com\/sv\/wp-json\/wp\/v2\/posts"}],"about":[{"href":"https:\/\/www.agma.com\/sv\/wp-json\/wp\/v2\/types\/post"}],"author":[{"embeddable":true,"href":"https:\/\/www.agma.com\/sv\/wp-json\/wp\/v2\/users\/1"}],"replies":[{"embeddable":true,"href":"https:\/\/www.agma.com\/sv\/wp-json\/wp\/v2\/comments?post=8880"}],"version-history":[{"count":0,"href":"https:\/\/www.agma.com\/sv\/wp-json\/wp\/v2\/posts\/8880\/revisions"}],"wp:attachment":[{"href":"https:\/\/www.agma.com\/sv\/wp-json\/wp\/v2\/media?parent=8880"}],"wp:term":[{"taxonomy":"category","embeddable":true,"href":"https:\/\/www.agma.com\/sv\/wp-json\/wp\/v2\/categories?post=8880"},{"taxonomy":"post_tag","embeddable":true,"href":"https:\/\/www.agma.com\/sv\/wp-json\/wp\/v2\/tags?post=8880"}],"curies":[{"name":"wp","href":"https:\/\/api.w.org\/{rel}","templated":true}]}}