{"id":8881,"date":"2017-04-19T00:00:00","date_gmt":"2017-04-19T00:00:00","guid":{"rendered":"https:\/\/www.absolicon.com\/teckningsperioden-avslutad\/"},"modified":"2017-04-19T00:00:00","modified_gmt":"2017-04-19T00:00:00","slug":"teckningsperioden-avslutad","status":"publish","type":"post","link":"https:\/\/www.agma.com\/sv\/teckningsperioden-avslutad\/","title":{"rendered":"Teckningsperioden avslutad"},"content":{"rendered":"<p>[ingress]<\/p>\n<p>Absolicons teckningsperiod \u00e4r nu avslutad. Sammanst\u00e4llning p\u00e5g\u00e5r, och ett pressmeddelande kommer att skickas ut med utfallet inom n\u00e5gra dagar.<\/p>\n<p>[\/ingress]<\/p>\n<p>Under n\u00e5gra hektiska veckor har vi p\u00e5 Absolicon producerar marknadsf\u00f6ringsmaterial och presenterat f\u00f6r tusentals personer runt om i Sverige. Tillsammans med v\u00e5r fondkommission\u00e4r Eminova har vi hanterat alla de praktiska fr\u00e5gor som finns kring st\u00e4mmor, prospekt, Finansinspektionen och teckning av aktier. Inom n\u00e5gon dag kommer ett pressmeddelande med utfallet av emissionen.<\/p>\n<p>Nu p\u00e5g\u00e5r handel b\u00e5de i Absolicons aktie ABSL och i betalda tecknade aktier ABSL BTA fram tills att alla har betalat in likvid f\u00f6r sina tecknade akter och emissionen kan avslutas.<\/p>\n<p>Det har varit en rolig och sp\u00e4nnande period med m\u00e5nga presentationer och stor kontakt med aktie\u00e4gare och investerare. P\u00e5 m\u00e5nga s\u00e4tt p\u00e5minner arbetet med att informera om emissionen om det ordinarie marknadsf\u00f6rings- och f\u00f6rs\u00e4ljningsarbetet. Det handlar om att inte vara blyg f\u00f6r att presentera sina id\u00e9er, att ha ett \u00e4rligt och personligt anslag och ha egna metoder f\u00f6r att n\u00e5 genom det mediebrus som omger oss.<\/p>\n<p>&nbsp;<\/p>\n<p>Joakim Bystr\u00f6m, vd<\/p>\n<p style=\"text-align: right;\"><em>Publicerad 2017-04-19<\/em><\/p>\n","protected":false},"excerpt":{"rendered":"<p>[ingress] Absolicons teckningsperiod \u00e4r nu avslutad. Sammanst\u00e4llning p\u00e5g\u00e5r, och ett pressmeddelande kommer att skickas ut med utfallet inom n\u00e5gra dagar. [\/ingress] Under n\u00e5gra hektiska veckor har vi p\u00e5 Absolicon producerar marknadsf\u00f6ringsmaterial och presenterat f\u00f6r tusentals personer runt om i Sverige. Tillsammans med v\u00e5r fondkommission\u00e4r Eminova har vi hanterat alla de praktiska fr\u00e5gor som finns kring [&hellip;]<\/p>\n","protected":false},"author":1,"featured_media":0,"comment_status":"open","ping_status":"open","sticky":false,"template":"","format":"standard","meta":{"_acf_changed":false,"footnotes":""},"categories":[],"tags":[],"class_list":["post-8881","post","type-post","status-publish","format-standard","hentry"],"acf":[],"yoast_head":"<!-- This site is optimized with the Yoast SEO plugin v27.4 - https:\/\/yoast.com\/product\/yoast-seo-wordpress\/ -->\n<title>Teckningsperioden avslutad - Absolicon<\/title>\n<meta name=\"robots\" content=\"index, follow, max-snippet:-1, max-image-preview:large, max-video-preview:-1\" \/>\n<link rel=\"canonical\" href=\"https:\/\/www.agma.com\/sv\/teckningsperioden-avslutad\/\" \/>\n<meta property=\"og:locale\" content=\"sv_SE\" \/>\n<meta property=\"og:type\" content=\"article\" \/>\n<meta property=\"og:title\" content=\"Teckningsperioden avslutad - Absolicon\" \/>\n<meta property=\"og:description\" content=\"[ingress] Absolicons teckningsperiod \u00e4r nu avslutad. Sammanst\u00e4llning p\u00e5g\u00e5r, och ett pressmeddelande kommer att skickas ut med utfallet inom n\u00e5gra dagar. [\/ingress] Under n\u00e5gra hektiska veckor har vi p\u00e5 Absolicon producerar marknadsf\u00f6ringsmaterial och presenterat f\u00f6r tusentals personer runt om i Sverige. Tillsammans med v\u00e5r fondkommission\u00e4r Eminova har vi hanterat alla de praktiska fr\u00e5gor som finns kring [&hellip;]\" \/>\n<meta property=\"og:url\" content=\"https:\/\/www.agma.com\/sv\/teckningsperioden-avslutad\/\" \/>\n<meta property=\"og:site_name\" content=\"Absolicon\" \/>\n<meta property=\"article:published_time\" content=\"2017-04-19T00:00:00+00:00\" \/>\n<meta name=\"author\" content=\"jakubschenk\" \/>\n<meta name=\"twitter:card\" content=\"summary_large_image\" \/>\n<meta name=\"twitter:label1\" content=\"Skriven av\" \/>\n\t<meta name=\"twitter:data1\" content=\"jakubschenk\" \/>\n<script type=\"application\/ld+json\" class=\"yoast-schema-graph\">{\"@context\":\"https:\\\/\\\/schema.org\",\"@graph\":[{\"@type\":\"Article\",\"@id\":\"https:\\\/\\\/www.agma.com\\\/sv\\\/teckningsperioden-avslutad\\\/#article\",\"isPartOf\":{\"@id\":\"https:\\\/\\\/www.agma.com\\\/sv\\\/teckningsperioden-avslutad\\\/\"},\"author\":{\"name\":\"jakubschenk\",\"@id\":\"https:\\\/\\\/www.agma.com\\\/sv\\\/#\\\/schema\\\/person\\\/6820b3ce1cc37edbaecc979090760d8b\"},\"headline\":\"Teckningsperioden avslutad\",\"datePublished\":\"2017-04-19T00:00:00+00:00\",\"mainEntityOfPage\":{\"@id\":\"https:\\\/\\\/www.agma.com\\\/sv\\\/teckningsperioden-avslutad\\\/\"},\"wordCount\":207,\"commentCount\":0,\"publisher\":{\"@id\":\"https:\\\/\\\/www.agma.com\\\/sv\\\/#organization\"},\"inLanguage\":\"sv-SE\",\"potentialAction\":[{\"@type\":\"CommentAction\",\"name\":\"Comment\",\"target\":[\"https:\\\/\\\/www.agma.com\\\/sv\\\/teckningsperioden-avslutad\\\/#respond\"]}]},{\"@type\":\"WebPage\",\"@id\":\"https:\\\/\\\/www.agma.com\\\/sv\\\/teckningsperioden-avslutad\\\/\",\"url\":\"https:\\\/\\\/www.agma.com\\\/sv\\\/teckningsperioden-avslutad\\\/\",\"name\":\"Teckningsperioden avslutad - Absolicon\",\"isPartOf\":{\"@id\":\"https:\\\/\\\/www.agma.com\\\/sv\\\/#website\"},\"datePublished\":\"2017-04-19T00:00:00+00:00\",\"breadcrumb\":{\"@id\":\"https:\\\/\\\/www.agma.com\\\/sv\\\/teckningsperioden-avslutad\\\/#breadcrumb\"},\"inLanguage\":\"sv-SE\",\"potentialAction\":[{\"@type\":\"ReadAction\",\"target\":[\"https:\\\/\\\/www.agma.com\\\/sv\\\/teckningsperioden-avslutad\\\/\"]}]},{\"@type\":\"BreadcrumbList\",\"@id\":\"https:\\\/\\\/www.agma.com\\\/sv\\\/teckningsperioden-avslutad\\\/#breadcrumb\",\"itemListElement\":[{\"@type\":\"ListItem\",\"position\":1,\"name\":\"Home\",\"item\":\"https:\\\/\\\/www.agma.com\\\/sv\\\/\"},{\"@type\":\"ListItem\",\"position\":2,\"name\":\"Teckningsperioden avslutad\"}]},{\"@type\":\"WebSite\",\"@id\":\"https:\\\/\\\/www.agma.com\\\/sv\\\/#website\",\"url\":\"https:\\\/\\\/www.agma.com\\\/sv\\\/\",\"name\":\"Absolicon\",\"description\":\"\",\"publisher\":{\"@id\":\"https:\\\/\\\/www.agma.com\\\/sv\\\/#organization\"},\"potentialAction\":[{\"@type\":\"SearchAction\",\"target\":{\"@type\":\"EntryPoint\",\"urlTemplate\":\"https:\\\/\\\/www.agma.com\\\/sv\\\/?s={search_term_string}\"},\"query-input\":{\"@type\":\"PropertyValueSpecification\",\"valueRequired\":true,\"valueName\":\"search_term_string\"}}],\"inLanguage\":\"sv-SE\"},{\"@type\":\"Organization\",\"@id\":\"https:\\\/\\\/www.agma.com\\\/sv\\\/#organization\",\"name\":\"Absolicon\",\"url\":\"https:\\\/\\\/www.agma.com\\\/sv\\\/\",\"logo\":{\"@type\":\"ImageObject\",\"inLanguage\":\"sv-SE\",\"@id\":\"https:\\\/\\\/www.agma.com\\\/sv\\\/#\\\/schema\\\/logo\\\/image\\\/\",\"url\":\"https:\\\/\\\/www.agma.com\\\/wp-content\\\/uploads\\\/2026\\\/04\\\/logotype_neg_blk.svg\",\"contentUrl\":\"https:\\\/\\\/www.agma.com\\\/wp-content\\\/uploads\\\/2026\\\/04\\\/logotype_neg_blk.svg\",\"width\":705,\"height\":83,\"caption\":\"Absolicon\"},\"image\":{\"@id\":\"https:\\\/\\\/www.agma.com\\\/sv\\\/#\\\/schema\\\/logo\\\/image\\\/\"}},{\"@type\":\"Person\",\"@id\":\"https:\\\/\\\/www.agma.com\\\/sv\\\/#\\\/schema\\\/person\\\/6820b3ce1cc37edbaecc979090760d8b\",\"name\":\"jakubschenk\",\"image\":{\"@type\":\"ImageObject\",\"inLanguage\":\"sv-SE\",\"@id\":\"https:\\\/\\\/secure.gravatar.com\\\/avatar\\\/0ab843002d4a58702560e02354e5f9a3206e13bbfaa9df5a188e463870f605cd?s=96&d=mm&r=g\",\"url\":\"https:\\\/\\\/secure.gravatar.com\\\/avatar\\\/0ab843002d4a58702560e02354e5f9a3206e13bbfaa9df5a188e463870f605cd?s=96&d=mm&r=g\",\"contentUrl\":\"https:\\\/\\\/secure.gravatar.com\\\/avatar\\\/0ab843002d4a58702560e02354e5f9a3206e13bbfaa9df5a188e463870f605cd?s=96&d=mm&r=g\",\"caption\":\"jakubschenk\"},\"sameAs\":[\"https:\\\/\\\/www.agma.com\"],\"url\":\"https:\\\/\\\/www.agma.com\\\/sv\\\/author\\\/jakubschenk\\\/\"}]}<\/script>\n<!-- \/ Yoast SEO plugin. -->","yoast_head_json":{"title":"Teckningsperioden avslutad - Absolicon","robots":{"index":"index","follow":"follow","max-snippet":"max-snippet:-1","max-image-preview":"max-image-preview:large","max-video-preview":"max-video-preview:-1"},"canonical":"https:\/\/www.agma.com\/sv\/teckningsperioden-avslutad\/","og_locale":"sv_SE","og_type":"article","og_title":"Teckningsperioden avslutad - Absolicon","og_description":"[ingress] Absolicons teckningsperiod \u00e4r nu avslutad. Sammanst\u00e4llning p\u00e5g\u00e5r, och ett pressmeddelande kommer att skickas ut med utfallet inom n\u00e5gra dagar. [\/ingress] Under n\u00e5gra hektiska veckor har vi p\u00e5 Absolicon producerar marknadsf\u00f6ringsmaterial och presenterat f\u00f6r tusentals personer runt om i Sverige. Tillsammans med v\u00e5r fondkommission\u00e4r Eminova har vi hanterat alla de praktiska fr\u00e5gor som finns kring [&hellip;]","og_url":"https:\/\/www.agma.com\/sv\/teckningsperioden-avslutad\/","og_site_name":"Absolicon","article_published_time":"2017-04-19T00:00:00+00:00","author":"jakubschenk","twitter_card":"summary_large_image","twitter_misc":{"Skriven av":"jakubschenk"},"schema":{"@context":"https:\/\/schema.org","@graph":[{"@type":"Article","@id":"https:\/\/www.agma.com\/sv\/teckningsperioden-avslutad\/#article","isPartOf":{"@id":"https:\/\/www.agma.com\/sv\/teckningsperioden-avslutad\/"},"author":{"name":"jakubschenk","@id":"https:\/\/www.agma.com\/sv\/#\/schema\/person\/6820b3ce1cc37edbaecc979090760d8b"},"headline":"Teckningsperioden avslutad","datePublished":"2017-04-19T00:00:00+00:00","mainEntityOfPage":{"@id":"https:\/\/www.agma.com\/sv\/teckningsperioden-avslutad\/"},"wordCount":207,"commentCount":0,"publisher":{"@id":"https:\/\/www.agma.com\/sv\/#organization"},"inLanguage":"sv-SE","potentialAction":[{"@type":"CommentAction","name":"Comment","target":["https:\/\/www.agma.com\/sv\/teckningsperioden-avslutad\/#respond"]}]},{"@type":"WebPage","@id":"https:\/\/www.agma.com\/sv\/teckningsperioden-avslutad\/","url":"https:\/\/www.agma.com\/sv\/teckningsperioden-avslutad\/","name":"Teckningsperioden avslutad - Absolicon","isPartOf":{"@id":"https:\/\/www.agma.com\/sv\/#website"},"datePublished":"2017-04-19T00:00:00+00:00","breadcrumb":{"@id":"https:\/\/www.agma.com\/sv\/teckningsperioden-avslutad\/#breadcrumb"},"inLanguage":"sv-SE","potentialAction":[{"@type":"ReadAction","target":["https:\/\/www.agma.com\/sv\/teckningsperioden-avslutad\/"]}]},{"@type":"BreadcrumbList","@id":"https:\/\/www.agma.com\/sv\/teckningsperioden-avslutad\/#breadcrumb","itemListElement":[{"@type":"ListItem","position":1,"name":"Home","item":"https:\/\/www.agma.com\/sv\/"},{"@type":"ListItem","position":2,"name":"Teckningsperioden avslutad"}]},{"@type":"WebSite","@id":"https:\/\/www.agma.com\/sv\/#website","url":"https:\/\/www.agma.com\/sv\/","name":"Absolicon","description":"","publisher":{"@id":"https:\/\/www.agma.com\/sv\/#organization"},"potentialAction":[{"@type":"SearchAction","target":{"@type":"EntryPoint","urlTemplate":"https:\/\/www.agma.com\/sv\/?s={search_term_string}"},"query-input":{"@type":"PropertyValueSpecification","valueRequired":true,"valueName":"search_term_string"}}],"inLanguage":"sv-SE"},{"@type":"Organization","@id":"https:\/\/www.agma.com\/sv\/#organization","name":"Absolicon","url":"https:\/\/www.agma.com\/sv\/","logo":{"@type":"ImageObject","inLanguage":"sv-SE","@id":"https:\/\/www.agma.com\/sv\/#\/schema\/logo\/image\/","url":"https:\/\/www.agma.com\/wp-content\/uploads\/2026\/04\/logotype_neg_blk.svg","contentUrl":"https:\/\/www.agma.com\/wp-content\/uploads\/2026\/04\/logotype_neg_blk.svg","width":705,"height":83,"caption":"Absolicon"},"image":{"@id":"https:\/\/www.agma.com\/sv\/#\/schema\/logo\/image\/"}},{"@type":"Person","@id":"https:\/\/www.agma.com\/sv\/#\/schema\/person\/6820b3ce1cc37edbaecc979090760d8b","name":"jakubschenk","image":{"@type":"ImageObject","inLanguage":"sv-SE","@id":"https:\/\/secure.gravatar.com\/avatar\/0ab843002d4a58702560e02354e5f9a3206e13bbfaa9df5a188e463870f605cd?s=96&d=mm&r=g","url":"https:\/\/secure.gravatar.com\/avatar\/0ab843002d4a58702560e02354e5f9a3206e13bbfaa9df5a188e463870f605cd?s=96&d=mm&r=g","contentUrl":"https:\/\/secure.gravatar.com\/avatar\/0ab843002d4a58702560e02354e5f9a3206e13bbfaa9df5a188e463870f605cd?s=96&d=mm&r=g","caption":"jakubschenk"},"sameAs":["https:\/\/www.agma.com"],"url":"https:\/\/www.agma.com\/sv\/author\/jakubschenk\/"}]}},"_links":{"self":[{"href":"https:\/\/www.agma.com\/sv\/wp-json\/wp\/v2\/posts\/8881","targetHints":{"allow":["GET"]}}],"collection":[{"href":"https:\/\/www.agma.com\/sv\/wp-json\/wp\/v2\/posts"}],"about":[{"href":"https:\/\/www.agma.com\/sv\/wp-json\/wp\/v2\/types\/post"}],"author":[{"embeddable":true,"href":"https:\/\/www.agma.com\/sv\/wp-json\/wp\/v2\/users\/1"}],"replies":[{"embeddable":true,"href":"https:\/\/www.agma.com\/sv\/wp-json\/wp\/v2\/comments?post=8881"}],"version-history":[{"count":0,"href":"https:\/\/www.agma.com\/sv\/wp-json\/wp\/v2\/posts\/8881\/revisions"}],"wp:attachment":[{"href":"https:\/\/www.agma.com\/sv\/wp-json\/wp\/v2\/media?parent=8881"}],"wp:term":[{"taxonomy":"category","embeddable":true,"href":"https:\/\/www.agma.com\/sv\/wp-json\/wp\/v2\/categories?post=8881"},{"taxonomy":"post_tag","embeddable":true,"href":"https:\/\/www.agma.com\/sv\/wp-json\/wp\/v2\/tags?post=8881"}],"curies":[{"name":"wp","href":"https:\/\/api.w.org\/{rel}","templated":true}]}}