{"id":8882,"date":"2017-04-21T00:00:00","date_gmt":"2017-04-21T00:00:00","guid":{"rendered":"https:\/\/www.absolicon.com\/absolicons-foretradesemission-tecknad-till-276\/"},"modified":"2017-04-21T00:00:00","modified_gmt":"2017-04-21T00:00:00","slug":"absolicons-foretradesemission-tecknad-till-276","status":"publish","type":"post","link":"https:\/\/www.agma.com\/sv\/absolicons-foretradesemission-tecknad-till-276\/","title":{"rendered":"Absolicons f\u00f6retr\u00e4desemission tecknad till 276%"},"content":{"rendered":"<p>[ingress]Absolicons f\u00f6retr\u00e4desemission tecknades till totalt 85,5 MSEK, vilket motsvarar en teckningsgrad om 276% av det beslutade emissionsbeloppet om h\u00f6gst 31,0 MSEK.[\/ingress]<\/p>\n<p>Totalt har 231\u00a0229 aktier tecknats med st\u00f6d av teckningsr\u00e4tter och 426\u00a0256 aktier utan f\u00f6retr\u00e4desr\u00e4tt. F\u00f6retr\u00e4desr\u00e4tterna utnyttjades s\u00e5ledes till 98 procent.<\/p>\n<p>Styrelsen har i emissionsbeslutet fastslagit att n\u00e5gon \u00f6vertilldelning inte kommer att vara aktuell, vilket inneb\u00e4r att de allra flesta som tecknat utan f\u00f6retr\u00e4desr\u00e4tt tyv\u00e4rr inte kommer kunna r\u00e4kna med n\u00e5gon tilldelning.<\/p>\n<p>Handel p\u00e5g\u00e5r b\u00e5de i Absolicons ordinarie aktie (ABSL) och i betalda tecknade aktier (ABSL BTA) fram till dess att emissionen registrerats, varvid BTA omvandlas till ordinarie aktier.<\/p>\n<p>Vid registreringen hos Bolagsverket kommer aktiekapitalet att \u00f6kas med 238 125 kr, fr\u00e5n 952 500 kr till 1 190\u00a0625 kr. Antalet aktier kommer att \u00f6kas med 238\u00a0125 aktier, fr\u00e5n 952 500 aktier till 1 190 625 aktier. De nyemitterade aktierna kommer att utg\u00f6ra 20,0 procent av samtliga aktier.<\/p>\n<p>Eniara AB, som \u00e4gs av Joakim Bystr\u00f6m, har under perioden avyttrat teckningsr\u00e4tter utanf\u00f6r Aktietorget direkt till n\u00e5gra personer som bed\u00f6ms \u00f6nskv\u00e4rda som tillkommande \u00e4gare i Absolicon. D\u00e4ribland kan n\u00e4mnas G\u00f6ran Carstedt med l\u00e5ng erfarenhet fr\u00e5n ledande befattningar inom Volvo, IKEA och Clinton Climate Initiative samt Patrik Nordenhed p\u00e5 Nordenhed Invest AB.<\/p>\n<p>Absolicon kommer att tillf\u00f6ras ca 30 MSEK efter emissionskostnader om ca 1 Mkr. Emissionskostnaderna vilket motsvarar bara ca 1,1 procent av totalt tecknat belopp. Emissionen genomf\u00f6rdes utan emissionsgarantier. R\u00e5dgivare och emissionsinstitut har varit Eminova Fondkommission AB.<\/p>\n<p>\u201dVi \u00e4r glada \u00f6ver f\u00f6rtroendet fr\u00e5n v\u00e5ra aktie\u00e4gare och det stora intresset fr\u00e5n den \u00f6vriga aktiemarknaden f\u00f6r det vi utr\u00e4ttar inom solenergiomr\u00e5det.\u201d s\u00e4ger Joakim Bystr\u00f6m. \u201dAbsolicon genomf\u00f6r nu expansion enligt plan f\u00f6r att etablera produktionsanl\u00e4ggningar runt om i v\u00e4rlden\u201d.<\/p>\n<p>&nbsp;<\/p>\n<p style=\"text-align: right;\"><em>Publicerad 2017-04-21<\/em><\/p>\n","protected":false},"excerpt":{"rendered":"<p>[ingress]Absolicons f\u00f6retr\u00e4desemission tecknades till totalt 85,5 MSEK, vilket motsvarar en teckningsgrad om 276% av det beslutade emissionsbeloppet om h\u00f6gst 31,0 MSEK.[\/ingress] Totalt har 231\u00a0229 aktier tecknats med st\u00f6d av teckningsr\u00e4tter och 426\u00a0256 aktier utan f\u00f6retr\u00e4desr\u00e4tt. F\u00f6retr\u00e4desr\u00e4tterna utnyttjades s\u00e5ledes till 98 procent. Styrelsen har i emissionsbeslutet fastslagit att n\u00e5gon \u00f6vertilldelning inte kommer att vara aktuell, vilket [&hellip;]<\/p>\n","protected":false},"author":1,"featured_media":0,"comment_status":"open","ping_status":"open","sticky":false,"template":"","format":"standard","meta":{"_acf_changed":false,"footnotes":""},"categories":[],"tags":[],"class_list":["post-8882","post","type-post","status-publish","format-standard","hentry"],"acf":[],"yoast_head":"<!-- This site is optimized with the Yoast SEO plugin v27.4 - https:\/\/yoast.com\/product\/yoast-seo-wordpress\/ -->\n<title>Absolicons f\u00f6retr\u00e4desemission tecknad till 276% - Absolicon<\/title>\n<meta name=\"robots\" content=\"index, follow, max-snippet:-1, max-image-preview:large, max-video-preview:-1\" \/>\n<link rel=\"canonical\" href=\"https:\/\/www.agma.com\/sv\/absolicons-foretradesemission-tecknad-till-276\/\" \/>\n<meta property=\"og:locale\" content=\"sv_SE\" \/>\n<meta property=\"og:type\" content=\"article\" \/>\n<meta property=\"og:title\" content=\"Absolicons f\u00f6retr\u00e4desemission tecknad till 276% - Absolicon\" \/>\n<meta property=\"og:description\" content=\"[ingress]Absolicons f\u00f6retr\u00e4desemission tecknades till totalt 85,5 MSEK, vilket motsvarar en teckningsgrad om 276% av det beslutade emissionsbeloppet om h\u00f6gst 31,0 MSEK.[\/ingress] Totalt har 231\u00a0229 aktier tecknats med st\u00f6d av teckningsr\u00e4tter och 426\u00a0256 aktier utan f\u00f6retr\u00e4desr\u00e4tt. F\u00f6retr\u00e4desr\u00e4tterna utnyttjades s\u00e5ledes till 98 procent. Styrelsen har i emissionsbeslutet fastslagit att n\u00e5gon \u00f6vertilldelning inte kommer att vara aktuell, vilket [&hellip;]\" \/>\n<meta property=\"og:url\" content=\"https:\/\/www.agma.com\/sv\/absolicons-foretradesemission-tecknad-till-276\/\" \/>\n<meta property=\"og:site_name\" content=\"Absolicon\" \/>\n<meta property=\"article:published_time\" content=\"2017-04-21T00:00:00+00:00\" \/>\n<meta name=\"author\" content=\"jakubschenk\" \/>\n<meta name=\"twitter:card\" content=\"summary_large_image\" \/>\n<meta name=\"twitter:label1\" content=\"Skriven av\" \/>\n\t<meta name=\"twitter:data1\" content=\"jakubschenk\" \/>\n<script type=\"application\/ld+json\" class=\"yoast-schema-graph\">{\"@context\":\"https:\\\/\\\/schema.org\",\"@graph\":[{\"@type\":\"Article\",\"@id\":\"https:\\\/\\\/www.agma.com\\\/sv\\\/absolicons-foretradesemission-tecknad-till-276\\\/#article\",\"isPartOf\":{\"@id\":\"https:\\\/\\\/www.agma.com\\\/sv\\\/absolicons-foretradesemission-tecknad-till-276\\\/\"},\"author\":{\"name\":\"jakubschenk\",\"@id\":\"https:\\\/\\\/www.agma.com\\\/sv\\\/#\\\/schema\\\/person\\\/6820b3ce1cc37edbaecc979090760d8b\"},\"headline\":\"Absolicons f\u00f6retr\u00e4desemission tecknad till 276%\",\"datePublished\":\"2017-04-21T00:00:00+00:00\",\"mainEntityOfPage\":{\"@id\":\"https:\\\/\\\/www.agma.com\\\/sv\\\/absolicons-foretradesemission-tecknad-till-276\\\/\"},\"wordCount\":317,\"commentCount\":0,\"publisher\":{\"@id\":\"https:\\\/\\\/www.agma.com\\\/sv\\\/#organization\"},\"inLanguage\":\"sv-SE\",\"potentialAction\":[{\"@type\":\"CommentAction\",\"name\":\"Comment\",\"target\":[\"https:\\\/\\\/www.agma.com\\\/sv\\\/absolicons-foretradesemission-tecknad-till-276\\\/#respond\"]}]},{\"@type\":\"WebPage\",\"@id\":\"https:\\\/\\\/www.agma.com\\\/sv\\\/absolicons-foretradesemission-tecknad-till-276\\\/\",\"url\":\"https:\\\/\\\/www.agma.com\\\/sv\\\/absolicons-foretradesemission-tecknad-till-276\\\/\",\"name\":\"Absolicons f\u00f6retr\u00e4desemission tecknad till 276% - Absolicon\",\"isPartOf\":{\"@id\":\"https:\\\/\\\/www.agma.com\\\/sv\\\/#website\"},\"datePublished\":\"2017-04-21T00:00:00+00:00\",\"breadcrumb\":{\"@id\":\"https:\\\/\\\/www.agma.com\\\/sv\\\/absolicons-foretradesemission-tecknad-till-276\\\/#breadcrumb\"},\"inLanguage\":\"sv-SE\",\"potentialAction\":[{\"@type\":\"ReadAction\",\"target\":[\"https:\\\/\\\/www.agma.com\\\/sv\\\/absolicons-foretradesemission-tecknad-till-276\\\/\"]}]},{\"@type\":\"BreadcrumbList\",\"@id\":\"https:\\\/\\\/www.agma.com\\\/sv\\\/absolicons-foretradesemission-tecknad-till-276\\\/#breadcrumb\",\"itemListElement\":[{\"@type\":\"ListItem\",\"position\":1,\"name\":\"Home\",\"item\":\"https:\\\/\\\/www.agma.com\\\/sv\\\/\"},{\"@type\":\"ListItem\",\"position\":2,\"name\":\"Absolicons f\u00f6retr\u00e4desemission tecknad till 276%\"}]},{\"@type\":\"WebSite\",\"@id\":\"https:\\\/\\\/www.agma.com\\\/sv\\\/#website\",\"url\":\"https:\\\/\\\/www.agma.com\\\/sv\\\/\",\"name\":\"Absolicon\",\"description\":\"\",\"publisher\":{\"@id\":\"https:\\\/\\\/www.agma.com\\\/sv\\\/#organization\"},\"potentialAction\":[{\"@type\":\"SearchAction\",\"target\":{\"@type\":\"EntryPoint\",\"urlTemplate\":\"https:\\\/\\\/www.agma.com\\\/sv\\\/?s={search_term_string}\"},\"query-input\":{\"@type\":\"PropertyValueSpecification\",\"valueRequired\":true,\"valueName\":\"search_term_string\"}}],\"inLanguage\":\"sv-SE\"},{\"@type\":\"Organization\",\"@id\":\"https:\\\/\\\/www.agma.com\\\/sv\\\/#organization\",\"name\":\"Absolicon\",\"url\":\"https:\\\/\\\/www.agma.com\\\/sv\\\/\",\"logo\":{\"@type\":\"ImageObject\",\"inLanguage\":\"sv-SE\",\"@id\":\"https:\\\/\\\/www.agma.com\\\/sv\\\/#\\\/schema\\\/logo\\\/image\\\/\",\"url\":\"https:\\\/\\\/www.agma.com\\\/wp-content\\\/uploads\\\/2026\\\/04\\\/logotype_neg_blk.svg\",\"contentUrl\":\"https:\\\/\\\/www.agma.com\\\/wp-content\\\/uploads\\\/2026\\\/04\\\/logotype_neg_blk.svg\",\"width\":705,\"height\":83,\"caption\":\"Absolicon\"},\"image\":{\"@id\":\"https:\\\/\\\/www.agma.com\\\/sv\\\/#\\\/schema\\\/logo\\\/image\\\/\"}},{\"@type\":\"Person\",\"@id\":\"https:\\\/\\\/www.agma.com\\\/sv\\\/#\\\/schema\\\/person\\\/6820b3ce1cc37edbaecc979090760d8b\",\"name\":\"jakubschenk\",\"image\":{\"@type\":\"ImageObject\",\"inLanguage\":\"sv-SE\",\"@id\":\"https:\\\/\\\/secure.gravatar.com\\\/avatar\\\/0ab843002d4a58702560e02354e5f9a3206e13bbfaa9df5a188e463870f605cd?s=96&d=mm&r=g\",\"url\":\"https:\\\/\\\/secure.gravatar.com\\\/avatar\\\/0ab843002d4a58702560e02354e5f9a3206e13bbfaa9df5a188e463870f605cd?s=96&d=mm&r=g\",\"contentUrl\":\"https:\\\/\\\/secure.gravatar.com\\\/avatar\\\/0ab843002d4a58702560e02354e5f9a3206e13bbfaa9df5a188e463870f605cd?s=96&d=mm&r=g\",\"caption\":\"jakubschenk\"},\"sameAs\":[\"https:\\\/\\\/www.agma.com\"],\"url\":\"https:\\\/\\\/www.agma.com\\\/sv\\\/author\\\/jakubschenk\\\/\"}]}<\/script>\n<!-- \/ Yoast SEO plugin. -->","yoast_head_json":{"title":"Absolicons f\u00f6retr\u00e4desemission tecknad till 276% - Absolicon","robots":{"index":"index","follow":"follow","max-snippet":"max-snippet:-1","max-image-preview":"max-image-preview:large","max-video-preview":"max-video-preview:-1"},"canonical":"https:\/\/www.agma.com\/sv\/absolicons-foretradesemission-tecknad-till-276\/","og_locale":"sv_SE","og_type":"article","og_title":"Absolicons f\u00f6retr\u00e4desemission tecknad till 276% - Absolicon","og_description":"[ingress]Absolicons f\u00f6retr\u00e4desemission tecknades till totalt 85,5 MSEK, vilket motsvarar en teckningsgrad om 276% av det beslutade emissionsbeloppet om h\u00f6gst 31,0 MSEK.[\/ingress] Totalt har 231\u00a0229 aktier tecknats med st\u00f6d av teckningsr\u00e4tter och 426\u00a0256 aktier utan f\u00f6retr\u00e4desr\u00e4tt. F\u00f6retr\u00e4desr\u00e4tterna utnyttjades s\u00e5ledes till 98 procent. Styrelsen har i emissionsbeslutet fastslagit att n\u00e5gon \u00f6vertilldelning inte kommer att vara aktuell, vilket [&hellip;]","og_url":"https:\/\/www.agma.com\/sv\/absolicons-foretradesemission-tecknad-till-276\/","og_site_name":"Absolicon","article_published_time":"2017-04-21T00:00:00+00:00","author":"jakubschenk","twitter_card":"summary_large_image","twitter_misc":{"Skriven av":"jakubschenk"},"schema":{"@context":"https:\/\/schema.org","@graph":[{"@type":"Article","@id":"https:\/\/www.agma.com\/sv\/absolicons-foretradesemission-tecknad-till-276\/#article","isPartOf":{"@id":"https:\/\/www.agma.com\/sv\/absolicons-foretradesemission-tecknad-till-276\/"},"author":{"name":"jakubschenk","@id":"https:\/\/www.agma.com\/sv\/#\/schema\/person\/6820b3ce1cc37edbaecc979090760d8b"},"headline":"Absolicons f\u00f6retr\u00e4desemission tecknad till 276%","datePublished":"2017-04-21T00:00:00+00:00","mainEntityOfPage":{"@id":"https:\/\/www.agma.com\/sv\/absolicons-foretradesemission-tecknad-till-276\/"},"wordCount":317,"commentCount":0,"publisher":{"@id":"https:\/\/www.agma.com\/sv\/#organization"},"inLanguage":"sv-SE","potentialAction":[{"@type":"CommentAction","name":"Comment","target":["https:\/\/www.agma.com\/sv\/absolicons-foretradesemission-tecknad-till-276\/#respond"]}]},{"@type":"WebPage","@id":"https:\/\/www.agma.com\/sv\/absolicons-foretradesemission-tecknad-till-276\/","url":"https:\/\/www.agma.com\/sv\/absolicons-foretradesemission-tecknad-till-276\/","name":"Absolicons f\u00f6retr\u00e4desemission tecknad till 276% - Absolicon","isPartOf":{"@id":"https:\/\/www.agma.com\/sv\/#website"},"datePublished":"2017-04-21T00:00:00+00:00","breadcrumb":{"@id":"https:\/\/www.agma.com\/sv\/absolicons-foretradesemission-tecknad-till-276\/#breadcrumb"},"inLanguage":"sv-SE","potentialAction":[{"@type":"ReadAction","target":["https:\/\/www.agma.com\/sv\/absolicons-foretradesemission-tecknad-till-276\/"]}]},{"@type":"BreadcrumbList","@id":"https:\/\/www.agma.com\/sv\/absolicons-foretradesemission-tecknad-till-276\/#breadcrumb","itemListElement":[{"@type":"ListItem","position":1,"name":"Home","item":"https:\/\/www.agma.com\/sv\/"},{"@type":"ListItem","position":2,"name":"Absolicons f\u00f6retr\u00e4desemission tecknad till 276%"}]},{"@type":"WebSite","@id":"https:\/\/www.agma.com\/sv\/#website","url":"https:\/\/www.agma.com\/sv\/","name":"Absolicon","description":"","publisher":{"@id":"https:\/\/www.agma.com\/sv\/#organization"},"potentialAction":[{"@type":"SearchAction","target":{"@type":"EntryPoint","urlTemplate":"https:\/\/www.agma.com\/sv\/?s={search_term_string}"},"query-input":{"@type":"PropertyValueSpecification","valueRequired":true,"valueName":"search_term_string"}}],"inLanguage":"sv-SE"},{"@type":"Organization","@id":"https:\/\/www.agma.com\/sv\/#organization","name":"Absolicon","url":"https:\/\/www.agma.com\/sv\/","logo":{"@type":"ImageObject","inLanguage":"sv-SE","@id":"https:\/\/www.agma.com\/sv\/#\/schema\/logo\/image\/","url":"https:\/\/www.agma.com\/wp-content\/uploads\/2026\/04\/logotype_neg_blk.svg","contentUrl":"https:\/\/www.agma.com\/wp-content\/uploads\/2026\/04\/logotype_neg_blk.svg","width":705,"height":83,"caption":"Absolicon"},"image":{"@id":"https:\/\/www.agma.com\/sv\/#\/schema\/logo\/image\/"}},{"@type":"Person","@id":"https:\/\/www.agma.com\/sv\/#\/schema\/person\/6820b3ce1cc37edbaecc979090760d8b","name":"jakubschenk","image":{"@type":"ImageObject","inLanguage":"sv-SE","@id":"https:\/\/secure.gravatar.com\/avatar\/0ab843002d4a58702560e02354e5f9a3206e13bbfaa9df5a188e463870f605cd?s=96&d=mm&r=g","url":"https:\/\/secure.gravatar.com\/avatar\/0ab843002d4a58702560e02354e5f9a3206e13bbfaa9df5a188e463870f605cd?s=96&d=mm&r=g","contentUrl":"https:\/\/secure.gravatar.com\/avatar\/0ab843002d4a58702560e02354e5f9a3206e13bbfaa9df5a188e463870f605cd?s=96&d=mm&r=g","caption":"jakubschenk"},"sameAs":["https:\/\/www.agma.com"],"url":"https:\/\/www.agma.com\/sv\/author\/jakubschenk\/"}]}},"_links":{"self":[{"href":"https:\/\/www.agma.com\/sv\/wp-json\/wp\/v2\/posts\/8882","targetHints":{"allow":["GET"]}}],"collection":[{"href":"https:\/\/www.agma.com\/sv\/wp-json\/wp\/v2\/posts"}],"about":[{"href":"https:\/\/www.agma.com\/sv\/wp-json\/wp\/v2\/types\/post"}],"author":[{"embeddable":true,"href":"https:\/\/www.agma.com\/sv\/wp-json\/wp\/v2\/users\/1"}],"replies":[{"embeddable":true,"href":"https:\/\/www.agma.com\/sv\/wp-json\/wp\/v2\/comments?post=8882"}],"version-history":[{"count":0,"href":"https:\/\/www.agma.com\/sv\/wp-json\/wp\/v2\/posts\/8882\/revisions"}],"wp:attachment":[{"href":"https:\/\/www.agma.com\/sv\/wp-json\/wp\/v2\/media?parent=8882"}],"wp:term":[{"taxonomy":"category","embeddable":true,"href":"https:\/\/www.agma.com\/sv\/wp-json\/wp\/v2\/categories?post=8882"},{"taxonomy":"post_tag","embeddable":true,"href":"https:\/\/www.agma.com\/sv\/wp-json\/wp\/v2\/tags?post=8882"}],"curies":[{"name":"wp","href":"https:\/\/api.w.org\/{rel}","templated":true}]}}