{"id":8883,"date":"2017-06-01T00:00:00","date_gmt":"2017-06-01T00:00:00","guid":{"rendered":"https:\/\/www.absolicon.com\/kallelse-till-arsstamma-7-juni-2017\/"},"modified":"2017-06-01T00:00:00","modified_gmt":"2017-06-01T00:00:00","slug":"kallelse-till-arsstamma-7-juni-2017","status":"publish","type":"post","link":"https:\/\/www.agma.com\/sv\/kallelse-till-arsstamma-7-juni-2017\/","title":{"rendered":"Kallelse till \u00e5rsst\u00e4mma 7 juni 2017"},"content":{"rendered":"<p>\u00c5rsst\u00e4mma i Absolicon Solar Collector AB h\u00e5lls onsdagen 7 juni 2017 klockan 18:30\u00a0(tidigare angivet datum 30 maj).<\/p>\n<p>Vi h\u00e5ller till i Absolicons lokaler p\u00e5 Fiskaregatan 11, H\u00e4rn\u00f6verken, H\u00e4rn\u00f6sand. Vi bjuder p\u00e5 fika och det blir ocks\u00e5 en kort rundvandring. Anm\u00e4lan enligt anvisningarna i kallelsen som publicerats i Post och Inrikes tidningar.<\/p>\n<p><em>Hj\u00e4rtligt v\u00e4lkomna till Absolicons \u00e5rsst\u00e4mma!<\/em><\/p>\n<div><a href=\"https:\/\/www.agma.comwp-content\/uploads\/2017\/05\/Kallelse-till-\u00c5rsst\u00e4mma-juni-2017.pdf\">&gt;&gt; Kallelse till \u00c5rsst\u00e4mma juni 2017<\/a><\/div>\n<div><span style=\"color: #ffffff;\">.<\/span><\/div>\n<div><span style=\"color: #ffffff;\">.<\/span><\/div>\n<div>Ladda ner \u00c5rsredovisning 2016 och f\u00f6rslag till beslut inf\u00f6r st\u00e4mman<\/div>\n<div><a href=\"https:\/\/www.agma.comwp-content\/uploads\/2017\/05\/Kallelse-till-\u00c5rsst\u00e4mma-juni-2017.pdf\">&gt;&gt;\u00a0<\/a><a href=\"https:\/\/www.agma.comwp-content\/uploads\/2012\/06\/\u00c5rsredovisning-2016-Absolicon-Solar-Collector-AB.pdf\">\u00c5rsredovisning 2016 Absolicon Solar Collector AB<\/a>\u00a0(PDF, 4 MB)<\/div>\n<div><a href=\"https:\/\/www.agma.comwp-content\/uploads\/2017\/05\/F\u00f6ljebrev-handlingar-st\u00e4mma-KPL.pdf\">&gt;&gt; F\u00f6ljebrev handlingar st\u00e4mma KPL<\/a>\u00a0(PDF, 2 MB)<\/div>\n<div><span style=\"color: #ffffff;\">.<\/span><\/div>\n<div>Kommunik\u00e9 \u00c5rsst\u00e4mma<\/div>\n<div><a href=\"https:\/\/www.agma.comwp-content\/uploads\/2017\/06\/2017-06-07-Kommunik\u00e9-\u00e5rsst\u00e4mma.pdf\">2017-06-07 Kommunik\u00e9 \u00e5rsst\u00e4mma<\/a>\u00a0(PDF, 400 kB)<\/div>\n<div><\/div>\n<div style=\"text-align: right;\"><em>Publicerad 2017-05-09, \u00e4ndrad 2017-06-21<\/em><\/div>\n<div><\/div>\n","protected":false},"excerpt":{"rendered":"<p>\u00c5rsst\u00e4mma i Absolicon Solar Collector AB h\u00e5lls onsdagen 7 juni 2017 klockan 18:30\u00a0(tidigare angivet datum 30 maj). Vi h\u00e5ller till i Absolicons lokaler p\u00e5 Fiskaregatan 11, H\u00e4rn\u00f6verken, H\u00e4rn\u00f6sand. Vi bjuder p\u00e5 fika och det blir ocks\u00e5 en kort rundvandring. Anm\u00e4lan enligt anvisningarna i kallelsen som publicerats i Post och Inrikes tidningar. Hj\u00e4rtligt v\u00e4lkomna till Absolicons [&hellip;]<\/p>\n","protected":false},"author":1,"featured_media":0,"comment_status":"open","ping_status":"open","sticky":false,"template":"","format":"standard","meta":{"_acf_changed":false,"footnotes":""},"categories":[],"tags":[],"class_list":["post-8883","post","type-post","status-publish","format-standard","hentry"],"acf":[],"yoast_head":"<!-- This site is optimized with the Yoast SEO plugin v27.4 - https:\/\/yoast.com\/product\/yoast-seo-wordpress\/ -->\n<title>Kallelse till \u00e5rsst\u00e4mma 7 juni 2017 - Absolicon<\/title>\n<meta name=\"robots\" content=\"index, follow, max-snippet:-1, max-image-preview:large, max-video-preview:-1\" \/>\n<link rel=\"canonical\" href=\"https:\/\/www.agma.com\/sv\/kallelse-till-arsstamma-7-juni-2017\/\" \/>\n<meta property=\"og:locale\" content=\"sv_SE\" \/>\n<meta property=\"og:type\" content=\"article\" \/>\n<meta property=\"og:title\" content=\"Kallelse till \u00e5rsst\u00e4mma 7 juni 2017 - Absolicon\" \/>\n<meta property=\"og:description\" content=\"\u00c5rsst\u00e4mma i Absolicon Solar Collector AB h\u00e5lls onsdagen 7 juni 2017 klockan 18:30\u00a0(tidigare angivet datum 30 maj). Vi h\u00e5ller till i Absolicons lokaler p\u00e5 Fiskaregatan 11, H\u00e4rn\u00f6verken, H\u00e4rn\u00f6sand. Vi bjuder p\u00e5 fika och det blir ocks\u00e5 en kort rundvandring. Anm\u00e4lan enligt anvisningarna i kallelsen som publicerats i Post och Inrikes tidningar. Hj\u00e4rtligt v\u00e4lkomna till Absolicons [&hellip;]\" \/>\n<meta property=\"og:url\" content=\"https:\/\/www.agma.com\/sv\/kallelse-till-arsstamma-7-juni-2017\/\" \/>\n<meta property=\"og:site_name\" content=\"Absolicon\" \/>\n<meta property=\"article:published_time\" content=\"2017-06-01T00:00:00+00:00\" \/>\n<meta name=\"author\" content=\"jakubschenk\" \/>\n<meta name=\"twitter:card\" content=\"summary_large_image\" \/>\n<meta name=\"twitter:label1\" content=\"Skriven av\" \/>\n\t<meta name=\"twitter:data1\" content=\"jakubschenk\" \/>\n<script type=\"application\/ld+json\" class=\"yoast-schema-graph\">{\"@context\":\"https:\\\/\\\/schema.org\",\"@graph\":[{\"@type\":\"Article\",\"@id\":\"https:\\\/\\\/www.agma.com\\\/sv\\\/kallelse-till-arsstamma-7-juni-2017\\\/#article\",\"isPartOf\":{\"@id\":\"https:\\\/\\\/www.agma.com\\\/sv\\\/kallelse-till-arsstamma-7-juni-2017\\\/\"},\"author\":{\"name\":\"jakubschenk\",\"@id\":\"https:\\\/\\\/www.agma.com\\\/sv\\\/#\\\/schema\\\/person\\\/6820b3ce1cc37edbaecc979090760d8b\"},\"headline\":\"Kallelse till \u00e5rsst\u00e4mma 7 juni 2017\",\"datePublished\":\"2017-06-01T00:00:00+00:00\",\"mainEntityOfPage\":{\"@id\":\"https:\\\/\\\/www.agma.com\\\/sv\\\/kallelse-till-arsstamma-7-juni-2017\\\/\"},\"wordCount\":122,\"commentCount\":0,\"publisher\":{\"@id\":\"https:\\\/\\\/www.agma.com\\\/sv\\\/#organization\"},\"inLanguage\":\"sv-SE\",\"potentialAction\":[{\"@type\":\"CommentAction\",\"name\":\"Comment\",\"target\":[\"https:\\\/\\\/www.agma.com\\\/sv\\\/kallelse-till-arsstamma-7-juni-2017\\\/#respond\"]}]},{\"@type\":\"WebPage\",\"@id\":\"https:\\\/\\\/www.agma.com\\\/sv\\\/kallelse-till-arsstamma-7-juni-2017\\\/\",\"url\":\"https:\\\/\\\/www.agma.com\\\/sv\\\/kallelse-till-arsstamma-7-juni-2017\\\/\",\"name\":\"Kallelse till \u00e5rsst\u00e4mma 7 juni 2017 - Absolicon\",\"isPartOf\":{\"@id\":\"https:\\\/\\\/www.agma.com\\\/sv\\\/#website\"},\"datePublished\":\"2017-06-01T00:00:00+00:00\",\"breadcrumb\":{\"@id\":\"https:\\\/\\\/www.agma.com\\\/sv\\\/kallelse-till-arsstamma-7-juni-2017\\\/#breadcrumb\"},\"inLanguage\":\"sv-SE\",\"potentialAction\":[{\"@type\":\"ReadAction\",\"target\":[\"https:\\\/\\\/www.agma.com\\\/sv\\\/kallelse-till-arsstamma-7-juni-2017\\\/\"]}]},{\"@type\":\"BreadcrumbList\",\"@id\":\"https:\\\/\\\/www.agma.com\\\/sv\\\/kallelse-till-arsstamma-7-juni-2017\\\/#breadcrumb\",\"itemListElement\":[{\"@type\":\"ListItem\",\"position\":1,\"name\":\"Home\",\"item\":\"https:\\\/\\\/www.agma.com\\\/sv\\\/\"},{\"@type\":\"ListItem\",\"position\":2,\"name\":\"Kallelse till \u00e5rsst\u00e4mma 7 juni 2017\"}]},{\"@type\":\"WebSite\",\"@id\":\"https:\\\/\\\/www.agma.com\\\/sv\\\/#website\",\"url\":\"https:\\\/\\\/www.agma.com\\\/sv\\\/\",\"name\":\"Absolicon\",\"description\":\"\",\"publisher\":{\"@id\":\"https:\\\/\\\/www.agma.com\\\/sv\\\/#organization\"},\"potentialAction\":[{\"@type\":\"SearchAction\",\"target\":{\"@type\":\"EntryPoint\",\"urlTemplate\":\"https:\\\/\\\/www.agma.com\\\/sv\\\/?s={search_term_string}\"},\"query-input\":{\"@type\":\"PropertyValueSpecification\",\"valueRequired\":true,\"valueName\":\"search_term_string\"}}],\"inLanguage\":\"sv-SE\"},{\"@type\":\"Organization\",\"@id\":\"https:\\\/\\\/www.agma.com\\\/sv\\\/#organization\",\"name\":\"Absolicon\",\"url\":\"https:\\\/\\\/www.agma.com\\\/sv\\\/\",\"logo\":{\"@type\":\"ImageObject\",\"inLanguage\":\"sv-SE\",\"@id\":\"https:\\\/\\\/www.agma.com\\\/sv\\\/#\\\/schema\\\/logo\\\/image\\\/\",\"url\":\"https:\\\/\\\/www.agma.com\\\/wp-content\\\/uploads\\\/2026\\\/04\\\/logotype_neg_blk.svg\",\"contentUrl\":\"https:\\\/\\\/www.agma.com\\\/wp-content\\\/uploads\\\/2026\\\/04\\\/logotype_neg_blk.svg\",\"width\":705,\"height\":83,\"caption\":\"Absolicon\"},\"image\":{\"@id\":\"https:\\\/\\\/www.agma.com\\\/sv\\\/#\\\/schema\\\/logo\\\/image\\\/\"}},{\"@type\":\"Person\",\"@id\":\"https:\\\/\\\/www.agma.com\\\/sv\\\/#\\\/schema\\\/person\\\/6820b3ce1cc37edbaecc979090760d8b\",\"name\":\"jakubschenk\",\"image\":{\"@type\":\"ImageObject\",\"inLanguage\":\"sv-SE\",\"@id\":\"https:\\\/\\\/secure.gravatar.com\\\/avatar\\\/0ab843002d4a58702560e02354e5f9a3206e13bbfaa9df5a188e463870f605cd?s=96&d=mm&r=g\",\"url\":\"https:\\\/\\\/secure.gravatar.com\\\/avatar\\\/0ab843002d4a58702560e02354e5f9a3206e13bbfaa9df5a188e463870f605cd?s=96&d=mm&r=g\",\"contentUrl\":\"https:\\\/\\\/secure.gravatar.com\\\/avatar\\\/0ab843002d4a58702560e02354e5f9a3206e13bbfaa9df5a188e463870f605cd?s=96&d=mm&r=g\",\"caption\":\"jakubschenk\"},\"sameAs\":[\"https:\\\/\\\/www.agma.com\"],\"url\":\"https:\\\/\\\/www.agma.com\\\/sv\\\/author\\\/jakubschenk\\\/\"}]}<\/script>\n<!-- \/ Yoast SEO plugin. -->","yoast_head_json":{"title":"Kallelse till \u00e5rsst\u00e4mma 7 juni 2017 - Absolicon","robots":{"index":"index","follow":"follow","max-snippet":"max-snippet:-1","max-image-preview":"max-image-preview:large","max-video-preview":"max-video-preview:-1"},"canonical":"https:\/\/www.agma.com\/sv\/kallelse-till-arsstamma-7-juni-2017\/","og_locale":"sv_SE","og_type":"article","og_title":"Kallelse till \u00e5rsst\u00e4mma 7 juni 2017 - Absolicon","og_description":"\u00c5rsst\u00e4mma i Absolicon Solar Collector AB h\u00e5lls onsdagen 7 juni 2017 klockan 18:30\u00a0(tidigare angivet datum 30 maj). Vi h\u00e5ller till i Absolicons lokaler p\u00e5 Fiskaregatan 11, H\u00e4rn\u00f6verken, H\u00e4rn\u00f6sand. Vi bjuder p\u00e5 fika och det blir ocks\u00e5 en kort rundvandring. Anm\u00e4lan enligt anvisningarna i kallelsen som publicerats i Post och Inrikes tidningar. Hj\u00e4rtligt v\u00e4lkomna till Absolicons [&hellip;]","og_url":"https:\/\/www.agma.com\/sv\/kallelse-till-arsstamma-7-juni-2017\/","og_site_name":"Absolicon","article_published_time":"2017-06-01T00:00:00+00:00","author":"jakubschenk","twitter_card":"summary_large_image","twitter_misc":{"Skriven av":"jakubschenk"},"schema":{"@context":"https:\/\/schema.org","@graph":[{"@type":"Article","@id":"https:\/\/www.agma.com\/sv\/kallelse-till-arsstamma-7-juni-2017\/#article","isPartOf":{"@id":"https:\/\/www.agma.com\/sv\/kallelse-till-arsstamma-7-juni-2017\/"},"author":{"name":"jakubschenk","@id":"https:\/\/www.agma.com\/sv\/#\/schema\/person\/6820b3ce1cc37edbaecc979090760d8b"},"headline":"Kallelse till \u00e5rsst\u00e4mma 7 juni 2017","datePublished":"2017-06-01T00:00:00+00:00","mainEntityOfPage":{"@id":"https:\/\/www.agma.com\/sv\/kallelse-till-arsstamma-7-juni-2017\/"},"wordCount":122,"commentCount":0,"publisher":{"@id":"https:\/\/www.agma.com\/sv\/#organization"},"inLanguage":"sv-SE","potentialAction":[{"@type":"CommentAction","name":"Comment","target":["https:\/\/www.agma.com\/sv\/kallelse-till-arsstamma-7-juni-2017\/#respond"]}]},{"@type":"WebPage","@id":"https:\/\/www.agma.com\/sv\/kallelse-till-arsstamma-7-juni-2017\/","url":"https:\/\/www.agma.com\/sv\/kallelse-till-arsstamma-7-juni-2017\/","name":"Kallelse till \u00e5rsst\u00e4mma 7 juni 2017 - Absolicon","isPartOf":{"@id":"https:\/\/www.agma.com\/sv\/#website"},"datePublished":"2017-06-01T00:00:00+00:00","breadcrumb":{"@id":"https:\/\/www.agma.com\/sv\/kallelse-till-arsstamma-7-juni-2017\/#breadcrumb"},"inLanguage":"sv-SE","potentialAction":[{"@type":"ReadAction","target":["https:\/\/www.agma.com\/sv\/kallelse-till-arsstamma-7-juni-2017\/"]}]},{"@type":"BreadcrumbList","@id":"https:\/\/www.agma.com\/sv\/kallelse-till-arsstamma-7-juni-2017\/#breadcrumb","itemListElement":[{"@type":"ListItem","position":1,"name":"Home","item":"https:\/\/www.agma.com\/sv\/"},{"@type":"ListItem","position":2,"name":"Kallelse till \u00e5rsst\u00e4mma 7 juni 2017"}]},{"@type":"WebSite","@id":"https:\/\/www.agma.com\/sv\/#website","url":"https:\/\/www.agma.com\/sv\/","name":"Absolicon","description":"","publisher":{"@id":"https:\/\/www.agma.com\/sv\/#organization"},"potentialAction":[{"@type":"SearchAction","target":{"@type":"EntryPoint","urlTemplate":"https:\/\/www.agma.com\/sv\/?s={search_term_string}"},"query-input":{"@type":"PropertyValueSpecification","valueRequired":true,"valueName":"search_term_string"}}],"inLanguage":"sv-SE"},{"@type":"Organization","@id":"https:\/\/www.agma.com\/sv\/#organization","name":"Absolicon","url":"https:\/\/www.agma.com\/sv\/","logo":{"@type":"ImageObject","inLanguage":"sv-SE","@id":"https:\/\/www.agma.com\/sv\/#\/schema\/logo\/image\/","url":"https:\/\/www.agma.com\/wp-content\/uploads\/2026\/04\/logotype_neg_blk.svg","contentUrl":"https:\/\/www.agma.com\/wp-content\/uploads\/2026\/04\/logotype_neg_blk.svg","width":705,"height":83,"caption":"Absolicon"},"image":{"@id":"https:\/\/www.agma.com\/sv\/#\/schema\/logo\/image\/"}},{"@type":"Person","@id":"https:\/\/www.agma.com\/sv\/#\/schema\/person\/6820b3ce1cc37edbaecc979090760d8b","name":"jakubschenk","image":{"@type":"ImageObject","inLanguage":"sv-SE","@id":"https:\/\/secure.gravatar.com\/avatar\/0ab843002d4a58702560e02354e5f9a3206e13bbfaa9df5a188e463870f605cd?s=96&d=mm&r=g","url":"https:\/\/secure.gravatar.com\/avatar\/0ab843002d4a58702560e02354e5f9a3206e13bbfaa9df5a188e463870f605cd?s=96&d=mm&r=g","contentUrl":"https:\/\/secure.gravatar.com\/avatar\/0ab843002d4a58702560e02354e5f9a3206e13bbfaa9df5a188e463870f605cd?s=96&d=mm&r=g","caption":"jakubschenk"},"sameAs":["https:\/\/www.agma.com"],"url":"https:\/\/www.agma.com\/sv\/author\/jakubschenk\/"}]}},"_links":{"self":[{"href":"https:\/\/www.agma.com\/sv\/wp-json\/wp\/v2\/posts\/8883","targetHints":{"allow":["GET"]}}],"collection":[{"href":"https:\/\/www.agma.com\/sv\/wp-json\/wp\/v2\/posts"}],"about":[{"href":"https:\/\/www.agma.com\/sv\/wp-json\/wp\/v2\/types\/post"}],"author":[{"embeddable":true,"href":"https:\/\/www.agma.com\/sv\/wp-json\/wp\/v2\/users\/1"}],"replies":[{"embeddable":true,"href":"https:\/\/www.agma.com\/sv\/wp-json\/wp\/v2\/comments?post=8883"}],"version-history":[{"count":0,"href":"https:\/\/www.agma.com\/sv\/wp-json\/wp\/v2\/posts\/8883\/revisions"}],"wp:attachment":[{"href":"https:\/\/www.agma.com\/sv\/wp-json\/wp\/v2\/media?parent=8883"}],"wp:term":[{"taxonomy":"category","embeddable":true,"href":"https:\/\/www.agma.com\/sv\/wp-json\/wp\/v2\/categories?post=8883"},{"taxonomy":"post_tag","embeddable":true,"href":"https:\/\/www.agma.com\/sv\/wp-json\/wp\/v2\/tags?post=8883"}],"curies":[{"name":"wp","href":"https:\/\/api.w.org\/{rel}","templated":true}]}}