{"id":8894,"date":"2017-09-13T00:00:00","date_gmt":"2017-09-13T00:00:00","guid":{"rendered":"https:\/\/www.absolicon.com\/absolicon-foreslar-vag-till-zero-co2-for-eu-kommissionen\/"},"modified":"2017-09-13T00:00:00","modified_gmt":"2017-09-13T00:00:00","slug":"absolicon-foreslar-vag-till-zero-co2-for-eu-kommissionen","status":"publish","type":"post","link":"https:\/\/www.agma.com\/sv\/absolicon-foreslar-vag-till-zero-co2-for-eu-kommissionen\/","title":{"rendered":"Absolicon f\u00f6resl\u00e5r v\u00e4g till Zero CO2 f\u00f6r EU kommissionen"},"content":{"rendered":"<p>[ingress]\u00a0Absolicon har lett ett konsortium som inl\u00e4mnat ett f\u00f6rslag till EU-kommissionen om hur Europas industri med hj\u00e4lp av solv\u00e4rme skall n\u00e5 nollutsl\u00e4pp av koldioxid.\u00a0[\/ingress]<\/p>\n<p>Konsortiet best\u00e5r av tv\u00e5 innovativa f\u00f6retag, Absolicon och grekiska Saravanos S.A., tre forskningsinstitutioner, SPF i Schweiz, Eurac i Italien och Dr. Jakob i Tyskland samt v\u00e4rldens femte st\u00f6rsta leasingbolag DLL och V\u00e4rldsnaturfonden WWF. Dessutom deltar den schweiziska mejerikoncernen Emmi.<\/p>\n<p>F\u00f6rslaget kommer som svar en utlysning, LCE-2017-12, d\u00e4r EU-kommissionen vill visa p\u00e5 hur man skall f\u00f6renkla inkoppling av solenergi i industrier och snabb minska anv\u00e4ndningen av olja och gas i europeisk industri. Totalt \u00e4r konsortiets f\u00f6rslag p\u00e5 8,8 miljoner Euro d\u00e4r EU skulle t\u00e4cka 7,1 miljoner Euro, ca 80% av kostnaderna. Besked v\u00e4ntas om ca fem m\u00e5nader.<\/p>\n<p style=\"padding-left: 30px;\">&#8211; Konkurrensen \u00e4r h\u00e5rd och vi k\u00e4nner till flera andra konsortier som l\u00e4mnat in f\u00f6rslag, ber\u00e4ttar Jonatan Mosseg\u00e5rd, forskningsledare p\u00e5 Absolicon. Vi r\u00e4knar inte med att vinna, men tror att det kan finnas en chans.<\/p>\n<p>Arbetet med ans\u00f6kan har varit intensivt de senaste tv\u00e5 veckorna. De \u00e5tta medlemmarna i konsortiet har gemensamt utvecklat id\u00e9er och formulerat m\u00e5l f\u00f6r hur industrier skall n\u00e5 noll i koldioxidutsl\u00e4pp. Arbetet med ans\u00f6kan inneb\u00e4r \u00e4ven att samarbete startats p\u00e5 flera plan.<\/p>\n<p style=\"padding-left: 30px;\">&#8211; Det har varit mycket nyttigt att arbeta tillsammans. Principer som Absolicon har i sin strategi har diskuterats p\u00e5 djupet med de \u00f6vriga konsortiemedlemmarna och vi har st\u00e4rkts i v\u00e5r bild av hur marknaden ser ut och att v\u00e5r plan \u00e4r sund, f\u00f6rklarar Jonatan.<\/p>\n<p>Denna typ av konsortier \u00e4r v\u00e4rdefulla for utvecklingsarbetet och Absolicon kommer att konkretisera samarbetsprojekt med de olika parterna \u00e4ven utanf\u00f6r f\u00f6rslaget.<\/p>\n<p style=\"padding-left: 30px;\">&#8211; DLL har t.ex. stor erfarenhet av innovativa finansieringsl\u00f6sningar f\u00f6r f\u00f6retag som vill g\u00f6ra investeringar och V\u00e4rldsnaturfonden ett stort kontaktn\u00e4t bland de multinationella bolagen. Det \u00e4r v\u00e4rdefulla resurser f\u00f6r Absolicon, menar Jonatan.<\/p>\n<p>Om f\u00f6rslaget antas kommer projektet kunna inledas i maj 2018. Absolicons andel av budgeten \u00e4r drygt 2 miljoner Euro.<\/p>\n<figure id=\"attachment_4205\" aria-describedby=\"caption-attachment-4205\" style=\"width: 300px\" class=\"wp-caption alignleft\"><a href=\"https:\/\/www.agma.comwp-content\/uploads\/2017\/09\/Konsortiet-best\u00e5r-av-\u00e5tta-medlemmar-och-leds-av-Absolicon.jpg\"><img fetchpriority=\"high\" decoding=\"async\" class=\"size-medium wp-image-4205\" title=\"Fig 1. Konsortiet best\u00e5r av \u00e5tta medlemmar och leds av Absolicon\" src=\"https:\/\/www.agma.comwp-content\/uploads\/2017\/09\/Konsortiet-best\u00e5r-av-\u00e5tta-medlemmar-och-leds-av-Absolicon-300x196.jpg\" alt=\"\" width=\"300\" height=\"196\" \/><\/a><figcaption id=\"caption-attachment-4205\" class=\"wp-caption-text\">Fig 1. Konsortiet best\u00e5r av \u00e5tta medlemmar och leds av Absolicon<\/figcaption><\/figure>\n<p>&nbsp;<\/p>\n<p>&nbsp;<\/p>\n<p>&nbsp;<\/p>\n<p>&nbsp;<\/p>\n<p>&nbsp;<\/p>\n<p>&nbsp;<\/p>\n<p>&nbsp;<\/p>\n<p>&nbsp;<\/p>\n<p>&nbsp;<\/p>\n<p>&nbsp;<\/p>\n<p><strong>Joakim Bystr\u00f6m<\/strong><br \/>\n<strong>vd Absolicon Solar Collector AB<\/strong><\/p>\n<p style=\"text-align: right;\"><em>Publicerad 2017-09-12<\/em><\/p>\n","protected":false},"excerpt":{"rendered":"<p>[ingress]\u00a0Absolicon har lett ett konsortium som inl\u00e4mnat ett f\u00f6rslag till EU-kommissionen om hur Europas industri med hj\u00e4lp av solv\u00e4rme skall n\u00e5 nollutsl\u00e4pp av koldioxid.\u00a0[\/ingress] Konsortiet best\u00e5r av tv\u00e5 innovativa f\u00f6retag, Absolicon och grekiska Saravanos S.A., tre forskningsinstitutioner, SPF i Schweiz, Eurac i Italien och Dr. Jakob i Tyskland samt v\u00e4rldens femte st\u00f6rsta leasingbolag DLL och [&hellip;]<\/p>\n","protected":false},"author":1,"featured_media":0,"comment_status":"open","ping_status":"open","sticky":false,"template":"","format":"standard","meta":{"_acf_changed":false,"footnotes":""},"categories":[],"tags":[],"class_list":["post-8894","post","type-post","status-publish","format-standard","hentry"],"acf":[],"yoast_head":"<!-- This site is optimized with the Yoast SEO plugin v27.4 - https:\/\/yoast.com\/product\/yoast-seo-wordpress\/ -->\n<title>Absolicon f\u00f6resl\u00e5r v\u00e4g till Zero CO2 f\u00f6r EU kommissionen - Absolicon<\/title>\n<meta name=\"robots\" content=\"index, follow, max-snippet:-1, max-image-preview:large, max-video-preview:-1\" \/>\n<link rel=\"canonical\" href=\"https:\/\/www.agma.com\/sv\/absolicon-foreslar-vag-till-zero-co2-for-eu-kommissionen\/\" \/>\n<meta property=\"og:locale\" content=\"sv_SE\" \/>\n<meta property=\"og:type\" content=\"article\" \/>\n<meta property=\"og:title\" content=\"Absolicon f\u00f6resl\u00e5r v\u00e4g till Zero CO2 f\u00f6r EU kommissionen - Absolicon\" \/>\n<meta property=\"og:description\" content=\"[ingress]\u00a0Absolicon har lett ett konsortium som inl\u00e4mnat ett f\u00f6rslag till EU-kommissionen om hur Europas industri med hj\u00e4lp av solv\u00e4rme skall n\u00e5 nollutsl\u00e4pp av koldioxid.\u00a0[\/ingress] Konsortiet best\u00e5r av tv\u00e5 innovativa f\u00f6retag, Absolicon och grekiska Saravanos S.A., tre forskningsinstitutioner, SPF i Schweiz, Eurac i Italien och Dr. Jakob i Tyskland samt v\u00e4rldens femte st\u00f6rsta leasingbolag DLL och [&hellip;]\" \/>\n<meta property=\"og:url\" content=\"https:\/\/www.agma.com\/sv\/absolicon-foreslar-vag-till-zero-co2-for-eu-kommissionen\/\" \/>\n<meta property=\"og:site_name\" content=\"Absolicon\" \/>\n<meta property=\"article:published_time\" content=\"2017-09-13T00:00:00+00:00\" \/>\n<meta name=\"author\" content=\"jakubschenk\" \/>\n<meta name=\"twitter:card\" content=\"summary_large_image\" \/>\n<meta name=\"twitter:label1\" content=\"Skriven av\" \/>\n\t<meta name=\"twitter:data1\" content=\"jakubschenk\" \/>\n<script type=\"application\/ld+json\" class=\"yoast-schema-graph\">{\"@context\":\"https:\\\/\\\/schema.org\",\"@graph\":[{\"@type\":\"Article\",\"@id\":\"https:\\\/\\\/www.agma.com\\\/sv\\\/absolicon-foreslar-vag-till-zero-co2-for-eu-kommissionen\\\/#article\",\"isPartOf\":{\"@id\":\"https:\\\/\\\/www.agma.com\\\/sv\\\/absolicon-foreslar-vag-till-zero-co2-for-eu-kommissionen\\\/\"},\"author\":{\"name\":\"jakubschenk\",\"@id\":\"https:\\\/\\\/www.agma.com\\\/sv\\\/#\\\/schema\\\/person\\\/6820b3ce1cc37edbaecc979090760d8b\"},\"headline\":\"Absolicon f\u00f6resl\u00e5r v\u00e4g till Zero CO2 f\u00f6r EU kommissionen\",\"datePublished\":\"2017-09-13T00:00:00+00:00\",\"mainEntityOfPage\":{\"@id\":\"https:\\\/\\\/www.agma.com\\\/sv\\\/absolicon-foreslar-vag-till-zero-co2-for-eu-kommissionen\\\/\"},\"wordCount\":414,\"commentCount\":0,\"publisher\":{\"@id\":\"https:\\\/\\\/www.agma.com\\\/sv\\\/#organization\"},\"inLanguage\":\"sv-SE\",\"potentialAction\":[{\"@type\":\"CommentAction\",\"name\":\"Comment\",\"target\":[\"https:\\\/\\\/www.agma.com\\\/sv\\\/absolicon-foreslar-vag-till-zero-co2-for-eu-kommissionen\\\/#respond\"]}]},{\"@type\":\"WebPage\",\"@id\":\"https:\\\/\\\/www.agma.com\\\/sv\\\/absolicon-foreslar-vag-till-zero-co2-for-eu-kommissionen\\\/\",\"url\":\"https:\\\/\\\/www.agma.com\\\/sv\\\/absolicon-foreslar-vag-till-zero-co2-for-eu-kommissionen\\\/\",\"name\":\"Absolicon f\u00f6resl\u00e5r v\u00e4g till Zero CO2 f\u00f6r EU kommissionen - Absolicon\",\"isPartOf\":{\"@id\":\"https:\\\/\\\/www.agma.com\\\/sv\\\/#website\"},\"datePublished\":\"2017-09-13T00:00:00+00:00\",\"breadcrumb\":{\"@id\":\"https:\\\/\\\/www.agma.com\\\/sv\\\/absolicon-foreslar-vag-till-zero-co2-for-eu-kommissionen\\\/#breadcrumb\"},\"inLanguage\":\"sv-SE\",\"potentialAction\":[{\"@type\":\"ReadAction\",\"target\":[\"https:\\\/\\\/www.agma.com\\\/sv\\\/absolicon-foreslar-vag-till-zero-co2-for-eu-kommissionen\\\/\"]}]},{\"@type\":\"BreadcrumbList\",\"@id\":\"https:\\\/\\\/www.agma.com\\\/sv\\\/absolicon-foreslar-vag-till-zero-co2-for-eu-kommissionen\\\/#breadcrumb\",\"itemListElement\":[{\"@type\":\"ListItem\",\"position\":1,\"name\":\"Home\",\"item\":\"https:\\\/\\\/www.agma.com\\\/sv\\\/\"},{\"@type\":\"ListItem\",\"position\":2,\"name\":\"Absolicon f\u00f6resl\u00e5r v\u00e4g till Zero CO2 f\u00f6r EU kommissionen\"}]},{\"@type\":\"WebSite\",\"@id\":\"https:\\\/\\\/www.agma.com\\\/sv\\\/#website\",\"url\":\"https:\\\/\\\/www.agma.com\\\/sv\\\/\",\"name\":\"Absolicon\",\"description\":\"\",\"publisher\":{\"@id\":\"https:\\\/\\\/www.agma.com\\\/sv\\\/#organization\"},\"potentialAction\":[{\"@type\":\"SearchAction\",\"target\":{\"@type\":\"EntryPoint\",\"urlTemplate\":\"https:\\\/\\\/www.agma.com\\\/sv\\\/?s={search_term_string}\"},\"query-input\":{\"@type\":\"PropertyValueSpecification\",\"valueRequired\":true,\"valueName\":\"search_term_string\"}}],\"inLanguage\":\"sv-SE\"},{\"@type\":\"Organization\",\"@id\":\"https:\\\/\\\/www.agma.com\\\/sv\\\/#organization\",\"name\":\"Absolicon\",\"url\":\"https:\\\/\\\/www.agma.com\\\/sv\\\/\",\"logo\":{\"@type\":\"ImageObject\",\"inLanguage\":\"sv-SE\",\"@id\":\"https:\\\/\\\/www.agma.com\\\/sv\\\/#\\\/schema\\\/logo\\\/image\\\/\",\"url\":\"https:\\\/\\\/www.agma.com\\\/wp-content\\\/uploads\\\/2026\\\/04\\\/logotype_neg_blk.svg\",\"contentUrl\":\"https:\\\/\\\/www.agma.com\\\/wp-content\\\/uploads\\\/2026\\\/04\\\/logotype_neg_blk.svg\",\"width\":705,\"height\":83,\"caption\":\"Absolicon\"},\"image\":{\"@id\":\"https:\\\/\\\/www.agma.com\\\/sv\\\/#\\\/schema\\\/logo\\\/image\\\/\"}},{\"@type\":\"Person\",\"@id\":\"https:\\\/\\\/www.agma.com\\\/sv\\\/#\\\/schema\\\/person\\\/6820b3ce1cc37edbaecc979090760d8b\",\"name\":\"jakubschenk\",\"image\":{\"@type\":\"ImageObject\",\"inLanguage\":\"sv-SE\",\"@id\":\"https:\\\/\\\/secure.gravatar.com\\\/avatar\\\/0ab843002d4a58702560e02354e5f9a3206e13bbfaa9df5a188e463870f605cd?s=96&d=mm&r=g\",\"url\":\"https:\\\/\\\/secure.gravatar.com\\\/avatar\\\/0ab843002d4a58702560e02354e5f9a3206e13bbfaa9df5a188e463870f605cd?s=96&d=mm&r=g\",\"contentUrl\":\"https:\\\/\\\/secure.gravatar.com\\\/avatar\\\/0ab843002d4a58702560e02354e5f9a3206e13bbfaa9df5a188e463870f605cd?s=96&d=mm&r=g\",\"caption\":\"jakubschenk\"},\"sameAs\":[\"https:\\\/\\\/www.agma.com\"],\"url\":\"https:\\\/\\\/www.agma.com\\\/sv\\\/author\\\/jakubschenk\\\/\"}]}<\/script>\n<!-- \/ Yoast SEO plugin. -->","yoast_head_json":{"title":"Absolicon f\u00f6resl\u00e5r v\u00e4g till Zero CO2 f\u00f6r EU kommissionen - Absolicon","robots":{"index":"index","follow":"follow","max-snippet":"max-snippet:-1","max-image-preview":"max-image-preview:large","max-video-preview":"max-video-preview:-1"},"canonical":"https:\/\/www.agma.com\/sv\/absolicon-foreslar-vag-till-zero-co2-for-eu-kommissionen\/","og_locale":"sv_SE","og_type":"article","og_title":"Absolicon f\u00f6resl\u00e5r v\u00e4g till Zero CO2 f\u00f6r EU kommissionen - Absolicon","og_description":"[ingress]\u00a0Absolicon har lett ett konsortium som inl\u00e4mnat ett f\u00f6rslag till EU-kommissionen om hur Europas industri med hj\u00e4lp av solv\u00e4rme skall n\u00e5 nollutsl\u00e4pp av koldioxid.\u00a0[\/ingress] Konsortiet best\u00e5r av tv\u00e5 innovativa f\u00f6retag, Absolicon och grekiska Saravanos S.A., tre forskningsinstitutioner, SPF i Schweiz, Eurac i Italien och Dr. Jakob i Tyskland samt v\u00e4rldens femte st\u00f6rsta leasingbolag DLL och [&hellip;]","og_url":"https:\/\/www.agma.com\/sv\/absolicon-foreslar-vag-till-zero-co2-for-eu-kommissionen\/","og_site_name":"Absolicon","article_published_time":"2017-09-13T00:00:00+00:00","author":"jakubschenk","twitter_card":"summary_large_image","twitter_misc":{"Skriven av":"jakubschenk"},"schema":{"@context":"https:\/\/schema.org","@graph":[{"@type":"Article","@id":"https:\/\/www.agma.com\/sv\/absolicon-foreslar-vag-till-zero-co2-for-eu-kommissionen\/#article","isPartOf":{"@id":"https:\/\/www.agma.com\/sv\/absolicon-foreslar-vag-till-zero-co2-for-eu-kommissionen\/"},"author":{"name":"jakubschenk","@id":"https:\/\/www.agma.com\/sv\/#\/schema\/person\/6820b3ce1cc37edbaecc979090760d8b"},"headline":"Absolicon f\u00f6resl\u00e5r v\u00e4g till Zero CO2 f\u00f6r EU kommissionen","datePublished":"2017-09-13T00:00:00+00:00","mainEntityOfPage":{"@id":"https:\/\/www.agma.com\/sv\/absolicon-foreslar-vag-till-zero-co2-for-eu-kommissionen\/"},"wordCount":414,"commentCount":0,"publisher":{"@id":"https:\/\/www.agma.com\/sv\/#organization"},"inLanguage":"sv-SE","potentialAction":[{"@type":"CommentAction","name":"Comment","target":["https:\/\/www.agma.com\/sv\/absolicon-foreslar-vag-till-zero-co2-for-eu-kommissionen\/#respond"]}]},{"@type":"WebPage","@id":"https:\/\/www.agma.com\/sv\/absolicon-foreslar-vag-till-zero-co2-for-eu-kommissionen\/","url":"https:\/\/www.agma.com\/sv\/absolicon-foreslar-vag-till-zero-co2-for-eu-kommissionen\/","name":"Absolicon f\u00f6resl\u00e5r v\u00e4g till Zero CO2 f\u00f6r EU kommissionen - Absolicon","isPartOf":{"@id":"https:\/\/www.agma.com\/sv\/#website"},"datePublished":"2017-09-13T00:00:00+00:00","breadcrumb":{"@id":"https:\/\/www.agma.com\/sv\/absolicon-foreslar-vag-till-zero-co2-for-eu-kommissionen\/#breadcrumb"},"inLanguage":"sv-SE","potentialAction":[{"@type":"ReadAction","target":["https:\/\/www.agma.com\/sv\/absolicon-foreslar-vag-till-zero-co2-for-eu-kommissionen\/"]}]},{"@type":"BreadcrumbList","@id":"https:\/\/www.agma.com\/sv\/absolicon-foreslar-vag-till-zero-co2-for-eu-kommissionen\/#breadcrumb","itemListElement":[{"@type":"ListItem","position":1,"name":"Home","item":"https:\/\/www.agma.com\/sv\/"},{"@type":"ListItem","position":2,"name":"Absolicon f\u00f6resl\u00e5r v\u00e4g till Zero CO2 f\u00f6r EU kommissionen"}]},{"@type":"WebSite","@id":"https:\/\/www.agma.com\/sv\/#website","url":"https:\/\/www.agma.com\/sv\/","name":"Absolicon","description":"","publisher":{"@id":"https:\/\/www.agma.com\/sv\/#organization"},"potentialAction":[{"@type":"SearchAction","target":{"@type":"EntryPoint","urlTemplate":"https:\/\/www.agma.com\/sv\/?s={search_term_string}"},"query-input":{"@type":"PropertyValueSpecification","valueRequired":true,"valueName":"search_term_string"}}],"inLanguage":"sv-SE"},{"@type":"Organization","@id":"https:\/\/www.agma.com\/sv\/#organization","name":"Absolicon","url":"https:\/\/www.agma.com\/sv\/","logo":{"@type":"ImageObject","inLanguage":"sv-SE","@id":"https:\/\/www.agma.com\/sv\/#\/schema\/logo\/image\/","url":"https:\/\/www.agma.com\/wp-content\/uploads\/2026\/04\/logotype_neg_blk.svg","contentUrl":"https:\/\/www.agma.com\/wp-content\/uploads\/2026\/04\/logotype_neg_blk.svg","width":705,"height":83,"caption":"Absolicon"},"image":{"@id":"https:\/\/www.agma.com\/sv\/#\/schema\/logo\/image\/"}},{"@type":"Person","@id":"https:\/\/www.agma.com\/sv\/#\/schema\/person\/6820b3ce1cc37edbaecc979090760d8b","name":"jakubschenk","image":{"@type":"ImageObject","inLanguage":"sv-SE","@id":"https:\/\/secure.gravatar.com\/avatar\/0ab843002d4a58702560e02354e5f9a3206e13bbfaa9df5a188e463870f605cd?s=96&d=mm&r=g","url":"https:\/\/secure.gravatar.com\/avatar\/0ab843002d4a58702560e02354e5f9a3206e13bbfaa9df5a188e463870f605cd?s=96&d=mm&r=g","contentUrl":"https:\/\/secure.gravatar.com\/avatar\/0ab843002d4a58702560e02354e5f9a3206e13bbfaa9df5a188e463870f605cd?s=96&d=mm&r=g","caption":"jakubschenk"},"sameAs":["https:\/\/www.agma.com"],"url":"https:\/\/www.agma.com\/sv\/author\/jakubschenk\/"}]}},"_links":{"self":[{"href":"https:\/\/www.agma.com\/sv\/wp-json\/wp\/v2\/posts\/8894","targetHints":{"allow":["GET"]}}],"collection":[{"href":"https:\/\/www.agma.com\/sv\/wp-json\/wp\/v2\/posts"}],"about":[{"href":"https:\/\/www.agma.com\/sv\/wp-json\/wp\/v2\/types\/post"}],"author":[{"embeddable":true,"href":"https:\/\/www.agma.com\/sv\/wp-json\/wp\/v2\/users\/1"}],"replies":[{"embeddable":true,"href":"https:\/\/www.agma.com\/sv\/wp-json\/wp\/v2\/comments?post=8894"}],"version-history":[{"count":0,"href":"https:\/\/www.agma.com\/sv\/wp-json\/wp\/v2\/posts\/8894\/revisions"}],"wp:attachment":[{"href":"https:\/\/www.agma.com\/sv\/wp-json\/wp\/v2\/media?parent=8894"}],"wp:term":[{"taxonomy":"category","embeddable":true,"href":"https:\/\/www.agma.com\/sv\/wp-json\/wp\/v2\/categories?post=8894"},{"taxonomy":"post_tag","embeddable":true,"href":"https:\/\/www.agma.com\/sv\/wp-json\/wp\/v2\/tags?post=8894"}],"curies":[{"name":"wp","href":"https:\/\/api.w.org\/{rel}","templated":true}]}}