{"id":8901,"date":"2017-11-07T00:00:00","date_gmt":"2017-11-07T00:00:00","guid":{"rendered":"https:\/\/www.absolicon.com\/solar-world-congress-i-abu-dhabi\/"},"modified":"2017-11-07T00:00:00","modified_gmt":"2017-11-07T00:00:00","slug":"solar-world-congress-i-abu-dhabi","status":"publish","type":"post","link":"https:\/\/www.agma.com\/sv\/solar-world-congress-i-abu-dhabi\/","title":{"rendered":"Solar World Congress i Abu Dhabi"},"content":{"rendered":"<p>[ingress]P\u00e5 Solar World Congress i Abu Dhabi, arrangerad av International Solar Energy Society och IEA Solar Heating Cooling samlades 400 forskare fr\u00e5n hela v\u00e4rlden till vetenskaplig konferens. Absolicon sponsrade arrangemanget och deltog med fyra personer med olika spr\u00e5k- och kompetensprofiler f\u00f6r att kunna kommunicera med alla![\/ingress]<\/p>\n<figure id=\"attachment_4318\" aria-describedby=\"caption-attachment-4318\" style=\"width: 288px\" class=\"wp-caption alignright\"><a href=\"https:\/\/www.agma.comwp-content\/uploads\/2017\/11\/csm_Jumeirah_at_Etihad_Towers_-_Etihad_Towers_Exterior_90e06f5b4e.jpg\"><img fetchpriority=\"high\" decoding=\"async\" class=\"size-medium wp-image-4318\" title=\"Konferenshotellet Jumeirah at Etihad Towers\" src=\"https:\/\/www.agma.comwp-content\/uploads\/2017\/11\/csm_Jumeirah_at_Etihad_Towers_-_Etihad_Towers_Exterior_90e06f5b4e-288x300.jpg\" alt=\"Konferenshotellet Jumeirah at Etihad Towers\" width=\"288\" height=\"300\" \/><\/a><figcaption id=\"caption-attachment-4318\" class=\"wp-caption-text\">Konferenshotellet Jumeirah at Etihad Towers<\/figcaption><\/figure>\n<p>Solenergikonferensen arrangeras var annat \u00e5r och \u00e4r ett tillf\u00e4lle f\u00f6r v\u00e4rldens solenergiforskare att presentera sin forskning, knyta nya kontakter och genom f\u00e4ltbes\u00f6k se solenergianl\u00e4ggningar. I Abu Dhabi bes\u00f6kte vi bland annat Masdar City, en stadsdel som skall vara helt driven med f\u00f6rnyelsebar energi.<\/p>\n<p>Absolicon presenterade Sveriges landrapport i gruppen f\u00f6r fj\u00e4rrv\u00e4rmeforskare, Task 55, och hade flera forskningsrapporter som m\u00f6tte stort intresse. Absoliconmagasinet delades ut till alla deltagare och m\u00e5nga intressanta kontakter kn\u00f6ts.<\/p>\n<p>Solv\u00e4rmebranschen genomg\u00e5r ett st\u00e5lbad d\u00e4r sm\u00e5 villainstallationer blir allt f\u00e4rre medan de stora installationerna i fj\u00e4rrv\u00e4rme och p\u00e5 industrier \u00e4nnu inte riktigt kommit ig\u00e5ng. Men potentialen \u00e4r mycket stor &#8211; ett projekt som presenterades var solv\u00e4rme i \u00f6sterrikiska staden Graz med ca 250 000 innev\u00e5nare d\u00e4r 500 000 m2 solf\u00e5ngare planerats.<\/p>\n<p>Eftersom Absolicon fokuserar p\u00e5 Kina hade vi med b\u00e5de kinesisktalande personal samt broschyrmaterial och magasin p\u00e5 kinesiska. Vi fick bra kontakt med b\u00e5de China Academy of Building Science och nya kontakter p\u00e5 universitetet i Chengdu, regionhuvudstad i Sichuan.\u00a0Flera presentationer fr\u00e5n Kina visade hur man d\u00e4r nu planerar flera st\u00f6rre fj\u00e4rrv\u00e4rmeinstallationer med m\u00f6nster fr\u00e5n Danmark. Varje liten stad i norra och v\u00e4stra Kina beh\u00f6ver solf\u00e5ngare i stora f\u00e4lt.<\/p>\n<p>Positivt \u00e4r ocks\u00e5 att b\u00e5de Tyskland och Frankrike inf\u00f6r st\u00f6dsystem f\u00f6r solv\u00e4rme i fj\u00e4rrv\u00e4rmen\u00e4ten med m\u00e5l att skapa en marknad liknande den danska d\u00e4r 1,2 miljoner m2 solf\u00e5ngare har installerats de senaste \u00e5ren.<\/p>\n<p>Intresset \u00e4r stort f\u00f6r solenergi ocks\u00e5 fr\u00e5n arabstaterna\u00a0och Absolicon fick bra kontakt med nyckelpersoner b\u00e5de fr\u00e5n Saudiarabien, UAE, Marocko och Oman. Men ingen marknad har samma momentum som det nu finns i Kina f\u00f6r solenergi.<\/p>\n<figure id=\"attachment_4313\" aria-describedby=\"caption-attachment-4313\" style=\"width: 300px\" class=\"wp-caption alignnone\"><a href=\"https:\/\/www.agma.comwp-content\/uploads\/2017\/11\/IMG_6222_2.jpg\"><img decoding=\"async\" class=\"size-medium wp-image-4313\" title=\"Long Enshen College of Architechture and Environement\" src=\"https:\/\/www.agma.comwp-content\/uploads\/2017\/11\/IMG_6222_2-300x242.jpg\" alt=\"Professor Long Enshen, Chengdu, Sichuan\" width=\"300\" height=\"242\" \/><\/a><figcaption id=\"caption-attachment-4313\" class=\"wp-caption-text\">Professor Long Enshen, Chengdu, Sichuan<\/figcaption><\/figure>\n<p style=\"text-align: right;\"><em>Publicerad<\/em><em>\u00a02017-11-07<\/em><\/p>\n","protected":false},"excerpt":{"rendered":"<p>[ingress]P\u00e5 Solar World Congress i Abu Dhabi, arrangerad av International Solar Energy Society och IEA Solar Heating Cooling samlades 400 forskare fr\u00e5n hela v\u00e4rlden till vetenskaplig konferens. Absolicon sponsrade arrangemanget och deltog med fyra personer med olika spr\u00e5k- och kompetensprofiler f\u00f6r att kunna kommunicera med alla![\/ingress] Solenergikonferensen arrangeras var annat \u00e5r och \u00e4r ett tillf\u00e4lle [&hellip;]<\/p>\n","protected":false},"author":1,"featured_media":0,"comment_status":"open","ping_status":"open","sticky":false,"template":"","format":"standard","meta":{"_acf_changed":false,"footnotes":""},"categories":[],"tags":[],"class_list":["post-8901","post","type-post","status-publish","format-standard","hentry"],"acf":[],"yoast_head":"<!-- This site is optimized with the Yoast SEO plugin v27.4 - https:\/\/yoast.com\/product\/yoast-seo-wordpress\/ -->\n<title>Solar World Congress i Abu Dhabi - Absolicon<\/title>\n<meta name=\"robots\" content=\"index, follow, max-snippet:-1, max-image-preview:large, max-video-preview:-1\" \/>\n<link rel=\"canonical\" href=\"https:\/\/www.agma.com\/sv\/solar-world-congress-i-abu-dhabi\/\" \/>\n<meta property=\"og:locale\" content=\"sv_SE\" \/>\n<meta property=\"og:type\" content=\"article\" \/>\n<meta property=\"og:title\" content=\"Solar World Congress i Abu Dhabi - Absolicon\" \/>\n<meta property=\"og:description\" content=\"[ingress]P\u00e5 Solar World Congress i Abu Dhabi, arrangerad av International Solar Energy Society och IEA Solar Heating Cooling samlades 400 forskare fr\u00e5n hela v\u00e4rlden till vetenskaplig konferens. Absolicon sponsrade arrangemanget och deltog med fyra personer med olika spr\u00e5k- och kompetensprofiler f\u00f6r att kunna kommunicera med alla![\/ingress] Solenergikonferensen arrangeras var annat \u00e5r och \u00e4r ett tillf\u00e4lle [&hellip;]\" \/>\n<meta property=\"og:url\" content=\"https:\/\/www.agma.com\/sv\/solar-world-congress-i-abu-dhabi\/\" \/>\n<meta property=\"og:site_name\" content=\"Absolicon\" \/>\n<meta property=\"article:published_time\" content=\"2017-11-07T00:00:00+00:00\" \/>\n<meta property=\"og:image\" content=\"https:\/\/www.agma.comwp-content\/uploads\/2017\/11\/csm_Jumeirah_at_Etihad_Towers_-_Etihad_Towers_Exterior_90e06f5b4e-288x300.jpg\" \/>\n<meta name=\"author\" content=\"jakubschenk\" \/>\n<meta name=\"twitter:card\" content=\"summary_large_image\" \/>\n<meta name=\"twitter:label1\" content=\"Skriven av\" \/>\n\t<meta name=\"twitter:data1\" content=\"jakubschenk\" \/>\n<script type=\"application\/ld+json\" class=\"yoast-schema-graph\">{\"@context\":\"https:\\\/\\\/schema.org\",\"@graph\":[{\"@type\":\"Article\",\"@id\":\"https:\\\/\\\/www.agma.com\\\/sv\\\/solar-world-congress-i-abu-dhabi\\\/#article\",\"isPartOf\":{\"@id\":\"https:\\\/\\\/www.agma.com\\\/sv\\\/solar-world-congress-i-abu-dhabi\\\/\"},\"author\":{\"name\":\"jakubschenk\",\"@id\":\"https:\\\/\\\/www.agma.com\\\/sv\\\/#\\\/schema\\\/person\\\/6820b3ce1cc37edbaecc979090760d8b\"},\"headline\":\"Solar World Congress i Abu Dhabi\",\"datePublished\":\"2017-11-07T00:00:00+00:00\",\"mainEntityOfPage\":{\"@id\":\"https:\\\/\\\/www.agma.com\\\/sv\\\/solar-world-congress-i-abu-dhabi\\\/\"},\"wordCount\":395,\"commentCount\":0,\"publisher\":{\"@id\":\"https:\\\/\\\/www.agma.com\\\/sv\\\/#organization\"},\"image\":{\"@id\":\"https:\\\/\\\/www.agma.com\\\/sv\\\/solar-world-congress-i-abu-dhabi\\\/#primaryimage\"},\"thumbnailUrl\":\"https:\\\/\\\/www.agma.comwp-content\\\/uploads\\\/2017\\\/11\\\/csm_Jumeirah_at_Etihad_Towers_-_Etihad_Towers_Exterior_90e06f5b4e-288x300.jpg\",\"inLanguage\":\"sv-SE\",\"potentialAction\":[{\"@type\":\"CommentAction\",\"name\":\"Comment\",\"target\":[\"https:\\\/\\\/www.agma.com\\\/sv\\\/solar-world-congress-i-abu-dhabi\\\/#respond\"]}]},{\"@type\":\"WebPage\",\"@id\":\"https:\\\/\\\/www.agma.com\\\/sv\\\/solar-world-congress-i-abu-dhabi\\\/\",\"url\":\"https:\\\/\\\/www.agma.com\\\/sv\\\/solar-world-congress-i-abu-dhabi\\\/\",\"name\":\"Solar World Congress i Abu Dhabi - Absolicon\",\"isPartOf\":{\"@id\":\"https:\\\/\\\/www.agma.com\\\/sv\\\/#website\"},\"primaryImageOfPage\":{\"@id\":\"https:\\\/\\\/www.agma.com\\\/sv\\\/solar-world-congress-i-abu-dhabi\\\/#primaryimage\"},\"image\":{\"@id\":\"https:\\\/\\\/www.agma.com\\\/sv\\\/solar-world-congress-i-abu-dhabi\\\/#primaryimage\"},\"thumbnailUrl\":\"https:\\\/\\\/www.agma.comwp-content\\\/uploads\\\/2017\\\/11\\\/csm_Jumeirah_at_Etihad_Towers_-_Etihad_Towers_Exterior_90e06f5b4e-288x300.jpg\",\"datePublished\":\"2017-11-07T00:00:00+00:00\",\"breadcrumb\":{\"@id\":\"https:\\\/\\\/www.agma.com\\\/sv\\\/solar-world-congress-i-abu-dhabi\\\/#breadcrumb\"},\"inLanguage\":\"sv-SE\",\"potentialAction\":[{\"@type\":\"ReadAction\",\"target\":[\"https:\\\/\\\/www.agma.com\\\/sv\\\/solar-world-congress-i-abu-dhabi\\\/\"]}]},{\"@type\":\"ImageObject\",\"inLanguage\":\"sv-SE\",\"@id\":\"https:\\\/\\\/www.agma.com\\\/sv\\\/solar-world-congress-i-abu-dhabi\\\/#primaryimage\",\"url\":\"https:\\\/\\\/www.agma.comwp-content\\\/uploads\\\/2017\\\/11\\\/csm_Jumeirah_at_Etihad_Towers_-_Etihad_Towers_Exterior_90e06f5b4e-288x300.jpg\",\"contentUrl\":\"https:\\\/\\\/www.agma.comwp-content\\\/uploads\\\/2017\\\/11\\\/csm_Jumeirah_at_Etihad_Towers_-_Etihad_Towers_Exterior_90e06f5b4e-288x300.jpg\"},{\"@type\":\"BreadcrumbList\",\"@id\":\"https:\\\/\\\/www.agma.com\\\/sv\\\/solar-world-congress-i-abu-dhabi\\\/#breadcrumb\",\"itemListElement\":[{\"@type\":\"ListItem\",\"position\":1,\"name\":\"Home\",\"item\":\"https:\\\/\\\/www.agma.com\\\/sv\\\/\"},{\"@type\":\"ListItem\",\"position\":2,\"name\":\"Solar World Congress i Abu Dhabi\"}]},{\"@type\":\"WebSite\",\"@id\":\"https:\\\/\\\/www.agma.com\\\/sv\\\/#website\",\"url\":\"https:\\\/\\\/www.agma.com\\\/sv\\\/\",\"name\":\"Absolicon\",\"description\":\"\",\"publisher\":{\"@id\":\"https:\\\/\\\/www.agma.com\\\/sv\\\/#organization\"},\"potentialAction\":[{\"@type\":\"SearchAction\",\"target\":{\"@type\":\"EntryPoint\",\"urlTemplate\":\"https:\\\/\\\/www.agma.com\\\/sv\\\/?s={search_term_string}\"},\"query-input\":{\"@type\":\"PropertyValueSpecification\",\"valueRequired\":true,\"valueName\":\"search_term_string\"}}],\"inLanguage\":\"sv-SE\"},{\"@type\":\"Organization\",\"@id\":\"https:\\\/\\\/www.agma.com\\\/sv\\\/#organization\",\"name\":\"Absolicon\",\"url\":\"https:\\\/\\\/www.agma.com\\\/sv\\\/\",\"logo\":{\"@type\":\"ImageObject\",\"inLanguage\":\"sv-SE\",\"@id\":\"https:\\\/\\\/www.agma.com\\\/sv\\\/#\\\/schema\\\/logo\\\/image\\\/\",\"url\":\"https:\\\/\\\/www.agma.com\\\/wp-content\\\/uploads\\\/2026\\\/04\\\/logotype_neg_blk.svg\",\"contentUrl\":\"https:\\\/\\\/www.agma.com\\\/wp-content\\\/uploads\\\/2026\\\/04\\\/logotype_neg_blk.svg\",\"width\":705,\"height\":83,\"caption\":\"Absolicon\"},\"image\":{\"@id\":\"https:\\\/\\\/www.agma.com\\\/sv\\\/#\\\/schema\\\/logo\\\/image\\\/\"}},{\"@type\":\"Person\",\"@id\":\"https:\\\/\\\/www.agma.com\\\/sv\\\/#\\\/schema\\\/person\\\/6820b3ce1cc37edbaecc979090760d8b\",\"name\":\"jakubschenk\",\"image\":{\"@type\":\"ImageObject\",\"inLanguage\":\"sv-SE\",\"@id\":\"https:\\\/\\\/secure.gravatar.com\\\/avatar\\\/0ab843002d4a58702560e02354e5f9a3206e13bbfaa9df5a188e463870f605cd?s=96&d=mm&r=g\",\"url\":\"https:\\\/\\\/secure.gravatar.com\\\/avatar\\\/0ab843002d4a58702560e02354e5f9a3206e13bbfaa9df5a188e463870f605cd?s=96&d=mm&r=g\",\"contentUrl\":\"https:\\\/\\\/secure.gravatar.com\\\/avatar\\\/0ab843002d4a58702560e02354e5f9a3206e13bbfaa9df5a188e463870f605cd?s=96&d=mm&r=g\",\"caption\":\"jakubschenk\"},\"sameAs\":[\"https:\\\/\\\/www.agma.com\"],\"url\":\"https:\\\/\\\/www.agma.com\\\/sv\\\/author\\\/jakubschenk\\\/\"}]}<\/script>\n<!-- \/ Yoast SEO plugin. -->","yoast_head_json":{"title":"Solar World Congress i Abu Dhabi - Absolicon","robots":{"index":"index","follow":"follow","max-snippet":"max-snippet:-1","max-image-preview":"max-image-preview:large","max-video-preview":"max-video-preview:-1"},"canonical":"https:\/\/www.agma.com\/sv\/solar-world-congress-i-abu-dhabi\/","og_locale":"sv_SE","og_type":"article","og_title":"Solar World Congress i Abu Dhabi - Absolicon","og_description":"[ingress]P\u00e5 Solar World Congress i Abu Dhabi, arrangerad av International Solar Energy Society och IEA Solar Heating Cooling samlades 400 forskare fr\u00e5n hela v\u00e4rlden till vetenskaplig konferens. Absolicon sponsrade arrangemanget och deltog med fyra personer med olika spr\u00e5k- och kompetensprofiler f\u00f6r att kunna kommunicera med alla![\/ingress] Solenergikonferensen arrangeras var annat \u00e5r och \u00e4r ett tillf\u00e4lle [&hellip;]","og_url":"https:\/\/www.agma.com\/sv\/solar-world-congress-i-abu-dhabi\/","og_site_name":"Absolicon","article_published_time":"2017-11-07T00:00:00+00:00","og_image":[{"url":"https:\/\/www.agma.comwp-content\/uploads\/2017\/11\/csm_Jumeirah_at_Etihad_Towers_-_Etihad_Towers_Exterior_90e06f5b4e-288x300.jpg","type":"","width":"","height":""}],"author":"jakubschenk","twitter_card":"summary_large_image","twitter_misc":{"Skriven av":"jakubschenk"},"schema":{"@context":"https:\/\/schema.org","@graph":[{"@type":"Article","@id":"https:\/\/www.agma.com\/sv\/solar-world-congress-i-abu-dhabi\/#article","isPartOf":{"@id":"https:\/\/www.agma.com\/sv\/solar-world-congress-i-abu-dhabi\/"},"author":{"name":"jakubschenk","@id":"https:\/\/www.agma.com\/sv\/#\/schema\/person\/6820b3ce1cc37edbaecc979090760d8b"},"headline":"Solar World Congress i Abu Dhabi","datePublished":"2017-11-07T00:00:00+00:00","mainEntityOfPage":{"@id":"https:\/\/www.agma.com\/sv\/solar-world-congress-i-abu-dhabi\/"},"wordCount":395,"commentCount":0,"publisher":{"@id":"https:\/\/www.agma.com\/sv\/#organization"},"image":{"@id":"https:\/\/www.agma.com\/sv\/solar-world-congress-i-abu-dhabi\/#primaryimage"},"thumbnailUrl":"https:\/\/www.agma.comwp-content\/uploads\/2017\/11\/csm_Jumeirah_at_Etihad_Towers_-_Etihad_Towers_Exterior_90e06f5b4e-288x300.jpg","inLanguage":"sv-SE","potentialAction":[{"@type":"CommentAction","name":"Comment","target":["https:\/\/www.agma.com\/sv\/solar-world-congress-i-abu-dhabi\/#respond"]}]},{"@type":"WebPage","@id":"https:\/\/www.agma.com\/sv\/solar-world-congress-i-abu-dhabi\/","url":"https:\/\/www.agma.com\/sv\/solar-world-congress-i-abu-dhabi\/","name":"Solar World Congress i Abu Dhabi - Absolicon","isPartOf":{"@id":"https:\/\/www.agma.com\/sv\/#website"},"primaryImageOfPage":{"@id":"https:\/\/www.agma.com\/sv\/solar-world-congress-i-abu-dhabi\/#primaryimage"},"image":{"@id":"https:\/\/www.agma.com\/sv\/solar-world-congress-i-abu-dhabi\/#primaryimage"},"thumbnailUrl":"https:\/\/www.agma.comwp-content\/uploads\/2017\/11\/csm_Jumeirah_at_Etihad_Towers_-_Etihad_Towers_Exterior_90e06f5b4e-288x300.jpg","datePublished":"2017-11-07T00:00:00+00:00","breadcrumb":{"@id":"https:\/\/www.agma.com\/sv\/solar-world-congress-i-abu-dhabi\/#breadcrumb"},"inLanguage":"sv-SE","potentialAction":[{"@type":"ReadAction","target":["https:\/\/www.agma.com\/sv\/solar-world-congress-i-abu-dhabi\/"]}]},{"@type":"ImageObject","inLanguage":"sv-SE","@id":"https:\/\/www.agma.com\/sv\/solar-world-congress-i-abu-dhabi\/#primaryimage","url":"https:\/\/www.agma.comwp-content\/uploads\/2017\/11\/csm_Jumeirah_at_Etihad_Towers_-_Etihad_Towers_Exterior_90e06f5b4e-288x300.jpg","contentUrl":"https:\/\/www.agma.comwp-content\/uploads\/2017\/11\/csm_Jumeirah_at_Etihad_Towers_-_Etihad_Towers_Exterior_90e06f5b4e-288x300.jpg"},{"@type":"BreadcrumbList","@id":"https:\/\/www.agma.com\/sv\/solar-world-congress-i-abu-dhabi\/#breadcrumb","itemListElement":[{"@type":"ListItem","position":1,"name":"Home","item":"https:\/\/www.agma.com\/sv\/"},{"@type":"ListItem","position":2,"name":"Solar World Congress i Abu Dhabi"}]},{"@type":"WebSite","@id":"https:\/\/www.agma.com\/sv\/#website","url":"https:\/\/www.agma.com\/sv\/","name":"Absolicon","description":"","publisher":{"@id":"https:\/\/www.agma.com\/sv\/#organization"},"potentialAction":[{"@type":"SearchAction","target":{"@type":"EntryPoint","urlTemplate":"https:\/\/www.agma.com\/sv\/?s={search_term_string}"},"query-input":{"@type":"PropertyValueSpecification","valueRequired":true,"valueName":"search_term_string"}}],"inLanguage":"sv-SE"},{"@type":"Organization","@id":"https:\/\/www.agma.com\/sv\/#organization","name":"Absolicon","url":"https:\/\/www.agma.com\/sv\/","logo":{"@type":"ImageObject","inLanguage":"sv-SE","@id":"https:\/\/www.agma.com\/sv\/#\/schema\/logo\/image\/","url":"https:\/\/www.agma.com\/wp-content\/uploads\/2026\/04\/logotype_neg_blk.svg","contentUrl":"https:\/\/www.agma.com\/wp-content\/uploads\/2026\/04\/logotype_neg_blk.svg","width":705,"height":83,"caption":"Absolicon"},"image":{"@id":"https:\/\/www.agma.com\/sv\/#\/schema\/logo\/image\/"}},{"@type":"Person","@id":"https:\/\/www.agma.com\/sv\/#\/schema\/person\/6820b3ce1cc37edbaecc979090760d8b","name":"jakubschenk","image":{"@type":"ImageObject","inLanguage":"sv-SE","@id":"https:\/\/secure.gravatar.com\/avatar\/0ab843002d4a58702560e02354e5f9a3206e13bbfaa9df5a188e463870f605cd?s=96&d=mm&r=g","url":"https:\/\/secure.gravatar.com\/avatar\/0ab843002d4a58702560e02354e5f9a3206e13bbfaa9df5a188e463870f605cd?s=96&d=mm&r=g","contentUrl":"https:\/\/secure.gravatar.com\/avatar\/0ab843002d4a58702560e02354e5f9a3206e13bbfaa9df5a188e463870f605cd?s=96&d=mm&r=g","caption":"jakubschenk"},"sameAs":["https:\/\/www.agma.com"],"url":"https:\/\/www.agma.com\/sv\/author\/jakubschenk\/"}]}},"_links":{"self":[{"href":"https:\/\/www.agma.com\/sv\/wp-json\/wp\/v2\/posts\/8901","targetHints":{"allow":["GET"]}}],"collection":[{"href":"https:\/\/www.agma.com\/sv\/wp-json\/wp\/v2\/posts"}],"about":[{"href":"https:\/\/www.agma.com\/sv\/wp-json\/wp\/v2\/types\/post"}],"author":[{"embeddable":true,"href":"https:\/\/www.agma.com\/sv\/wp-json\/wp\/v2\/users\/1"}],"replies":[{"embeddable":true,"href":"https:\/\/www.agma.com\/sv\/wp-json\/wp\/v2\/comments?post=8901"}],"version-history":[{"count":0,"href":"https:\/\/www.agma.com\/sv\/wp-json\/wp\/v2\/posts\/8901\/revisions"}],"wp:attachment":[{"href":"https:\/\/www.agma.com\/sv\/wp-json\/wp\/v2\/media?parent=8901"}],"wp:term":[{"taxonomy":"category","embeddable":true,"href":"https:\/\/www.agma.com\/sv\/wp-json\/wp\/v2\/categories?post=8901"},{"taxonomy":"post_tag","embeddable":true,"href":"https:\/\/www.agma.com\/sv\/wp-json\/wp\/v2\/tags?post=8901"}],"curies":[{"name":"wp","href":"https:\/\/api.w.org\/{rel}","templated":true}]}}