{"id":8911,"date":"2018-03-16T00:00:00","date_gmt":"2018-03-16T00:00:00","guid":{"rendered":"https:\/\/www.absolicon.com\/inkopschef-med-logistikansvar\/"},"modified":"2020-07-21T07:29:13","modified_gmt":"2020-07-21T07:29:13","slug":"inkopschef-med-logistikansvar","status":"publish","type":"post","link":"https:\/\/www.agma.com\/sv\/inkopschef-med-logistikansvar\/","title":{"rendered":"Ink\u00f6pschef med logistikansvar"},"content":{"rendered":"<p>[ingress]Produktionslinan i Kina skall drifts\u00e4ttas och vi skall assistera vid de f\u00f6rsta kinesiska installationerna med b\u00f6rjan andra halv\u00e5ret 2018. Absolicon assisterar \u00e4ven med ink\u00f6p f\u00f6r linan i Kina och v\u00e5ra ink\u00f6pskanaler b\u00e5de i Sverige och Kina skall trimmas s\u00e5 att vi f\u00e5r en stark kedja fr\u00e5n upphandling till ink\u00f6p, lager och produktion.[\/ingress]<\/p>\n<p>Hittills har ansvaret f\u00f6r leveranskedjan varit splittrat p\u00e5 flera personer, trots att det \u00e4r en handfull komponenter och leveranser per \u00e5r. Vi tror att en erfaren ink\u00f6pare kommer att kunna b\u00e5de minska v\u00e5ra ink\u00f6pskostnader och effektivisera v\u00e5ra logistikrutiner.<\/p>\n<p>En del av ink\u00f6psarbetet \u00e4r tekniskt utmanande, b\u00e5de n\u00e4r det g\u00e4ller ink\u00f6p av robotceller till produktionslinan och tekniskt utvecklingsarbete tillsammans med v\u00e5ra underleverant\u00f6rer i Kina och USA.<\/p>\n<p>En del i logistiken \u00e4r v\u00e5ra internationella frakter, b\u00e5de f\u00f6r ink\u00f6p och leverans. Idag anv\u00e4nder vi Green Carrier, Linjegods och DHL.<\/p>\n<p>* Ink\u00f6p och logistik f\u00f6r Sverige och Kina<br \/>\n* RFQ f\u00f6r produktionslinor och st\u00f6rre externa utvecklingsprojekt<br \/>\n* Se till att hela solf\u00e5ngarleveransen kommer till r\u00e4tt plats i r\u00e4tt tid<\/p>\n<p>&nbsp;<\/p>\n<p><em>V\u00e4lkommen till Absolicon och v\u00e5ra utmaningar!<\/em><\/p>\n<p><em><strong><a title=\"Se Absolicons nya film om produktionslinan!\" href=\"https:\/\/www.agma.comse-forsta-marknadsforingsfilmen-fran-absolicon\/\">Se filmen om Absolicon&nbsp;<\/a><\/strong><\/em><\/p>\n<p><strong>Sista ans\u00f6kningsdatum 3 april 2018. Skicka CV och personligt brev till ekonomi@absolicon.com<\/strong><\/p>\n<p style=\"text-align: right;\"><em>Publicerad 2017-06-05, \u00e4ndrat 2018-03-16<\/em><\/p>\n","protected":false},"excerpt":{"rendered":"<p>[ingress]Produktionslinan i Kina skall drifts\u00e4ttas och vi skall assistera vid de f\u00f6rsta kinesiska installationerna med b\u00f6rjan andra halv\u00e5ret 2018. Absolicon assisterar \u00e4ven med ink\u00f6p f\u00f6r linan i Kina och v\u00e5ra ink\u00f6pskanaler b\u00e5de i Sverige och Kina skall trimmas s\u00e5 att vi f\u00e5r en stark kedja fr\u00e5n upphandling till ink\u00f6p, lager och produktion.[\/ingress] Hittills har ansvaret [&hellip;]<\/p>\n","protected":false},"author":1,"featured_media":9189,"comment_status":"open","ping_status":"open","sticky":false,"template":"","format":"standard","meta":{"_acf_changed":false,"footnotes":""},"categories":[2],"tags":[],"class_list":["post-8911","post","type-post","status-publish","format-standard","has-post-thumbnail","hentry","category-okategoriserad"],"acf":[],"yoast_head":"<!-- This site is optimized with the Yoast SEO plugin v27.4 - https:\/\/yoast.com\/product\/yoast-seo-wordpress\/ -->\n<title>Ink\u00f6pschef med logistikansvar - Absolicon<\/title>\n<meta name=\"robots\" content=\"index, follow, max-snippet:-1, max-image-preview:large, max-video-preview:-1\" \/>\n<link rel=\"canonical\" href=\"https:\/\/www.agma.com\/sv\/inkopschef-med-logistikansvar\/\" \/>\n<meta property=\"og:locale\" content=\"sv_SE\" \/>\n<meta property=\"og:type\" content=\"article\" \/>\n<meta property=\"og:title\" content=\"Ink\u00f6pschef med logistikansvar - Absolicon\" \/>\n<meta property=\"og:description\" content=\"[ingress]Produktionslinan i Kina skall drifts\u00e4ttas och vi skall assistera vid de f\u00f6rsta kinesiska installationerna med b\u00f6rjan andra halv\u00e5ret 2018. Absolicon assisterar \u00e4ven med ink\u00f6p f\u00f6r linan i Kina och v\u00e5ra ink\u00f6pskanaler b\u00e5de i Sverige och Kina skall trimmas s\u00e5 att vi f\u00e5r en stark kedja fr\u00e5n upphandling till ink\u00f6p, lager och produktion.[\/ingress] Hittills har ansvaret [&hellip;]\" \/>\n<meta property=\"og:url\" content=\"https:\/\/www.agma.com\/sv\/inkopschef-med-logistikansvar\/\" \/>\n<meta property=\"og:site_name\" content=\"Absolicon\" \/>\n<meta property=\"article:published_time\" content=\"2018-03-16T00:00:00+00:00\" \/>\n<meta property=\"article:modified_time\" content=\"2020-07-21T07:29:13+00:00\" \/>\n<meta property=\"og:image\" content=\"https:\/\/www.agma.com\/wp-content\/uploads\/2020\/07\/cf3d425df78a76df1470ff595e5321.jpg\" \/>\n\t<meta property=\"og:image:width\" content=\"720\" \/>\n\t<meta property=\"og:image:height\" content=\"250\" \/>\n\t<meta property=\"og:image:type\" content=\"image\/jpeg\" \/>\n<meta name=\"author\" content=\"jakubschenk\" \/>\n<meta name=\"twitter:card\" content=\"summary_large_image\" \/>\n<meta name=\"twitter:label1\" content=\"Skriven av\" \/>\n\t<meta name=\"twitter:data1\" content=\"jakubschenk\" \/>\n<script type=\"application\/ld+json\" class=\"yoast-schema-graph\">{\"@context\":\"https:\\\/\\\/schema.org\",\"@graph\":[{\"@type\":\"Article\",\"@id\":\"https:\\\/\\\/www.agma.com\\\/sv\\\/inkopschef-med-logistikansvar\\\/#article\",\"isPartOf\":{\"@id\":\"https:\\\/\\\/www.agma.com\\\/sv\\\/inkopschef-med-logistikansvar\\\/\"},\"author\":{\"name\":\"jakubschenk\",\"@id\":\"https:\\\/\\\/www.agma.com\\\/sv\\\/#\\\/schema\\\/person\\\/6820b3ce1cc37edbaecc979090760d8b\"},\"headline\":\"Ink\u00f6pschef med logistikansvar\",\"datePublished\":\"2018-03-16T00:00:00+00:00\",\"dateModified\":\"2020-07-21T07:29:13+00:00\",\"mainEntityOfPage\":{\"@id\":\"https:\\\/\\\/www.agma.com\\\/sv\\\/inkopschef-med-logistikansvar\\\/\"},\"wordCount\":239,\"commentCount\":0,\"publisher\":{\"@id\":\"https:\\\/\\\/www.agma.com\\\/sv\\\/#organization\"},\"image\":{\"@id\":\"https:\\\/\\\/www.agma.com\\\/sv\\\/inkopschef-med-logistikansvar\\\/#primaryimage\"},\"thumbnailUrl\":\"https:\\\/\\\/www.agma.com\\\/wp-content\\\/uploads\\\/2020\\\/07\\\/cf3d425df78a76df1470ff595e5321.jpg\",\"articleSection\":[\"Okategoriserad\"],\"inLanguage\":\"sv-SE\",\"potentialAction\":[{\"@type\":\"CommentAction\",\"name\":\"Comment\",\"target\":[\"https:\\\/\\\/www.agma.com\\\/sv\\\/inkopschef-med-logistikansvar\\\/#respond\"]}]},{\"@type\":\"WebPage\",\"@id\":\"https:\\\/\\\/www.agma.com\\\/sv\\\/inkopschef-med-logistikansvar\\\/\",\"url\":\"https:\\\/\\\/www.agma.com\\\/sv\\\/inkopschef-med-logistikansvar\\\/\",\"name\":\"Ink\u00f6pschef med logistikansvar - Absolicon\",\"isPartOf\":{\"@id\":\"https:\\\/\\\/www.agma.com\\\/sv\\\/#website\"},\"primaryImageOfPage\":{\"@id\":\"https:\\\/\\\/www.agma.com\\\/sv\\\/inkopschef-med-logistikansvar\\\/#primaryimage\"},\"image\":{\"@id\":\"https:\\\/\\\/www.agma.com\\\/sv\\\/inkopschef-med-logistikansvar\\\/#primaryimage\"},\"thumbnailUrl\":\"https:\\\/\\\/www.agma.com\\\/wp-content\\\/uploads\\\/2020\\\/07\\\/cf3d425df78a76df1470ff595e5321.jpg\",\"datePublished\":\"2018-03-16T00:00:00+00:00\",\"dateModified\":\"2020-07-21T07:29:13+00:00\",\"breadcrumb\":{\"@id\":\"https:\\\/\\\/www.agma.com\\\/sv\\\/inkopschef-med-logistikansvar\\\/#breadcrumb\"},\"inLanguage\":\"sv-SE\",\"potentialAction\":[{\"@type\":\"ReadAction\",\"target\":[\"https:\\\/\\\/www.agma.com\\\/sv\\\/inkopschef-med-logistikansvar\\\/\"]}]},{\"@type\":\"ImageObject\",\"inLanguage\":\"sv-SE\",\"@id\":\"https:\\\/\\\/www.agma.com\\\/sv\\\/inkopschef-med-logistikansvar\\\/#primaryimage\",\"url\":\"https:\\\/\\\/www.agma.com\\\/wp-content\\\/uploads\\\/2020\\\/07\\\/cf3d425df78a76df1470ff595e5321.jpg\",\"contentUrl\":\"https:\\\/\\\/www.agma.com\\\/wp-content\\\/uploads\\\/2020\\\/07\\\/cf3d425df78a76df1470ff595e5321.jpg\",\"width\":720,\"height\":250},{\"@type\":\"BreadcrumbList\",\"@id\":\"https:\\\/\\\/www.agma.com\\\/sv\\\/inkopschef-med-logistikansvar\\\/#breadcrumb\",\"itemListElement\":[{\"@type\":\"ListItem\",\"position\":1,\"name\":\"Home\",\"item\":\"https:\\\/\\\/www.agma.com\\\/sv\\\/\"},{\"@type\":\"ListItem\",\"position\":2,\"name\":\"Ink\u00f6pschef med logistikansvar\"}]},{\"@type\":\"WebSite\",\"@id\":\"https:\\\/\\\/www.agma.com\\\/sv\\\/#website\",\"url\":\"https:\\\/\\\/www.agma.com\\\/sv\\\/\",\"name\":\"Absolicon\",\"description\":\"\",\"publisher\":{\"@id\":\"https:\\\/\\\/www.agma.com\\\/sv\\\/#organization\"},\"potentialAction\":[{\"@type\":\"SearchAction\",\"target\":{\"@type\":\"EntryPoint\",\"urlTemplate\":\"https:\\\/\\\/www.agma.com\\\/sv\\\/?s={search_term_string}\"},\"query-input\":{\"@type\":\"PropertyValueSpecification\",\"valueRequired\":true,\"valueName\":\"search_term_string\"}}],\"inLanguage\":\"sv-SE\"},{\"@type\":\"Organization\",\"@id\":\"https:\\\/\\\/www.agma.com\\\/sv\\\/#organization\",\"name\":\"Absolicon\",\"url\":\"https:\\\/\\\/www.agma.com\\\/sv\\\/\",\"logo\":{\"@type\":\"ImageObject\",\"inLanguage\":\"sv-SE\",\"@id\":\"https:\\\/\\\/www.agma.com\\\/sv\\\/#\\\/schema\\\/logo\\\/image\\\/\",\"url\":\"https:\\\/\\\/www.agma.com\\\/wp-content\\\/uploads\\\/2026\\\/04\\\/logotype_neg_blk.svg\",\"contentUrl\":\"https:\\\/\\\/www.agma.com\\\/wp-content\\\/uploads\\\/2026\\\/04\\\/logotype_neg_blk.svg\",\"width\":705,\"height\":83,\"caption\":\"Absolicon\"},\"image\":{\"@id\":\"https:\\\/\\\/www.agma.com\\\/sv\\\/#\\\/schema\\\/logo\\\/image\\\/\"}},{\"@type\":\"Person\",\"@id\":\"https:\\\/\\\/www.agma.com\\\/sv\\\/#\\\/schema\\\/person\\\/6820b3ce1cc37edbaecc979090760d8b\",\"name\":\"jakubschenk\",\"image\":{\"@type\":\"ImageObject\",\"inLanguage\":\"sv-SE\",\"@id\":\"https:\\\/\\\/secure.gravatar.com\\\/avatar\\\/0ab843002d4a58702560e02354e5f9a3206e13bbfaa9df5a188e463870f605cd?s=96&d=mm&r=g\",\"url\":\"https:\\\/\\\/secure.gravatar.com\\\/avatar\\\/0ab843002d4a58702560e02354e5f9a3206e13bbfaa9df5a188e463870f605cd?s=96&d=mm&r=g\",\"contentUrl\":\"https:\\\/\\\/secure.gravatar.com\\\/avatar\\\/0ab843002d4a58702560e02354e5f9a3206e13bbfaa9df5a188e463870f605cd?s=96&d=mm&r=g\",\"caption\":\"jakubschenk\"},\"sameAs\":[\"https:\\\/\\\/www.agma.com\"],\"url\":\"https:\\\/\\\/www.agma.com\\\/sv\\\/author\\\/jakubschenk\\\/\"}]}<\/script>\n<!-- \/ Yoast SEO plugin. -->","yoast_head_json":{"title":"Ink\u00f6pschef med logistikansvar - Absolicon","robots":{"index":"index","follow":"follow","max-snippet":"max-snippet:-1","max-image-preview":"max-image-preview:large","max-video-preview":"max-video-preview:-1"},"canonical":"https:\/\/www.agma.com\/sv\/inkopschef-med-logistikansvar\/","og_locale":"sv_SE","og_type":"article","og_title":"Ink\u00f6pschef med logistikansvar - Absolicon","og_description":"[ingress]Produktionslinan i Kina skall drifts\u00e4ttas och vi skall assistera vid de f\u00f6rsta kinesiska installationerna med b\u00f6rjan andra halv\u00e5ret 2018. Absolicon assisterar \u00e4ven med ink\u00f6p f\u00f6r linan i Kina och v\u00e5ra ink\u00f6pskanaler b\u00e5de i Sverige och Kina skall trimmas s\u00e5 att vi f\u00e5r en stark kedja fr\u00e5n upphandling till ink\u00f6p, lager och produktion.[\/ingress] Hittills har ansvaret [&hellip;]","og_url":"https:\/\/www.agma.com\/sv\/inkopschef-med-logistikansvar\/","og_site_name":"Absolicon","article_published_time":"2018-03-16T00:00:00+00:00","article_modified_time":"2020-07-21T07:29:13+00:00","og_image":[{"width":720,"height":250,"url":"https:\/\/www.agma.com\/wp-content\/uploads\/2020\/07\/cf3d425df78a76df1470ff595e5321.jpg","type":"image\/jpeg"}],"author":"jakubschenk","twitter_card":"summary_large_image","twitter_misc":{"Skriven av":"jakubschenk"},"schema":{"@context":"https:\/\/schema.org","@graph":[{"@type":"Article","@id":"https:\/\/www.agma.com\/sv\/inkopschef-med-logistikansvar\/#article","isPartOf":{"@id":"https:\/\/www.agma.com\/sv\/inkopschef-med-logistikansvar\/"},"author":{"name":"jakubschenk","@id":"https:\/\/www.agma.com\/sv\/#\/schema\/person\/6820b3ce1cc37edbaecc979090760d8b"},"headline":"Ink\u00f6pschef med logistikansvar","datePublished":"2018-03-16T00:00:00+00:00","dateModified":"2020-07-21T07:29:13+00:00","mainEntityOfPage":{"@id":"https:\/\/www.agma.com\/sv\/inkopschef-med-logistikansvar\/"},"wordCount":239,"commentCount":0,"publisher":{"@id":"https:\/\/www.agma.com\/sv\/#organization"},"image":{"@id":"https:\/\/www.agma.com\/sv\/inkopschef-med-logistikansvar\/#primaryimage"},"thumbnailUrl":"https:\/\/www.agma.com\/wp-content\/uploads\/2020\/07\/cf3d425df78a76df1470ff595e5321.jpg","articleSection":["Okategoriserad"],"inLanguage":"sv-SE","potentialAction":[{"@type":"CommentAction","name":"Comment","target":["https:\/\/www.agma.com\/sv\/inkopschef-med-logistikansvar\/#respond"]}]},{"@type":"WebPage","@id":"https:\/\/www.agma.com\/sv\/inkopschef-med-logistikansvar\/","url":"https:\/\/www.agma.com\/sv\/inkopschef-med-logistikansvar\/","name":"Ink\u00f6pschef med logistikansvar - Absolicon","isPartOf":{"@id":"https:\/\/www.agma.com\/sv\/#website"},"primaryImageOfPage":{"@id":"https:\/\/www.agma.com\/sv\/inkopschef-med-logistikansvar\/#primaryimage"},"image":{"@id":"https:\/\/www.agma.com\/sv\/inkopschef-med-logistikansvar\/#primaryimage"},"thumbnailUrl":"https:\/\/www.agma.com\/wp-content\/uploads\/2020\/07\/cf3d425df78a76df1470ff595e5321.jpg","datePublished":"2018-03-16T00:00:00+00:00","dateModified":"2020-07-21T07:29:13+00:00","breadcrumb":{"@id":"https:\/\/www.agma.com\/sv\/inkopschef-med-logistikansvar\/#breadcrumb"},"inLanguage":"sv-SE","potentialAction":[{"@type":"ReadAction","target":["https:\/\/www.agma.com\/sv\/inkopschef-med-logistikansvar\/"]}]},{"@type":"ImageObject","inLanguage":"sv-SE","@id":"https:\/\/www.agma.com\/sv\/inkopschef-med-logistikansvar\/#primaryimage","url":"https:\/\/www.agma.com\/wp-content\/uploads\/2020\/07\/cf3d425df78a76df1470ff595e5321.jpg","contentUrl":"https:\/\/www.agma.com\/wp-content\/uploads\/2020\/07\/cf3d425df78a76df1470ff595e5321.jpg","width":720,"height":250},{"@type":"BreadcrumbList","@id":"https:\/\/www.agma.com\/sv\/inkopschef-med-logistikansvar\/#breadcrumb","itemListElement":[{"@type":"ListItem","position":1,"name":"Home","item":"https:\/\/www.agma.com\/sv\/"},{"@type":"ListItem","position":2,"name":"Ink\u00f6pschef med logistikansvar"}]},{"@type":"WebSite","@id":"https:\/\/www.agma.com\/sv\/#website","url":"https:\/\/www.agma.com\/sv\/","name":"Absolicon","description":"","publisher":{"@id":"https:\/\/www.agma.com\/sv\/#organization"},"potentialAction":[{"@type":"SearchAction","target":{"@type":"EntryPoint","urlTemplate":"https:\/\/www.agma.com\/sv\/?s={search_term_string}"},"query-input":{"@type":"PropertyValueSpecification","valueRequired":true,"valueName":"search_term_string"}}],"inLanguage":"sv-SE"},{"@type":"Organization","@id":"https:\/\/www.agma.com\/sv\/#organization","name":"Absolicon","url":"https:\/\/www.agma.com\/sv\/","logo":{"@type":"ImageObject","inLanguage":"sv-SE","@id":"https:\/\/www.agma.com\/sv\/#\/schema\/logo\/image\/","url":"https:\/\/www.agma.com\/wp-content\/uploads\/2026\/04\/logotype_neg_blk.svg","contentUrl":"https:\/\/www.agma.com\/wp-content\/uploads\/2026\/04\/logotype_neg_blk.svg","width":705,"height":83,"caption":"Absolicon"},"image":{"@id":"https:\/\/www.agma.com\/sv\/#\/schema\/logo\/image\/"}},{"@type":"Person","@id":"https:\/\/www.agma.com\/sv\/#\/schema\/person\/6820b3ce1cc37edbaecc979090760d8b","name":"jakubschenk","image":{"@type":"ImageObject","inLanguage":"sv-SE","@id":"https:\/\/secure.gravatar.com\/avatar\/0ab843002d4a58702560e02354e5f9a3206e13bbfaa9df5a188e463870f605cd?s=96&d=mm&r=g","url":"https:\/\/secure.gravatar.com\/avatar\/0ab843002d4a58702560e02354e5f9a3206e13bbfaa9df5a188e463870f605cd?s=96&d=mm&r=g","contentUrl":"https:\/\/secure.gravatar.com\/avatar\/0ab843002d4a58702560e02354e5f9a3206e13bbfaa9df5a188e463870f605cd?s=96&d=mm&r=g","caption":"jakubschenk"},"sameAs":["https:\/\/www.agma.com"],"url":"https:\/\/www.agma.com\/sv\/author\/jakubschenk\/"}]}},"_links":{"self":[{"href":"https:\/\/www.agma.com\/sv\/wp-json\/wp\/v2\/posts\/8911","targetHints":{"allow":["GET"]}}],"collection":[{"href":"https:\/\/www.agma.com\/sv\/wp-json\/wp\/v2\/posts"}],"about":[{"href":"https:\/\/www.agma.com\/sv\/wp-json\/wp\/v2\/types\/post"}],"author":[{"embeddable":true,"href":"https:\/\/www.agma.com\/sv\/wp-json\/wp\/v2\/users\/1"}],"replies":[{"embeddable":true,"href":"https:\/\/www.agma.com\/sv\/wp-json\/wp\/v2\/comments?post=8911"}],"version-history":[{"count":1,"href":"https:\/\/www.agma.com\/sv\/wp-json\/wp\/v2\/posts\/8911\/revisions"}],"predecessor-version":[{"id":9194,"href":"https:\/\/www.agma.com\/sv\/wp-json\/wp\/v2\/posts\/8911\/revisions\/9194"}],"wp:featuredmedia":[{"embeddable":true,"href":"https:\/\/www.agma.com\/sv\/wp-json\/wp\/v2\/media\/9189"}],"wp:attachment":[{"href":"https:\/\/www.agma.com\/sv\/wp-json\/wp\/v2\/media?parent=8911"}],"wp:term":[{"taxonomy":"category","embeddable":true,"href":"https:\/\/www.agma.com\/sv\/wp-json\/wp\/v2\/categories?post=8911"},{"taxonomy":"post_tag","embeddable":true,"href":"https:\/\/www.agma.com\/sv\/wp-json\/wp\/v2\/tags?post=8911"}],"curies":[{"name":"wp","href":"https:\/\/api.w.org\/{rel}","templated":true}]}}