{"id":8917,"date":"2018-05-29T00:00:00","date_gmt":"2018-05-29T00:00:00","guid":{"rendered":"https:\/\/www.absolicon.com\/fyra-harnosandsforetag-presenterar-31-maj-2018\/"},"modified":"2018-05-29T00:00:00","modified_gmt":"2018-05-29T00:00:00","slug":"fyra-harnosandsforetag-presenterar-31-maj-2018","status":"publish","type":"post","link":"https:\/\/www.agma.com\/sv\/fyra-harnosandsforetag-presenterar-31-maj-2018\/","title":{"rendered":"Fyra H\u00e4rn\u00f6sandsf\u00f6retag presenterar 31 maj 2018"},"content":{"rendered":"<p>[ingress]Investera i H\u00e4rn\u00f6sandsbolag! Kom och tr\u00e4ffa Joakim Bystr\u00f6m, Henrik Sj\u00f6str\u00f6m, Jon Hillgren samt Peckas Naturodlingars nya VD Elena Petukhovskay och grundarna Hugo Wikstr\u00f6m och Daniel Br\u00e4nnstr\u00f6m[\/ingress]<br \/>\nL\u00e4nsmuseet V\u00e4sternorrland, Murbergsv\u00e4gen 31, H\u00e4rn\u00f6sand. Tid: 1800-2100<br \/>\nVi bjuder p\u00e5 fika i l\u00e4nsmuseets caf\u00e9. Anm\u00e4l dig med l\u00e4nken nedan s\u00e5 att vi kan planera fikat.<br \/>\nF\u00f6retagen som presenterar sig:<br \/>\n<a href=\"https:\/\/www.hernogin.com\/\" data-cke-saved-href=\"https:\/\/www.hernogin.com\">&gt;&gt;\u00a0www.hernogin.com<\/a> \u2022 Ett v\u00e4rldsm\u00e4starf\u00f6retag i gintillverkning &#8211; p\u00e5g\u00e5ende nyemission.<br \/>\n<a href=\"https:\/\/www.agma.com\" data-cke-saved-href=\"https:\/\/absolicon.com\">&gt;&gt;\u00a0absolicon.com<\/a> \u2022 Tillverkar v\u00e4rldens b\u00e4sta solf\u00e5ngare i H\u00e4rn\u00f6sand.<br \/>\n<a href=\"https:\/\/www.xavitech.com\/\" data-cke-saved-href=\"https:\/\/www.xavitech.com\">&gt;&gt;\u00a0www.xavitech.com<\/a> \u2022 Intelligenta pumpar &#8211; H\u00e4rn\u00f6sandsf\u00f6retaget som levererat till NASA.<br \/>\n<a href=\"https:\/\/www.peckas.se\/\" data-cke-saved-href=\"https:\/\/www.peckas.se\">&gt;&gt;\u00a0www.peckas.se<\/a> \u2022 H\u00e5llbar matproduktion &#8211; V\u00e4rldsunik anl\u00e4ggning i H\u00e4rn\u00f6sand. Expansion och p\u00e5g\u00e5ende nyemission.<\/p>\n<p>Anm\u00e4lan: \u00a0<a href=\"https:\/\/https\/\/goo.gl\/forms\/VnSLcQew5owhTMB63\" target=\"_blank\" data-cke-saved-href=\"https:\/\/\u200b\u200bhttps:\/\/goo.gl\/forms\/VnSLcQew5owhTMB63\" rel=\"noopener noreferrer\">&gt;&gt;\u00a0\u200b\u200b<\/a><a href=\"https:\/\/goo.gl\/forms\/VnSLcQew5owhTMB63\" data-cke-saved-href=\"https:\/\/goo.gl\/forms\/VnSLcQew5owhTMB63\">https:\/\/goo.gl\/forms\/VnSLcQew5owhTMB63<\/a><\/p>\n<p style=\"text-align: right;\">\n<p style=\"text-align: right;\"><em>Redigerad 2018-05-029<\/em><\/p>\n","protected":false},"excerpt":{"rendered":"<p>[ingress]Investera i H\u00e4rn\u00f6sandsbolag! Kom och tr\u00e4ffa Joakim Bystr\u00f6m, Henrik Sj\u00f6str\u00f6m, Jon Hillgren samt Peckas Naturodlingars nya VD Elena Petukhovskay och grundarna Hugo Wikstr\u00f6m och Daniel Br\u00e4nnstr\u00f6m[\/ingress] L\u00e4nsmuseet V\u00e4sternorrland, Murbergsv\u00e4gen 31, H\u00e4rn\u00f6sand. Tid: 1800-2100 Vi bjuder p\u00e5 fika i l\u00e4nsmuseets caf\u00e9. Anm\u00e4l dig med l\u00e4nken nedan s\u00e5 att vi kan planera fikat. F\u00f6retagen som presenterar sig: [&hellip;]<\/p>\n","protected":false},"author":1,"featured_media":0,"comment_status":"open","ping_status":"open","sticky":false,"template":"","format":"standard","meta":{"_acf_changed":false,"footnotes":""},"categories":[],"tags":[],"class_list":["post-8917","post","type-post","status-publish","format-standard","hentry"],"acf":[],"yoast_head":"<!-- This site is optimized with the Yoast SEO plugin v27.4 - https:\/\/yoast.com\/product\/yoast-seo-wordpress\/ -->\n<title>Fyra H\u00e4rn\u00f6sandsf\u00f6retag presenterar 31 maj 2018 - Absolicon<\/title>\n<meta name=\"robots\" content=\"index, follow, max-snippet:-1, max-image-preview:large, max-video-preview:-1\" \/>\n<link rel=\"canonical\" href=\"https:\/\/www.agma.com\/sv\/fyra-harnosandsforetag-presenterar-31-maj-2018\/\" \/>\n<meta property=\"og:locale\" content=\"sv_SE\" \/>\n<meta property=\"og:type\" content=\"article\" \/>\n<meta property=\"og:title\" content=\"Fyra H\u00e4rn\u00f6sandsf\u00f6retag presenterar 31 maj 2018 - Absolicon\" \/>\n<meta property=\"og:description\" content=\"[ingress]Investera i H\u00e4rn\u00f6sandsbolag! Kom och tr\u00e4ffa Joakim Bystr\u00f6m, Henrik Sj\u00f6str\u00f6m, Jon Hillgren samt Peckas Naturodlingars nya VD Elena Petukhovskay och grundarna Hugo Wikstr\u00f6m och Daniel Br\u00e4nnstr\u00f6m[\/ingress] L\u00e4nsmuseet V\u00e4sternorrland, Murbergsv\u00e4gen 31, H\u00e4rn\u00f6sand. Tid: 1800-2100 Vi bjuder p\u00e5 fika i l\u00e4nsmuseets caf\u00e9. Anm\u00e4l dig med l\u00e4nken nedan s\u00e5 att vi kan planera fikat. F\u00f6retagen som presenterar sig: [&hellip;]\" \/>\n<meta property=\"og:url\" content=\"https:\/\/www.agma.com\/sv\/fyra-harnosandsforetag-presenterar-31-maj-2018\/\" \/>\n<meta property=\"og:site_name\" content=\"Absolicon\" \/>\n<meta property=\"article:published_time\" content=\"2018-05-29T00:00:00+00:00\" \/>\n<meta name=\"author\" content=\"jakubschenk\" \/>\n<meta name=\"twitter:card\" content=\"summary_large_image\" \/>\n<meta name=\"twitter:label1\" content=\"Skriven av\" \/>\n\t<meta name=\"twitter:data1\" content=\"jakubschenk\" \/>\n<script type=\"application\/ld+json\" class=\"yoast-schema-graph\">{\"@context\":\"https:\\\/\\\/schema.org\",\"@graph\":[{\"@type\":\"Article\",\"@id\":\"https:\\\/\\\/www.agma.com\\\/sv\\\/fyra-harnosandsforetag-presenterar-31-maj-2018\\\/#article\",\"isPartOf\":{\"@id\":\"https:\\\/\\\/www.agma.com\\\/sv\\\/fyra-harnosandsforetag-presenterar-31-maj-2018\\\/\"},\"author\":{\"name\":\"jakubschenk\",\"@id\":\"https:\\\/\\\/www.agma.com\\\/sv\\\/#\\\/schema\\\/person\\\/6820b3ce1cc37edbaecc979090760d8b\"},\"headline\":\"Fyra H\u00e4rn\u00f6sandsf\u00f6retag presenterar 31 maj 2018\",\"datePublished\":\"2018-05-29T00:00:00+00:00\",\"mainEntityOfPage\":{\"@id\":\"https:\\\/\\\/www.agma.com\\\/sv\\\/fyra-harnosandsforetag-presenterar-31-maj-2018\\\/\"},\"wordCount\":165,\"commentCount\":0,\"publisher\":{\"@id\":\"https:\\\/\\\/www.agma.com\\\/sv\\\/#organization\"},\"inLanguage\":\"sv-SE\",\"potentialAction\":[{\"@type\":\"CommentAction\",\"name\":\"Comment\",\"target\":[\"https:\\\/\\\/www.agma.com\\\/sv\\\/fyra-harnosandsforetag-presenterar-31-maj-2018\\\/#respond\"]}]},{\"@type\":\"WebPage\",\"@id\":\"https:\\\/\\\/www.agma.com\\\/sv\\\/fyra-harnosandsforetag-presenterar-31-maj-2018\\\/\",\"url\":\"https:\\\/\\\/www.agma.com\\\/sv\\\/fyra-harnosandsforetag-presenterar-31-maj-2018\\\/\",\"name\":\"Fyra H\u00e4rn\u00f6sandsf\u00f6retag presenterar 31 maj 2018 - Absolicon\",\"isPartOf\":{\"@id\":\"https:\\\/\\\/www.agma.com\\\/sv\\\/#website\"},\"datePublished\":\"2018-05-29T00:00:00+00:00\",\"breadcrumb\":{\"@id\":\"https:\\\/\\\/www.agma.com\\\/sv\\\/fyra-harnosandsforetag-presenterar-31-maj-2018\\\/#breadcrumb\"},\"inLanguage\":\"sv-SE\",\"potentialAction\":[{\"@type\":\"ReadAction\",\"target\":[\"https:\\\/\\\/www.agma.com\\\/sv\\\/fyra-harnosandsforetag-presenterar-31-maj-2018\\\/\"]}]},{\"@type\":\"BreadcrumbList\",\"@id\":\"https:\\\/\\\/www.agma.com\\\/sv\\\/fyra-harnosandsforetag-presenterar-31-maj-2018\\\/#breadcrumb\",\"itemListElement\":[{\"@type\":\"ListItem\",\"position\":1,\"name\":\"Home\",\"item\":\"https:\\\/\\\/www.agma.com\\\/sv\\\/\"},{\"@type\":\"ListItem\",\"position\":2,\"name\":\"Fyra H\u00e4rn\u00f6sandsf\u00f6retag presenterar 31 maj 2018\"}]},{\"@type\":\"WebSite\",\"@id\":\"https:\\\/\\\/www.agma.com\\\/sv\\\/#website\",\"url\":\"https:\\\/\\\/www.agma.com\\\/sv\\\/\",\"name\":\"Absolicon\",\"description\":\"\",\"publisher\":{\"@id\":\"https:\\\/\\\/www.agma.com\\\/sv\\\/#organization\"},\"potentialAction\":[{\"@type\":\"SearchAction\",\"target\":{\"@type\":\"EntryPoint\",\"urlTemplate\":\"https:\\\/\\\/www.agma.com\\\/sv\\\/?s={search_term_string}\"},\"query-input\":{\"@type\":\"PropertyValueSpecification\",\"valueRequired\":true,\"valueName\":\"search_term_string\"}}],\"inLanguage\":\"sv-SE\"},{\"@type\":\"Organization\",\"@id\":\"https:\\\/\\\/www.agma.com\\\/sv\\\/#organization\",\"name\":\"Absolicon\",\"url\":\"https:\\\/\\\/www.agma.com\\\/sv\\\/\",\"logo\":{\"@type\":\"ImageObject\",\"inLanguage\":\"sv-SE\",\"@id\":\"https:\\\/\\\/www.agma.com\\\/sv\\\/#\\\/schema\\\/logo\\\/image\\\/\",\"url\":\"https:\\\/\\\/www.agma.com\\\/wp-content\\\/uploads\\\/2026\\\/04\\\/logotype_neg_blk.svg\",\"contentUrl\":\"https:\\\/\\\/www.agma.com\\\/wp-content\\\/uploads\\\/2026\\\/04\\\/logotype_neg_blk.svg\",\"width\":705,\"height\":83,\"caption\":\"Absolicon\"},\"image\":{\"@id\":\"https:\\\/\\\/www.agma.com\\\/sv\\\/#\\\/schema\\\/logo\\\/image\\\/\"}},{\"@type\":\"Person\",\"@id\":\"https:\\\/\\\/www.agma.com\\\/sv\\\/#\\\/schema\\\/person\\\/6820b3ce1cc37edbaecc979090760d8b\",\"name\":\"jakubschenk\",\"image\":{\"@type\":\"ImageObject\",\"inLanguage\":\"sv-SE\",\"@id\":\"https:\\\/\\\/secure.gravatar.com\\\/avatar\\\/0ab843002d4a58702560e02354e5f9a3206e13bbfaa9df5a188e463870f605cd?s=96&d=mm&r=g\",\"url\":\"https:\\\/\\\/secure.gravatar.com\\\/avatar\\\/0ab843002d4a58702560e02354e5f9a3206e13bbfaa9df5a188e463870f605cd?s=96&d=mm&r=g\",\"contentUrl\":\"https:\\\/\\\/secure.gravatar.com\\\/avatar\\\/0ab843002d4a58702560e02354e5f9a3206e13bbfaa9df5a188e463870f605cd?s=96&d=mm&r=g\",\"caption\":\"jakubschenk\"},\"sameAs\":[\"https:\\\/\\\/www.agma.com\"],\"url\":\"https:\\\/\\\/www.agma.com\\\/sv\\\/author\\\/jakubschenk\\\/\"}]}<\/script>\n<!-- \/ Yoast SEO plugin. -->","yoast_head_json":{"title":"Fyra H\u00e4rn\u00f6sandsf\u00f6retag presenterar 31 maj 2018 - Absolicon","robots":{"index":"index","follow":"follow","max-snippet":"max-snippet:-1","max-image-preview":"max-image-preview:large","max-video-preview":"max-video-preview:-1"},"canonical":"https:\/\/www.agma.com\/sv\/fyra-harnosandsforetag-presenterar-31-maj-2018\/","og_locale":"sv_SE","og_type":"article","og_title":"Fyra H\u00e4rn\u00f6sandsf\u00f6retag presenterar 31 maj 2018 - Absolicon","og_description":"[ingress]Investera i H\u00e4rn\u00f6sandsbolag! Kom och tr\u00e4ffa Joakim Bystr\u00f6m, Henrik Sj\u00f6str\u00f6m, Jon Hillgren samt Peckas Naturodlingars nya VD Elena Petukhovskay och grundarna Hugo Wikstr\u00f6m och Daniel Br\u00e4nnstr\u00f6m[\/ingress] L\u00e4nsmuseet V\u00e4sternorrland, Murbergsv\u00e4gen 31, H\u00e4rn\u00f6sand. Tid: 1800-2100 Vi bjuder p\u00e5 fika i l\u00e4nsmuseets caf\u00e9. Anm\u00e4l dig med l\u00e4nken nedan s\u00e5 att vi kan planera fikat. F\u00f6retagen som presenterar sig: [&hellip;]","og_url":"https:\/\/www.agma.com\/sv\/fyra-harnosandsforetag-presenterar-31-maj-2018\/","og_site_name":"Absolicon","article_published_time":"2018-05-29T00:00:00+00:00","author":"jakubschenk","twitter_card":"summary_large_image","twitter_misc":{"Skriven av":"jakubschenk"},"schema":{"@context":"https:\/\/schema.org","@graph":[{"@type":"Article","@id":"https:\/\/www.agma.com\/sv\/fyra-harnosandsforetag-presenterar-31-maj-2018\/#article","isPartOf":{"@id":"https:\/\/www.agma.com\/sv\/fyra-harnosandsforetag-presenterar-31-maj-2018\/"},"author":{"name":"jakubschenk","@id":"https:\/\/www.agma.com\/sv\/#\/schema\/person\/6820b3ce1cc37edbaecc979090760d8b"},"headline":"Fyra H\u00e4rn\u00f6sandsf\u00f6retag presenterar 31 maj 2018","datePublished":"2018-05-29T00:00:00+00:00","mainEntityOfPage":{"@id":"https:\/\/www.agma.com\/sv\/fyra-harnosandsforetag-presenterar-31-maj-2018\/"},"wordCount":165,"commentCount":0,"publisher":{"@id":"https:\/\/www.agma.com\/sv\/#organization"},"inLanguage":"sv-SE","potentialAction":[{"@type":"CommentAction","name":"Comment","target":["https:\/\/www.agma.com\/sv\/fyra-harnosandsforetag-presenterar-31-maj-2018\/#respond"]}]},{"@type":"WebPage","@id":"https:\/\/www.agma.com\/sv\/fyra-harnosandsforetag-presenterar-31-maj-2018\/","url":"https:\/\/www.agma.com\/sv\/fyra-harnosandsforetag-presenterar-31-maj-2018\/","name":"Fyra H\u00e4rn\u00f6sandsf\u00f6retag presenterar 31 maj 2018 - Absolicon","isPartOf":{"@id":"https:\/\/www.agma.com\/sv\/#website"},"datePublished":"2018-05-29T00:00:00+00:00","breadcrumb":{"@id":"https:\/\/www.agma.com\/sv\/fyra-harnosandsforetag-presenterar-31-maj-2018\/#breadcrumb"},"inLanguage":"sv-SE","potentialAction":[{"@type":"ReadAction","target":["https:\/\/www.agma.com\/sv\/fyra-harnosandsforetag-presenterar-31-maj-2018\/"]}]},{"@type":"BreadcrumbList","@id":"https:\/\/www.agma.com\/sv\/fyra-harnosandsforetag-presenterar-31-maj-2018\/#breadcrumb","itemListElement":[{"@type":"ListItem","position":1,"name":"Home","item":"https:\/\/www.agma.com\/sv\/"},{"@type":"ListItem","position":2,"name":"Fyra H\u00e4rn\u00f6sandsf\u00f6retag presenterar 31 maj 2018"}]},{"@type":"WebSite","@id":"https:\/\/www.agma.com\/sv\/#website","url":"https:\/\/www.agma.com\/sv\/","name":"Absolicon","description":"","publisher":{"@id":"https:\/\/www.agma.com\/sv\/#organization"},"potentialAction":[{"@type":"SearchAction","target":{"@type":"EntryPoint","urlTemplate":"https:\/\/www.agma.com\/sv\/?s={search_term_string}"},"query-input":{"@type":"PropertyValueSpecification","valueRequired":true,"valueName":"search_term_string"}}],"inLanguage":"sv-SE"},{"@type":"Organization","@id":"https:\/\/www.agma.com\/sv\/#organization","name":"Absolicon","url":"https:\/\/www.agma.com\/sv\/","logo":{"@type":"ImageObject","inLanguage":"sv-SE","@id":"https:\/\/www.agma.com\/sv\/#\/schema\/logo\/image\/","url":"https:\/\/www.agma.com\/wp-content\/uploads\/2026\/04\/logotype_neg_blk.svg","contentUrl":"https:\/\/www.agma.com\/wp-content\/uploads\/2026\/04\/logotype_neg_blk.svg","width":705,"height":83,"caption":"Absolicon"},"image":{"@id":"https:\/\/www.agma.com\/sv\/#\/schema\/logo\/image\/"}},{"@type":"Person","@id":"https:\/\/www.agma.com\/sv\/#\/schema\/person\/6820b3ce1cc37edbaecc979090760d8b","name":"jakubschenk","image":{"@type":"ImageObject","inLanguage":"sv-SE","@id":"https:\/\/secure.gravatar.com\/avatar\/0ab843002d4a58702560e02354e5f9a3206e13bbfaa9df5a188e463870f605cd?s=96&d=mm&r=g","url":"https:\/\/secure.gravatar.com\/avatar\/0ab843002d4a58702560e02354e5f9a3206e13bbfaa9df5a188e463870f605cd?s=96&d=mm&r=g","contentUrl":"https:\/\/secure.gravatar.com\/avatar\/0ab843002d4a58702560e02354e5f9a3206e13bbfaa9df5a188e463870f605cd?s=96&d=mm&r=g","caption":"jakubschenk"},"sameAs":["https:\/\/www.agma.com"],"url":"https:\/\/www.agma.com\/sv\/author\/jakubschenk\/"}]}},"_links":{"self":[{"href":"https:\/\/www.agma.com\/sv\/wp-json\/wp\/v2\/posts\/8917","targetHints":{"allow":["GET"]}}],"collection":[{"href":"https:\/\/www.agma.com\/sv\/wp-json\/wp\/v2\/posts"}],"about":[{"href":"https:\/\/www.agma.com\/sv\/wp-json\/wp\/v2\/types\/post"}],"author":[{"embeddable":true,"href":"https:\/\/www.agma.com\/sv\/wp-json\/wp\/v2\/users\/1"}],"replies":[{"embeddable":true,"href":"https:\/\/www.agma.com\/sv\/wp-json\/wp\/v2\/comments?post=8917"}],"version-history":[{"count":0,"href":"https:\/\/www.agma.com\/sv\/wp-json\/wp\/v2\/posts\/8917\/revisions"}],"wp:attachment":[{"href":"https:\/\/www.agma.com\/sv\/wp-json\/wp\/v2\/media?parent=8917"}],"wp:term":[{"taxonomy":"category","embeddable":true,"href":"https:\/\/www.agma.com\/sv\/wp-json\/wp\/v2\/categories?post=8917"},{"taxonomy":"post_tag","embeddable":true,"href":"https:\/\/www.agma.com\/sv\/wp-json\/wp\/v2\/tags?post=8917"}],"curies":[{"name":"wp","href":"https:\/\/api.w.org\/{rel}","templated":true}]}}