{"id":8928,"date":"2018-06-23T00:00:00","date_gmt":"2018-06-23T00:00:00","guid":{"rendered":"https:\/\/www.absolicon.com\/absolicon-annons-i-svd\/"},"modified":"2018-06-23T00:00:00","modified_gmt":"2018-06-23T00:00:00","slug":"absolicon-annons-i-svd","status":"publish","type":"post","link":"https:\/\/www.agma.com\/sv\/absolicon-annons-i-svd\/","title":{"rendered":"Absolicon annons i SvD"},"content":{"rendered":"<p><a href=\"https:\/\/www.agma.comwp-content\/uploads\/2018\/06\/Absolicon_180622c-Svenska-Dagbladet.pdf\" target=\"_blank\" rel=\"noopener noreferrer\"><img fetchpriority=\"high\" decoding=\"async\" class=\"alignright size-full wp-image-4799\" title=\"2018-06-22 SvD\" src=\"https:\/\/www.agma.comwp-content\/uploads\/2018\/06\/2018-06-22-SvD.png\" alt=\"Thumbnail SvD 2018-06-22\" width=\"273\" height=\"405\" \/><\/a>[ingress]Som ett led i att \u00f6ka k\u00e4nnedomen om Absolicon under emissionen annonserar vi i Svenska Dagbladet.[\/ingress]<\/p>\n<p>Varje v\u00e5r g\u00f6r Absolicon en st\u00f6rre marknadsf\u00f6ring riktad till intressenter i Sverige. Absolicondagen arrangeras i H\u00e4rn\u00f6sand med f\u00f6redrag och middag, v\u00e5rt magasin trycks i 60 000 exemplar och distribueras som bilaga i Aktiespararen. Vi h\u00e5ller \u00e4ven presentationer och Klimatkv\u00e4llar.<\/p>\n<p>De senaste \u00e5ren har vi \u00e4ven provat annonsera med en helsida i Svenska Dagbladet. Vi upplever att det \u00e4r ett bra s\u00e4tt att n\u00e5 ut lite bredare utanf\u00f6r v\u00e5r krets av aktie\u00e4gare f\u00f6r att ber\u00e4tta vad vi g\u00f6r. Annonseringen sammanfaller med de sista dagarna av v\u00e5r f\u00f6retr\u00e4desemission.<\/p>\n<p>I \u00e5r 2018 har vi annonsen inne den 22 juni och 26 juni och ber\u00e4ttar om v\u00e5rt arbete i Botswana samt om den nya satsningen p\u00e5 material och komponenter. Den 26 juni skall den finnas p\u00e5 sidan 3 i SvD N\u00e4ringsliv, kika g\u00e4rna p\u00e5 den d\u00e4r!<\/p>\n<p><a title=\"Klimatkv\u00e4ll p\u00e5 Nalen 27 juni 2018\" href=\"https:\/\/www.agma.comklimatkvall-pa-nalen-27-juni\/\">&gt;&gt; Klimatkv\u00e4ll p\u00e5 Nalen i Stockholm onsdag 27 juni kl 19<\/a><\/p>\n<p><a href=\"https:\/\/www.agma.comwp-content\/uploads\/2018\/06\/Absolicon_180622c-Svenska-Dagbladet.pdf\" target=\"_blank\" rel=\"noopener noreferrer\">&gt;&gt; Se Absolicons annons i Svenska Dagbladet (PDF, 0,5 MB)<\/a><\/p>\n<p>&nbsp;<\/p>\n","protected":false},"excerpt":{"rendered":"<p>[ingress]Som ett led i att \u00f6ka k\u00e4nnedomen om Absolicon under emissionen annonserar vi i Svenska Dagbladet.[\/ingress] Varje v\u00e5r g\u00f6r Absolicon en st\u00f6rre marknadsf\u00f6ring riktad till intressenter i Sverige. Absolicondagen arrangeras i H\u00e4rn\u00f6sand med f\u00f6redrag och middag, v\u00e5rt magasin trycks i 60 000 exemplar och distribueras som bilaga i Aktiespararen. Vi h\u00e5ller \u00e4ven presentationer och Klimatkv\u00e4llar. [&hellip;]<\/p>\n","protected":false},"author":1,"featured_media":0,"comment_status":"open","ping_status":"open","sticky":false,"template":"","format":"standard","meta":{"_acf_changed":false,"footnotes":""},"categories":[],"tags":[],"class_list":["post-8928","post","type-post","status-publish","format-standard","hentry"],"acf":[],"yoast_head":"<!-- This site is optimized with the Yoast SEO plugin v27.4 - https:\/\/yoast.com\/product\/yoast-seo-wordpress\/ -->\n<title>Absolicon annons i SvD - Absolicon<\/title>\n<meta name=\"robots\" content=\"index, follow, max-snippet:-1, max-image-preview:large, max-video-preview:-1\" \/>\n<link rel=\"canonical\" href=\"https:\/\/www.agma.com\/sv\/absolicon-annons-i-svd\/\" \/>\n<meta property=\"og:locale\" content=\"sv_SE\" \/>\n<meta property=\"og:type\" content=\"article\" \/>\n<meta property=\"og:title\" content=\"Absolicon annons i SvD - Absolicon\" \/>\n<meta property=\"og:description\" content=\"[ingress]Som ett led i att \u00f6ka k\u00e4nnedomen om Absolicon under emissionen annonserar vi i Svenska Dagbladet.[\/ingress] Varje v\u00e5r g\u00f6r Absolicon en st\u00f6rre marknadsf\u00f6ring riktad till intressenter i Sverige. Absolicondagen arrangeras i H\u00e4rn\u00f6sand med f\u00f6redrag och middag, v\u00e5rt magasin trycks i 60 000 exemplar och distribueras som bilaga i Aktiespararen. Vi h\u00e5ller \u00e4ven presentationer och Klimatkv\u00e4llar. [&hellip;]\" \/>\n<meta property=\"og:url\" content=\"https:\/\/www.agma.com\/sv\/absolicon-annons-i-svd\/\" \/>\n<meta property=\"og:site_name\" content=\"Absolicon\" \/>\n<meta property=\"article:published_time\" content=\"2018-06-23T00:00:00+00:00\" \/>\n<meta property=\"og:image\" content=\"https:\/\/www.agma.comwp-content\/uploads\/2018\/06\/2018-06-22-SvD.png\" \/>\n<meta name=\"author\" content=\"jakubschenk\" \/>\n<meta name=\"twitter:card\" content=\"summary_large_image\" \/>\n<meta name=\"twitter:label1\" content=\"Skriven av\" \/>\n\t<meta name=\"twitter:data1\" content=\"jakubschenk\" \/>\n<script type=\"application\/ld+json\" class=\"yoast-schema-graph\">{\"@context\":\"https:\\\/\\\/schema.org\",\"@graph\":[{\"@type\":\"Article\",\"@id\":\"https:\\\/\\\/www.agma.com\\\/sv\\\/absolicon-annons-i-svd\\\/#article\",\"isPartOf\":{\"@id\":\"https:\\\/\\\/www.agma.com\\\/sv\\\/absolicon-annons-i-svd\\\/\"},\"author\":{\"name\":\"jakubschenk\",\"@id\":\"https:\\\/\\\/www.agma.com\\\/sv\\\/#\\\/schema\\\/person\\\/6820b3ce1cc37edbaecc979090760d8b\"},\"headline\":\"Absolicon annons i SvD\",\"datePublished\":\"2018-06-23T00:00:00+00:00\",\"mainEntityOfPage\":{\"@id\":\"https:\\\/\\\/www.agma.com\\\/sv\\\/absolicon-annons-i-svd\\\/\"},\"wordCount\":195,\"commentCount\":0,\"publisher\":{\"@id\":\"https:\\\/\\\/www.agma.com\\\/sv\\\/#organization\"},\"image\":{\"@id\":\"https:\\\/\\\/www.agma.com\\\/sv\\\/absolicon-annons-i-svd\\\/#primaryimage\"},\"thumbnailUrl\":\"https:\\\/\\\/www.agma.comwp-content\\\/uploads\\\/2018\\\/06\\\/2018-06-22-SvD.png\",\"inLanguage\":\"sv-SE\",\"potentialAction\":[{\"@type\":\"CommentAction\",\"name\":\"Comment\",\"target\":[\"https:\\\/\\\/www.agma.com\\\/sv\\\/absolicon-annons-i-svd\\\/#respond\"]}]},{\"@type\":\"WebPage\",\"@id\":\"https:\\\/\\\/www.agma.com\\\/sv\\\/absolicon-annons-i-svd\\\/\",\"url\":\"https:\\\/\\\/www.agma.com\\\/sv\\\/absolicon-annons-i-svd\\\/\",\"name\":\"Absolicon annons i SvD - Absolicon\",\"isPartOf\":{\"@id\":\"https:\\\/\\\/www.agma.com\\\/sv\\\/#website\"},\"primaryImageOfPage\":{\"@id\":\"https:\\\/\\\/www.agma.com\\\/sv\\\/absolicon-annons-i-svd\\\/#primaryimage\"},\"image\":{\"@id\":\"https:\\\/\\\/www.agma.com\\\/sv\\\/absolicon-annons-i-svd\\\/#primaryimage\"},\"thumbnailUrl\":\"https:\\\/\\\/www.agma.comwp-content\\\/uploads\\\/2018\\\/06\\\/2018-06-22-SvD.png\",\"datePublished\":\"2018-06-23T00:00:00+00:00\",\"breadcrumb\":{\"@id\":\"https:\\\/\\\/www.agma.com\\\/sv\\\/absolicon-annons-i-svd\\\/#breadcrumb\"},\"inLanguage\":\"sv-SE\",\"potentialAction\":[{\"@type\":\"ReadAction\",\"target\":[\"https:\\\/\\\/www.agma.com\\\/sv\\\/absolicon-annons-i-svd\\\/\"]}]},{\"@type\":\"ImageObject\",\"inLanguage\":\"sv-SE\",\"@id\":\"https:\\\/\\\/www.agma.com\\\/sv\\\/absolicon-annons-i-svd\\\/#primaryimage\",\"url\":\"https:\\\/\\\/www.agma.comwp-content\\\/uploads\\\/2018\\\/06\\\/2018-06-22-SvD.png\",\"contentUrl\":\"https:\\\/\\\/www.agma.comwp-content\\\/uploads\\\/2018\\\/06\\\/2018-06-22-SvD.png\"},{\"@type\":\"BreadcrumbList\",\"@id\":\"https:\\\/\\\/www.agma.com\\\/sv\\\/absolicon-annons-i-svd\\\/#breadcrumb\",\"itemListElement\":[{\"@type\":\"ListItem\",\"position\":1,\"name\":\"Home\",\"item\":\"https:\\\/\\\/www.agma.com\\\/sv\\\/\"},{\"@type\":\"ListItem\",\"position\":2,\"name\":\"Absolicon annons i SvD\"}]},{\"@type\":\"WebSite\",\"@id\":\"https:\\\/\\\/www.agma.com\\\/sv\\\/#website\",\"url\":\"https:\\\/\\\/www.agma.com\\\/sv\\\/\",\"name\":\"Absolicon\",\"description\":\"\",\"publisher\":{\"@id\":\"https:\\\/\\\/www.agma.com\\\/sv\\\/#organization\"},\"potentialAction\":[{\"@type\":\"SearchAction\",\"target\":{\"@type\":\"EntryPoint\",\"urlTemplate\":\"https:\\\/\\\/www.agma.com\\\/sv\\\/?s={search_term_string}\"},\"query-input\":{\"@type\":\"PropertyValueSpecification\",\"valueRequired\":true,\"valueName\":\"search_term_string\"}}],\"inLanguage\":\"sv-SE\"},{\"@type\":\"Organization\",\"@id\":\"https:\\\/\\\/www.agma.com\\\/sv\\\/#organization\",\"name\":\"Absolicon\",\"url\":\"https:\\\/\\\/www.agma.com\\\/sv\\\/\",\"logo\":{\"@type\":\"ImageObject\",\"inLanguage\":\"sv-SE\",\"@id\":\"https:\\\/\\\/www.agma.com\\\/sv\\\/#\\\/schema\\\/logo\\\/image\\\/\",\"url\":\"https:\\\/\\\/www.agma.com\\\/wp-content\\\/uploads\\\/2026\\\/04\\\/logotype_neg_blk.svg\",\"contentUrl\":\"https:\\\/\\\/www.agma.com\\\/wp-content\\\/uploads\\\/2026\\\/04\\\/logotype_neg_blk.svg\",\"width\":705,\"height\":83,\"caption\":\"Absolicon\"},\"image\":{\"@id\":\"https:\\\/\\\/www.agma.com\\\/sv\\\/#\\\/schema\\\/logo\\\/image\\\/\"}},{\"@type\":\"Person\",\"@id\":\"https:\\\/\\\/www.agma.com\\\/sv\\\/#\\\/schema\\\/person\\\/6820b3ce1cc37edbaecc979090760d8b\",\"name\":\"jakubschenk\",\"image\":{\"@type\":\"ImageObject\",\"inLanguage\":\"sv-SE\",\"@id\":\"https:\\\/\\\/secure.gravatar.com\\\/avatar\\\/0ab843002d4a58702560e02354e5f9a3206e13bbfaa9df5a188e463870f605cd?s=96&d=mm&r=g\",\"url\":\"https:\\\/\\\/secure.gravatar.com\\\/avatar\\\/0ab843002d4a58702560e02354e5f9a3206e13bbfaa9df5a188e463870f605cd?s=96&d=mm&r=g\",\"contentUrl\":\"https:\\\/\\\/secure.gravatar.com\\\/avatar\\\/0ab843002d4a58702560e02354e5f9a3206e13bbfaa9df5a188e463870f605cd?s=96&d=mm&r=g\",\"caption\":\"jakubschenk\"},\"sameAs\":[\"https:\\\/\\\/www.agma.com\"],\"url\":\"https:\\\/\\\/www.agma.com\\\/sv\\\/author\\\/jakubschenk\\\/\"}]}<\/script>\n<!-- \/ Yoast SEO plugin. -->","yoast_head_json":{"title":"Absolicon annons i SvD - Absolicon","robots":{"index":"index","follow":"follow","max-snippet":"max-snippet:-1","max-image-preview":"max-image-preview:large","max-video-preview":"max-video-preview:-1"},"canonical":"https:\/\/www.agma.com\/sv\/absolicon-annons-i-svd\/","og_locale":"sv_SE","og_type":"article","og_title":"Absolicon annons i SvD - Absolicon","og_description":"[ingress]Som ett led i att \u00f6ka k\u00e4nnedomen om Absolicon under emissionen annonserar vi i Svenska Dagbladet.[\/ingress] Varje v\u00e5r g\u00f6r Absolicon en st\u00f6rre marknadsf\u00f6ring riktad till intressenter i Sverige. Absolicondagen arrangeras i H\u00e4rn\u00f6sand med f\u00f6redrag och middag, v\u00e5rt magasin trycks i 60 000 exemplar och distribueras som bilaga i Aktiespararen. Vi h\u00e5ller \u00e4ven presentationer och Klimatkv\u00e4llar. [&hellip;]","og_url":"https:\/\/www.agma.com\/sv\/absolicon-annons-i-svd\/","og_site_name":"Absolicon","article_published_time":"2018-06-23T00:00:00+00:00","og_image":[{"url":"https:\/\/www.agma.comwp-content\/uploads\/2018\/06\/2018-06-22-SvD.png","type":"","width":"","height":""}],"author":"jakubschenk","twitter_card":"summary_large_image","twitter_misc":{"Skriven av":"jakubschenk"},"schema":{"@context":"https:\/\/schema.org","@graph":[{"@type":"Article","@id":"https:\/\/www.agma.com\/sv\/absolicon-annons-i-svd\/#article","isPartOf":{"@id":"https:\/\/www.agma.com\/sv\/absolicon-annons-i-svd\/"},"author":{"name":"jakubschenk","@id":"https:\/\/www.agma.com\/sv\/#\/schema\/person\/6820b3ce1cc37edbaecc979090760d8b"},"headline":"Absolicon annons i SvD","datePublished":"2018-06-23T00:00:00+00:00","mainEntityOfPage":{"@id":"https:\/\/www.agma.com\/sv\/absolicon-annons-i-svd\/"},"wordCount":195,"commentCount":0,"publisher":{"@id":"https:\/\/www.agma.com\/sv\/#organization"},"image":{"@id":"https:\/\/www.agma.com\/sv\/absolicon-annons-i-svd\/#primaryimage"},"thumbnailUrl":"https:\/\/www.agma.comwp-content\/uploads\/2018\/06\/2018-06-22-SvD.png","inLanguage":"sv-SE","potentialAction":[{"@type":"CommentAction","name":"Comment","target":["https:\/\/www.agma.com\/sv\/absolicon-annons-i-svd\/#respond"]}]},{"@type":"WebPage","@id":"https:\/\/www.agma.com\/sv\/absolicon-annons-i-svd\/","url":"https:\/\/www.agma.com\/sv\/absolicon-annons-i-svd\/","name":"Absolicon annons i SvD - Absolicon","isPartOf":{"@id":"https:\/\/www.agma.com\/sv\/#website"},"primaryImageOfPage":{"@id":"https:\/\/www.agma.com\/sv\/absolicon-annons-i-svd\/#primaryimage"},"image":{"@id":"https:\/\/www.agma.com\/sv\/absolicon-annons-i-svd\/#primaryimage"},"thumbnailUrl":"https:\/\/www.agma.comwp-content\/uploads\/2018\/06\/2018-06-22-SvD.png","datePublished":"2018-06-23T00:00:00+00:00","breadcrumb":{"@id":"https:\/\/www.agma.com\/sv\/absolicon-annons-i-svd\/#breadcrumb"},"inLanguage":"sv-SE","potentialAction":[{"@type":"ReadAction","target":["https:\/\/www.agma.com\/sv\/absolicon-annons-i-svd\/"]}]},{"@type":"ImageObject","inLanguage":"sv-SE","@id":"https:\/\/www.agma.com\/sv\/absolicon-annons-i-svd\/#primaryimage","url":"https:\/\/www.agma.comwp-content\/uploads\/2018\/06\/2018-06-22-SvD.png","contentUrl":"https:\/\/www.agma.comwp-content\/uploads\/2018\/06\/2018-06-22-SvD.png"},{"@type":"BreadcrumbList","@id":"https:\/\/www.agma.com\/sv\/absolicon-annons-i-svd\/#breadcrumb","itemListElement":[{"@type":"ListItem","position":1,"name":"Home","item":"https:\/\/www.agma.com\/sv\/"},{"@type":"ListItem","position":2,"name":"Absolicon annons i SvD"}]},{"@type":"WebSite","@id":"https:\/\/www.agma.com\/sv\/#website","url":"https:\/\/www.agma.com\/sv\/","name":"Absolicon","description":"","publisher":{"@id":"https:\/\/www.agma.com\/sv\/#organization"},"potentialAction":[{"@type":"SearchAction","target":{"@type":"EntryPoint","urlTemplate":"https:\/\/www.agma.com\/sv\/?s={search_term_string}"},"query-input":{"@type":"PropertyValueSpecification","valueRequired":true,"valueName":"search_term_string"}}],"inLanguage":"sv-SE"},{"@type":"Organization","@id":"https:\/\/www.agma.com\/sv\/#organization","name":"Absolicon","url":"https:\/\/www.agma.com\/sv\/","logo":{"@type":"ImageObject","inLanguage":"sv-SE","@id":"https:\/\/www.agma.com\/sv\/#\/schema\/logo\/image\/","url":"https:\/\/www.agma.com\/wp-content\/uploads\/2026\/04\/logotype_neg_blk.svg","contentUrl":"https:\/\/www.agma.com\/wp-content\/uploads\/2026\/04\/logotype_neg_blk.svg","width":705,"height":83,"caption":"Absolicon"},"image":{"@id":"https:\/\/www.agma.com\/sv\/#\/schema\/logo\/image\/"}},{"@type":"Person","@id":"https:\/\/www.agma.com\/sv\/#\/schema\/person\/6820b3ce1cc37edbaecc979090760d8b","name":"jakubschenk","image":{"@type":"ImageObject","inLanguage":"sv-SE","@id":"https:\/\/secure.gravatar.com\/avatar\/0ab843002d4a58702560e02354e5f9a3206e13bbfaa9df5a188e463870f605cd?s=96&d=mm&r=g","url":"https:\/\/secure.gravatar.com\/avatar\/0ab843002d4a58702560e02354e5f9a3206e13bbfaa9df5a188e463870f605cd?s=96&d=mm&r=g","contentUrl":"https:\/\/secure.gravatar.com\/avatar\/0ab843002d4a58702560e02354e5f9a3206e13bbfaa9df5a188e463870f605cd?s=96&d=mm&r=g","caption":"jakubschenk"},"sameAs":["https:\/\/www.agma.com"],"url":"https:\/\/www.agma.com\/sv\/author\/jakubschenk\/"}]}},"_links":{"self":[{"href":"https:\/\/www.agma.com\/sv\/wp-json\/wp\/v2\/posts\/8928","targetHints":{"allow":["GET"]}}],"collection":[{"href":"https:\/\/www.agma.com\/sv\/wp-json\/wp\/v2\/posts"}],"about":[{"href":"https:\/\/www.agma.com\/sv\/wp-json\/wp\/v2\/types\/post"}],"author":[{"embeddable":true,"href":"https:\/\/www.agma.com\/sv\/wp-json\/wp\/v2\/users\/1"}],"replies":[{"embeddable":true,"href":"https:\/\/www.agma.com\/sv\/wp-json\/wp\/v2\/comments?post=8928"}],"version-history":[{"count":0,"href":"https:\/\/www.agma.com\/sv\/wp-json\/wp\/v2\/posts\/8928\/revisions"}],"wp:attachment":[{"href":"https:\/\/www.agma.com\/sv\/wp-json\/wp\/v2\/media?parent=8928"}],"wp:term":[{"taxonomy":"category","embeddable":true,"href":"https:\/\/www.agma.com\/sv\/wp-json\/wp\/v2\/categories?post=8928"},{"taxonomy":"post_tag","embeddable":true,"href":"https:\/\/www.agma.com\/sv\/wp-json\/wp\/v2\/tags?post=8928"}],"curies":[{"name":"wp","href":"https:\/\/api.w.org\/{rel}","templated":true}]}}