{"id":8929,"date":"2018-06-30T00:00:00","date_gmt":"2018-06-30T00:00:00","guid":{"rendered":"https:\/\/www.absolicon.com\/foretradesemissionen-avslutad\/"},"modified":"2018-06-30T00:00:00","modified_gmt":"2018-06-30T00:00:00","slug":"foretradesemissionen-avslutad","status":"publish","type":"post","link":"https:\/\/www.agma.com\/sv\/foretradesemissionen-avslutad\/","title":{"rendered":"F\u00f6retr\u00e4desemissionen avslutad"},"content":{"rendered":"<p>[ingress]Absolicons f\u00f6retr\u00e4desemission har st\u00e4ngt, intresset har varit stort och p\u00e5 m\u00e5ndag kommer vi offentligg\u00f6ra utfallet.[\/ingress]<\/p>\n<p>Absolicons f\u00f6retr\u00e4desemission som p\u00e5g\u00e5tt 14 juni &#8211; 28 juni \u00e4r nu avslutad. Parallellt har handel med teckningsr\u00e4tter p\u00e5g\u00e5tt p\u00e5 Spotlight Stock Market (fd Aktietorget) under perioden fr\u00e5n och med den 14 juni 2018 till och med\u00a0 den 26 juni 2018.<\/p>\n<p>Intresset f\u00f6r emissionen har varit stort. P\u00e5 m\u00e5ndag 2 juli kommer utfallet att presenteras i en pressrelease.<\/p>\n<p>I f\u00f6rsta hand riktades emissionen till Absolicons 2400 aktie\u00e4gare och den var garanterad till 100% av huvud\u00e4gare. Men till skillnad fr\u00e5n f\u00f6reg\u00e5ende emission finns det en \u00f6verteckningsoption utan f\u00f6retr\u00e4de som m\u00f6jligg\u00f6r f\u00f6r ett antal nya aktie\u00e4gare att ocks\u00e5 f\u00e5 tilldelning. Dessa kommer att f\u00e5 brev med inbetalningsuppgifter. Normalt brukar man inte skicka ut brev till de tecknare som inte fick tilldelning i emissionen.<\/p>\n<p>Under emissionsperioden genomf\u00f6rde Absolicon tre presentationer: p\u00e5 Aktiespararnas Sm\u00e5bolagsdag, hos Aktiespararna Vasa i samarbete med Financial Stockholm samt under Absolicons egen Klimatkv\u00e4ll p\u00e5 Nalen i Stockholm. Marknadsf\u00f6ringen begr\u00e4nsades annars denna g\u00e5ng till bara att Absolicons magasin som vanligt under v\u00e5ren distribuerades som inlaga i Aktiespararen och emissionen presenterades med tv\u00e5 helsidor i Svenska Dagbladet.<\/p>\n<p>Filmerna fr\u00e5n Sm\u00e5bolagsdagen kan ses p\u00e5 Youtube:<br \/>\n<a title=\"Se filmerna fr\u00e5n Sm\u00e5bolagsdagen!\" href=\"https:\/\/www.agma.comse-filmerna-fran-smabolagsdagen\/\">&gt;&gt; Presentation av Absolicon p\u00e5 Sm\u00e5bolagsdagen<\/a><\/p>\n<p>Absolicons magasin 2018<br \/>\n<a title=\"Nytt nummer av Absolicons magasin!\" href=\"https:\/\/www.agma.comnytt-nummer-av-absolicons-magasin\/\">&gt;&gt; Absolicons magasin om solenergi 2018<\/a><\/p>\n<p>Annons i SvD<br \/>\n<a title=\"Absolicon annons i SvD\" href=\"https:\/\/www.agma.comabsolicon-annons-i-svd\/\">&gt;&gt; Presentation i Svenska Dagbladet av Absolicon<\/a><\/p>\n<p>&nbsp;<\/p>\n","protected":false},"excerpt":{"rendered":"<p>[ingress]Absolicons f\u00f6retr\u00e4desemission har st\u00e4ngt, intresset har varit stort och p\u00e5 m\u00e5ndag kommer vi offentligg\u00f6ra utfallet.[\/ingress] Absolicons f\u00f6retr\u00e4desemission som p\u00e5g\u00e5tt 14 juni &#8211; 28 juni \u00e4r nu avslutad. Parallellt har handel med teckningsr\u00e4tter p\u00e5g\u00e5tt p\u00e5 Spotlight Stock Market (fd Aktietorget) under perioden fr\u00e5n och med den 14 juni 2018 till och med\u00a0 den 26 juni 2018. [&hellip;]<\/p>\n","protected":false},"author":1,"featured_media":0,"comment_status":"open","ping_status":"open","sticky":false,"template":"","format":"standard","meta":{"_acf_changed":false,"footnotes":""},"categories":[],"tags":[],"class_list":["post-8929","post","type-post","status-publish","format-standard","hentry"],"acf":[],"yoast_head":"<!-- This site is optimized with the Yoast SEO plugin v27.4 - https:\/\/yoast.com\/product\/yoast-seo-wordpress\/ -->\n<title>F\u00f6retr\u00e4desemissionen avslutad - Absolicon<\/title>\n<meta name=\"robots\" content=\"index, follow, max-snippet:-1, max-image-preview:large, max-video-preview:-1\" \/>\n<link rel=\"canonical\" href=\"https:\/\/www.agma.com\/sv\/foretradesemissionen-avslutad\/\" \/>\n<meta property=\"og:locale\" content=\"sv_SE\" \/>\n<meta property=\"og:type\" content=\"article\" \/>\n<meta property=\"og:title\" content=\"F\u00f6retr\u00e4desemissionen avslutad - Absolicon\" \/>\n<meta property=\"og:description\" content=\"[ingress]Absolicons f\u00f6retr\u00e4desemission har st\u00e4ngt, intresset har varit stort och p\u00e5 m\u00e5ndag kommer vi offentligg\u00f6ra utfallet.[\/ingress] Absolicons f\u00f6retr\u00e4desemission som p\u00e5g\u00e5tt 14 juni &#8211; 28 juni \u00e4r nu avslutad. Parallellt har handel med teckningsr\u00e4tter p\u00e5g\u00e5tt p\u00e5 Spotlight Stock Market (fd Aktietorget) under perioden fr\u00e5n och med den 14 juni 2018 till och med\u00a0 den 26 juni 2018. [&hellip;]\" \/>\n<meta property=\"og:url\" content=\"https:\/\/www.agma.com\/sv\/foretradesemissionen-avslutad\/\" \/>\n<meta property=\"og:site_name\" content=\"Absolicon\" \/>\n<meta property=\"article:published_time\" content=\"2018-06-30T00:00:00+00:00\" \/>\n<meta name=\"author\" content=\"jakubschenk\" \/>\n<meta name=\"twitter:card\" content=\"summary_large_image\" \/>\n<meta name=\"twitter:label1\" content=\"Skriven av\" \/>\n\t<meta name=\"twitter:data1\" content=\"jakubschenk\" \/>\n<script type=\"application\/ld+json\" class=\"yoast-schema-graph\">{\"@context\":\"https:\\\/\\\/schema.org\",\"@graph\":[{\"@type\":\"Article\",\"@id\":\"https:\\\/\\\/www.agma.com\\\/sv\\\/foretradesemissionen-avslutad\\\/#article\",\"isPartOf\":{\"@id\":\"https:\\\/\\\/www.agma.com\\\/sv\\\/foretradesemissionen-avslutad\\\/\"},\"author\":{\"name\":\"jakubschenk\",\"@id\":\"https:\\\/\\\/www.agma.com\\\/sv\\\/#\\\/schema\\\/person\\\/6820b3ce1cc37edbaecc979090760d8b\"},\"headline\":\"F\u00f6retr\u00e4desemissionen avslutad\",\"datePublished\":\"2018-06-30T00:00:00+00:00\",\"mainEntityOfPage\":{\"@id\":\"https:\\\/\\\/www.agma.com\\\/sv\\\/foretradesemissionen-avslutad\\\/\"},\"wordCount\":257,\"commentCount\":0,\"publisher\":{\"@id\":\"https:\\\/\\\/www.agma.com\\\/sv\\\/#organization\"},\"inLanguage\":\"sv-SE\",\"potentialAction\":[{\"@type\":\"CommentAction\",\"name\":\"Comment\",\"target\":[\"https:\\\/\\\/www.agma.com\\\/sv\\\/foretradesemissionen-avslutad\\\/#respond\"]}]},{\"@type\":\"WebPage\",\"@id\":\"https:\\\/\\\/www.agma.com\\\/sv\\\/foretradesemissionen-avslutad\\\/\",\"url\":\"https:\\\/\\\/www.agma.com\\\/sv\\\/foretradesemissionen-avslutad\\\/\",\"name\":\"F\u00f6retr\u00e4desemissionen avslutad - Absolicon\",\"isPartOf\":{\"@id\":\"https:\\\/\\\/www.agma.com\\\/sv\\\/#website\"},\"datePublished\":\"2018-06-30T00:00:00+00:00\",\"breadcrumb\":{\"@id\":\"https:\\\/\\\/www.agma.com\\\/sv\\\/foretradesemissionen-avslutad\\\/#breadcrumb\"},\"inLanguage\":\"sv-SE\",\"potentialAction\":[{\"@type\":\"ReadAction\",\"target\":[\"https:\\\/\\\/www.agma.com\\\/sv\\\/foretradesemissionen-avslutad\\\/\"]}]},{\"@type\":\"BreadcrumbList\",\"@id\":\"https:\\\/\\\/www.agma.com\\\/sv\\\/foretradesemissionen-avslutad\\\/#breadcrumb\",\"itemListElement\":[{\"@type\":\"ListItem\",\"position\":1,\"name\":\"Home\",\"item\":\"https:\\\/\\\/www.agma.com\\\/sv\\\/\"},{\"@type\":\"ListItem\",\"position\":2,\"name\":\"F\u00f6retr\u00e4desemissionen avslutad\"}]},{\"@type\":\"WebSite\",\"@id\":\"https:\\\/\\\/www.agma.com\\\/sv\\\/#website\",\"url\":\"https:\\\/\\\/www.agma.com\\\/sv\\\/\",\"name\":\"Absolicon\",\"description\":\"\",\"publisher\":{\"@id\":\"https:\\\/\\\/www.agma.com\\\/sv\\\/#organization\"},\"potentialAction\":[{\"@type\":\"SearchAction\",\"target\":{\"@type\":\"EntryPoint\",\"urlTemplate\":\"https:\\\/\\\/www.agma.com\\\/sv\\\/?s={search_term_string}\"},\"query-input\":{\"@type\":\"PropertyValueSpecification\",\"valueRequired\":true,\"valueName\":\"search_term_string\"}}],\"inLanguage\":\"sv-SE\"},{\"@type\":\"Organization\",\"@id\":\"https:\\\/\\\/www.agma.com\\\/sv\\\/#organization\",\"name\":\"Absolicon\",\"url\":\"https:\\\/\\\/www.agma.com\\\/sv\\\/\",\"logo\":{\"@type\":\"ImageObject\",\"inLanguage\":\"sv-SE\",\"@id\":\"https:\\\/\\\/www.agma.com\\\/sv\\\/#\\\/schema\\\/logo\\\/image\\\/\",\"url\":\"https:\\\/\\\/www.agma.com\\\/wp-content\\\/uploads\\\/2026\\\/04\\\/logotype_neg_blk.svg\",\"contentUrl\":\"https:\\\/\\\/www.agma.com\\\/wp-content\\\/uploads\\\/2026\\\/04\\\/logotype_neg_blk.svg\",\"width\":705,\"height\":83,\"caption\":\"Absolicon\"},\"image\":{\"@id\":\"https:\\\/\\\/www.agma.com\\\/sv\\\/#\\\/schema\\\/logo\\\/image\\\/\"}},{\"@type\":\"Person\",\"@id\":\"https:\\\/\\\/www.agma.com\\\/sv\\\/#\\\/schema\\\/person\\\/6820b3ce1cc37edbaecc979090760d8b\",\"name\":\"jakubschenk\",\"image\":{\"@type\":\"ImageObject\",\"inLanguage\":\"sv-SE\",\"@id\":\"https:\\\/\\\/secure.gravatar.com\\\/avatar\\\/0ab843002d4a58702560e02354e5f9a3206e13bbfaa9df5a188e463870f605cd?s=96&d=mm&r=g\",\"url\":\"https:\\\/\\\/secure.gravatar.com\\\/avatar\\\/0ab843002d4a58702560e02354e5f9a3206e13bbfaa9df5a188e463870f605cd?s=96&d=mm&r=g\",\"contentUrl\":\"https:\\\/\\\/secure.gravatar.com\\\/avatar\\\/0ab843002d4a58702560e02354e5f9a3206e13bbfaa9df5a188e463870f605cd?s=96&d=mm&r=g\",\"caption\":\"jakubschenk\"},\"sameAs\":[\"https:\\\/\\\/www.agma.com\"],\"url\":\"https:\\\/\\\/www.agma.com\\\/sv\\\/author\\\/jakubschenk\\\/\"}]}<\/script>\n<!-- \/ Yoast SEO plugin. -->","yoast_head_json":{"title":"F\u00f6retr\u00e4desemissionen avslutad - Absolicon","robots":{"index":"index","follow":"follow","max-snippet":"max-snippet:-1","max-image-preview":"max-image-preview:large","max-video-preview":"max-video-preview:-1"},"canonical":"https:\/\/www.agma.com\/sv\/foretradesemissionen-avslutad\/","og_locale":"sv_SE","og_type":"article","og_title":"F\u00f6retr\u00e4desemissionen avslutad - Absolicon","og_description":"[ingress]Absolicons f\u00f6retr\u00e4desemission har st\u00e4ngt, intresset har varit stort och p\u00e5 m\u00e5ndag kommer vi offentligg\u00f6ra utfallet.[\/ingress] Absolicons f\u00f6retr\u00e4desemission som p\u00e5g\u00e5tt 14 juni &#8211; 28 juni \u00e4r nu avslutad. Parallellt har handel med teckningsr\u00e4tter p\u00e5g\u00e5tt p\u00e5 Spotlight Stock Market (fd Aktietorget) under perioden fr\u00e5n och med den 14 juni 2018 till och med\u00a0 den 26 juni 2018. [&hellip;]","og_url":"https:\/\/www.agma.com\/sv\/foretradesemissionen-avslutad\/","og_site_name":"Absolicon","article_published_time":"2018-06-30T00:00:00+00:00","author":"jakubschenk","twitter_card":"summary_large_image","twitter_misc":{"Skriven av":"jakubschenk"},"schema":{"@context":"https:\/\/schema.org","@graph":[{"@type":"Article","@id":"https:\/\/www.agma.com\/sv\/foretradesemissionen-avslutad\/#article","isPartOf":{"@id":"https:\/\/www.agma.com\/sv\/foretradesemissionen-avslutad\/"},"author":{"name":"jakubschenk","@id":"https:\/\/www.agma.com\/sv\/#\/schema\/person\/6820b3ce1cc37edbaecc979090760d8b"},"headline":"F\u00f6retr\u00e4desemissionen avslutad","datePublished":"2018-06-30T00:00:00+00:00","mainEntityOfPage":{"@id":"https:\/\/www.agma.com\/sv\/foretradesemissionen-avslutad\/"},"wordCount":257,"commentCount":0,"publisher":{"@id":"https:\/\/www.agma.com\/sv\/#organization"},"inLanguage":"sv-SE","potentialAction":[{"@type":"CommentAction","name":"Comment","target":["https:\/\/www.agma.com\/sv\/foretradesemissionen-avslutad\/#respond"]}]},{"@type":"WebPage","@id":"https:\/\/www.agma.com\/sv\/foretradesemissionen-avslutad\/","url":"https:\/\/www.agma.com\/sv\/foretradesemissionen-avslutad\/","name":"F\u00f6retr\u00e4desemissionen avslutad - Absolicon","isPartOf":{"@id":"https:\/\/www.agma.com\/sv\/#website"},"datePublished":"2018-06-30T00:00:00+00:00","breadcrumb":{"@id":"https:\/\/www.agma.com\/sv\/foretradesemissionen-avslutad\/#breadcrumb"},"inLanguage":"sv-SE","potentialAction":[{"@type":"ReadAction","target":["https:\/\/www.agma.com\/sv\/foretradesemissionen-avslutad\/"]}]},{"@type":"BreadcrumbList","@id":"https:\/\/www.agma.com\/sv\/foretradesemissionen-avslutad\/#breadcrumb","itemListElement":[{"@type":"ListItem","position":1,"name":"Home","item":"https:\/\/www.agma.com\/sv\/"},{"@type":"ListItem","position":2,"name":"F\u00f6retr\u00e4desemissionen avslutad"}]},{"@type":"WebSite","@id":"https:\/\/www.agma.com\/sv\/#website","url":"https:\/\/www.agma.com\/sv\/","name":"Absolicon","description":"","publisher":{"@id":"https:\/\/www.agma.com\/sv\/#organization"},"potentialAction":[{"@type":"SearchAction","target":{"@type":"EntryPoint","urlTemplate":"https:\/\/www.agma.com\/sv\/?s={search_term_string}"},"query-input":{"@type":"PropertyValueSpecification","valueRequired":true,"valueName":"search_term_string"}}],"inLanguage":"sv-SE"},{"@type":"Organization","@id":"https:\/\/www.agma.com\/sv\/#organization","name":"Absolicon","url":"https:\/\/www.agma.com\/sv\/","logo":{"@type":"ImageObject","inLanguage":"sv-SE","@id":"https:\/\/www.agma.com\/sv\/#\/schema\/logo\/image\/","url":"https:\/\/www.agma.com\/wp-content\/uploads\/2026\/04\/logotype_neg_blk.svg","contentUrl":"https:\/\/www.agma.com\/wp-content\/uploads\/2026\/04\/logotype_neg_blk.svg","width":705,"height":83,"caption":"Absolicon"},"image":{"@id":"https:\/\/www.agma.com\/sv\/#\/schema\/logo\/image\/"}},{"@type":"Person","@id":"https:\/\/www.agma.com\/sv\/#\/schema\/person\/6820b3ce1cc37edbaecc979090760d8b","name":"jakubschenk","image":{"@type":"ImageObject","inLanguage":"sv-SE","@id":"https:\/\/secure.gravatar.com\/avatar\/0ab843002d4a58702560e02354e5f9a3206e13bbfaa9df5a188e463870f605cd?s=96&d=mm&r=g","url":"https:\/\/secure.gravatar.com\/avatar\/0ab843002d4a58702560e02354e5f9a3206e13bbfaa9df5a188e463870f605cd?s=96&d=mm&r=g","contentUrl":"https:\/\/secure.gravatar.com\/avatar\/0ab843002d4a58702560e02354e5f9a3206e13bbfaa9df5a188e463870f605cd?s=96&d=mm&r=g","caption":"jakubschenk"},"sameAs":["https:\/\/www.agma.com"],"url":"https:\/\/www.agma.com\/sv\/author\/jakubschenk\/"}]}},"_links":{"self":[{"href":"https:\/\/www.agma.com\/sv\/wp-json\/wp\/v2\/posts\/8929","targetHints":{"allow":["GET"]}}],"collection":[{"href":"https:\/\/www.agma.com\/sv\/wp-json\/wp\/v2\/posts"}],"about":[{"href":"https:\/\/www.agma.com\/sv\/wp-json\/wp\/v2\/types\/post"}],"author":[{"embeddable":true,"href":"https:\/\/www.agma.com\/sv\/wp-json\/wp\/v2\/users\/1"}],"replies":[{"embeddable":true,"href":"https:\/\/www.agma.com\/sv\/wp-json\/wp\/v2\/comments?post=8929"}],"version-history":[{"count":0,"href":"https:\/\/www.agma.com\/sv\/wp-json\/wp\/v2\/posts\/8929\/revisions"}],"wp:attachment":[{"href":"https:\/\/www.agma.com\/sv\/wp-json\/wp\/v2\/media?parent=8929"}],"wp:term":[{"taxonomy":"category","embeddable":true,"href":"https:\/\/www.agma.com\/sv\/wp-json\/wp\/v2\/categories?post=8929"},{"taxonomy":"post_tag","embeddable":true,"href":"https:\/\/www.agma.com\/sv\/wp-json\/wp\/v2\/tags?post=8929"}],"curies":[{"name":"wp","href":"https:\/\/api.w.org\/{rel}","templated":true}]}}