{"id":8935,"date":"2018-09-17T00:00:00","date_gmt":"2018-09-17T00:00:00","guid":{"rendered":"https:\/\/www.absolicon.com\/utdelning-av-industrial-solar-till-dig-som-aktieagare-i-absolicon\/"},"modified":"2018-09-17T00:00:00","modified_gmt":"2018-09-17T00:00:00","slug":"utdelning-av-industrial-solar-till-dig-som-aktieagare-i-absolicon","status":"publish","type":"post","link":"https:\/\/www.agma.com\/sv\/utdelning-av-industrial-solar-till-dig-som-aktieagare-i-absolicon\/","title":{"rendered":"Utdelning av \u201dIndustrial Solar\u201d till dig som aktie\u00e4gare i Absolicon!"},"content":{"rendered":"<p><em>Det \u00e4r med stor tillfredst\u00e4llelse som jag kan ber\u00e4tta om en unik m\u00f6jlighet som \u00f6ppnade sig under v\u00e5ren f\u00f6r Absolicon \u2013 tyska Industrial Solar med fjorton anst\u00e4llda, ett bolag som vi bed\u00f6mt som v\u00e5ra j\u00e4mlikar i solv\u00e4rmebranschen, stod pl\u00f6tsligt p\u00e5 obest\u00e5nd. Genom ett intensivt arbete under sommaren och h\u00f6sten har vi kommit \u00f6ver bolaget med \u00f6verkomliga kostnader och stora synergieffekter f\u00f6r Absolicon.<\/em><\/p>\n<p><em>Industrial Solar tillverkar solf\u00e5ngare f\u00f6r temperaturintervallet 160\u00b0C till 400\u00b0C, medan Absolicons T160 (som har h\u00f6gre verkningsgrad) str\u00e4cker sig mellan 80\u00b0C och 160\u00b0C. Produkter och kompetenser kompletterar varandra v\u00e4l mellan bolagen. Tillsammans t\u00e4cker vi hela spektrumet av industriell v\u00e4rme f\u00f6r industrier.<\/em><\/p>\n<p><em>De nya akterna kommer att dyka upp i din aktieportf\u00f6lj som en utdelning fr\u00e5n Absolicon. Till att b\u00f6rja med kommer aktierna att ha v\u00e4rdet \u201dnoll\u201d, men n\u00e4r bolaget noterats p\u00e5 AktieTorget (troligen i januari 2019) kommer de att precis som alla andra aktier ha ett v\u00e4rde och g\u00e5 att k\u00f6pa och s\u00e4lja.<\/em><br \/>\n<em> F\u00f6re listningen p\u00e5 Spotlight kommer Industrial Solar genomf\u00f6ra en f\u00f6retr\u00e4desemission till Absolicons \u00e4gare d\u00e4r det finns m\u00f6jlighet att teckna sig f\u00f6r ytterligare aktier.<\/em><\/p>\n<p><em>B\u00e5de Absolicon och Industrial Solar har egna tydliga nischer och b\u00e5da bolagen har m\u00f6jlighet att v\u00e4xa till m\u00e5ngmiljardbolag n\u00e4r v\u00e4rlden v\u00e4xlar fr\u00e5n fossila br\u00e4nslen till f\u00f6rnyelsebar energi.<\/em><\/p>\n<p><em>Vi \u00e4r glada att kunna genomf\u00f6ra denna transaktion som vi tror kommer att ge stora v\u00e4rden till Absolicons aktie\u00e4gare.<\/em><\/p>\n<p><em>Med v\u00e4nliga h\u00e4lsningar,<\/em><\/p>\n<p><a href=\"https:\/\/www.agma.comwp-content\/uploads\/2018\/09\/Absolicon_portr\u00e4tt_21_square.jpg\"><img decoding=\"async\" class=\"alignnone size-thumbnail wp-image-4901\" title=\"Absolicon_portr\u00e4tt_21_square\" src=\"https:\/\/www.agma.comwp-content\/sembly_data\/thumbnail\/df\/0083796ee186d96fc30bd5476e0bf9.jpg?177408\" alt=\"\" width=\"150\" height=\"126\" \/><\/a><\/p>\n<p><strong>Joakim Bystr\u00f6m,<\/strong><br \/>\n<em>vd Absolicon Solar Collector AB och<\/em><br \/>\n<em> ordf\u00f6rande f\u00f6r Industrial Solar Holding Europe AB<\/em><\/p>\n<p><a href=\"https:\/\/www.agma.comwp-content\/uploads\/2018\/09\/2.png\"><img decoding=\"async\" class=\"alignnone size-thumbnail wp-image-4902\" title=\"2\" src=\"https:\/\/www.agma.comwp-content\/sembly_data\/thumbnail\/56\/20d7b5f7ad8329996bd0cf1c7d9eeb.png?177507\" alt=\"\" width=\"150\" height=\"75\" \/><\/a><\/p>\n<p>&nbsp;<\/p>\n<p><a href=\"https:\/\/www.agma.comwp-content\/uploads\/2018\/09\/2018-09-14-Strategi-f\u00f6r-Industrial-Solar_Spotlight_v3.png\"><img decoding=\"async\" class=\"alignnone size-thumbnail wp-image-4905\" title=\"2018-09-14 Strategi f\u00f6r Industrial Solar_Spotlight_v3\" src=\"https:\/\/www.agma.comwp-content\/sembly_data\/thumbnail\/36\/5a35c99060ee6f98f7d181bd6ce6ed.png?177665\" alt=\"\" width=\"114\" height=\"150\" \/><\/a><\/p>\n<p><a href=\"https:\/\/www.agma.comwp-content\/uploads\/2018\/09\/2018-09-14-Strategi-f\u00f6r-Industrial-Solar_Spotlight_v3.pdf\">&gt;&gt;L\u00e4s mer om utdelningen av aktierna och Absolicons strategi f\u00f6r Industrial Solar (PDF)<\/a><\/p>\n","protected":false},"excerpt":{"rendered":"<p>Det \u00e4r med stor tillfredst\u00e4llelse som jag kan ber\u00e4tta om en unik m\u00f6jlighet som \u00f6ppnade sig under v\u00e5ren f\u00f6r Absolicon \u2013 tyska Industrial Solar med fjorton anst\u00e4llda, ett bolag som vi bed\u00f6mt som v\u00e5ra j\u00e4mlikar i solv\u00e4rmebranschen, stod pl\u00f6tsligt p\u00e5 obest\u00e5nd. Genom ett intensivt arbete under sommaren och h\u00f6sten har vi kommit \u00f6ver bolaget med [&hellip;]<\/p>\n","protected":false},"author":1,"featured_media":0,"comment_status":"open","ping_status":"open","sticky":false,"template":"","format":"standard","meta":{"_acf_changed":false,"footnotes":""},"categories":[],"tags":[],"class_list":["post-8935","post","type-post","status-publish","format-standard","hentry"],"acf":[],"yoast_head":"<!-- This site is optimized with the Yoast SEO plugin v27.4 - https:\/\/yoast.com\/product\/yoast-seo-wordpress\/ -->\n<title>Utdelning av \u201dIndustrial Solar\u201d till dig som aktie\u00e4gare i Absolicon! - Absolicon<\/title>\n<meta name=\"robots\" content=\"index, follow, max-snippet:-1, max-image-preview:large, max-video-preview:-1\" \/>\n<link rel=\"canonical\" href=\"https:\/\/www.agma.com\/sv\/utdelning-av-industrial-solar-till-dig-som-aktieagare-i-absolicon\/\" \/>\n<meta property=\"og:locale\" content=\"sv_SE\" \/>\n<meta property=\"og:type\" content=\"article\" \/>\n<meta property=\"og:title\" content=\"Utdelning av \u201dIndustrial Solar\u201d till dig som aktie\u00e4gare i Absolicon! - Absolicon\" \/>\n<meta property=\"og:description\" content=\"Det \u00e4r med stor tillfredst\u00e4llelse som jag kan ber\u00e4tta om en unik m\u00f6jlighet som \u00f6ppnade sig under v\u00e5ren f\u00f6r Absolicon \u2013 tyska Industrial Solar med fjorton anst\u00e4llda, ett bolag som vi bed\u00f6mt som v\u00e5ra j\u00e4mlikar i solv\u00e4rmebranschen, stod pl\u00f6tsligt p\u00e5 obest\u00e5nd. Genom ett intensivt arbete under sommaren och h\u00f6sten har vi kommit \u00f6ver bolaget med [&hellip;]\" \/>\n<meta property=\"og:url\" content=\"https:\/\/www.agma.com\/sv\/utdelning-av-industrial-solar-till-dig-som-aktieagare-i-absolicon\/\" \/>\n<meta property=\"og:site_name\" content=\"Absolicon\" \/>\n<meta property=\"article:published_time\" content=\"2018-09-17T00:00:00+00:00\" \/>\n<meta property=\"og:image\" content=\"https:\/\/www.agma.comwp-content\/sembly_data\/thumbnail\/df\/0083796ee186d96fc30bd5476e0bf9.jpg?177408\" \/>\n<meta name=\"author\" content=\"jakubschenk\" \/>\n<meta name=\"twitter:card\" content=\"summary_large_image\" \/>\n<meta name=\"twitter:label1\" content=\"Skriven av\" \/>\n\t<meta name=\"twitter:data1\" content=\"jakubschenk\" \/>\n<script type=\"application\/ld+json\" class=\"yoast-schema-graph\">{\"@context\":\"https:\\\/\\\/schema.org\",\"@graph\":[{\"@type\":\"Article\",\"@id\":\"https:\\\/\\\/www.agma.com\\\/sv\\\/utdelning-av-industrial-solar-till-dig-som-aktieagare-i-absolicon\\\/#article\",\"isPartOf\":{\"@id\":\"https:\\\/\\\/www.agma.com\\\/sv\\\/utdelning-av-industrial-solar-till-dig-som-aktieagare-i-absolicon\\\/\"},\"author\":{\"name\":\"jakubschenk\",\"@id\":\"https:\\\/\\\/www.agma.com\\\/sv\\\/#\\\/schema\\\/person\\\/6820b3ce1cc37edbaecc979090760d8b\"},\"headline\":\"Utdelning av \u201dIndustrial Solar\u201d till dig som aktie\u00e4gare i Absolicon!\",\"datePublished\":\"2018-09-17T00:00:00+00:00\",\"mainEntityOfPage\":{\"@id\":\"https:\\\/\\\/www.agma.com\\\/sv\\\/utdelning-av-industrial-solar-till-dig-som-aktieagare-i-absolicon\\\/\"},\"wordCount\":324,\"commentCount\":0,\"publisher\":{\"@id\":\"https:\\\/\\\/www.agma.com\\\/sv\\\/#organization\"},\"image\":{\"@id\":\"https:\\\/\\\/www.agma.com\\\/sv\\\/utdelning-av-industrial-solar-till-dig-som-aktieagare-i-absolicon\\\/#primaryimage\"},\"thumbnailUrl\":\"https:\\\/\\\/www.agma.comwp-content\\\/sembly_data\\\/thumbnail\\\/df\\\/0083796ee186d96fc30bd5476e0bf9.jpg?177408\",\"inLanguage\":\"sv-SE\",\"potentialAction\":[{\"@type\":\"CommentAction\",\"name\":\"Comment\",\"target\":[\"https:\\\/\\\/www.agma.com\\\/sv\\\/utdelning-av-industrial-solar-till-dig-som-aktieagare-i-absolicon\\\/#respond\"]}]},{\"@type\":\"WebPage\",\"@id\":\"https:\\\/\\\/www.agma.com\\\/sv\\\/utdelning-av-industrial-solar-till-dig-som-aktieagare-i-absolicon\\\/\",\"url\":\"https:\\\/\\\/www.agma.com\\\/sv\\\/utdelning-av-industrial-solar-till-dig-som-aktieagare-i-absolicon\\\/\",\"name\":\"Utdelning av \u201dIndustrial Solar\u201d till dig som aktie\u00e4gare i Absolicon! - Absolicon\",\"isPartOf\":{\"@id\":\"https:\\\/\\\/www.agma.com\\\/sv\\\/#website\"},\"primaryImageOfPage\":{\"@id\":\"https:\\\/\\\/www.agma.com\\\/sv\\\/utdelning-av-industrial-solar-till-dig-som-aktieagare-i-absolicon\\\/#primaryimage\"},\"image\":{\"@id\":\"https:\\\/\\\/www.agma.com\\\/sv\\\/utdelning-av-industrial-solar-till-dig-som-aktieagare-i-absolicon\\\/#primaryimage\"},\"thumbnailUrl\":\"https:\\\/\\\/www.agma.comwp-content\\\/sembly_data\\\/thumbnail\\\/df\\\/0083796ee186d96fc30bd5476e0bf9.jpg?177408\",\"datePublished\":\"2018-09-17T00:00:00+00:00\",\"breadcrumb\":{\"@id\":\"https:\\\/\\\/www.agma.com\\\/sv\\\/utdelning-av-industrial-solar-till-dig-som-aktieagare-i-absolicon\\\/#breadcrumb\"},\"inLanguage\":\"sv-SE\",\"potentialAction\":[{\"@type\":\"ReadAction\",\"target\":[\"https:\\\/\\\/www.agma.com\\\/sv\\\/utdelning-av-industrial-solar-till-dig-som-aktieagare-i-absolicon\\\/\"]}]},{\"@type\":\"ImageObject\",\"inLanguage\":\"sv-SE\",\"@id\":\"https:\\\/\\\/www.agma.com\\\/sv\\\/utdelning-av-industrial-solar-till-dig-som-aktieagare-i-absolicon\\\/#primaryimage\",\"url\":\"https:\\\/\\\/www.agma.comwp-content\\\/sembly_data\\\/thumbnail\\\/df\\\/0083796ee186d96fc30bd5476e0bf9.jpg?177408\",\"contentUrl\":\"https:\\\/\\\/www.agma.comwp-content\\\/sembly_data\\\/thumbnail\\\/df\\\/0083796ee186d96fc30bd5476e0bf9.jpg?177408\"},{\"@type\":\"BreadcrumbList\",\"@id\":\"https:\\\/\\\/www.agma.com\\\/sv\\\/utdelning-av-industrial-solar-till-dig-som-aktieagare-i-absolicon\\\/#breadcrumb\",\"itemListElement\":[{\"@type\":\"ListItem\",\"position\":1,\"name\":\"Home\",\"item\":\"https:\\\/\\\/www.agma.com\\\/sv\\\/\"},{\"@type\":\"ListItem\",\"position\":2,\"name\":\"Utdelning av \u201dIndustrial Solar\u201d till dig som aktie\u00e4gare i Absolicon!\"}]},{\"@type\":\"WebSite\",\"@id\":\"https:\\\/\\\/www.agma.com\\\/sv\\\/#website\",\"url\":\"https:\\\/\\\/www.agma.com\\\/sv\\\/\",\"name\":\"Absolicon\",\"description\":\"\",\"publisher\":{\"@id\":\"https:\\\/\\\/www.agma.com\\\/sv\\\/#organization\"},\"potentialAction\":[{\"@type\":\"SearchAction\",\"target\":{\"@type\":\"EntryPoint\",\"urlTemplate\":\"https:\\\/\\\/www.agma.com\\\/sv\\\/?s={search_term_string}\"},\"query-input\":{\"@type\":\"PropertyValueSpecification\",\"valueRequired\":true,\"valueName\":\"search_term_string\"}}],\"inLanguage\":\"sv-SE\"},{\"@type\":\"Organization\",\"@id\":\"https:\\\/\\\/www.agma.com\\\/sv\\\/#organization\",\"name\":\"Absolicon\",\"url\":\"https:\\\/\\\/www.agma.com\\\/sv\\\/\",\"logo\":{\"@type\":\"ImageObject\",\"inLanguage\":\"sv-SE\",\"@id\":\"https:\\\/\\\/www.agma.com\\\/sv\\\/#\\\/schema\\\/logo\\\/image\\\/\",\"url\":\"https:\\\/\\\/www.agma.com\\\/wp-content\\\/uploads\\\/2026\\\/04\\\/logotype_neg_blk.svg\",\"contentUrl\":\"https:\\\/\\\/www.agma.com\\\/wp-content\\\/uploads\\\/2026\\\/04\\\/logotype_neg_blk.svg\",\"width\":705,\"height\":83,\"caption\":\"Absolicon\"},\"image\":{\"@id\":\"https:\\\/\\\/www.agma.com\\\/sv\\\/#\\\/schema\\\/logo\\\/image\\\/\"}},{\"@type\":\"Person\",\"@id\":\"https:\\\/\\\/www.agma.com\\\/sv\\\/#\\\/schema\\\/person\\\/6820b3ce1cc37edbaecc979090760d8b\",\"name\":\"jakubschenk\",\"image\":{\"@type\":\"ImageObject\",\"inLanguage\":\"sv-SE\",\"@id\":\"https:\\\/\\\/secure.gravatar.com\\\/avatar\\\/0ab843002d4a58702560e02354e5f9a3206e13bbfaa9df5a188e463870f605cd?s=96&d=mm&r=g\",\"url\":\"https:\\\/\\\/secure.gravatar.com\\\/avatar\\\/0ab843002d4a58702560e02354e5f9a3206e13bbfaa9df5a188e463870f605cd?s=96&d=mm&r=g\",\"contentUrl\":\"https:\\\/\\\/secure.gravatar.com\\\/avatar\\\/0ab843002d4a58702560e02354e5f9a3206e13bbfaa9df5a188e463870f605cd?s=96&d=mm&r=g\",\"caption\":\"jakubschenk\"},\"sameAs\":[\"https:\\\/\\\/www.agma.com\"],\"url\":\"https:\\\/\\\/www.agma.com\\\/sv\\\/author\\\/jakubschenk\\\/\"}]}<\/script>\n<!-- \/ Yoast SEO plugin. -->","yoast_head_json":{"title":"Utdelning av \u201dIndustrial Solar\u201d till dig som aktie\u00e4gare i Absolicon! - Absolicon","robots":{"index":"index","follow":"follow","max-snippet":"max-snippet:-1","max-image-preview":"max-image-preview:large","max-video-preview":"max-video-preview:-1"},"canonical":"https:\/\/www.agma.com\/sv\/utdelning-av-industrial-solar-till-dig-som-aktieagare-i-absolicon\/","og_locale":"sv_SE","og_type":"article","og_title":"Utdelning av \u201dIndustrial Solar\u201d till dig som aktie\u00e4gare i Absolicon! - Absolicon","og_description":"Det \u00e4r med stor tillfredst\u00e4llelse som jag kan ber\u00e4tta om en unik m\u00f6jlighet som \u00f6ppnade sig under v\u00e5ren f\u00f6r Absolicon \u2013 tyska Industrial Solar med fjorton anst\u00e4llda, ett bolag som vi bed\u00f6mt som v\u00e5ra j\u00e4mlikar i solv\u00e4rmebranschen, stod pl\u00f6tsligt p\u00e5 obest\u00e5nd. Genom ett intensivt arbete under sommaren och h\u00f6sten har vi kommit \u00f6ver bolaget med [&hellip;]","og_url":"https:\/\/www.agma.com\/sv\/utdelning-av-industrial-solar-till-dig-som-aktieagare-i-absolicon\/","og_site_name":"Absolicon","article_published_time":"2018-09-17T00:00:00+00:00","og_image":[{"url":"https:\/\/www.agma.comwp-content\/sembly_data\/thumbnail\/df\/0083796ee186d96fc30bd5476e0bf9.jpg?177408","type":"","width":"","height":""}],"author":"jakubschenk","twitter_card":"summary_large_image","twitter_misc":{"Skriven av":"jakubschenk"},"schema":{"@context":"https:\/\/schema.org","@graph":[{"@type":"Article","@id":"https:\/\/www.agma.com\/sv\/utdelning-av-industrial-solar-till-dig-som-aktieagare-i-absolicon\/#article","isPartOf":{"@id":"https:\/\/www.agma.com\/sv\/utdelning-av-industrial-solar-till-dig-som-aktieagare-i-absolicon\/"},"author":{"name":"jakubschenk","@id":"https:\/\/www.agma.com\/sv\/#\/schema\/person\/6820b3ce1cc37edbaecc979090760d8b"},"headline":"Utdelning av \u201dIndustrial Solar\u201d till dig som aktie\u00e4gare i Absolicon!","datePublished":"2018-09-17T00:00:00+00:00","mainEntityOfPage":{"@id":"https:\/\/www.agma.com\/sv\/utdelning-av-industrial-solar-till-dig-som-aktieagare-i-absolicon\/"},"wordCount":324,"commentCount":0,"publisher":{"@id":"https:\/\/www.agma.com\/sv\/#organization"},"image":{"@id":"https:\/\/www.agma.com\/sv\/utdelning-av-industrial-solar-till-dig-som-aktieagare-i-absolicon\/#primaryimage"},"thumbnailUrl":"https:\/\/www.agma.comwp-content\/sembly_data\/thumbnail\/df\/0083796ee186d96fc30bd5476e0bf9.jpg?177408","inLanguage":"sv-SE","potentialAction":[{"@type":"CommentAction","name":"Comment","target":["https:\/\/www.agma.com\/sv\/utdelning-av-industrial-solar-till-dig-som-aktieagare-i-absolicon\/#respond"]}]},{"@type":"WebPage","@id":"https:\/\/www.agma.com\/sv\/utdelning-av-industrial-solar-till-dig-som-aktieagare-i-absolicon\/","url":"https:\/\/www.agma.com\/sv\/utdelning-av-industrial-solar-till-dig-som-aktieagare-i-absolicon\/","name":"Utdelning av \u201dIndustrial Solar\u201d till dig som aktie\u00e4gare i Absolicon! - Absolicon","isPartOf":{"@id":"https:\/\/www.agma.com\/sv\/#website"},"primaryImageOfPage":{"@id":"https:\/\/www.agma.com\/sv\/utdelning-av-industrial-solar-till-dig-som-aktieagare-i-absolicon\/#primaryimage"},"image":{"@id":"https:\/\/www.agma.com\/sv\/utdelning-av-industrial-solar-till-dig-som-aktieagare-i-absolicon\/#primaryimage"},"thumbnailUrl":"https:\/\/www.agma.comwp-content\/sembly_data\/thumbnail\/df\/0083796ee186d96fc30bd5476e0bf9.jpg?177408","datePublished":"2018-09-17T00:00:00+00:00","breadcrumb":{"@id":"https:\/\/www.agma.com\/sv\/utdelning-av-industrial-solar-till-dig-som-aktieagare-i-absolicon\/#breadcrumb"},"inLanguage":"sv-SE","potentialAction":[{"@type":"ReadAction","target":["https:\/\/www.agma.com\/sv\/utdelning-av-industrial-solar-till-dig-som-aktieagare-i-absolicon\/"]}]},{"@type":"ImageObject","inLanguage":"sv-SE","@id":"https:\/\/www.agma.com\/sv\/utdelning-av-industrial-solar-till-dig-som-aktieagare-i-absolicon\/#primaryimage","url":"https:\/\/www.agma.comwp-content\/sembly_data\/thumbnail\/df\/0083796ee186d96fc30bd5476e0bf9.jpg?177408","contentUrl":"https:\/\/www.agma.comwp-content\/sembly_data\/thumbnail\/df\/0083796ee186d96fc30bd5476e0bf9.jpg?177408"},{"@type":"BreadcrumbList","@id":"https:\/\/www.agma.com\/sv\/utdelning-av-industrial-solar-till-dig-som-aktieagare-i-absolicon\/#breadcrumb","itemListElement":[{"@type":"ListItem","position":1,"name":"Home","item":"https:\/\/www.agma.com\/sv\/"},{"@type":"ListItem","position":2,"name":"Utdelning av \u201dIndustrial Solar\u201d till dig som aktie\u00e4gare i Absolicon!"}]},{"@type":"WebSite","@id":"https:\/\/www.agma.com\/sv\/#website","url":"https:\/\/www.agma.com\/sv\/","name":"Absolicon","description":"","publisher":{"@id":"https:\/\/www.agma.com\/sv\/#organization"},"potentialAction":[{"@type":"SearchAction","target":{"@type":"EntryPoint","urlTemplate":"https:\/\/www.agma.com\/sv\/?s={search_term_string}"},"query-input":{"@type":"PropertyValueSpecification","valueRequired":true,"valueName":"search_term_string"}}],"inLanguage":"sv-SE"},{"@type":"Organization","@id":"https:\/\/www.agma.com\/sv\/#organization","name":"Absolicon","url":"https:\/\/www.agma.com\/sv\/","logo":{"@type":"ImageObject","inLanguage":"sv-SE","@id":"https:\/\/www.agma.com\/sv\/#\/schema\/logo\/image\/","url":"https:\/\/www.agma.com\/wp-content\/uploads\/2026\/04\/logotype_neg_blk.svg","contentUrl":"https:\/\/www.agma.com\/wp-content\/uploads\/2026\/04\/logotype_neg_blk.svg","width":705,"height":83,"caption":"Absolicon"},"image":{"@id":"https:\/\/www.agma.com\/sv\/#\/schema\/logo\/image\/"}},{"@type":"Person","@id":"https:\/\/www.agma.com\/sv\/#\/schema\/person\/6820b3ce1cc37edbaecc979090760d8b","name":"jakubschenk","image":{"@type":"ImageObject","inLanguage":"sv-SE","@id":"https:\/\/secure.gravatar.com\/avatar\/0ab843002d4a58702560e02354e5f9a3206e13bbfaa9df5a188e463870f605cd?s=96&d=mm&r=g","url":"https:\/\/secure.gravatar.com\/avatar\/0ab843002d4a58702560e02354e5f9a3206e13bbfaa9df5a188e463870f605cd?s=96&d=mm&r=g","contentUrl":"https:\/\/secure.gravatar.com\/avatar\/0ab843002d4a58702560e02354e5f9a3206e13bbfaa9df5a188e463870f605cd?s=96&d=mm&r=g","caption":"jakubschenk"},"sameAs":["https:\/\/www.agma.com"],"url":"https:\/\/www.agma.com\/sv\/author\/jakubschenk\/"}]}},"_links":{"self":[{"href":"https:\/\/www.agma.com\/sv\/wp-json\/wp\/v2\/posts\/8935","targetHints":{"allow":["GET"]}}],"collection":[{"href":"https:\/\/www.agma.com\/sv\/wp-json\/wp\/v2\/posts"}],"about":[{"href":"https:\/\/www.agma.com\/sv\/wp-json\/wp\/v2\/types\/post"}],"author":[{"embeddable":true,"href":"https:\/\/www.agma.com\/sv\/wp-json\/wp\/v2\/users\/1"}],"replies":[{"embeddable":true,"href":"https:\/\/www.agma.com\/sv\/wp-json\/wp\/v2\/comments?post=8935"}],"version-history":[{"count":0,"href":"https:\/\/www.agma.com\/sv\/wp-json\/wp\/v2\/posts\/8935\/revisions"}],"wp:attachment":[{"href":"https:\/\/www.agma.com\/sv\/wp-json\/wp\/v2\/media?parent=8935"}],"wp:term":[{"taxonomy":"category","embeddable":true,"href":"https:\/\/www.agma.com\/sv\/wp-json\/wp\/v2\/categories?post=8935"},{"taxonomy":"post_tag","embeddable":true,"href":"https:\/\/www.agma.com\/sv\/wp-json\/wp\/v2\/tags?post=8935"}],"curies":[{"name":"wp","href":"https:\/\/api.w.org\/{rel}","templated":true}]}}