{"id":8936,"date":"2018-09-17T00:00:00","date_gmt":"2018-09-17T00:00:00","guid":{"rendered":"https:\/\/www.absolicon.com\/kallelse-till-bolagsstamma-for-utdelning-av-industrial-solar\/"},"modified":"2018-09-17T00:00:00","modified_gmt":"2018-09-17T00:00:00","slug":"kallelse-till-bolagsstamma-for-utdelning-av-industrial-solar","status":"publish","type":"post","link":"https:\/\/www.agma.com\/sv\/kallelse-till-bolagsstamma-for-utdelning-av-industrial-solar\/","title":{"rendered":"Kallelse till bolagsst\u00e4mma f\u00f6r utdelning av \u201dIndustrial Solar\u201d"},"content":{"rendered":"<p>Aktie\u00e4garna i Absolicon Solar Collector, org. nr 556929-1957, kallas till extra bolagsst\u00e4mma 1 oktober 2018 kl. 13.00 p\u00e5 Fiskaregatan 11, H\u00e4rn\u00f6sand. Avst\u00e4mningsdag f\u00f6r r\u00f6str\u00e4tt \u00e4r 25 september. Anm\u00e4l ditt deltagande senast den 28 september 2018, f\u00f6re kl. 16.00.<\/p>\n<p><a href=\"https:\/\/www.agma.comwp-content\/uploads\/2018\/09\/Kallelse-extra-bolagsst\u00e4mma-oktober-2018.pdf\">&gt;&gt; Kallelse extra bolagsst\u00e4mma oktober 2018 (PDF)<\/a><\/p>\n<p><a href=\"https:\/\/www.agma.comwp-content\/uploads\/2018\/09\/2018-09-14-Strategi-f\u00f6r-Industrial-Solar_Spotlight_v3.png\"><img decoding=\"async\" class=\"alignnone size-thumbnail wp-image-4905\" title=\"2018-09-14 Strategi f\u00f6r Industrial Solar_Spotlight_v3\" src=\"https:\/\/www.agma.comwp-content\/sembly_data\/thumbnail\/36\/5a35c99060ee6f98f7d181bd6ce6ed.png?177665\" alt=\"\" width=\"114\" height=\"150\" align=\"right\" \/><\/a><\/p>\n<p><a href=\"https:\/\/www.agma.comwp-content\/uploads\/2018\/09\/2018-09-14-Strategi-f\u00f6r-Industrial-Solar_Spotlight_v3.pdf\" target=\"_blank\" rel=\"noopener noreferrer\">&gt;&gt; L\u00e4s mer om utdelningen av aktierna och Absolicons strategi f\u00f6r Industrial Solar (PDF)<\/a><\/p>\n<p><a href=\"https:\/\/www.agma.comabsolicon-och-industrial-solar-tillsammans-i-jordanien\/\">\u00a0&gt;&gt; Se filmen om Industrial Solars installation i Jordanien<\/a><\/p>\n<p>&nbsp;<\/p>\n<p><a href=\"https:\/\/www.agma.comwp-content\/uploads\/2018\/09\/Brev-till-aktie\u00e4gare-om-utdelningen-av-Industrial-Solar.pdf\">Brev till aktie\u00e4garna fr\u00e5n vd Joakim Bystr\u00f6m om utdelningen av Industrial Solar (PDF)<\/a><\/p>\n<p><a href=\"https:\/\/www.agma.comwp-content\/uploads\/2018\/09\/Styrelsens-yttrande-enligt-18-kap-4-\u00a7-aktiebolagslagen-v2.pdf\">Styrelsens yttrande enligt 18 kap 4 \u00a7 aktiebolagslagen (PDF)<\/a> (<a href=\"https:\/\/www.agma.comwp-content\/uploads\/2018\/09\/Styrelsens-yttrande-enligt-18-kap-4-\u00a7-aktiebolagslagen-3-sign.pdf\">sign<\/a>)<\/p>\n<p><a href=\"https:\/\/www.agma.comwp-content\/uploads\/2018\/09\/Styrelseredog\u00f6relse-18-6-556929-1957.pdf\">Styrelseredog\u00f6relse 18 6 556929-1957 (PDF)<\/a> (<a href=\"https:\/\/www.agma.comwp-content\/uploads\/2018\/09\/Styrelseredog\u00f6relse-18-6-556929-1957-sign-2-sidor.pdf\">sign<\/a>)<\/p>\n<p><a href=\"https:\/\/www.agma.comwp-content\/uploads\/2018\/09\/Revisorns-yttrande-\u00f6ver-utdelningen-av-industrial-Solar-2018-09-14-sign.pdf\">Revisorns yttrande \u00f6ver utdelningen av Industrial Solar 2018-09-14 sign (PDF)<\/a><\/p>\n","protected":false},"excerpt":{"rendered":"<p>Aktie\u00e4garna i Absolicon Solar Collector, org. nr 556929-1957, kallas till extra bolagsst\u00e4mma 1 oktober 2018 kl. 13.00 p\u00e5 Fiskaregatan 11, H\u00e4rn\u00f6sand. Avst\u00e4mningsdag f\u00f6r r\u00f6str\u00e4tt \u00e4r 25 september. Anm\u00e4l ditt deltagande senast den 28 september 2018, f\u00f6re kl. 16.00. &gt;&gt; Kallelse extra bolagsst\u00e4mma oktober 2018 (PDF) &gt;&gt; L\u00e4s mer om utdelningen av aktierna och Absolicons strategi [&hellip;]<\/p>\n","protected":false},"author":1,"featured_media":0,"comment_status":"open","ping_status":"open","sticky":false,"template":"","format":"standard","meta":{"_acf_changed":false,"footnotes":""},"categories":[],"tags":[],"class_list":["post-8936","post","type-post","status-publish","format-standard","hentry"],"acf":[],"yoast_head":"<!-- This site is optimized with the Yoast SEO plugin v27.4 - https:\/\/yoast.com\/product\/yoast-seo-wordpress\/ -->\n<title>Kallelse till bolagsst\u00e4mma f\u00f6r utdelning av \u201dIndustrial Solar\u201d - Absolicon<\/title>\n<meta name=\"robots\" content=\"index, follow, max-snippet:-1, max-image-preview:large, max-video-preview:-1\" \/>\n<link rel=\"canonical\" href=\"https:\/\/www.agma.com\/sv\/kallelse-till-bolagsstamma-for-utdelning-av-industrial-solar\/\" \/>\n<meta property=\"og:locale\" content=\"sv_SE\" \/>\n<meta property=\"og:type\" content=\"article\" \/>\n<meta property=\"og:title\" content=\"Kallelse till bolagsst\u00e4mma f\u00f6r utdelning av \u201dIndustrial Solar\u201d - Absolicon\" \/>\n<meta property=\"og:description\" content=\"Aktie\u00e4garna i Absolicon Solar Collector, org. nr 556929-1957, kallas till extra bolagsst\u00e4mma 1 oktober 2018 kl. 13.00 p\u00e5 Fiskaregatan 11, H\u00e4rn\u00f6sand. Avst\u00e4mningsdag f\u00f6r r\u00f6str\u00e4tt \u00e4r 25 september. Anm\u00e4l ditt deltagande senast den 28 september 2018, f\u00f6re kl. 16.00. &gt;&gt; Kallelse extra bolagsst\u00e4mma oktober 2018 (PDF) &gt;&gt; L\u00e4s mer om utdelningen av aktierna och Absolicons strategi [&hellip;]\" \/>\n<meta property=\"og:url\" content=\"https:\/\/www.agma.com\/sv\/kallelse-till-bolagsstamma-for-utdelning-av-industrial-solar\/\" \/>\n<meta property=\"og:site_name\" content=\"Absolicon\" \/>\n<meta property=\"article:published_time\" content=\"2018-09-17T00:00:00+00:00\" \/>\n<meta property=\"og:image\" content=\"https:\/\/www.agma.comwp-content\/sembly_data\/thumbnail\/36\/5a35c99060ee6f98f7d181bd6ce6ed.png?177665\" \/>\n<meta name=\"author\" content=\"jakubschenk\" \/>\n<meta name=\"twitter:card\" content=\"summary_large_image\" \/>\n<meta name=\"twitter:label1\" content=\"Skriven av\" \/>\n\t<meta name=\"twitter:data1\" content=\"jakubschenk\" \/>\n<script type=\"application\/ld+json\" class=\"yoast-schema-graph\">{\"@context\":\"https:\\\/\\\/schema.org\",\"@graph\":[{\"@type\":\"Article\",\"@id\":\"https:\\\/\\\/www.agma.com\\\/sv\\\/kallelse-till-bolagsstamma-for-utdelning-av-industrial-solar\\\/#article\",\"isPartOf\":{\"@id\":\"https:\\\/\\\/www.agma.com\\\/sv\\\/kallelse-till-bolagsstamma-for-utdelning-av-industrial-solar\\\/\"},\"author\":{\"name\":\"jakubschenk\",\"@id\":\"https:\\\/\\\/www.agma.com\\\/sv\\\/#\\\/schema\\\/person\\\/6820b3ce1cc37edbaecc979090760d8b\"},\"headline\":\"Kallelse till bolagsst\u00e4mma f\u00f6r utdelning av \u201dIndustrial Solar\u201d\",\"datePublished\":\"2018-09-17T00:00:00+00:00\",\"mainEntityOfPage\":{\"@id\":\"https:\\\/\\\/www.agma.com\\\/sv\\\/kallelse-till-bolagsstamma-for-utdelning-av-industrial-solar\\\/\"},\"wordCount\":125,\"commentCount\":0,\"publisher\":{\"@id\":\"https:\\\/\\\/www.agma.com\\\/sv\\\/#organization\"},\"image\":{\"@id\":\"https:\\\/\\\/www.agma.com\\\/sv\\\/kallelse-till-bolagsstamma-for-utdelning-av-industrial-solar\\\/#primaryimage\"},\"thumbnailUrl\":\"https:\\\/\\\/www.agma.comwp-content\\\/sembly_data\\\/thumbnail\\\/36\\\/5a35c99060ee6f98f7d181bd6ce6ed.png?177665\",\"inLanguage\":\"sv-SE\",\"potentialAction\":[{\"@type\":\"CommentAction\",\"name\":\"Comment\",\"target\":[\"https:\\\/\\\/www.agma.com\\\/sv\\\/kallelse-till-bolagsstamma-for-utdelning-av-industrial-solar\\\/#respond\"]}]},{\"@type\":\"WebPage\",\"@id\":\"https:\\\/\\\/www.agma.com\\\/sv\\\/kallelse-till-bolagsstamma-for-utdelning-av-industrial-solar\\\/\",\"url\":\"https:\\\/\\\/www.agma.com\\\/sv\\\/kallelse-till-bolagsstamma-for-utdelning-av-industrial-solar\\\/\",\"name\":\"Kallelse till bolagsst\u00e4mma f\u00f6r utdelning av \u201dIndustrial Solar\u201d - Absolicon\",\"isPartOf\":{\"@id\":\"https:\\\/\\\/www.agma.com\\\/sv\\\/#website\"},\"primaryImageOfPage\":{\"@id\":\"https:\\\/\\\/www.agma.com\\\/sv\\\/kallelse-till-bolagsstamma-for-utdelning-av-industrial-solar\\\/#primaryimage\"},\"image\":{\"@id\":\"https:\\\/\\\/www.agma.com\\\/sv\\\/kallelse-till-bolagsstamma-for-utdelning-av-industrial-solar\\\/#primaryimage\"},\"thumbnailUrl\":\"https:\\\/\\\/www.agma.comwp-content\\\/sembly_data\\\/thumbnail\\\/36\\\/5a35c99060ee6f98f7d181bd6ce6ed.png?177665\",\"datePublished\":\"2018-09-17T00:00:00+00:00\",\"breadcrumb\":{\"@id\":\"https:\\\/\\\/www.agma.com\\\/sv\\\/kallelse-till-bolagsstamma-for-utdelning-av-industrial-solar\\\/#breadcrumb\"},\"inLanguage\":\"sv-SE\",\"potentialAction\":[{\"@type\":\"ReadAction\",\"target\":[\"https:\\\/\\\/www.agma.com\\\/sv\\\/kallelse-till-bolagsstamma-for-utdelning-av-industrial-solar\\\/\"]}]},{\"@type\":\"ImageObject\",\"inLanguage\":\"sv-SE\",\"@id\":\"https:\\\/\\\/www.agma.com\\\/sv\\\/kallelse-till-bolagsstamma-for-utdelning-av-industrial-solar\\\/#primaryimage\",\"url\":\"https:\\\/\\\/www.agma.comwp-content\\\/sembly_data\\\/thumbnail\\\/36\\\/5a35c99060ee6f98f7d181bd6ce6ed.png?177665\",\"contentUrl\":\"https:\\\/\\\/www.agma.comwp-content\\\/sembly_data\\\/thumbnail\\\/36\\\/5a35c99060ee6f98f7d181bd6ce6ed.png?177665\"},{\"@type\":\"BreadcrumbList\",\"@id\":\"https:\\\/\\\/www.agma.com\\\/sv\\\/kallelse-till-bolagsstamma-for-utdelning-av-industrial-solar\\\/#breadcrumb\",\"itemListElement\":[{\"@type\":\"ListItem\",\"position\":1,\"name\":\"Home\",\"item\":\"https:\\\/\\\/www.agma.com\\\/sv\\\/\"},{\"@type\":\"ListItem\",\"position\":2,\"name\":\"Kallelse till bolagsst\u00e4mma f\u00f6r utdelning av \u201dIndustrial Solar\u201d\"}]},{\"@type\":\"WebSite\",\"@id\":\"https:\\\/\\\/www.agma.com\\\/sv\\\/#website\",\"url\":\"https:\\\/\\\/www.agma.com\\\/sv\\\/\",\"name\":\"Absolicon\",\"description\":\"\",\"publisher\":{\"@id\":\"https:\\\/\\\/www.agma.com\\\/sv\\\/#organization\"},\"potentialAction\":[{\"@type\":\"SearchAction\",\"target\":{\"@type\":\"EntryPoint\",\"urlTemplate\":\"https:\\\/\\\/www.agma.com\\\/sv\\\/?s={search_term_string}\"},\"query-input\":{\"@type\":\"PropertyValueSpecification\",\"valueRequired\":true,\"valueName\":\"search_term_string\"}}],\"inLanguage\":\"sv-SE\"},{\"@type\":\"Organization\",\"@id\":\"https:\\\/\\\/www.agma.com\\\/sv\\\/#organization\",\"name\":\"Absolicon\",\"url\":\"https:\\\/\\\/www.agma.com\\\/sv\\\/\",\"logo\":{\"@type\":\"ImageObject\",\"inLanguage\":\"sv-SE\",\"@id\":\"https:\\\/\\\/www.agma.com\\\/sv\\\/#\\\/schema\\\/logo\\\/image\\\/\",\"url\":\"https:\\\/\\\/www.agma.com\\\/wp-content\\\/uploads\\\/2026\\\/04\\\/logotype_neg_blk.svg\",\"contentUrl\":\"https:\\\/\\\/www.agma.com\\\/wp-content\\\/uploads\\\/2026\\\/04\\\/logotype_neg_blk.svg\",\"width\":705,\"height\":83,\"caption\":\"Absolicon\"},\"image\":{\"@id\":\"https:\\\/\\\/www.agma.com\\\/sv\\\/#\\\/schema\\\/logo\\\/image\\\/\"}},{\"@type\":\"Person\",\"@id\":\"https:\\\/\\\/www.agma.com\\\/sv\\\/#\\\/schema\\\/person\\\/6820b3ce1cc37edbaecc979090760d8b\",\"name\":\"jakubschenk\",\"image\":{\"@type\":\"ImageObject\",\"inLanguage\":\"sv-SE\",\"@id\":\"https:\\\/\\\/secure.gravatar.com\\\/avatar\\\/0ab843002d4a58702560e02354e5f9a3206e13bbfaa9df5a188e463870f605cd?s=96&d=mm&r=g\",\"url\":\"https:\\\/\\\/secure.gravatar.com\\\/avatar\\\/0ab843002d4a58702560e02354e5f9a3206e13bbfaa9df5a188e463870f605cd?s=96&d=mm&r=g\",\"contentUrl\":\"https:\\\/\\\/secure.gravatar.com\\\/avatar\\\/0ab843002d4a58702560e02354e5f9a3206e13bbfaa9df5a188e463870f605cd?s=96&d=mm&r=g\",\"caption\":\"jakubschenk\"},\"sameAs\":[\"https:\\\/\\\/www.agma.com\"],\"url\":\"https:\\\/\\\/www.agma.com\\\/sv\\\/author\\\/jakubschenk\\\/\"}]}<\/script>\n<!-- \/ Yoast SEO plugin. -->","yoast_head_json":{"title":"Kallelse till bolagsst\u00e4mma f\u00f6r utdelning av \u201dIndustrial Solar\u201d - Absolicon","robots":{"index":"index","follow":"follow","max-snippet":"max-snippet:-1","max-image-preview":"max-image-preview:large","max-video-preview":"max-video-preview:-1"},"canonical":"https:\/\/www.agma.com\/sv\/kallelse-till-bolagsstamma-for-utdelning-av-industrial-solar\/","og_locale":"sv_SE","og_type":"article","og_title":"Kallelse till bolagsst\u00e4mma f\u00f6r utdelning av \u201dIndustrial Solar\u201d - Absolicon","og_description":"Aktie\u00e4garna i Absolicon Solar Collector, org. nr 556929-1957, kallas till extra bolagsst\u00e4mma 1 oktober 2018 kl. 13.00 p\u00e5 Fiskaregatan 11, H\u00e4rn\u00f6sand. Avst\u00e4mningsdag f\u00f6r r\u00f6str\u00e4tt \u00e4r 25 september. Anm\u00e4l ditt deltagande senast den 28 september 2018, f\u00f6re kl. 16.00. &gt;&gt; Kallelse extra bolagsst\u00e4mma oktober 2018 (PDF) &gt;&gt; L\u00e4s mer om utdelningen av aktierna och Absolicons strategi [&hellip;]","og_url":"https:\/\/www.agma.com\/sv\/kallelse-till-bolagsstamma-for-utdelning-av-industrial-solar\/","og_site_name":"Absolicon","article_published_time":"2018-09-17T00:00:00+00:00","og_image":[{"url":"https:\/\/www.agma.comwp-content\/sembly_data\/thumbnail\/36\/5a35c99060ee6f98f7d181bd6ce6ed.png?177665","type":"","width":"","height":""}],"author":"jakubschenk","twitter_card":"summary_large_image","twitter_misc":{"Skriven av":"jakubschenk"},"schema":{"@context":"https:\/\/schema.org","@graph":[{"@type":"Article","@id":"https:\/\/www.agma.com\/sv\/kallelse-till-bolagsstamma-for-utdelning-av-industrial-solar\/#article","isPartOf":{"@id":"https:\/\/www.agma.com\/sv\/kallelse-till-bolagsstamma-for-utdelning-av-industrial-solar\/"},"author":{"name":"jakubschenk","@id":"https:\/\/www.agma.com\/sv\/#\/schema\/person\/6820b3ce1cc37edbaecc979090760d8b"},"headline":"Kallelse till bolagsst\u00e4mma f\u00f6r utdelning av \u201dIndustrial Solar\u201d","datePublished":"2018-09-17T00:00:00+00:00","mainEntityOfPage":{"@id":"https:\/\/www.agma.com\/sv\/kallelse-till-bolagsstamma-for-utdelning-av-industrial-solar\/"},"wordCount":125,"commentCount":0,"publisher":{"@id":"https:\/\/www.agma.com\/sv\/#organization"},"image":{"@id":"https:\/\/www.agma.com\/sv\/kallelse-till-bolagsstamma-for-utdelning-av-industrial-solar\/#primaryimage"},"thumbnailUrl":"https:\/\/www.agma.comwp-content\/sembly_data\/thumbnail\/36\/5a35c99060ee6f98f7d181bd6ce6ed.png?177665","inLanguage":"sv-SE","potentialAction":[{"@type":"CommentAction","name":"Comment","target":["https:\/\/www.agma.com\/sv\/kallelse-till-bolagsstamma-for-utdelning-av-industrial-solar\/#respond"]}]},{"@type":"WebPage","@id":"https:\/\/www.agma.com\/sv\/kallelse-till-bolagsstamma-for-utdelning-av-industrial-solar\/","url":"https:\/\/www.agma.com\/sv\/kallelse-till-bolagsstamma-for-utdelning-av-industrial-solar\/","name":"Kallelse till bolagsst\u00e4mma f\u00f6r utdelning av \u201dIndustrial Solar\u201d - Absolicon","isPartOf":{"@id":"https:\/\/www.agma.com\/sv\/#website"},"primaryImageOfPage":{"@id":"https:\/\/www.agma.com\/sv\/kallelse-till-bolagsstamma-for-utdelning-av-industrial-solar\/#primaryimage"},"image":{"@id":"https:\/\/www.agma.com\/sv\/kallelse-till-bolagsstamma-for-utdelning-av-industrial-solar\/#primaryimage"},"thumbnailUrl":"https:\/\/www.agma.comwp-content\/sembly_data\/thumbnail\/36\/5a35c99060ee6f98f7d181bd6ce6ed.png?177665","datePublished":"2018-09-17T00:00:00+00:00","breadcrumb":{"@id":"https:\/\/www.agma.com\/sv\/kallelse-till-bolagsstamma-for-utdelning-av-industrial-solar\/#breadcrumb"},"inLanguage":"sv-SE","potentialAction":[{"@type":"ReadAction","target":["https:\/\/www.agma.com\/sv\/kallelse-till-bolagsstamma-for-utdelning-av-industrial-solar\/"]}]},{"@type":"ImageObject","inLanguage":"sv-SE","@id":"https:\/\/www.agma.com\/sv\/kallelse-till-bolagsstamma-for-utdelning-av-industrial-solar\/#primaryimage","url":"https:\/\/www.agma.comwp-content\/sembly_data\/thumbnail\/36\/5a35c99060ee6f98f7d181bd6ce6ed.png?177665","contentUrl":"https:\/\/www.agma.comwp-content\/sembly_data\/thumbnail\/36\/5a35c99060ee6f98f7d181bd6ce6ed.png?177665"},{"@type":"BreadcrumbList","@id":"https:\/\/www.agma.com\/sv\/kallelse-till-bolagsstamma-for-utdelning-av-industrial-solar\/#breadcrumb","itemListElement":[{"@type":"ListItem","position":1,"name":"Home","item":"https:\/\/www.agma.com\/sv\/"},{"@type":"ListItem","position":2,"name":"Kallelse till bolagsst\u00e4mma f\u00f6r utdelning av \u201dIndustrial Solar\u201d"}]},{"@type":"WebSite","@id":"https:\/\/www.agma.com\/sv\/#website","url":"https:\/\/www.agma.com\/sv\/","name":"Absolicon","description":"","publisher":{"@id":"https:\/\/www.agma.com\/sv\/#organization"},"potentialAction":[{"@type":"SearchAction","target":{"@type":"EntryPoint","urlTemplate":"https:\/\/www.agma.com\/sv\/?s={search_term_string}"},"query-input":{"@type":"PropertyValueSpecification","valueRequired":true,"valueName":"search_term_string"}}],"inLanguage":"sv-SE"},{"@type":"Organization","@id":"https:\/\/www.agma.com\/sv\/#organization","name":"Absolicon","url":"https:\/\/www.agma.com\/sv\/","logo":{"@type":"ImageObject","inLanguage":"sv-SE","@id":"https:\/\/www.agma.com\/sv\/#\/schema\/logo\/image\/","url":"https:\/\/www.agma.com\/wp-content\/uploads\/2026\/04\/logotype_neg_blk.svg","contentUrl":"https:\/\/www.agma.com\/wp-content\/uploads\/2026\/04\/logotype_neg_blk.svg","width":705,"height":83,"caption":"Absolicon"},"image":{"@id":"https:\/\/www.agma.com\/sv\/#\/schema\/logo\/image\/"}},{"@type":"Person","@id":"https:\/\/www.agma.com\/sv\/#\/schema\/person\/6820b3ce1cc37edbaecc979090760d8b","name":"jakubschenk","image":{"@type":"ImageObject","inLanguage":"sv-SE","@id":"https:\/\/secure.gravatar.com\/avatar\/0ab843002d4a58702560e02354e5f9a3206e13bbfaa9df5a188e463870f605cd?s=96&d=mm&r=g","url":"https:\/\/secure.gravatar.com\/avatar\/0ab843002d4a58702560e02354e5f9a3206e13bbfaa9df5a188e463870f605cd?s=96&d=mm&r=g","contentUrl":"https:\/\/secure.gravatar.com\/avatar\/0ab843002d4a58702560e02354e5f9a3206e13bbfaa9df5a188e463870f605cd?s=96&d=mm&r=g","caption":"jakubschenk"},"sameAs":["https:\/\/www.agma.com"],"url":"https:\/\/www.agma.com\/sv\/author\/jakubschenk\/"}]}},"_links":{"self":[{"href":"https:\/\/www.agma.com\/sv\/wp-json\/wp\/v2\/posts\/8936","targetHints":{"allow":["GET"]}}],"collection":[{"href":"https:\/\/www.agma.com\/sv\/wp-json\/wp\/v2\/posts"}],"about":[{"href":"https:\/\/www.agma.com\/sv\/wp-json\/wp\/v2\/types\/post"}],"author":[{"embeddable":true,"href":"https:\/\/www.agma.com\/sv\/wp-json\/wp\/v2\/users\/1"}],"replies":[{"embeddable":true,"href":"https:\/\/www.agma.com\/sv\/wp-json\/wp\/v2\/comments?post=8936"}],"version-history":[{"count":0,"href":"https:\/\/www.agma.com\/sv\/wp-json\/wp\/v2\/posts\/8936\/revisions"}],"wp:attachment":[{"href":"https:\/\/www.agma.com\/sv\/wp-json\/wp\/v2\/media?parent=8936"}],"wp:term":[{"taxonomy":"category","embeddable":true,"href":"https:\/\/www.agma.com\/sv\/wp-json\/wp\/v2\/categories?post=8936"},{"taxonomy":"post_tag","embeddable":true,"href":"https:\/\/www.agma.com\/sv\/wp-json\/wp\/v2\/tags?post=8936"}],"curies":[{"name":"wp","href":"https:\/\/api.w.org\/{rel}","templated":true}]}}