{"id":8939,"date":"2018-10-02T00:00:00","date_gmt":"2018-10-02T00:00:00","guid":{"rendered":"https:\/\/www.absolicon.com\/absolicon-solar-collector-ab-kommunike-fran-extra-bolagsstamma-2018-10-01\/"},"modified":"2018-10-02T00:00:00","modified_gmt":"2018-10-02T00:00:00","slug":"absolicon-solar-collector-ab-kommunike-fran-extra-bolagsstamma-2018-10-01","status":"publish","type":"post","link":"https:\/\/www.agma.com\/sv\/absolicon-solar-collector-ab-kommunike-fran-extra-bolagsstamma-2018-10-01\/","title":{"rendered":"Absolicon Solar Collector AB: Kommunik\u00e9 fr\u00e5n extra bolagsst\u00e4mma 2018-10-01"},"content":{"rendered":"<table width=\"100%\" border=\"0\" cellspacing=\"0\" cellpadding=\"0\">\n<tbody>\n<tr>\n<td valign=\"top\">\n<table width=\"100%\" border=\"0\" cellspacing=\"0\" cellpadding=\"0\" align=\"left\">\n<tbody>\n<tr>\n<td valign=\"top\" width=\"600\">\n<table width=\"100%\" border=\"0\" cellspacing=\"0\" cellpadding=\"0\" align=\"left\">\n<tbody>\n<tr>\n<td valign=\"top\">[ingress]Absolicon har p\u00e5 extra bolagsst\u00e4mma beslutat att dela ut sina aktier i Industrial Solar till Absolicons aktie\u00e4gare. Varje aktie i Absolicon ger tv\u00e5 aktier i Industrial Solar.[\/ingress]Huvudsakliga besluten vid \u00e5rsst\u00e4mman:<\/p>\n<ul>\n<li>Vid st\u00e4mman var 488 305 (37,7 %) av totalt 1 295 669 aktier representerade.<\/li>\n<li>St\u00e4mman beslutade att anta styrelsens f\u00f6rslag under punkt 7 till utdelning av aktier i Industrial Solar till Absolicons aktie\u00e4gare enligt kallelse, men med f\u00f6r\u00e4ndringen att s\u00e4tta avst\u00e4mningsdagen till 2018-10-11.<\/li>\n<li>Industrial Solar har idag 5 081 055 aktier och 500 000 kr i aktiekapital. Absolicon \u00e4ger 51% eller 2 591 338 aktier. Beslutet inneb\u00e4r att dessa aktier skall delas ut till de som \u00e4r aktie\u00e4gare i Absolicon p\u00e5 avst\u00e4mningsdagen 2018-10-11. Absolicon har 1 295 669 aktier, s\u00e5 en (1) aktie man \u00e4ger i Absolicon ger tv\u00e5 aktier i Industrial Solar.<\/li>\n<\/ul>\n<p>Ett femtontal aktie\u00e4gare deltog p\u00e5 bolagsst\u00e4mman som inleddes med en presentation av Industrial Solar Holding Europe AB (Industrial Solar), kaffe och en visning av produktionslinan i Absolicons lokaler. Alla beslut var enh\u00e4lliga.<br \/>\nNoteringar fr\u00e5n presentationen av Industrial Solar<br \/>\nUnder presentationen redogjorde vd Joakim Bystr\u00f6m f\u00f6r n\u00e5gra fr\u00e5gest\u00e4llningar kring Industrial Solar.<br \/>\n<strong><\/strong><\/p>\n<p>&nbsp;<\/p>\n<p><strong>Vad \u00e4r Industrial Solar?<\/strong><\/p>\n<ul>\n<li>Tyska Industrial Solar \u00e4r ett av de f\u00e5 f\u00f6retag i v\u00e4rlden som s\u00e4ljer nyckelf\u00e4rdiga solenergil\u00f6sningar till industrier.<\/li>\n<li>Industrial Solar har utvecklat en Fresnel solf\u00e5ngare, LF-11, och gjort ett antal imponerande installationer i industrier.<\/li>\n<li>Fresnel solf\u00e5ngaren arbetar p\u00e5 h\u00f6ga temperaturer, 160 \u2013 400 grader, men har l\u00e4gre utbyte \u00e4n Absolicon T160. Den passar till andra industriella till\u00e4mpningar \u00e4n T160.<\/li>\n<\/ul>\n<p>&nbsp;<\/p>\n<p><strong>Varf\u00f6r har Absolicon f\u00f6rv\u00e4rvat Industrial Solar?<\/strong><\/p>\n<ul>\n<li>Det var en mycket god aff\u00e4r att f\u00f6rv\u00e4rva bolaget som har stor kunskap inom omr\u00e5det koncentrerad solenergi och mycket stor potential<\/li>\n<li>Det finns stora synergieffekter med Absolicon inom f\u00f6rs\u00e4ljning, ink\u00f6p och utveckling<\/li>\n<li>Absolicon f\u00e5r ett \u201dentreprenadf\u00f6retag\u201d som kan g\u00f6ra nyckelf\u00e4rdiga installationer av Absolicons solf\u00e5ngare hos industrier<\/li>\n<li>Industrial Solar har ett omfattande n\u00e4tverk som kompletterar Absolicons kontakter<\/li>\n<\/ul>\n<p>&nbsp;<\/p>\n<p><strong>Varf\u00f6r delar Absolicon ut Industrial Solar?<\/strong><\/p>\n<ul>\n<li>Industrial Solar har ett starkt varum\u00e4rke, en egen identitet och egna starka egna id\u00e9er om hur marknaden skall utvecklas som inte skulle \u00f6verleva i en koncern.<\/li>\n<li>Absolicon \u00e4r fokuserat p\u00e5 att s\u00e4lja produktionslinor. Att driva en koncern med ett tyskt dotterbolag med helt separat aff\u00e4rsid\u00e9 skulle splittra arbetet.<\/li>\n<li>Vi spekulerar i att det sammanlagda aktie\u00e4garv\u00e4rdet kan bli st\u00f6rre med tv\u00e5 separata bolag noterade p\u00e5 Spotlight \u00e4n med ett Absolicon som spretar \u00e5t olika h\u00e5ll.<\/li>\n<\/ul>\n<p>&nbsp;<\/p>\n<p><strong>Kommer synergieffekterna att kunna bevaras n\u00e4r Industrial Solar inte l\u00e4ngre \u00e4r ett dotterbolag till Absolicon?<\/strong><\/p>\n<ul>\n<li>Synergieffekterna \u00e4r starka och bolagen konkurrerar inte, utan b\u00e5da har mycket att vinna p\u00e5 samarbete.<\/li>\n<li>Absolicons \u00e4gare kommer att kontrollera Industrial Solar under \u00f6versk\u00e5dlig framtid.<\/li>\n<li>Absolicons vd Joakim Bystr\u00f6m kommer att vara ordf\u00f6rande f\u00f6r Industrial Solar.<\/li>\n<li>Samarbetet kan ske p\u00e5 kommersiella villkor. T.ex. f\u00e5r Industrial Solar en kommission n\u00e4r de s\u00e4ljer Absolicons produktionslinor.<\/li>\n<\/ul>\n<p>&nbsp;<\/p>\n<p><strong>Vad inneb\u00e4r utdelningen av Industrial Solar f\u00f6r mig som aktie\u00e4gare?<\/strong><\/p>\n<ul>\n<li>Inom n\u00e5gon vecka kommer en ny aktie att dyka upp p\u00e5 din dep\u00e5, Industrial Solar. Aktierna \u00e4r en utdelning enligt Lex Asea och inneb\u00e4r ingen kostnad eller skatteeffekt.<\/li>\n<li>F\u00f6r varje aktie som du har i Absolicon 2018-10-11 f\u00e5r du tv\u00e5 aktier i Industrial Solar.<\/li>\n<li>I slutet av oktober kommer du f\u00e5 ett erbjudande att delta i f\u00f6retr\u00e4desemission Industrial Solar.<\/li>\n<li>Industrial Solar har ans\u00f6kt om notering p\u00e5 Spotlight. N\u00e4r det skett kommer akterna \u00e4ven ha ett v\u00e4rde i din dep\u00e5 och g\u00e5 att k\u00f6pa och s\u00e4lja.<\/li>\n<\/ul>\n<p>&nbsp;<\/p>\n<p>Absolicon r\u00e4knar med att kunna g\u00f6ra hela transaktionen och \u00f6verl\u00e4mna sina aktier i Industrial Solar som utdelning till Absolicons aktie\u00e4gare med i slut\u00e4ndan minimal p\u00e5verkan p\u00e5 Absolicons kassafl\u00f6de 2018\/2019, under 1 MSEK.<\/td>\n<\/tr>\n<\/tbody>\n<\/table>\n<\/td>\n<\/tr>\n<\/tbody>\n<\/table>\n<\/td>\n<\/tr>\n<\/tbody>\n<\/table>\n<p>&nbsp;<\/p>\n","protected":false},"excerpt":{"rendered":"<p>[ingress]Absolicon har p\u00e5 extra bolagsst\u00e4mma beslutat att dela ut sina aktier i Industrial Solar till Absolicons aktie\u00e4gare. Varje aktie i Absolicon ger tv\u00e5 aktier i Industrial Solar.[\/ingress]Huvudsakliga besluten vid \u00e5rsst\u00e4mman: Vid st\u00e4mman var 488 305 (37,7 %) av totalt 1 295 669 aktier representerade. St\u00e4mman beslutade att anta styrelsens f\u00f6rslag under punkt 7 till utdelning [&hellip;]<\/p>\n","protected":false},"author":1,"featured_media":0,"comment_status":"open","ping_status":"open","sticky":false,"template":"","format":"standard","meta":{"_acf_changed":false,"footnotes":""},"categories":[],"tags":[],"class_list":["post-8939","post","type-post","status-publish","format-standard","hentry"],"acf":[],"yoast_head":"<!-- This site is optimized with the Yoast SEO plugin v27.4 - https:\/\/yoast.com\/product\/yoast-seo-wordpress\/ -->\n<title>Absolicon Solar Collector AB: Kommunik\u00e9 fr\u00e5n extra bolagsst\u00e4mma 2018-10-01 - Absolicon<\/title>\n<meta name=\"robots\" content=\"index, follow, max-snippet:-1, max-image-preview:large, max-video-preview:-1\" \/>\n<link rel=\"canonical\" href=\"https:\/\/www.agma.com\/sv\/absolicon-solar-collector-ab-kommunike-fran-extra-bolagsstamma-2018-10-01\/\" \/>\n<meta property=\"og:locale\" content=\"sv_SE\" \/>\n<meta property=\"og:type\" content=\"article\" \/>\n<meta property=\"og:title\" content=\"Absolicon Solar Collector AB: Kommunik\u00e9 fr\u00e5n extra bolagsst\u00e4mma 2018-10-01 - Absolicon\" \/>\n<meta property=\"og:description\" content=\"[ingress]Absolicon har p\u00e5 extra bolagsst\u00e4mma beslutat att dela ut sina aktier i Industrial Solar till Absolicons aktie\u00e4gare. Varje aktie i Absolicon ger tv\u00e5 aktier i Industrial Solar.[\/ingress]Huvudsakliga besluten vid \u00e5rsst\u00e4mman: Vid st\u00e4mman var 488 305 (37,7 %) av totalt 1 295 669 aktier representerade. St\u00e4mman beslutade att anta styrelsens f\u00f6rslag under punkt 7 till utdelning [&hellip;]\" \/>\n<meta property=\"og:url\" content=\"https:\/\/www.agma.com\/sv\/absolicon-solar-collector-ab-kommunike-fran-extra-bolagsstamma-2018-10-01\/\" \/>\n<meta property=\"og:site_name\" content=\"Absolicon\" \/>\n<meta property=\"article:published_time\" content=\"2018-10-02T00:00:00+00:00\" \/>\n<meta name=\"author\" content=\"jakubschenk\" \/>\n<meta name=\"twitter:card\" content=\"summary_large_image\" \/>\n<meta name=\"twitter:label1\" content=\"Skriven av\" \/>\n\t<meta name=\"twitter:data1\" content=\"jakubschenk\" \/>\n<script type=\"application\/ld+json\" class=\"yoast-schema-graph\">{\"@context\":\"https:\\\/\\\/schema.org\",\"@graph\":[{\"@type\":\"Article\",\"@id\":\"https:\\\/\\\/www.agma.com\\\/sv\\\/absolicon-solar-collector-ab-kommunike-fran-extra-bolagsstamma-2018-10-01\\\/#article\",\"isPartOf\":{\"@id\":\"https:\\\/\\\/www.agma.com\\\/sv\\\/absolicon-solar-collector-ab-kommunike-fran-extra-bolagsstamma-2018-10-01\\\/\"},\"author\":{\"name\":\"jakubschenk\",\"@id\":\"https:\\\/\\\/www.agma.com\\\/sv\\\/#\\\/schema\\\/person\\\/6820b3ce1cc37edbaecc979090760d8b\"},\"headline\":\"Absolicon Solar Collector AB: Kommunik\u00e9 fr\u00e5n extra bolagsst\u00e4mma 2018-10-01\",\"datePublished\":\"2018-10-02T00:00:00+00:00\",\"mainEntityOfPage\":{\"@id\":\"https:\\\/\\\/www.agma.com\\\/sv\\\/absolicon-solar-collector-ab-kommunike-fran-extra-bolagsstamma-2018-10-01\\\/\"},\"wordCount\":671,\"commentCount\":0,\"publisher\":{\"@id\":\"https:\\\/\\\/www.agma.com\\\/sv\\\/#organization\"},\"inLanguage\":\"sv-SE\",\"potentialAction\":[{\"@type\":\"CommentAction\",\"name\":\"Comment\",\"target\":[\"https:\\\/\\\/www.agma.com\\\/sv\\\/absolicon-solar-collector-ab-kommunike-fran-extra-bolagsstamma-2018-10-01\\\/#respond\"]}]},{\"@type\":\"WebPage\",\"@id\":\"https:\\\/\\\/www.agma.com\\\/sv\\\/absolicon-solar-collector-ab-kommunike-fran-extra-bolagsstamma-2018-10-01\\\/\",\"url\":\"https:\\\/\\\/www.agma.com\\\/sv\\\/absolicon-solar-collector-ab-kommunike-fran-extra-bolagsstamma-2018-10-01\\\/\",\"name\":\"Absolicon Solar Collector AB: Kommunik\u00e9 fr\u00e5n extra bolagsst\u00e4mma 2018-10-01 - Absolicon\",\"isPartOf\":{\"@id\":\"https:\\\/\\\/www.agma.com\\\/sv\\\/#website\"},\"datePublished\":\"2018-10-02T00:00:00+00:00\",\"breadcrumb\":{\"@id\":\"https:\\\/\\\/www.agma.com\\\/sv\\\/absolicon-solar-collector-ab-kommunike-fran-extra-bolagsstamma-2018-10-01\\\/#breadcrumb\"},\"inLanguage\":\"sv-SE\",\"potentialAction\":[{\"@type\":\"ReadAction\",\"target\":[\"https:\\\/\\\/www.agma.com\\\/sv\\\/absolicon-solar-collector-ab-kommunike-fran-extra-bolagsstamma-2018-10-01\\\/\"]}]},{\"@type\":\"BreadcrumbList\",\"@id\":\"https:\\\/\\\/www.agma.com\\\/sv\\\/absolicon-solar-collector-ab-kommunike-fran-extra-bolagsstamma-2018-10-01\\\/#breadcrumb\",\"itemListElement\":[{\"@type\":\"ListItem\",\"position\":1,\"name\":\"Home\",\"item\":\"https:\\\/\\\/www.agma.com\\\/sv\\\/\"},{\"@type\":\"ListItem\",\"position\":2,\"name\":\"Absolicon Solar Collector AB: Kommunik\u00e9 fr\u00e5n extra bolagsst\u00e4mma 2018-10-01\"}]},{\"@type\":\"WebSite\",\"@id\":\"https:\\\/\\\/www.agma.com\\\/sv\\\/#website\",\"url\":\"https:\\\/\\\/www.agma.com\\\/sv\\\/\",\"name\":\"Absolicon\",\"description\":\"\",\"publisher\":{\"@id\":\"https:\\\/\\\/www.agma.com\\\/sv\\\/#organization\"},\"potentialAction\":[{\"@type\":\"SearchAction\",\"target\":{\"@type\":\"EntryPoint\",\"urlTemplate\":\"https:\\\/\\\/www.agma.com\\\/sv\\\/?s={search_term_string}\"},\"query-input\":{\"@type\":\"PropertyValueSpecification\",\"valueRequired\":true,\"valueName\":\"search_term_string\"}}],\"inLanguage\":\"sv-SE\"},{\"@type\":\"Organization\",\"@id\":\"https:\\\/\\\/www.agma.com\\\/sv\\\/#organization\",\"name\":\"Absolicon\",\"url\":\"https:\\\/\\\/www.agma.com\\\/sv\\\/\",\"logo\":{\"@type\":\"ImageObject\",\"inLanguage\":\"sv-SE\",\"@id\":\"https:\\\/\\\/www.agma.com\\\/sv\\\/#\\\/schema\\\/logo\\\/image\\\/\",\"url\":\"https:\\\/\\\/www.agma.com\\\/wp-content\\\/uploads\\\/2026\\\/04\\\/logotype_neg_blk.svg\",\"contentUrl\":\"https:\\\/\\\/www.agma.com\\\/wp-content\\\/uploads\\\/2026\\\/04\\\/logotype_neg_blk.svg\",\"width\":705,\"height\":83,\"caption\":\"Absolicon\"},\"image\":{\"@id\":\"https:\\\/\\\/www.agma.com\\\/sv\\\/#\\\/schema\\\/logo\\\/image\\\/\"}},{\"@type\":\"Person\",\"@id\":\"https:\\\/\\\/www.agma.com\\\/sv\\\/#\\\/schema\\\/person\\\/6820b3ce1cc37edbaecc979090760d8b\",\"name\":\"jakubschenk\",\"image\":{\"@type\":\"ImageObject\",\"inLanguage\":\"sv-SE\",\"@id\":\"https:\\\/\\\/secure.gravatar.com\\\/avatar\\\/0ab843002d4a58702560e02354e5f9a3206e13bbfaa9df5a188e463870f605cd?s=96&d=mm&r=g\",\"url\":\"https:\\\/\\\/secure.gravatar.com\\\/avatar\\\/0ab843002d4a58702560e02354e5f9a3206e13bbfaa9df5a188e463870f605cd?s=96&d=mm&r=g\",\"contentUrl\":\"https:\\\/\\\/secure.gravatar.com\\\/avatar\\\/0ab843002d4a58702560e02354e5f9a3206e13bbfaa9df5a188e463870f605cd?s=96&d=mm&r=g\",\"caption\":\"jakubschenk\"},\"sameAs\":[\"https:\\\/\\\/www.agma.com\"],\"url\":\"https:\\\/\\\/www.agma.com\\\/sv\\\/author\\\/jakubschenk\\\/\"}]}<\/script>\n<!-- \/ Yoast SEO plugin. -->","yoast_head_json":{"title":"Absolicon Solar Collector AB: Kommunik\u00e9 fr\u00e5n extra bolagsst\u00e4mma 2018-10-01 - Absolicon","robots":{"index":"index","follow":"follow","max-snippet":"max-snippet:-1","max-image-preview":"max-image-preview:large","max-video-preview":"max-video-preview:-1"},"canonical":"https:\/\/www.agma.com\/sv\/absolicon-solar-collector-ab-kommunike-fran-extra-bolagsstamma-2018-10-01\/","og_locale":"sv_SE","og_type":"article","og_title":"Absolicon Solar Collector AB: Kommunik\u00e9 fr\u00e5n extra bolagsst\u00e4mma 2018-10-01 - Absolicon","og_description":"[ingress]Absolicon har p\u00e5 extra bolagsst\u00e4mma beslutat att dela ut sina aktier i Industrial Solar till Absolicons aktie\u00e4gare. Varje aktie i Absolicon ger tv\u00e5 aktier i Industrial Solar.[\/ingress]Huvudsakliga besluten vid \u00e5rsst\u00e4mman: Vid st\u00e4mman var 488 305 (37,7 %) av totalt 1 295 669 aktier representerade. St\u00e4mman beslutade att anta styrelsens f\u00f6rslag under punkt 7 till utdelning [&hellip;]","og_url":"https:\/\/www.agma.com\/sv\/absolicon-solar-collector-ab-kommunike-fran-extra-bolagsstamma-2018-10-01\/","og_site_name":"Absolicon","article_published_time":"2018-10-02T00:00:00+00:00","author":"jakubschenk","twitter_card":"summary_large_image","twitter_misc":{"Skriven av":"jakubschenk"},"schema":{"@context":"https:\/\/schema.org","@graph":[{"@type":"Article","@id":"https:\/\/www.agma.com\/sv\/absolicon-solar-collector-ab-kommunike-fran-extra-bolagsstamma-2018-10-01\/#article","isPartOf":{"@id":"https:\/\/www.agma.com\/sv\/absolicon-solar-collector-ab-kommunike-fran-extra-bolagsstamma-2018-10-01\/"},"author":{"name":"jakubschenk","@id":"https:\/\/www.agma.com\/sv\/#\/schema\/person\/6820b3ce1cc37edbaecc979090760d8b"},"headline":"Absolicon Solar Collector AB: Kommunik\u00e9 fr\u00e5n extra bolagsst\u00e4mma 2018-10-01","datePublished":"2018-10-02T00:00:00+00:00","mainEntityOfPage":{"@id":"https:\/\/www.agma.com\/sv\/absolicon-solar-collector-ab-kommunike-fran-extra-bolagsstamma-2018-10-01\/"},"wordCount":671,"commentCount":0,"publisher":{"@id":"https:\/\/www.agma.com\/sv\/#organization"},"inLanguage":"sv-SE","potentialAction":[{"@type":"CommentAction","name":"Comment","target":["https:\/\/www.agma.com\/sv\/absolicon-solar-collector-ab-kommunike-fran-extra-bolagsstamma-2018-10-01\/#respond"]}]},{"@type":"WebPage","@id":"https:\/\/www.agma.com\/sv\/absolicon-solar-collector-ab-kommunike-fran-extra-bolagsstamma-2018-10-01\/","url":"https:\/\/www.agma.com\/sv\/absolicon-solar-collector-ab-kommunike-fran-extra-bolagsstamma-2018-10-01\/","name":"Absolicon Solar Collector AB: Kommunik\u00e9 fr\u00e5n extra bolagsst\u00e4mma 2018-10-01 - Absolicon","isPartOf":{"@id":"https:\/\/www.agma.com\/sv\/#website"},"datePublished":"2018-10-02T00:00:00+00:00","breadcrumb":{"@id":"https:\/\/www.agma.com\/sv\/absolicon-solar-collector-ab-kommunike-fran-extra-bolagsstamma-2018-10-01\/#breadcrumb"},"inLanguage":"sv-SE","potentialAction":[{"@type":"ReadAction","target":["https:\/\/www.agma.com\/sv\/absolicon-solar-collector-ab-kommunike-fran-extra-bolagsstamma-2018-10-01\/"]}]},{"@type":"BreadcrumbList","@id":"https:\/\/www.agma.com\/sv\/absolicon-solar-collector-ab-kommunike-fran-extra-bolagsstamma-2018-10-01\/#breadcrumb","itemListElement":[{"@type":"ListItem","position":1,"name":"Home","item":"https:\/\/www.agma.com\/sv\/"},{"@type":"ListItem","position":2,"name":"Absolicon Solar Collector AB: Kommunik\u00e9 fr\u00e5n extra bolagsst\u00e4mma 2018-10-01"}]},{"@type":"WebSite","@id":"https:\/\/www.agma.com\/sv\/#website","url":"https:\/\/www.agma.com\/sv\/","name":"Absolicon","description":"","publisher":{"@id":"https:\/\/www.agma.com\/sv\/#organization"},"potentialAction":[{"@type":"SearchAction","target":{"@type":"EntryPoint","urlTemplate":"https:\/\/www.agma.com\/sv\/?s={search_term_string}"},"query-input":{"@type":"PropertyValueSpecification","valueRequired":true,"valueName":"search_term_string"}}],"inLanguage":"sv-SE"},{"@type":"Organization","@id":"https:\/\/www.agma.com\/sv\/#organization","name":"Absolicon","url":"https:\/\/www.agma.com\/sv\/","logo":{"@type":"ImageObject","inLanguage":"sv-SE","@id":"https:\/\/www.agma.com\/sv\/#\/schema\/logo\/image\/","url":"https:\/\/www.agma.com\/wp-content\/uploads\/2026\/04\/logotype_neg_blk.svg","contentUrl":"https:\/\/www.agma.com\/wp-content\/uploads\/2026\/04\/logotype_neg_blk.svg","width":705,"height":83,"caption":"Absolicon"},"image":{"@id":"https:\/\/www.agma.com\/sv\/#\/schema\/logo\/image\/"}},{"@type":"Person","@id":"https:\/\/www.agma.com\/sv\/#\/schema\/person\/6820b3ce1cc37edbaecc979090760d8b","name":"jakubschenk","image":{"@type":"ImageObject","inLanguage":"sv-SE","@id":"https:\/\/secure.gravatar.com\/avatar\/0ab843002d4a58702560e02354e5f9a3206e13bbfaa9df5a188e463870f605cd?s=96&d=mm&r=g","url":"https:\/\/secure.gravatar.com\/avatar\/0ab843002d4a58702560e02354e5f9a3206e13bbfaa9df5a188e463870f605cd?s=96&d=mm&r=g","contentUrl":"https:\/\/secure.gravatar.com\/avatar\/0ab843002d4a58702560e02354e5f9a3206e13bbfaa9df5a188e463870f605cd?s=96&d=mm&r=g","caption":"jakubschenk"},"sameAs":["https:\/\/www.agma.com"],"url":"https:\/\/www.agma.com\/sv\/author\/jakubschenk\/"}]}},"_links":{"self":[{"href":"https:\/\/www.agma.com\/sv\/wp-json\/wp\/v2\/posts\/8939","targetHints":{"allow":["GET"]}}],"collection":[{"href":"https:\/\/www.agma.com\/sv\/wp-json\/wp\/v2\/posts"}],"about":[{"href":"https:\/\/www.agma.com\/sv\/wp-json\/wp\/v2\/types\/post"}],"author":[{"embeddable":true,"href":"https:\/\/www.agma.com\/sv\/wp-json\/wp\/v2\/users\/1"}],"replies":[{"embeddable":true,"href":"https:\/\/www.agma.com\/sv\/wp-json\/wp\/v2\/comments?post=8939"}],"version-history":[{"count":0,"href":"https:\/\/www.agma.com\/sv\/wp-json\/wp\/v2\/posts\/8939\/revisions"}],"wp:attachment":[{"href":"https:\/\/www.agma.com\/sv\/wp-json\/wp\/v2\/media?parent=8939"}],"wp:term":[{"taxonomy":"category","embeddable":true,"href":"https:\/\/www.agma.com\/sv\/wp-json\/wp\/v2\/categories?post=8939"},{"taxonomy":"post_tag","embeddable":true,"href":"https:\/\/www.agma.com\/sv\/wp-json\/wp\/v2\/tags?post=8939"}],"curies":[{"name":"wp","href":"https:\/\/api.w.org\/{rel}","templated":true}]}}