{"id":8945,"date":"2018-12-04T00:00:00","date_gmt":"2018-12-04T00:00:00","guid":{"rendered":"https:\/\/www.absolicon.com\/4-december-ar-sista-dagen-att-teckna-aktier-for-6-20-kr-aktie-i-industrial-solar\/"},"modified":"2018-12-04T00:00:00","modified_gmt":"2018-12-04T00:00:00","slug":"4-december-ar-sista-dagen-att-teckna-aktier-for-6-20-kr-aktie-i-industrial-solar","status":"publish","type":"post","link":"https:\/\/www.agma.com\/sv\/4-december-ar-sista-dagen-att-teckna-aktier-for-6-20-kr-aktie-i-industrial-solar\/","title":{"rendered":"4 december \u00e4r sista dagen att teckna aktier f\u00f6r 6.20 kr\/aktie i Industrial Solar"},"content":{"rendered":"<p><a href=\"https:\/\/www.youtube.com\/watch?v=ibiUoACea6o&amp;t=24s\"><img fetchpriority=\"high\" decoding=\"async\" class=\"alignnone size-full wp-image-5104\" title=\"Industrial-Solar-GmbH\" src=\"https:\/\/www.agma.comwp-content\/uploads\/2018\/11\/Industrial-Solar-GmbH.jpg\" alt=\"\" width=\"400\" height=\"300\" \/><\/a><\/p>\n<p>Se filmen som presenterar Industrial Solars installation hos RAM Pharma i Amman.<\/p>\n<p>&nbsp;<\/p>\n<p><a href=\"https:\/\/www.agma.comwp-content\/uploads\/2018\/11\/2018_11_23_Industrial_Solar_8pager_SE_Web.pdf\"><img decoding=\"async\" class=\"alignnone size-full wp-image-5105\" title=\"hem-broschyr-med-teckningssedel-f\u00f6r-emissionen-i-Industrial-Solar\" src=\"https:\/\/www.agma.comwp-content\/uploads\/2018\/11\/hem-broschyr-med-teckningssedel-f\u00f6r-emissionen-i-Industrial-Solar.jpg\" alt=\"\" width=\"400\" height=\"300\" \/><\/a><\/p>\n<p>Ladda hem broschyr med anm\u00e4lningssedel f\u00f6r emissionen i Industrial Solar Holding Europe AB<\/p>\n<p>[ingress]Passa p\u00e5 att teckna aktier i Absolicons systerf\u00f6retag Industrial Solar som kan leverera v\u00e4rme upp till 400\u00b0C. Emissionen p\u00e5g\u00e5r nu fram till 4 december. Planerad notering p\u00e5 Spotlight 15 januari 2019.[\/ingress]<\/p>\n<p><strong><a href=\"https:\/\/www.signrportal.se\/portal\/732\/IndustrialSolarHoldingAB\">&gt;&gt; Teckna aktier online med Bank-ID hos Eminova<\/a><\/strong><\/p>\n<p><a href=\"https:\/\/www.agma.comwp-content\/uploads\/2018\/11\/2018_11_23_Industrial_Solar_8pager_SE_Web.pdf\">&gt;&gt; Ladda hem broschyr med anm\u00e4lningssedel (PDF 1,08 MB)<\/a><\/p>\n<p><a href=\"https:\/\/www.agma.comwp-content\/uploads\/2018\/11\/Industrial_Solar_Memorandum_ISHE_web.pdf\">&gt;&gt; Ladda hem memorandum (PDF 1.92 MB)<\/a><\/p>\n<p>&nbsp;<\/p>\n<h2>Annonser i Svenska dagbladet och Dagens industri<\/h2>\n<p><a href=\"https:\/\/www.agma.comwp-content\/uploads\/2018\/12\/IndustrialSolar_181128a.pdf\"><img decoding=\"async\" class=\"alignleft size-medium wp-image-5134\" title=\"Annons_SvD_2018-11-28 thumbnail\" src=\"https:\/\/www.agma.comwp-content\/sembly_data\/thumbnail\/57\/7799f9e843059be82bfcb9b2978e31.png?910025\" alt=\"\" width=\"209\" height=\"300\" \/><\/a>\u00a0<a href=\"https:\/\/www.agma.comwp-content\/uploads\/2018\/12\/Emissionindustrialsolar_mi_DagensIndustri.pdf\"><img loading=\"lazy\" decoding=\"async\" class=\"alignleft size-medium wp-image-5133\" title=\"Annons_DI_2018-12-04 thumbnail\" src=\"https:\/\/www.agma.comwp-content\/sembly_data\/thumbnail\/ae\/61df9e01d05f9d348311cc7322dce8.png?910076\" alt=\"\" width=\"216\" height=\"300\" \/><\/a><\/p>\n<p><a href=\"https:\/\/www.agma.comwp-content\/uploads\/2018\/12\/IndustrialSolar_181128a.pdf\">&gt;&gt;Svenska Dagbladet 2018-11-28<\/a><\/p>\n<p><a href=\"https:\/\/www.agma.comwp-content\/uploads\/2018\/12\/Emissionindustrialsolar_mi_DagensIndustri.pdf\">&gt;&gt;Dagens Industri 2018-12-01<\/a><\/p>\n","protected":false},"excerpt":{"rendered":"<p>Se filmen som presenterar Industrial Solars installation hos RAM Pharma i Amman. &nbsp; Ladda hem broschyr med anm\u00e4lningssedel f\u00f6r emissionen i Industrial Solar Holding Europe AB [ingress]Passa p\u00e5 att teckna aktier i Absolicons systerf\u00f6retag Industrial Solar som kan leverera v\u00e4rme upp till 400\u00b0C. Emissionen p\u00e5g\u00e5r nu fram till 4 december. Planerad notering p\u00e5 Spotlight 15 [&hellip;]<\/p>\n","protected":false},"author":1,"featured_media":0,"comment_status":"open","ping_status":"open","sticky":false,"template":"","format":"standard","meta":{"_acf_changed":false,"footnotes":""},"categories":[],"tags":[],"class_list":["post-8945","post","type-post","status-publish","format-standard","hentry"],"acf":[],"yoast_head":"<!-- This site is optimized with the Yoast SEO plugin v27.4 - https:\/\/yoast.com\/product\/yoast-seo-wordpress\/ -->\n<title>4 december \u00e4r sista dagen att teckna aktier f\u00f6r 6.20 kr\/aktie i Industrial Solar - Absolicon<\/title>\n<meta name=\"robots\" content=\"index, follow, max-snippet:-1, max-image-preview:large, max-video-preview:-1\" \/>\n<link rel=\"canonical\" href=\"https:\/\/www.agma.com\/sv\/4-december-ar-sista-dagen-att-teckna-aktier-for-6-20-kr-aktie-i-industrial-solar\/\" \/>\n<meta property=\"og:locale\" content=\"sv_SE\" \/>\n<meta property=\"og:type\" content=\"article\" \/>\n<meta property=\"og:title\" content=\"4 december \u00e4r sista dagen att teckna aktier f\u00f6r 6.20 kr\/aktie i Industrial Solar - Absolicon\" \/>\n<meta property=\"og:description\" content=\"Se filmen som presenterar Industrial Solars installation hos RAM Pharma i Amman. &nbsp; Ladda hem broschyr med anm\u00e4lningssedel f\u00f6r emissionen i Industrial Solar Holding Europe AB [ingress]Passa p\u00e5 att teckna aktier i Absolicons systerf\u00f6retag Industrial Solar som kan leverera v\u00e4rme upp till 400\u00b0C. Emissionen p\u00e5g\u00e5r nu fram till 4 december. Planerad notering p\u00e5 Spotlight 15 [&hellip;]\" \/>\n<meta property=\"og:url\" content=\"https:\/\/www.agma.com\/sv\/4-december-ar-sista-dagen-att-teckna-aktier-for-6-20-kr-aktie-i-industrial-solar\/\" \/>\n<meta property=\"og:site_name\" content=\"Absolicon\" \/>\n<meta property=\"article:published_time\" content=\"2018-12-04T00:00:00+00:00\" \/>\n<meta property=\"og:image\" content=\"https:\/\/www.agma.comwp-content\/uploads\/2018\/11\/Industrial-Solar-GmbH.jpg\" \/>\n<meta name=\"author\" content=\"jakubschenk\" \/>\n<meta name=\"twitter:card\" content=\"summary_large_image\" \/>\n<meta name=\"twitter:label1\" content=\"Skriven av\" \/>\n\t<meta name=\"twitter:data1\" content=\"jakubschenk\" \/>\n<script type=\"application\/ld+json\" class=\"yoast-schema-graph\">{\"@context\":\"https:\\\/\\\/schema.org\",\"@graph\":[{\"@type\":\"Article\",\"@id\":\"https:\\\/\\\/www.agma.com\\\/sv\\\/4-december-ar-sista-dagen-att-teckna-aktier-for-6-20-kr-aktie-i-industrial-solar\\\/#article\",\"isPartOf\":{\"@id\":\"https:\\\/\\\/www.agma.com\\\/sv\\\/4-december-ar-sista-dagen-att-teckna-aktier-for-6-20-kr-aktie-i-industrial-solar\\\/\"},\"author\":{\"name\":\"jakubschenk\",\"@id\":\"https:\\\/\\\/www.agma.com\\\/sv\\\/#\\\/schema\\\/person\\\/6820b3ce1cc37edbaecc979090760d8b\"},\"headline\":\"4 december \u00e4r sista dagen att teckna aktier f\u00f6r 6.20 kr\\\/aktie i Industrial Solar\",\"datePublished\":\"2018-12-04T00:00:00+00:00\",\"mainEntityOfPage\":{\"@id\":\"https:\\\/\\\/www.agma.com\\\/sv\\\/4-december-ar-sista-dagen-att-teckna-aktier-for-6-20-kr-aktie-i-industrial-solar\\\/\"},\"wordCount\":122,\"commentCount\":0,\"publisher\":{\"@id\":\"https:\\\/\\\/www.agma.com\\\/sv\\\/#organization\"},\"image\":{\"@id\":\"https:\\\/\\\/www.agma.com\\\/sv\\\/4-december-ar-sista-dagen-att-teckna-aktier-for-6-20-kr-aktie-i-industrial-solar\\\/#primaryimage\"},\"thumbnailUrl\":\"https:\\\/\\\/www.agma.comwp-content\\\/uploads\\\/2018\\\/11\\\/Industrial-Solar-GmbH.jpg\",\"inLanguage\":\"sv-SE\",\"potentialAction\":[{\"@type\":\"CommentAction\",\"name\":\"Comment\",\"target\":[\"https:\\\/\\\/www.agma.com\\\/sv\\\/4-december-ar-sista-dagen-att-teckna-aktier-for-6-20-kr-aktie-i-industrial-solar\\\/#respond\"]}]},{\"@type\":\"WebPage\",\"@id\":\"https:\\\/\\\/www.agma.com\\\/sv\\\/4-december-ar-sista-dagen-att-teckna-aktier-for-6-20-kr-aktie-i-industrial-solar\\\/\",\"url\":\"https:\\\/\\\/www.agma.com\\\/sv\\\/4-december-ar-sista-dagen-att-teckna-aktier-for-6-20-kr-aktie-i-industrial-solar\\\/\",\"name\":\"4 december \u00e4r sista dagen att teckna aktier f\u00f6r 6.20 kr\\\/aktie i Industrial Solar - Absolicon\",\"isPartOf\":{\"@id\":\"https:\\\/\\\/www.agma.com\\\/sv\\\/#website\"},\"primaryImageOfPage\":{\"@id\":\"https:\\\/\\\/www.agma.com\\\/sv\\\/4-december-ar-sista-dagen-att-teckna-aktier-for-6-20-kr-aktie-i-industrial-solar\\\/#primaryimage\"},\"image\":{\"@id\":\"https:\\\/\\\/www.agma.com\\\/sv\\\/4-december-ar-sista-dagen-att-teckna-aktier-for-6-20-kr-aktie-i-industrial-solar\\\/#primaryimage\"},\"thumbnailUrl\":\"https:\\\/\\\/www.agma.comwp-content\\\/uploads\\\/2018\\\/11\\\/Industrial-Solar-GmbH.jpg\",\"datePublished\":\"2018-12-04T00:00:00+00:00\",\"breadcrumb\":{\"@id\":\"https:\\\/\\\/www.agma.com\\\/sv\\\/4-december-ar-sista-dagen-att-teckna-aktier-for-6-20-kr-aktie-i-industrial-solar\\\/#breadcrumb\"},\"inLanguage\":\"sv-SE\",\"potentialAction\":[{\"@type\":\"ReadAction\",\"target\":[\"https:\\\/\\\/www.agma.com\\\/sv\\\/4-december-ar-sista-dagen-att-teckna-aktier-for-6-20-kr-aktie-i-industrial-solar\\\/\"]}]},{\"@type\":\"ImageObject\",\"inLanguage\":\"sv-SE\",\"@id\":\"https:\\\/\\\/www.agma.com\\\/sv\\\/4-december-ar-sista-dagen-att-teckna-aktier-for-6-20-kr-aktie-i-industrial-solar\\\/#primaryimage\",\"url\":\"https:\\\/\\\/www.agma.comwp-content\\\/uploads\\\/2018\\\/11\\\/Industrial-Solar-GmbH.jpg\",\"contentUrl\":\"https:\\\/\\\/www.agma.comwp-content\\\/uploads\\\/2018\\\/11\\\/Industrial-Solar-GmbH.jpg\"},{\"@type\":\"BreadcrumbList\",\"@id\":\"https:\\\/\\\/www.agma.com\\\/sv\\\/4-december-ar-sista-dagen-att-teckna-aktier-for-6-20-kr-aktie-i-industrial-solar\\\/#breadcrumb\",\"itemListElement\":[{\"@type\":\"ListItem\",\"position\":1,\"name\":\"Home\",\"item\":\"https:\\\/\\\/www.agma.com\\\/sv\\\/\"},{\"@type\":\"ListItem\",\"position\":2,\"name\":\"4 december \u00e4r sista dagen att teckna aktier f\u00f6r 6.20 kr\\\/aktie i Industrial Solar\"}]},{\"@type\":\"WebSite\",\"@id\":\"https:\\\/\\\/www.agma.com\\\/sv\\\/#website\",\"url\":\"https:\\\/\\\/www.agma.com\\\/sv\\\/\",\"name\":\"Absolicon\",\"description\":\"\",\"publisher\":{\"@id\":\"https:\\\/\\\/www.agma.com\\\/sv\\\/#organization\"},\"potentialAction\":[{\"@type\":\"SearchAction\",\"target\":{\"@type\":\"EntryPoint\",\"urlTemplate\":\"https:\\\/\\\/www.agma.com\\\/sv\\\/?s={search_term_string}\"},\"query-input\":{\"@type\":\"PropertyValueSpecification\",\"valueRequired\":true,\"valueName\":\"search_term_string\"}}],\"inLanguage\":\"sv-SE\"},{\"@type\":\"Organization\",\"@id\":\"https:\\\/\\\/www.agma.com\\\/sv\\\/#organization\",\"name\":\"Absolicon\",\"url\":\"https:\\\/\\\/www.agma.com\\\/sv\\\/\",\"logo\":{\"@type\":\"ImageObject\",\"inLanguage\":\"sv-SE\",\"@id\":\"https:\\\/\\\/www.agma.com\\\/sv\\\/#\\\/schema\\\/logo\\\/image\\\/\",\"url\":\"https:\\\/\\\/www.agma.com\\\/wp-content\\\/uploads\\\/2026\\\/04\\\/logotype_neg_blk.svg\",\"contentUrl\":\"https:\\\/\\\/www.agma.com\\\/wp-content\\\/uploads\\\/2026\\\/04\\\/logotype_neg_blk.svg\",\"width\":705,\"height\":83,\"caption\":\"Absolicon\"},\"image\":{\"@id\":\"https:\\\/\\\/www.agma.com\\\/sv\\\/#\\\/schema\\\/logo\\\/image\\\/\"}},{\"@type\":\"Person\",\"@id\":\"https:\\\/\\\/www.agma.com\\\/sv\\\/#\\\/schema\\\/person\\\/6820b3ce1cc37edbaecc979090760d8b\",\"name\":\"jakubschenk\",\"image\":{\"@type\":\"ImageObject\",\"inLanguage\":\"sv-SE\",\"@id\":\"https:\\\/\\\/secure.gravatar.com\\\/avatar\\\/0ab843002d4a58702560e02354e5f9a3206e13bbfaa9df5a188e463870f605cd?s=96&d=mm&r=g\",\"url\":\"https:\\\/\\\/secure.gravatar.com\\\/avatar\\\/0ab843002d4a58702560e02354e5f9a3206e13bbfaa9df5a188e463870f605cd?s=96&d=mm&r=g\",\"contentUrl\":\"https:\\\/\\\/secure.gravatar.com\\\/avatar\\\/0ab843002d4a58702560e02354e5f9a3206e13bbfaa9df5a188e463870f605cd?s=96&d=mm&r=g\",\"caption\":\"jakubschenk\"},\"sameAs\":[\"https:\\\/\\\/www.agma.com\"],\"url\":\"https:\\\/\\\/www.agma.com\\\/sv\\\/author\\\/jakubschenk\\\/\"}]}<\/script>\n<!-- \/ Yoast SEO plugin. -->","yoast_head_json":{"title":"4 december \u00e4r sista dagen att teckna aktier f\u00f6r 6.20 kr\/aktie i Industrial Solar - Absolicon","robots":{"index":"index","follow":"follow","max-snippet":"max-snippet:-1","max-image-preview":"max-image-preview:large","max-video-preview":"max-video-preview:-1"},"canonical":"https:\/\/www.agma.com\/sv\/4-december-ar-sista-dagen-att-teckna-aktier-for-6-20-kr-aktie-i-industrial-solar\/","og_locale":"sv_SE","og_type":"article","og_title":"4 december \u00e4r sista dagen att teckna aktier f\u00f6r 6.20 kr\/aktie i Industrial Solar - Absolicon","og_description":"Se filmen som presenterar Industrial Solars installation hos RAM Pharma i Amman. &nbsp; Ladda hem broschyr med anm\u00e4lningssedel f\u00f6r emissionen i Industrial Solar Holding Europe AB [ingress]Passa p\u00e5 att teckna aktier i Absolicons systerf\u00f6retag Industrial Solar som kan leverera v\u00e4rme upp till 400\u00b0C. Emissionen p\u00e5g\u00e5r nu fram till 4 december. Planerad notering p\u00e5 Spotlight 15 [&hellip;]","og_url":"https:\/\/www.agma.com\/sv\/4-december-ar-sista-dagen-att-teckna-aktier-for-6-20-kr-aktie-i-industrial-solar\/","og_site_name":"Absolicon","article_published_time":"2018-12-04T00:00:00+00:00","og_image":[{"url":"https:\/\/www.agma.comwp-content\/uploads\/2018\/11\/Industrial-Solar-GmbH.jpg","type":"","width":"","height":""}],"author":"jakubschenk","twitter_card":"summary_large_image","twitter_misc":{"Skriven av":"jakubschenk"},"schema":{"@context":"https:\/\/schema.org","@graph":[{"@type":"Article","@id":"https:\/\/www.agma.com\/sv\/4-december-ar-sista-dagen-att-teckna-aktier-for-6-20-kr-aktie-i-industrial-solar\/#article","isPartOf":{"@id":"https:\/\/www.agma.com\/sv\/4-december-ar-sista-dagen-att-teckna-aktier-for-6-20-kr-aktie-i-industrial-solar\/"},"author":{"name":"jakubschenk","@id":"https:\/\/www.agma.com\/sv\/#\/schema\/person\/6820b3ce1cc37edbaecc979090760d8b"},"headline":"4 december \u00e4r sista dagen att teckna aktier f\u00f6r 6.20 kr\/aktie i Industrial Solar","datePublished":"2018-12-04T00:00:00+00:00","mainEntityOfPage":{"@id":"https:\/\/www.agma.com\/sv\/4-december-ar-sista-dagen-att-teckna-aktier-for-6-20-kr-aktie-i-industrial-solar\/"},"wordCount":122,"commentCount":0,"publisher":{"@id":"https:\/\/www.agma.com\/sv\/#organization"},"image":{"@id":"https:\/\/www.agma.com\/sv\/4-december-ar-sista-dagen-att-teckna-aktier-for-6-20-kr-aktie-i-industrial-solar\/#primaryimage"},"thumbnailUrl":"https:\/\/www.agma.comwp-content\/uploads\/2018\/11\/Industrial-Solar-GmbH.jpg","inLanguage":"sv-SE","potentialAction":[{"@type":"CommentAction","name":"Comment","target":["https:\/\/www.agma.com\/sv\/4-december-ar-sista-dagen-att-teckna-aktier-for-6-20-kr-aktie-i-industrial-solar\/#respond"]}]},{"@type":"WebPage","@id":"https:\/\/www.agma.com\/sv\/4-december-ar-sista-dagen-att-teckna-aktier-for-6-20-kr-aktie-i-industrial-solar\/","url":"https:\/\/www.agma.com\/sv\/4-december-ar-sista-dagen-att-teckna-aktier-for-6-20-kr-aktie-i-industrial-solar\/","name":"4 december \u00e4r sista dagen att teckna aktier f\u00f6r 6.20 kr\/aktie i Industrial Solar - Absolicon","isPartOf":{"@id":"https:\/\/www.agma.com\/sv\/#website"},"primaryImageOfPage":{"@id":"https:\/\/www.agma.com\/sv\/4-december-ar-sista-dagen-att-teckna-aktier-for-6-20-kr-aktie-i-industrial-solar\/#primaryimage"},"image":{"@id":"https:\/\/www.agma.com\/sv\/4-december-ar-sista-dagen-att-teckna-aktier-for-6-20-kr-aktie-i-industrial-solar\/#primaryimage"},"thumbnailUrl":"https:\/\/www.agma.comwp-content\/uploads\/2018\/11\/Industrial-Solar-GmbH.jpg","datePublished":"2018-12-04T00:00:00+00:00","breadcrumb":{"@id":"https:\/\/www.agma.com\/sv\/4-december-ar-sista-dagen-att-teckna-aktier-for-6-20-kr-aktie-i-industrial-solar\/#breadcrumb"},"inLanguage":"sv-SE","potentialAction":[{"@type":"ReadAction","target":["https:\/\/www.agma.com\/sv\/4-december-ar-sista-dagen-att-teckna-aktier-for-6-20-kr-aktie-i-industrial-solar\/"]}]},{"@type":"ImageObject","inLanguage":"sv-SE","@id":"https:\/\/www.agma.com\/sv\/4-december-ar-sista-dagen-att-teckna-aktier-for-6-20-kr-aktie-i-industrial-solar\/#primaryimage","url":"https:\/\/www.agma.comwp-content\/uploads\/2018\/11\/Industrial-Solar-GmbH.jpg","contentUrl":"https:\/\/www.agma.comwp-content\/uploads\/2018\/11\/Industrial-Solar-GmbH.jpg"},{"@type":"BreadcrumbList","@id":"https:\/\/www.agma.com\/sv\/4-december-ar-sista-dagen-att-teckna-aktier-for-6-20-kr-aktie-i-industrial-solar\/#breadcrumb","itemListElement":[{"@type":"ListItem","position":1,"name":"Home","item":"https:\/\/www.agma.com\/sv\/"},{"@type":"ListItem","position":2,"name":"4 december \u00e4r sista dagen att teckna aktier f\u00f6r 6.20 kr\/aktie i Industrial Solar"}]},{"@type":"WebSite","@id":"https:\/\/www.agma.com\/sv\/#website","url":"https:\/\/www.agma.com\/sv\/","name":"Absolicon","description":"","publisher":{"@id":"https:\/\/www.agma.com\/sv\/#organization"},"potentialAction":[{"@type":"SearchAction","target":{"@type":"EntryPoint","urlTemplate":"https:\/\/www.agma.com\/sv\/?s={search_term_string}"},"query-input":{"@type":"PropertyValueSpecification","valueRequired":true,"valueName":"search_term_string"}}],"inLanguage":"sv-SE"},{"@type":"Organization","@id":"https:\/\/www.agma.com\/sv\/#organization","name":"Absolicon","url":"https:\/\/www.agma.com\/sv\/","logo":{"@type":"ImageObject","inLanguage":"sv-SE","@id":"https:\/\/www.agma.com\/sv\/#\/schema\/logo\/image\/","url":"https:\/\/www.agma.com\/wp-content\/uploads\/2026\/04\/logotype_neg_blk.svg","contentUrl":"https:\/\/www.agma.com\/wp-content\/uploads\/2026\/04\/logotype_neg_blk.svg","width":705,"height":83,"caption":"Absolicon"},"image":{"@id":"https:\/\/www.agma.com\/sv\/#\/schema\/logo\/image\/"}},{"@type":"Person","@id":"https:\/\/www.agma.com\/sv\/#\/schema\/person\/6820b3ce1cc37edbaecc979090760d8b","name":"jakubschenk","image":{"@type":"ImageObject","inLanguage":"sv-SE","@id":"https:\/\/secure.gravatar.com\/avatar\/0ab843002d4a58702560e02354e5f9a3206e13bbfaa9df5a188e463870f605cd?s=96&d=mm&r=g","url":"https:\/\/secure.gravatar.com\/avatar\/0ab843002d4a58702560e02354e5f9a3206e13bbfaa9df5a188e463870f605cd?s=96&d=mm&r=g","contentUrl":"https:\/\/secure.gravatar.com\/avatar\/0ab843002d4a58702560e02354e5f9a3206e13bbfaa9df5a188e463870f605cd?s=96&d=mm&r=g","caption":"jakubschenk"},"sameAs":["https:\/\/www.agma.com"],"url":"https:\/\/www.agma.com\/sv\/author\/jakubschenk\/"}]}},"_links":{"self":[{"href":"https:\/\/www.agma.com\/sv\/wp-json\/wp\/v2\/posts\/8945","targetHints":{"allow":["GET"]}}],"collection":[{"href":"https:\/\/www.agma.com\/sv\/wp-json\/wp\/v2\/posts"}],"about":[{"href":"https:\/\/www.agma.com\/sv\/wp-json\/wp\/v2\/types\/post"}],"author":[{"embeddable":true,"href":"https:\/\/www.agma.com\/sv\/wp-json\/wp\/v2\/users\/1"}],"replies":[{"embeddable":true,"href":"https:\/\/www.agma.com\/sv\/wp-json\/wp\/v2\/comments?post=8945"}],"version-history":[{"count":0,"href":"https:\/\/www.agma.com\/sv\/wp-json\/wp\/v2\/posts\/8945\/revisions"}],"wp:attachment":[{"href":"https:\/\/www.agma.com\/sv\/wp-json\/wp\/v2\/media?parent=8945"}],"wp:term":[{"taxonomy":"category","embeddable":true,"href":"https:\/\/www.agma.com\/sv\/wp-json\/wp\/v2\/categories?post=8945"},{"taxonomy":"post_tag","embeddable":true,"href":"https:\/\/www.agma.com\/sv\/wp-json\/wp\/v2\/tags?post=8945"}],"curies":[{"name":"wp","href":"https:\/\/api.w.org\/{rel}","templated":true}]}}