{"id":8947,"date":"2018-11-30T00:00:00","date_gmt":"2018-11-30T00:00:00","guid":{"rendered":"https:\/\/www.absolicon.com\/absolicons-har-forvarvat-av-50-av-saravanos-solar-ab\/"},"modified":"2018-11-30T00:00:00","modified_gmt":"2018-11-30T00:00:00","slug":"absolicons-har-forvarvat-av-50-av-saravanos-solar-ab","status":"publish","type":"post","link":"https:\/\/www.agma.com\/sv\/absolicons-har-forvarvat-av-50-av-saravanos-solar-ab\/","title":{"rendered":"Absolicons har f\u00f6rv\u00e4rvat av 50% av Saravanos Solar++ AB"},"content":{"rendered":"<p>[ingress]F\u00f6r att bryta in p\u00e5 den industriella marknaden har Absolicon f\u00f6rv\u00e4rvat 50% i f\u00f6retaget Saravanos Solar++ AB (Solar++), ett dotterbolag till Saravanos Group of Companies SARL. Solar++ \u00e4r bildat f\u00f6r att utveckla och s\u00e4lja processutrustning som drivs med solenergi.[\/ingress]<\/p>\n<p>Som tidigare rapporterats i pressrelease 2018-07-02 samt i kvartalsrapporterna f\u00f6r Q2 och Q3 har Absolicon kommit \u00f6verens om att f\u00f6rv\u00e4rva 50% av Solar++.<\/p>\n<p>Solar++ har v\u00e4rderats till 9,7 \u2013 11,8 miljoner av Jarl Securities och f\u00f6rv\u00e4rvet sker genom en apportemission om 86 631 aktier med en teckningskurs om 131 kr, tillsammans v\u00e4rda 1,1 MEURO (ca 11 miljoner kronor). Det finns \u00e4ven i avtalet en garanti som ger m\u00f6jlighet till en till\u00e4ggsk\u00f6peskilling i form av aktier om Absolicons aktiev\u00e4rde skulle minska. Garantin omfattar eventuell v\u00e4rdeminskning f\u00f6r 36% av aktierna (4.1 MSEK) och g\u00e4ller 4 m\u00e5nader fr\u00e5n fullf\u00f6ljandet av f\u00f6rv\u00e4rvet.<\/p>\n<p>&#8211; Genom att integrera Absolicons solf\u00e5ngare i olika utrustning som t.ex. indunstare och \u00e5nggeneratorer g\u00f6r vi det enklare f\u00f6r industrier att byta fr\u00e5n olja och gas till solenergi f\u00f6r sina processer, s\u00e4ger Joakim Bystr\u00f6m, vd Absolicon Solar Collector AB.<\/p>\n<p>Saravanos Solar++ hade under det senaste brutna r\u00e4kenskaps\u00e5ret som str\u00e4ckte sig till 2018-09-30 nettoint\u00e4kter om 6,3 MSEK med ett nettoresultat om 3,6 MSEK.<\/p>\n<p>&#8211; Det \u00e4r lite oortodoxt att skapa ett samarbete med 50% \u00e4gande, men det \u00e5terspeglar det aktie\u00e4garavtal som finns mellan Absolicon och Saravanos Group of Companies SARL d\u00e4r b\u00e5da parterna skall vara \u00f6verens i de flesta avg\u00f6rande fr\u00e5gor, menar Joakim Bystr\u00f6m.<\/p>\n<p>&nbsp;<\/p>\n","protected":false},"excerpt":{"rendered":"<p>[ingress]F\u00f6r att bryta in p\u00e5 den industriella marknaden har Absolicon f\u00f6rv\u00e4rvat 50% i f\u00f6retaget Saravanos Solar++ AB (Solar++), ett dotterbolag till Saravanos Group of Companies SARL. Solar++ \u00e4r bildat f\u00f6r att utveckla och s\u00e4lja processutrustning som drivs med solenergi.[\/ingress] Som tidigare rapporterats i pressrelease 2018-07-02 samt i kvartalsrapporterna f\u00f6r Q2 och Q3 har Absolicon kommit [&hellip;]<\/p>\n","protected":false},"author":1,"featured_media":0,"comment_status":"open","ping_status":"open","sticky":false,"template":"","format":"standard","meta":{"_acf_changed":false,"footnotes":""},"categories":[],"tags":[],"class_list":["post-8947","post","type-post","status-publish","format-standard","hentry"],"acf":[],"yoast_head":"<!-- This site is optimized with the Yoast SEO plugin v27.4 - https:\/\/yoast.com\/product\/yoast-seo-wordpress\/ -->\n<title>Absolicons har f\u00f6rv\u00e4rvat av 50% av Saravanos Solar++ AB - Absolicon<\/title>\n<meta name=\"robots\" content=\"index, follow, max-snippet:-1, max-image-preview:large, max-video-preview:-1\" \/>\n<link rel=\"canonical\" href=\"https:\/\/www.agma.com\/sv\/absolicons-har-forvarvat-av-50-av-saravanos-solar-ab\/\" \/>\n<meta property=\"og:locale\" content=\"sv_SE\" \/>\n<meta property=\"og:type\" content=\"article\" \/>\n<meta property=\"og:title\" content=\"Absolicons har f\u00f6rv\u00e4rvat av 50% av Saravanos Solar++ AB - Absolicon\" \/>\n<meta property=\"og:description\" content=\"[ingress]F\u00f6r att bryta in p\u00e5 den industriella marknaden har Absolicon f\u00f6rv\u00e4rvat 50% i f\u00f6retaget Saravanos Solar++ AB (Solar++), ett dotterbolag till Saravanos Group of Companies SARL. Solar++ \u00e4r bildat f\u00f6r att utveckla och s\u00e4lja processutrustning som drivs med solenergi.[\/ingress] Som tidigare rapporterats i pressrelease 2018-07-02 samt i kvartalsrapporterna f\u00f6r Q2 och Q3 har Absolicon kommit [&hellip;]\" \/>\n<meta property=\"og:url\" content=\"https:\/\/www.agma.com\/sv\/absolicons-har-forvarvat-av-50-av-saravanos-solar-ab\/\" \/>\n<meta property=\"og:site_name\" content=\"Absolicon\" \/>\n<meta property=\"article:published_time\" content=\"2018-11-30T00:00:00+00:00\" \/>\n<meta name=\"author\" content=\"jakubschenk\" \/>\n<meta name=\"twitter:card\" content=\"summary_large_image\" \/>\n<meta name=\"twitter:label1\" content=\"Skriven av\" \/>\n\t<meta name=\"twitter:data1\" content=\"jakubschenk\" \/>\n<script type=\"application\/ld+json\" class=\"yoast-schema-graph\">{\"@context\":\"https:\\\/\\\/schema.org\",\"@graph\":[{\"@type\":\"Article\",\"@id\":\"https:\\\/\\\/www.agma.com\\\/sv\\\/absolicons-har-forvarvat-av-50-av-saravanos-solar-ab\\\/#article\",\"isPartOf\":{\"@id\":\"https:\\\/\\\/www.agma.com\\\/sv\\\/absolicons-har-forvarvat-av-50-av-saravanos-solar-ab\\\/\"},\"author\":{\"name\":\"jakubschenk\",\"@id\":\"https:\\\/\\\/www.agma.com\\\/sv\\\/#\\\/schema\\\/person\\\/6820b3ce1cc37edbaecc979090760d8b\"},\"headline\":\"Absolicons har f\u00f6rv\u00e4rvat av 50% av Saravanos Solar++ AB\",\"datePublished\":\"2018-11-30T00:00:00+00:00\",\"mainEntityOfPage\":{\"@id\":\"https:\\\/\\\/www.agma.com\\\/sv\\\/absolicons-har-forvarvat-av-50-av-saravanos-solar-ab\\\/\"},\"wordCount\":282,\"commentCount\":0,\"publisher\":{\"@id\":\"https:\\\/\\\/www.agma.com\\\/sv\\\/#organization\"},\"inLanguage\":\"sv-SE\",\"potentialAction\":[{\"@type\":\"CommentAction\",\"name\":\"Comment\",\"target\":[\"https:\\\/\\\/www.agma.com\\\/sv\\\/absolicons-har-forvarvat-av-50-av-saravanos-solar-ab\\\/#respond\"]}]},{\"@type\":\"WebPage\",\"@id\":\"https:\\\/\\\/www.agma.com\\\/sv\\\/absolicons-har-forvarvat-av-50-av-saravanos-solar-ab\\\/\",\"url\":\"https:\\\/\\\/www.agma.com\\\/sv\\\/absolicons-har-forvarvat-av-50-av-saravanos-solar-ab\\\/\",\"name\":\"Absolicons har f\u00f6rv\u00e4rvat av 50% av Saravanos Solar++ AB - Absolicon\",\"isPartOf\":{\"@id\":\"https:\\\/\\\/www.agma.com\\\/sv\\\/#website\"},\"datePublished\":\"2018-11-30T00:00:00+00:00\",\"breadcrumb\":{\"@id\":\"https:\\\/\\\/www.agma.com\\\/sv\\\/absolicons-har-forvarvat-av-50-av-saravanos-solar-ab\\\/#breadcrumb\"},\"inLanguage\":\"sv-SE\",\"potentialAction\":[{\"@type\":\"ReadAction\",\"target\":[\"https:\\\/\\\/www.agma.com\\\/sv\\\/absolicons-har-forvarvat-av-50-av-saravanos-solar-ab\\\/\"]}]},{\"@type\":\"BreadcrumbList\",\"@id\":\"https:\\\/\\\/www.agma.com\\\/sv\\\/absolicons-har-forvarvat-av-50-av-saravanos-solar-ab\\\/#breadcrumb\",\"itemListElement\":[{\"@type\":\"ListItem\",\"position\":1,\"name\":\"Home\",\"item\":\"https:\\\/\\\/www.agma.com\\\/sv\\\/\"},{\"@type\":\"ListItem\",\"position\":2,\"name\":\"Absolicons har f\u00f6rv\u00e4rvat av 50% av Saravanos Solar++ AB\"}]},{\"@type\":\"WebSite\",\"@id\":\"https:\\\/\\\/www.agma.com\\\/sv\\\/#website\",\"url\":\"https:\\\/\\\/www.agma.com\\\/sv\\\/\",\"name\":\"Absolicon\",\"description\":\"\",\"publisher\":{\"@id\":\"https:\\\/\\\/www.agma.com\\\/sv\\\/#organization\"},\"potentialAction\":[{\"@type\":\"SearchAction\",\"target\":{\"@type\":\"EntryPoint\",\"urlTemplate\":\"https:\\\/\\\/www.agma.com\\\/sv\\\/?s={search_term_string}\"},\"query-input\":{\"@type\":\"PropertyValueSpecification\",\"valueRequired\":true,\"valueName\":\"search_term_string\"}}],\"inLanguage\":\"sv-SE\"},{\"@type\":\"Organization\",\"@id\":\"https:\\\/\\\/www.agma.com\\\/sv\\\/#organization\",\"name\":\"Absolicon\",\"url\":\"https:\\\/\\\/www.agma.com\\\/sv\\\/\",\"logo\":{\"@type\":\"ImageObject\",\"inLanguage\":\"sv-SE\",\"@id\":\"https:\\\/\\\/www.agma.com\\\/sv\\\/#\\\/schema\\\/logo\\\/image\\\/\",\"url\":\"https:\\\/\\\/www.agma.com\\\/wp-content\\\/uploads\\\/2026\\\/04\\\/logotype_neg_blk.svg\",\"contentUrl\":\"https:\\\/\\\/www.agma.com\\\/wp-content\\\/uploads\\\/2026\\\/04\\\/logotype_neg_blk.svg\",\"width\":705,\"height\":83,\"caption\":\"Absolicon\"},\"image\":{\"@id\":\"https:\\\/\\\/www.agma.com\\\/sv\\\/#\\\/schema\\\/logo\\\/image\\\/\"}},{\"@type\":\"Person\",\"@id\":\"https:\\\/\\\/www.agma.com\\\/sv\\\/#\\\/schema\\\/person\\\/6820b3ce1cc37edbaecc979090760d8b\",\"name\":\"jakubschenk\",\"image\":{\"@type\":\"ImageObject\",\"inLanguage\":\"sv-SE\",\"@id\":\"https:\\\/\\\/secure.gravatar.com\\\/avatar\\\/0ab843002d4a58702560e02354e5f9a3206e13bbfaa9df5a188e463870f605cd?s=96&d=mm&r=g\",\"url\":\"https:\\\/\\\/secure.gravatar.com\\\/avatar\\\/0ab843002d4a58702560e02354e5f9a3206e13bbfaa9df5a188e463870f605cd?s=96&d=mm&r=g\",\"contentUrl\":\"https:\\\/\\\/secure.gravatar.com\\\/avatar\\\/0ab843002d4a58702560e02354e5f9a3206e13bbfaa9df5a188e463870f605cd?s=96&d=mm&r=g\",\"caption\":\"jakubschenk\"},\"sameAs\":[\"https:\\\/\\\/www.agma.com\"],\"url\":\"https:\\\/\\\/www.agma.com\\\/sv\\\/author\\\/jakubschenk\\\/\"}]}<\/script>\n<!-- \/ Yoast SEO plugin. -->","yoast_head_json":{"title":"Absolicons har f\u00f6rv\u00e4rvat av 50% av Saravanos Solar++ AB - Absolicon","robots":{"index":"index","follow":"follow","max-snippet":"max-snippet:-1","max-image-preview":"max-image-preview:large","max-video-preview":"max-video-preview:-1"},"canonical":"https:\/\/www.agma.com\/sv\/absolicons-har-forvarvat-av-50-av-saravanos-solar-ab\/","og_locale":"sv_SE","og_type":"article","og_title":"Absolicons har f\u00f6rv\u00e4rvat av 50% av Saravanos Solar++ AB - Absolicon","og_description":"[ingress]F\u00f6r att bryta in p\u00e5 den industriella marknaden har Absolicon f\u00f6rv\u00e4rvat 50% i f\u00f6retaget Saravanos Solar++ AB (Solar++), ett dotterbolag till Saravanos Group of Companies SARL. Solar++ \u00e4r bildat f\u00f6r att utveckla och s\u00e4lja processutrustning som drivs med solenergi.[\/ingress] Som tidigare rapporterats i pressrelease 2018-07-02 samt i kvartalsrapporterna f\u00f6r Q2 och Q3 har Absolicon kommit [&hellip;]","og_url":"https:\/\/www.agma.com\/sv\/absolicons-har-forvarvat-av-50-av-saravanos-solar-ab\/","og_site_name":"Absolicon","article_published_time":"2018-11-30T00:00:00+00:00","author":"jakubschenk","twitter_card":"summary_large_image","twitter_misc":{"Skriven av":"jakubschenk"},"schema":{"@context":"https:\/\/schema.org","@graph":[{"@type":"Article","@id":"https:\/\/www.agma.com\/sv\/absolicons-har-forvarvat-av-50-av-saravanos-solar-ab\/#article","isPartOf":{"@id":"https:\/\/www.agma.com\/sv\/absolicons-har-forvarvat-av-50-av-saravanos-solar-ab\/"},"author":{"name":"jakubschenk","@id":"https:\/\/www.agma.com\/sv\/#\/schema\/person\/6820b3ce1cc37edbaecc979090760d8b"},"headline":"Absolicons har f\u00f6rv\u00e4rvat av 50% av Saravanos Solar++ AB","datePublished":"2018-11-30T00:00:00+00:00","mainEntityOfPage":{"@id":"https:\/\/www.agma.com\/sv\/absolicons-har-forvarvat-av-50-av-saravanos-solar-ab\/"},"wordCount":282,"commentCount":0,"publisher":{"@id":"https:\/\/www.agma.com\/sv\/#organization"},"inLanguage":"sv-SE","potentialAction":[{"@type":"CommentAction","name":"Comment","target":["https:\/\/www.agma.com\/sv\/absolicons-har-forvarvat-av-50-av-saravanos-solar-ab\/#respond"]}]},{"@type":"WebPage","@id":"https:\/\/www.agma.com\/sv\/absolicons-har-forvarvat-av-50-av-saravanos-solar-ab\/","url":"https:\/\/www.agma.com\/sv\/absolicons-har-forvarvat-av-50-av-saravanos-solar-ab\/","name":"Absolicons har f\u00f6rv\u00e4rvat av 50% av Saravanos Solar++ AB - Absolicon","isPartOf":{"@id":"https:\/\/www.agma.com\/sv\/#website"},"datePublished":"2018-11-30T00:00:00+00:00","breadcrumb":{"@id":"https:\/\/www.agma.com\/sv\/absolicons-har-forvarvat-av-50-av-saravanos-solar-ab\/#breadcrumb"},"inLanguage":"sv-SE","potentialAction":[{"@type":"ReadAction","target":["https:\/\/www.agma.com\/sv\/absolicons-har-forvarvat-av-50-av-saravanos-solar-ab\/"]}]},{"@type":"BreadcrumbList","@id":"https:\/\/www.agma.com\/sv\/absolicons-har-forvarvat-av-50-av-saravanos-solar-ab\/#breadcrumb","itemListElement":[{"@type":"ListItem","position":1,"name":"Home","item":"https:\/\/www.agma.com\/sv\/"},{"@type":"ListItem","position":2,"name":"Absolicons har f\u00f6rv\u00e4rvat av 50% av Saravanos Solar++ AB"}]},{"@type":"WebSite","@id":"https:\/\/www.agma.com\/sv\/#website","url":"https:\/\/www.agma.com\/sv\/","name":"Absolicon","description":"","publisher":{"@id":"https:\/\/www.agma.com\/sv\/#organization"},"potentialAction":[{"@type":"SearchAction","target":{"@type":"EntryPoint","urlTemplate":"https:\/\/www.agma.com\/sv\/?s={search_term_string}"},"query-input":{"@type":"PropertyValueSpecification","valueRequired":true,"valueName":"search_term_string"}}],"inLanguage":"sv-SE"},{"@type":"Organization","@id":"https:\/\/www.agma.com\/sv\/#organization","name":"Absolicon","url":"https:\/\/www.agma.com\/sv\/","logo":{"@type":"ImageObject","inLanguage":"sv-SE","@id":"https:\/\/www.agma.com\/sv\/#\/schema\/logo\/image\/","url":"https:\/\/www.agma.com\/wp-content\/uploads\/2026\/04\/logotype_neg_blk.svg","contentUrl":"https:\/\/www.agma.com\/wp-content\/uploads\/2026\/04\/logotype_neg_blk.svg","width":705,"height":83,"caption":"Absolicon"},"image":{"@id":"https:\/\/www.agma.com\/sv\/#\/schema\/logo\/image\/"}},{"@type":"Person","@id":"https:\/\/www.agma.com\/sv\/#\/schema\/person\/6820b3ce1cc37edbaecc979090760d8b","name":"jakubschenk","image":{"@type":"ImageObject","inLanguage":"sv-SE","@id":"https:\/\/secure.gravatar.com\/avatar\/0ab843002d4a58702560e02354e5f9a3206e13bbfaa9df5a188e463870f605cd?s=96&d=mm&r=g","url":"https:\/\/secure.gravatar.com\/avatar\/0ab843002d4a58702560e02354e5f9a3206e13bbfaa9df5a188e463870f605cd?s=96&d=mm&r=g","contentUrl":"https:\/\/secure.gravatar.com\/avatar\/0ab843002d4a58702560e02354e5f9a3206e13bbfaa9df5a188e463870f605cd?s=96&d=mm&r=g","caption":"jakubschenk"},"sameAs":["https:\/\/www.agma.com"],"url":"https:\/\/www.agma.com\/sv\/author\/jakubschenk\/"}]}},"_links":{"self":[{"href":"https:\/\/www.agma.com\/sv\/wp-json\/wp\/v2\/posts\/8947","targetHints":{"allow":["GET"]}}],"collection":[{"href":"https:\/\/www.agma.com\/sv\/wp-json\/wp\/v2\/posts"}],"about":[{"href":"https:\/\/www.agma.com\/sv\/wp-json\/wp\/v2\/types\/post"}],"author":[{"embeddable":true,"href":"https:\/\/www.agma.com\/sv\/wp-json\/wp\/v2\/users\/1"}],"replies":[{"embeddable":true,"href":"https:\/\/www.agma.com\/sv\/wp-json\/wp\/v2\/comments?post=8947"}],"version-history":[{"count":0,"href":"https:\/\/www.agma.com\/sv\/wp-json\/wp\/v2\/posts\/8947\/revisions"}],"wp:attachment":[{"href":"https:\/\/www.agma.com\/sv\/wp-json\/wp\/v2\/media?parent=8947"}],"wp:term":[{"taxonomy":"category","embeddable":true,"href":"https:\/\/www.agma.com\/sv\/wp-json\/wp\/v2\/categories?post=8947"},{"taxonomy":"post_tag","embeddable":true,"href":"https:\/\/www.agma.com\/sv\/wp-json\/wp\/v2\/tags?post=8947"}],"curies":[{"name":"wp","href":"https:\/\/api.w.org\/{rel}","templated":true}]}}