{"id":8959,"date":"2019-04-17T00:00:00","date_gmt":"2019-04-17T00:00:00","guid":{"rendered":"https:\/\/www.absolicon.com\/nu-startar-projektet-framtidens-fjarrvarme-om-lagring-av-solvarme-fran-sommar-till-vinter\/"},"modified":"2019-04-17T00:00:00","modified_gmt":"2019-04-17T00:00:00","slug":"nu-startar-projektet-framtidens-fjarrvarme-om-lagring-av-solvarme-fran-sommar-till-vinter","status":"publish","type":"post","link":"https:\/\/www.agma.com\/sv\/nu-startar-projektet-framtidens-fjarrvarme-om-lagring-av-solvarme-fran-sommar-till-vinter\/","title":{"rendered":"Nu startar projektet Framtidens Fj\u00e4rrv\u00e4rme om lagring av solv\u00e4rme fr\u00e5n sommar till vinter"},"content":{"rendered":"<p>[ingress]Absolicon har beviljats 500 000 kr av region V\u00e4sternorrland till projektet Framtidens Fj\u00e4rrv\u00e4rme som skall visa hur s\u00e4songslagring av solv\u00e4rme fr\u00e5n sommar till vinter kan ge billigare fj\u00e4rrv\u00e4rme.<br \/>\n[\/ingress]<br \/>\nFj\u00e4rrv\u00e4rme svarar f\u00f6r h\u00e4lften av all uppv\u00e4rmning i Sverige. M\u00e5nga miljoner ton tr\u00e4dbr\u00e4nsle och fossilbr\u00e4nsle eldas varje \u00e5r i fj\u00e4rrv\u00e4rmepannor f\u00f6r att v\u00e4rma v\u00e5ra bost\u00e4der och lokaler.<\/p>\n<p>Men med stora v\u00e4rmelager, som lagrar hetvatten fr\u00e5n sommar till vinter, kan fj\u00e4rrv\u00e4rmen i h\u00f6gre grad anv\u00e4nda solv\u00e4rme och spillv\u00e4rme. Tekniken kommer fr\u00e5n Danmark d\u00e4r solv\u00e4rme med s\u00e4songslagring av v\u00e4rme redan installerats p\u00e5 flera platser.<\/p>\n<p>&#8211;\u00a0\u00a0\u00a0\u00a0\u00a0\u00a0\u00a0\u00a0 V\u00e4rmelager som kan lagra hetvatten fr\u00e5n sommar till vinter har stor potential att f\u00f6r\u00e4ndra v\u00e5ra energisystem, s\u00e4ger Joakim Bystr\u00f6m, vd p\u00e5 Absolicon. Solv\u00e4rme kan driva st\u00e4der och industrier \u00e5ret om och kraftv\u00e4rmeverk kan k\u00f6ras n\u00e4r elpriset \u00e4r som h\u00f6gst, inte n\u00e4r v\u00e4rmen beh\u00f6vs som mest.<\/p>\n<p>Delprojektet \u201dF\u00f6rstudie f\u00f6r Framtidens fj\u00e4rrv\u00e4rme\u201d \u00e4r ett projekt finansierat av kommunerna H\u00e4rn\u00f6sand, Kramfors och Sollefte\u00e5 tillsammans med Region V\u00e4sternorrland. Medfinansi\u00e4rer \u00e4r \u00e4ven regionala energibolag, bostadsbolag och konsulter.<\/p>\n<p>&#8211;\u00a0\u00a0\u00a0\u00a0\u00a0\u00a0\u00a0\u00a0 En utmaning f\u00f6r m\u00e5nga regioner i Europa \u00e4r att de v\u00e4rmepannor som byggdes p\u00e5 70- och 80-talet och i fyrtio \u00e5r fr\u00e4mst eldat kol f\u00f6r att levererat v\u00e4rme till fj\u00e4rrv\u00e4rmen\u00e4t nu har n\u00e5tt slutet av sin tekniska livsl\u00e4ngd. Solv\u00e4rme borde idag vara det naturliga s\u00e4ttet att ers\u00e4tta kol, inte att bygga nya gas- eller kolpannor.<\/p>\n<p>Bara i de tre deltagande kommunerna H\u00e4rn\u00f6sand, Kramfors och Sollefte\u00e5, som k\u00f6pte fastbr\u00e4nslepannor p\u00e5 80-talet och framf\u00f6r allt eldat torv och biobr\u00e4nslen, skulle tre nya pannor kosta 800 miljoner kronor, en avsev\u00e4rd summa f\u00f6r de tre sm\u00e5 kommunerna.<\/p>\n<p>Syftet f\u00f6r Absolicon att driva projektet \u00e4r att skapa marknad i Europa f\u00f6r Absolicons robotiserade produktionslinor som producerar koncentrerande solf\u00e5ngare.<\/p>\n<p>Projektet \u00e4r planerat att l\u00f6pa ett \u00e5r fr\u00e5n 2019-02-01 till 2019-12-31 och omfattar hela V\u00e4sternorrland och J\u00e4mtland, men med fokus p\u00e5 H\u00e4rn\u00f6sand, Kramfors och Sollefte\u00e5.<\/p>\n<p><a title=\"Nu startar projektet Framtidens fj\u00e4rrv\u00e4rme om lagring av solv\u00e4rme fr\u00e5n sommar till vinter\" href=\"https:\/\/www.agma.comwp-content\/uploads\/2019\/04\/03-Framtidens-Fj\u00e4rrv\u00e4r-SE-Web.pdf\">&gt;&gt; Presentation av projektet Framtidens fj\u00e4rrv\u00e4rme<\/a><\/p>\n<p><a href=\"https:\/\/www.agma.comwp-content\/uploads\/2019\/04\/03-Framtidens-Fj\u00e4rrv\u00e4r-SE-Web.pdf\"><img fetchpriority=\"high\" decoding=\"async\" class=\"alignleft size-medium wp-image-5274\" title=\"Broschyr Framtidens fj\u00e4rrv\u00e4rme\" src=\"https:\/\/www.agma.comwp-content\/sembly_data\/thumbnail\/d9\/1d003b053b7e05d8654f9179706568.png?521902\" alt=\"\" width=\"223\" height=\"300\" \/><\/a><\/p>\n<p><img decoding=\"async\" title=\"Absolicon Logo\" src=\"https:\/\/www.agma.comwp-content\/sembly_data\/thumbnail\/f8\/35abb4a047b75685bf2b516c0c8a94.png?756597\" alt=\"\" width=\"300\" height=\"47\" \/><\/p>\n<p><img decoding=\"async\" title=\"Region V\u00e4sternorrland logotyp\" src=\"https:\/\/www.agma.comwp-content\/sembly_data\/thumbnail\/6e\/0e71923f967607e0920e8447d62092.png\" alt=\"\" width=\"300\" height=\"69\" \/><\/p>\n","protected":false},"excerpt":{"rendered":"<p>[ingress]Absolicon har beviljats 500 000 kr av region V\u00e4sternorrland till projektet Framtidens Fj\u00e4rrv\u00e4rme som skall visa hur s\u00e4songslagring av solv\u00e4rme fr\u00e5n sommar till vinter kan ge billigare fj\u00e4rrv\u00e4rme. [\/ingress] Fj\u00e4rrv\u00e4rme svarar f\u00f6r h\u00e4lften av all uppv\u00e4rmning i Sverige. M\u00e5nga miljoner ton tr\u00e4dbr\u00e4nsle och fossilbr\u00e4nsle eldas varje \u00e5r i fj\u00e4rrv\u00e4rmepannor f\u00f6r att v\u00e4rma v\u00e5ra bost\u00e4der och [&hellip;]<\/p>\n","protected":false},"author":1,"featured_media":0,"comment_status":"open","ping_status":"open","sticky":false,"template":"","format":"standard","meta":{"_acf_changed":false,"footnotes":""},"categories":[],"tags":[],"class_list":["post-8959","post","type-post","status-publish","format-standard","hentry"],"acf":[],"yoast_head":"<!-- This site is optimized with the Yoast SEO plugin v27.4 - https:\/\/yoast.com\/product\/yoast-seo-wordpress\/ -->\n<title>Nu startar projektet Framtidens Fj\u00e4rrv\u00e4rme om lagring av solv\u00e4rme fr\u00e5n sommar till vinter - Absolicon<\/title>\n<meta name=\"robots\" content=\"index, follow, max-snippet:-1, max-image-preview:large, max-video-preview:-1\" \/>\n<link rel=\"canonical\" href=\"https:\/\/www.agma.com\/sv\/nu-startar-projektet-framtidens-fjarrvarme-om-lagring-av-solvarme-fran-sommar-till-vinter\/\" \/>\n<meta property=\"og:locale\" content=\"sv_SE\" \/>\n<meta property=\"og:type\" content=\"article\" \/>\n<meta property=\"og:title\" content=\"Nu startar projektet Framtidens Fj\u00e4rrv\u00e4rme om lagring av solv\u00e4rme fr\u00e5n sommar till vinter - Absolicon\" \/>\n<meta property=\"og:description\" content=\"[ingress]Absolicon har beviljats 500 000 kr av region V\u00e4sternorrland till projektet Framtidens Fj\u00e4rrv\u00e4rme som skall visa hur s\u00e4songslagring av solv\u00e4rme fr\u00e5n sommar till vinter kan ge billigare fj\u00e4rrv\u00e4rme. [\/ingress] Fj\u00e4rrv\u00e4rme svarar f\u00f6r h\u00e4lften av all uppv\u00e4rmning i Sverige. M\u00e5nga miljoner ton tr\u00e4dbr\u00e4nsle och fossilbr\u00e4nsle eldas varje \u00e5r i fj\u00e4rrv\u00e4rmepannor f\u00f6r att v\u00e4rma v\u00e5ra bost\u00e4der och [&hellip;]\" \/>\n<meta property=\"og:url\" content=\"https:\/\/www.agma.com\/sv\/nu-startar-projektet-framtidens-fjarrvarme-om-lagring-av-solvarme-fran-sommar-till-vinter\/\" \/>\n<meta property=\"og:site_name\" content=\"Absolicon\" \/>\n<meta property=\"article:published_time\" content=\"2019-04-17T00:00:00+00:00\" \/>\n<meta property=\"og:image\" content=\"https:\/\/www.agma.comwp-content\/sembly_data\/thumbnail\/d9\/1d003b053b7e05d8654f9179706568.png?521902\" \/>\n<meta name=\"author\" content=\"jakubschenk\" \/>\n<meta name=\"twitter:card\" content=\"summary_large_image\" \/>\n<meta name=\"twitter:label1\" content=\"Skriven av\" \/>\n\t<meta name=\"twitter:data1\" content=\"jakubschenk\" \/>\n<script type=\"application\/ld+json\" class=\"yoast-schema-graph\">{\"@context\":\"https:\\\/\\\/schema.org\",\"@graph\":[{\"@type\":\"Article\",\"@id\":\"https:\\\/\\\/www.agma.com\\\/sv\\\/nu-startar-projektet-framtidens-fjarrvarme-om-lagring-av-solvarme-fran-sommar-till-vinter\\\/#article\",\"isPartOf\":{\"@id\":\"https:\\\/\\\/www.agma.com\\\/sv\\\/nu-startar-projektet-framtidens-fjarrvarme-om-lagring-av-solvarme-fran-sommar-till-vinter\\\/\"},\"author\":{\"name\":\"jakubschenk\",\"@id\":\"https:\\\/\\\/www.agma.com\\\/sv\\\/#\\\/schema\\\/person\\\/6820b3ce1cc37edbaecc979090760d8b\"},\"headline\":\"Nu startar projektet Framtidens Fj\u00e4rrv\u00e4rme om lagring av solv\u00e4rme fr\u00e5n sommar till vinter\",\"datePublished\":\"2019-04-17T00:00:00+00:00\",\"mainEntityOfPage\":{\"@id\":\"https:\\\/\\\/www.agma.com\\\/sv\\\/nu-startar-projektet-framtidens-fjarrvarme-om-lagring-av-solvarme-fran-sommar-till-vinter\\\/\"},\"wordCount\":420,\"commentCount\":0,\"publisher\":{\"@id\":\"https:\\\/\\\/www.agma.com\\\/sv\\\/#organization\"},\"image\":{\"@id\":\"https:\\\/\\\/www.agma.com\\\/sv\\\/nu-startar-projektet-framtidens-fjarrvarme-om-lagring-av-solvarme-fran-sommar-till-vinter\\\/#primaryimage\"},\"thumbnailUrl\":\"https:\\\/\\\/www.agma.comwp-content\\\/sembly_data\\\/thumbnail\\\/d9\\\/1d003b053b7e05d8654f9179706568.png?521902\",\"inLanguage\":\"sv-SE\",\"potentialAction\":[{\"@type\":\"CommentAction\",\"name\":\"Comment\",\"target\":[\"https:\\\/\\\/www.agma.com\\\/sv\\\/nu-startar-projektet-framtidens-fjarrvarme-om-lagring-av-solvarme-fran-sommar-till-vinter\\\/#respond\"]}]},{\"@type\":\"WebPage\",\"@id\":\"https:\\\/\\\/www.agma.com\\\/sv\\\/nu-startar-projektet-framtidens-fjarrvarme-om-lagring-av-solvarme-fran-sommar-till-vinter\\\/\",\"url\":\"https:\\\/\\\/www.agma.com\\\/sv\\\/nu-startar-projektet-framtidens-fjarrvarme-om-lagring-av-solvarme-fran-sommar-till-vinter\\\/\",\"name\":\"Nu startar projektet Framtidens Fj\u00e4rrv\u00e4rme om lagring av solv\u00e4rme fr\u00e5n sommar till vinter - Absolicon\",\"isPartOf\":{\"@id\":\"https:\\\/\\\/www.agma.com\\\/sv\\\/#website\"},\"primaryImageOfPage\":{\"@id\":\"https:\\\/\\\/www.agma.com\\\/sv\\\/nu-startar-projektet-framtidens-fjarrvarme-om-lagring-av-solvarme-fran-sommar-till-vinter\\\/#primaryimage\"},\"image\":{\"@id\":\"https:\\\/\\\/www.agma.com\\\/sv\\\/nu-startar-projektet-framtidens-fjarrvarme-om-lagring-av-solvarme-fran-sommar-till-vinter\\\/#primaryimage\"},\"thumbnailUrl\":\"https:\\\/\\\/www.agma.comwp-content\\\/sembly_data\\\/thumbnail\\\/d9\\\/1d003b053b7e05d8654f9179706568.png?521902\",\"datePublished\":\"2019-04-17T00:00:00+00:00\",\"breadcrumb\":{\"@id\":\"https:\\\/\\\/www.agma.com\\\/sv\\\/nu-startar-projektet-framtidens-fjarrvarme-om-lagring-av-solvarme-fran-sommar-till-vinter\\\/#breadcrumb\"},\"inLanguage\":\"sv-SE\",\"potentialAction\":[{\"@type\":\"ReadAction\",\"target\":[\"https:\\\/\\\/www.agma.com\\\/sv\\\/nu-startar-projektet-framtidens-fjarrvarme-om-lagring-av-solvarme-fran-sommar-till-vinter\\\/\"]}]},{\"@type\":\"ImageObject\",\"inLanguage\":\"sv-SE\",\"@id\":\"https:\\\/\\\/www.agma.com\\\/sv\\\/nu-startar-projektet-framtidens-fjarrvarme-om-lagring-av-solvarme-fran-sommar-till-vinter\\\/#primaryimage\",\"url\":\"https:\\\/\\\/www.agma.comwp-content\\\/sembly_data\\\/thumbnail\\\/d9\\\/1d003b053b7e05d8654f9179706568.png?521902\",\"contentUrl\":\"https:\\\/\\\/www.agma.comwp-content\\\/sembly_data\\\/thumbnail\\\/d9\\\/1d003b053b7e05d8654f9179706568.png?521902\"},{\"@type\":\"BreadcrumbList\",\"@id\":\"https:\\\/\\\/www.agma.com\\\/sv\\\/nu-startar-projektet-framtidens-fjarrvarme-om-lagring-av-solvarme-fran-sommar-till-vinter\\\/#breadcrumb\",\"itemListElement\":[{\"@type\":\"ListItem\",\"position\":1,\"name\":\"Home\",\"item\":\"https:\\\/\\\/www.agma.com\\\/sv\\\/\"},{\"@type\":\"ListItem\",\"position\":2,\"name\":\"Nu startar projektet Framtidens Fj\u00e4rrv\u00e4rme om lagring av solv\u00e4rme fr\u00e5n sommar till vinter\"}]},{\"@type\":\"WebSite\",\"@id\":\"https:\\\/\\\/www.agma.com\\\/sv\\\/#website\",\"url\":\"https:\\\/\\\/www.agma.com\\\/sv\\\/\",\"name\":\"Absolicon\",\"description\":\"\",\"publisher\":{\"@id\":\"https:\\\/\\\/www.agma.com\\\/sv\\\/#organization\"},\"potentialAction\":[{\"@type\":\"SearchAction\",\"target\":{\"@type\":\"EntryPoint\",\"urlTemplate\":\"https:\\\/\\\/www.agma.com\\\/sv\\\/?s={search_term_string}\"},\"query-input\":{\"@type\":\"PropertyValueSpecification\",\"valueRequired\":true,\"valueName\":\"search_term_string\"}}],\"inLanguage\":\"sv-SE\"},{\"@type\":\"Organization\",\"@id\":\"https:\\\/\\\/www.agma.com\\\/sv\\\/#organization\",\"name\":\"Absolicon\",\"url\":\"https:\\\/\\\/www.agma.com\\\/sv\\\/\",\"logo\":{\"@type\":\"ImageObject\",\"inLanguage\":\"sv-SE\",\"@id\":\"https:\\\/\\\/www.agma.com\\\/sv\\\/#\\\/schema\\\/logo\\\/image\\\/\",\"url\":\"https:\\\/\\\/www.agma.com\\\/wp-content\\\/uploads\\\/2026\\\/04\\\/logotype_neg_blk.svg\",\"contentUrl\":\"https:\\\/\\\/www.agma.com\\\/wp-content\\\/uploads\\\/2026\\\/04\\\/logotype_neg_blk.svg\",\"width\":705,\"height\":83,\"caption\":\"Absolicon\"},\"image\":{\"@id\":\"https:\\\/\\\/www.agma.com\\\/sv\\\/#\\\/schema\\\/logo\\\/image\\\/\"}},{\"@type\":\"Person\",\"@id\":\"https:\\\/\\\/www.agma.com\\\/sv\\\/#\\\/schema\\\/person\\\/6820b3ce1cc37edbaecc979090760d8b\",\"name\":\"jakubschenk\",\"image\":{\"@type\":\"ImageObject\",\"inLanguage\":\"sv-SE\",\"@id\":\"https:\\\/\\\/secure.gravatar.com\\\/avatar\\\/0ab843002d4a58702560e02354e5f9a3206e13bbfaa9df5a188e463870f605cd?s=96&d=mm&r=g\",\"url\":\"https:\\\/\\\/secure.gravatar.com\\\/avatar\\\/0ab843002d4a58702560e02354e5f9a3206e13bbfaa9df5a188e463870f605cd?s=96&d=mm&r=g\",\"contentUrl\":\"https:\\\/\\\/secure.gravatar.com\\\/avatar\\\/0ab843002d4a58702560e02354e5f9a3206e13bbfaa9df5a188e463870f605cd?s=96&d=mm&r=g\",\"caption\":\"jakubschenk\"},\"sameAs\":[\"https:\\\/\\\/www.agma.com\"],\"url\":\"https:\\\/\\\/www.agma.com\\\/sv\\\/author\\\/jakubschenk\\\/\"}]}<\/script>\n<!-- \/ Yoast SEO plugin. -->","yoast_head_json":{"title":"Nu startar projektet Framtidens Fj\u00e4rrv\u00e4rme om lagring av solv\u00e4rme fr\u00e5n sommar till vinter - Absolicon","robots":{"index":"index","follow":"follow","max-snippet":"max-snippet:-1","max-image-preview":"max-image-preview:large","max-video-preview":"max-video-preview:-1"},"canonical":"https:\/\/www.agma.com\/sv\/nu-startar-projektet-framtidens-fjarrvarme-om-lagring-av-solvarme-fran-sommar-till-vinter\/","og_locale":"sv_SE","og_type":"article","og_title":"Nu startar projektet Framtidens Fj\u00e4rrv\u00e4rme om lagring av solv\u00e4rme fr\u00e5n sommar till vinter - Absolicon","og_description":"[ingress]Absolicon har beviljats 500 000 kr av region V\u00e4sternorrland till projektet Framtidens Fj\u00e4rrv\u00e4rme som skall visa hur s\u00e4songslagring av solv\u00e4rme fr\u00e5n sommar till vinter kan ge billigare fj\u00e4rrv\u00e4rme. [\/ingress] Fj\u00e4rrv\u00e4rme svarar f\u00f6r h\u00e4lften av all uppv\u00e4rmning i Sverige. M\u00e5nga miljoner ton tr\u00e4dbr\u00e4nsle och fossilbr\u00e4nsle eldas varje \u00e5r i fj\u00e4rrv\u00e4rmepannor f\u00f6r att v\u00e4rma v\u00e5ra bost\u00e4der och [&hellip;]","og_url":"https:\/\/www.agma.com\/sv\/nu-startar-projektet-framtidens-fjarrvarme-om-lagring-av-solvarme-fran-sommar-till-vinter\/","og_site_name":"Absolicon","article_published_time":"2019-04-17T00:00:00+00:00","og_image":[{"url":"https:\/\/www.agma.comwp-content\/sembly_data\/thumbnail\/d9\/1d003b053b7e05d8654f9179706568.png?521902","type":"","width":"","height":""}],"author":"jakubschenk","twitter_card":"summary_large_image","twitter_misc":{"Skriven av":"jakubschenk"},"schema":{"@context":"https:\/\/schema.org","@graph":[{"@type":"Article","@id":"https:\/\/www.agma.com\/sv\/nu-startar-projektet-framtidens-fjarrvarme-om-lagring-av-solvarme-fran-sommar-till-vinter\/#article","isPartOf":{"@id":"https:\/\/www.agma.com\/sv\/nu-startar-projektet-framtidens-fjarrvarme-om-lagring-av-solvarme-fran-sommar-till-vinter\/"},"author":{"name":"jakubschenk","@id":"https:\/\/www.agma.com\/sv\/#\/schema\/person\/6820b3ce1cc37edbaecc979090760d8b"},"headline":"Nu startar projektet Framtidens Fj\u00e4rrv\u00e4rme om lagring av solv\u00e4rme fr\u00e5n sommar till vinter","datePublished":"2019-04-17T00:00:00+00:00","mainEntityOfPage":{"@id":"https:\/\/www.agma.com\/sv\/nu-startar-projektet-framtidens-fjarrvarme-om-lagring-av-solvarme-fran-sommar-till-vinter\/"},"wordCount":420,"commentCount":0,"publisher":{"@id":"https:\/\/www.agma.com\/sv\/#organization"},"image":{"@id":"https:\/\/www.agma.com\/sv\/nu-startar-projektet-framtidens-fjarrvarme-om-lagring-av-solvarme-fran-sommar-till-vinter\/#primaryimage"},"thumbnailUrl":"https:\/\/www.agma.comwp-content\/sembly_data\/thumbnail\/d9\/1d003b053b7e05d8654f9179706568.png?521902","inLanguage":"sv-SE","potentialAction":[{"@type":"CommentAction","name":"Comment","target":["https:\/\/www.agma.com\/sv\/nu-startar-projektet-framtidens-fjarrvarme-om-lagring-av-solvarme-fran-sommar-till-vinter\/#respond"]}]},{"@type":"WebPage","@id":"https:\/\/www.agma.com\/sv\/nu-startar-projektet-framtidens-fjarrvarme-om-lagring-av-solvarme-fran-sommar-till-vinter\/","url":"https:\/\/www.agma.com\/sv\/nu-startar-projektet-framtidens-fjarrvarme-om-lagring-av-solvarme-fran-sommar-till-vinter\/","name":"Nu startar projektet Framtidens Fj\u00e4rrv\u00e4rme om lagring av solv\u00e4rme fr\u00e5n sommar till vinter - Absolicon","isPartOf":{"@id":"https:\/\/www.agma.com\/sv\/#website"},"primaryImageOfPage":{"@id":"https:\/\/www.agma.com\/sv\/nu-startar-projektet-framtidens-fjarrvarme-om-lagring-av-solvarme-fran-sommar-till-vinter\/#primaryimage"},"image":{"@id":"https:\/\/www.agma.com\/sv\/nu-startar-projektet-framtidens-fjarrvarme-om-lagring-av-solvarme-fran-sommar-till-vinter\/#primaryimage"},"thumbnailUrl":"https:\/\/www.agma.comwp-content\/sembly_data\/thumbnail\/d9\/1d003b053b7e05d8654f9179706568.png?521902","datePublished":"2019-04-17T00:00:00+00:00","breadcrumb":{"@id":"https:\/\/www.agma.com\/sv\/nu-startar-projektet-framtidens-fjarrvarme-om-lagring-av-solvarme-fran-sommar-till-vinter\/#breadcrumb"},"inLanguage":"sv-SE","potentialAction":[{"@type":"ReadAction","target":["https:\/\/www.agma.com\/sv\/nu-startar-projektet-framtidens-fjarrvarme-om-lagring-av-solvarme-fran-sommar-till-vinter\/"]}]},{"@type":"ImageObject","inLanguage":"sv-SE","@id":"https:\/\/www.agma.com\/sv\/nu-startar-projektet-framtidens-fjarrvarme-om-lagring-av-solvarme-fran-sommar-till-vinter\/#primaryimage","url":"https:\/\/www.agma.comwp-content\/sembly_data\/thumbnail\/d9\/1d003b053b7e05d8654f9179706568.png?521902","contentUrl":"https:\/\/www.agma.comwp-content\/sembly_data\/thumbnail\/d9\/1d003b053b7e05d8654f9179706568.png?521902"},{"@type":"BreadcrumbList","@id":"https:\/\/www.agma.com\/sv\/nu-startar-projektet-framtidens-fjarrvarme-om-lagring-av-solvarme-fran-sommar-till-vinter\/#breadcrumb","itemListElement":[{"@type":"ListItem","position":1,"name":"Home","item":"https:\/\/www.agma.com\/sv\/"},{"@type":"ListItem","position":2,"name":"Nu startar projektet Framtidens Fj\u00e4rrv\u00e4rme om lagring av solv\u00e4rme fr\u00e5n sommar till vinter"}]},{"@type":"WebSite","@id":"https:\/\/www.agma.com\/sv\/#website","url":"https:\/\/www.agma.com\/sv\/","name":"Absolicon","description":"","publisher":{"@id":"https:\/\/www.agma.com\/sv\/#organization"},"potentialAction":[{"@type":"SearchAction","target":{"@type":"EntryPoint","urlTemplate":"https:\/\/www.agma.com\/sv\/?s={search_term_string}"},"query-input":{"@type":"PropertyValueSpecification","valueRequired":true,"valueName":"search_term_string"}}],"inLanguage":"sv-SE"},{"@type":"Organization","@id":"https:\/\/www.agma.com\/sv\/#organization","name":"Absolicon","url":"https:\/\/www.agma.com\/sv\/","logo":{"@type":"ImageObject","inLanguage":"sv-SE","@id":"https:\/\/www.agma.com\/sv\/#\/schema\/logo\/image\/","url":"https:\/\/www.agma.com\/wp-content\/uploads\/2026\/04\/logotype_neg_blk.svg","contentUrl":"https:\/\/www.agma.com\/wp-content\/uploads\/2026\/04\/logotype_neg_blk.svg","width":705,"height":83,"caption":"Absolicon"},"image":{"@id":"https:\/\/www.agma.com\/sv\/#\/schema\/logo\/image\/"}},{"@type":"Person","@id":"https:\/\/www.agma.com\/sv\/#\/schema\/person\/6820b3ce1cc37edbaecc979090760d8b","name":"jakubschenk","image":{"@type":"ImageObject","inLanguage":"sv-SE","@id":"https:\/\/secure.gravatar.com\/avatar\/0ab843002d4a58702560e02354e5f9a3206e13bbfaa9df5a188e463870f605cd?s=96&d=mm&r=g","url":"https:\/\/secure.gravatar.com\/avatar\/0ab843002d4a58702560e02354e5f9a3206e13bbfaa9df5a188e463870f605cd?s=96&d=mm&r=g","contentUrl":"https:\/\/secure.gravatar.com\/avatar\/0ab843002d4a58702560e02354e5f9a3206e13bbfaa9df5a188e463870f605cd?s=96&d=mm&r=g","caption":"jakubschenk"},"sameAs":["https:\/\/www.agma.com"],"url":"https:\/\/www.agma.com\/sv\/author\/jakubschenk\/"}]}},"_links":{"self":[{"href":"https:\/\/www.agma.com\/sv\/wp-json\/wp\/v2\/posts\/8959","targetHints":{"allow":["GET"]}}],"collection":[{"href":"https:\/\/www.agma.com\/sv\/wp-json\/wp\/v2\/posts"}],"about":[{"href":"https:\/\/www.agma.com\/sv\/wp-json\/wp\/v2\/types\/post"}],"author":[{"embeddable":true,"href":"https:\/\/www.agma.com\/sv\/wp-json\/wp\/v2\/users\/1"}],"replies":[{"embeddable":true,"href":"https:\/\/www.agma.com\/sv\/wp-json\/wp\/v2\/comments?post=8959"}],"version-history":[{"count":0,"href":"https:\/\/www.agma.com\/sv\/wp-json\/wp\/v2\/posts\/8959\/revisions"}],"wp:attachment":[{"href":"https:\/\/www.agma.com\/sv\/wp-json\/wp\/v2\/media?parent=8959"}],"wp:term":[{"taxonomy":"category","embeddable":true,"href":"https:\/\/www.agma.com\/sv\/wp-json\/wp\/v2\/categories?post=8959"},{"taxonomy":"post_tag","embeddable":true,"href":"https:\/\/www.agma.com\/sv\/wp-json\/wp\/v2\/tags?post=8959"}],"curies":[{"name":"wp","href":"https:\/\/api.w.org\/{rel}","templated":true}]}}