{"id":8961,"date":"2019-05-01T00:00:00","date_gmt":"2019-05-01T00:00:00","guid":{"rendered":"https:\/\/www.absolicon.com\/inspirationsdag-framtidens-fjarrvarme-2-maj\/"},"modified":"2019-05-01T00:00:00","modified_gmt":"2019-05-01T00:00:00","slug":"inspirationsdag-framtidens-fjarrvarme-2-maj","status":"publish","type":"post","link":"https:\/\/www.agma.com\/sv\/inspirationsdag-framtidens-fjarrvarme-2-maj\/","title":{"rendered":"Inspirationsdag Framtidens Fj\u00e4rrv\u00e4rme 2 maj"},"content":{"rendered":"<p>[ingress]V\u00e4lkommen till inspirationsdag f\u00f6r Framtidens Fj\u00e4rrv\u00e4rme den 2:a Maj d\u00e4r vi bjuder in v\u00e5ra 14 samarbetspartners i projektet (bland annat energibolagen i H\u00e4rn\u00f6sand, Kramfors, Sollefte\u00e5 osv.) samt \u00f6vriga intresserade som arbetar med fj\u00e4rrv\u00e4rme och samh\u00e4llets energif\u00f6rs\u00f6rjning.[\/ingress]<\/p>\n<p>L\u00e4r mer om projektet <a title=\"Nu startar projektet Framtidens Fj\u00e4rrv\u00e4rme om lagring av solv\u00e4rme fr\u00e5n sommar till vinter\" href=\"https:\/\/www.agma.comnu-startar-projektet-framtidens-fjarrvarme-om-lagring-av-solvarme-fran-sommar-till-vinter\/\">&gt;&gt;\u00a0Nu startar projektet Framtidens Fj\u00e4rrv\u00e4rme om lagring av solv\u00e4rme fr\u00e5n sommar till vinter<\/a><\/p>\n<p>Inspirationsdagen h\u00e5lls p\u00e5 Absolicon, Fiskaregatan 11, H\u00e4rn\u00f6sand torsdag den 2 maj.<\/p>\n<p><strong>PROGRAM<\/strong><\/p>\n<p><strong>13.00 Presentation av Absolicon och projektet Framtidens Fj\u00e4rrv\u00e4rme<br \/>\n<\/strong>Joakim Bystr\u00f6m, VD Absolicon, Josefine Nilsson, Absolicon<\/p>\n<p><strong>13.30 Introduktion till fj\u00e4rrv\u00e4rme och kraftv\u00e4rme<\/strong><br \/>\nMarcus T\u00e4rnvik, HEMAB<\/p>\n<p><strong>13.45 Fj\u00e4rrv\u00e4rme, trender\/utmaningar\/m\u00f6jligheter<\/strong><br \/>\nLina Enskog Broman, Energif\u00f6retagen<\/p>\n<p><strong>14.30 Fika och rundvandring Absolicon<\/strong><\/p>\n<p><strong>15.00 Senaste inom soldriven fj\u00e4rrv\u00e4rme<\/strong><br \/>\nBenjamin Ahlgren, Absolicon<\/p>\n<p><strong>15.20 Introduktion av aktiviteter inom projektet och fr\u00e5gestund<\/strong><br \/>\nJosefine Nilsson, Absolicon<\/p>\n<p><strong>15.45 Bes\u00f6k Energiparken H\u00e4rn\u00f6sand<\/strong><\/p>\n<p><strong>16.30<\/strong> <strong>Avslutning<\/strong><\/p>\n<p>&nbsp;<\/p>\n<p>OBS! Begr\u00e4nsat antal platser.\u00a0Anm\u00e4l er per epost till <a href=\"mailto:christer@absolicon.com\">christer@absolicon.com<\/a>. M\u00e4rk epost med \u201dAnm\u00e4lan Inspirationsdag f\u00f6r framtidens fj\u00e4rrv\u00e4rme\u201d. Vid fr\u00e5gor kring projektet eller dagen \u00e4r ni varmt v\u00e4lkomna att kontakta projektledare Josefine Nilsson p\u00e5 <a href=\"mailto:josefine@absolicon.com\">josefine@absolicon.com<\/a> eller ringa till Absolicon p\u00e5 0611-55 70 00<\/p>\n<p><img decoding=\"async\" title=\"Absolicon Logo\" src=\"https:\/\/www.agma.comwp-content\/sembly_data\/thumbnail\/f8\/35abb4a047b75685bf2b516c0c8a94.png?756597\" alt=\"\" width=\"300\" height=\"47\" \/><br \/>\n<img decoding=\"async\" title=\"Region V\u00e4sternorrland logotyp\" src=\"https:\/\/www.agma.comwp-content\/sembly_data\/thumbnail\/6e\/0e71923f967607e0920e8447d62092.png\" alt=\"\" width=\"300\" height=\"69\" \/><\/p>\n<p style=\"text-align: right;\"><em>Publicerad 2018-04-30<\/em><\/p>\n","protected":false},"excerpt":{"rendered":"<p>[ingress]V\u00e4lkommen till inspirationsdag f\u00f6r Framtidens Fj\u00e4rrv\u00e4rme den 2:a Maj d\u00e4r vi bjuder in v\u00e5ra 14 samarbetspartners i projektet (bland annat energibolagen i H\u00e4rn\u00f6sand, Kramfors, Sollefte\u00e5 osv.) samt \u00f6vriga intresserade som arbetar med fj\u00e4rrv\u00e4rme och samh\u00e4llets energif\u00f6rs\u00f6rjning.[\/ingress] L\u00e4r mer om projektet &gt;&gt;\u00a0Nu startar projektet Framtidens Fj\u00e4rrv\u00e4rme om lagring av solv\u00e4rme fr\u00e5n sommar till vinter Inspirationsdagen h\u00e5lls [&hellip;]<\/p>\n","protected":false},"author":1,"featured_media":0,"comment_status":"open","ping_status":"open","sticky":false,"template":"","format":"standard","meta":{"_acf_changed":false,"footnotes":""},"categories":[],"tags":[],"class_list":["post-8961","post","type-post","status-publish","format-standard","hentry"],"acf":[],"yoast_head":"<!-- This site is optimized with the Yoast SEO plugin v27.4 - https:\/\/yoast.com\/product\/yoast-seo-wordpress\/ -->\n<title>Inspirationsdag Framtidens Fj\u00e4rrv\u00e4rme 2 maj - Absolicon<\/title>\n<meta name=\"robots\" content=\"index, follow, max-snippet:-1, max-image-preview:large, max-video-preview:-1\" \/>\n<link rel=\"canonical\" href=\"https:\/\/www.agma.com\/sv\/inspirationsdag-framtidens-fjarrvarme-2-maj\/\" \/>\n<meta property=\"og:locale\" content=\"sv_SE\" \/>\n<meta property=\"og:type\" content=\"article\" \/>\n<meta property=\"og:title\" content=\"Inspirationsdag Framtidens Fj\u00e4rrv\u00e4rme 2 maj - Absolicon\" \/>\n<meta property=\"og:description\" content=\"[ingress]V\u00e4lkommen till inspirationsdag f\u00f6r Framtidens Fj\u00e4rrv\u00e4rme den 2:a Maj d\u00e4r vi bjuder in v\u00e5ra 14 samarbetspartners i projektet (bland annat energibolagen i H\u00e4rn\u00f6sand, Kramfors, Sollefte\u00e5 osv.) samt \u00f6vriga intresserade som arbetar med fj\u00e4rrv\u00e4rme och samh\u00e4llets energif\u00f6rs\u00f6rjning.[\/ingress] L\u00e4r mer om projektet &gt;&gt;\u00a0Nu startar projektet Framtidens Fj\u00e4rrv\u00e4rme om lagring av solv\u00e4rme fr\u00e5n sommar till vinter Inspirationsdagen h\u00e5lls [&hellip;]\" \/>\n<meta property=\"og:url\" content=\"https:\/\/www.agma.com\/sv\/inspirationsdag-framtidens-fjarrvarme-2-maj\/\" \/>\n<meta property=\"og:site_name\" content=\"Absolicon\" \/>\n<meta property=\"article:published_time\" content=\"2019-05-01T00:00:00+00:00\" \/>\n<meta property=\"og:image\" content=\"https:\/\/www.agma.comwp-content\/sembly_data\/thumbnail\/f8\/35abb4a047b75685bf2b516c0c8a94.png?756597\" \/>\n<meta name=\"author\" content=\"jakubschenk\" \/>\n<meta name=\"twitter:card\" content=\"summary_large_image\" \/>\n<meta name=\"twitter:label1\" content=\"Skriven av\" \/>\n\t<meta name=\"twitter:data1\" content=\"jakubschenk\" \/>\n<script type=\"application\/ld+json\" class=\"yoast-schema-graph\">{\"@context\":\"https:\\\/\\\/schema.org\",\"@graph\":[{\"@type\":\"Article\",\"@id\":\"https:\\\/\\\/www.agma.com\\\/sv\\\/inspirationsdag-framtidens-fjarrvarme-2-maj\\\/#article\",\"isPartOf\":{\"@id\":\"https:\\\/\\\/www.agma.com\\\/sv\\\/inspirationsdag-framtidens-fjarrvarme-2-maj\\\/\"},\"author\":{\"name\":\"jakubschenk\",\"@id\":\"https:\\\/\\\/www.agma.com\\\/sv\\\/#\\\/schema\\\/person\\\/6820b3ce1cc37edbaecc979090760d8b\"},\"headline\":\"Inspirationsdag Framtidens Fj\u00e4rrv\u00e4rme 2 maj\",\"datePublished\":\"2019-05-01T00:00:00+00:00\",\"mainEntityOfPage\":{\"@id\":\"https:\\\/\\\/www.agma.com\\\/sv\\\/inspirationsdag-framtidens-fjarrvarme-2-maj\\\/\"},\"wordCount\":223,\"commentCount\":0,\"publisher\":{\"@id\":\"https:\\\/\\\/www.agma.com\\\/sv\\\/#organization\"},\"image\":{\"@id\":\"https:\\\/\\\/www.agma.com\\\/sv\\\/inspirationsdag-framtidens-fjarrvarme-2-maj\\\/#primaryimage\"},\"thumbnailUrl\":\"https:\\\/\\\/www.agma.comwp-content\\\/sembly_data\\\/thumbnail\\\/f8\\\/35abb4a047b75685bf2b516c0c8a94.png?756597\",\"inLanguage\":\"sv-SE\",\"potentialAction\":[{\"@type\":\"CommentAction\",\"name\":\"Comment\",\"target\":[\"https:\\\/\\\/www.agma.com\\\/sv\\\/inspirationsdag-framtidens-fjarrvarme-2-maj\\\/#respond\"]}]},{\"@type\":\"WebPage\",\"@id\":\"https:\\\/\\\/www.agma.com\\\/sv\\\/inspirationsdag-framtidens-fjarrvarme-2-maj\\\/\",\"url\":\"https:\\\/\\\/www.agma.com\\\/sv\\\/inspirationsdag-framtidens-fjarrvarme-2-maj\\\/\",\"name\":\"Inspirationsdag Framtidens Fj\u00e4rrv\u00e4rme 2 maj - Absolicon\",\"isPartOf\":{\"@id\":\"https:\\\/\\\/www.agma.com\\\/sv\\\/#website\"},\"primaryImageOfPage\":{\"@id\":\"https:\\\/\\\/www.agma.com\\\/sv\\\/inspirationsdag-framtidens-fjarrvarme-2-maj\\\/#primaryimage\"},\"image\":{\"@id\":\"https:\\\/\\\/www.agma.com\\\/sv\\\/inspirationsdag-framtidens-fjarrvarme-2-maj\\\/#primaryimage\"},\"thumbnailUrl\":\"https:\\\/\\\/www.agma.comwp-content\\\/sembly_data\\\/thumbnail\\\/f8\\\/35abb4a047b75685bf2b516c0c8a94.png?756597\",\"datePublished\":\"2019-05-01T00:00:00+00:00\",\"breadcrumb\":{\"@id\":\"https:\\\/\\\/www.agma.com\\\/sv\\\/inspirationsdag-framtidens-fjarrvarme-2-maj\\\/#breadcrumb\"},\"inLanguage\":\"sv-SE\",\"potentialAction\":[{\"@type\":\"ReadAction\",\"target\":[\"https:\\\/\\\/www.agma.com\\\/sv\\\/inspirationsdag-framtidens-fjarrvarme-2-maj\\\/\"]}]},{\"@type\":\"ImageObject\",\"inLanguage\":\"sv-SE\",\"@id\":\"https:\\\/\\\/www.agma.com\\\/sv\\\/inspirationsdag-framtidens-fjarrvarme-2-maj\\\/#primaryimage\",\"url\":\"https:\\\/\\\/www.agma.comwp-content\\\/sembly_data\\\/thumbnail\\\/f8\\\/35abb4a047b75685bf2b516c0c8a94.png?756597\",\"contentUrl\":\"https:\\\/\\\/www.agma.comwp-content\\\/sembly_data\\\/thumbnail\\\/f8\\\/35abb4a047b75685bf2b516c0c8a94.png?756597\"},{\"@type\":\"BreadcrumbList\",\"@id\":\"https:\\\/\\\/www.agma.com\\\/sv\\\/inspirationsdag-framtidens-fjarrvarme-2-maj\\\/#breadcrumb\",\"itemListElement\":[{\"@type\":\"ListItem\",\"position\":1,\"name\":\"Home\",\"item\":\"https:\\\/\\\/www.agma.com\\\/sv\\\/\"},{\"@type\":\"ListItem\",\"position\":2,\"name\":\"Inspirationsdag Framtidens Fj\u00e4rrv\u00e4rme 2 maj\"}]},{\"@type\":\"WebSite\",\"@id\":\"https:\\\/\\\/www.agma.com\\\/sv\\\/#website\",\"url\":\"https:\\\/\\\/www.agma.com\\\/sv\\\/\",\"name\":\"Absolicon\",\"description\":\"\",\"publisher\":{\"@id\":\"https:\\\/\\\/www.agma.com\\\/sv\\\/#organization\"},\"potentialAction\":[{\"@type\":\"SearchAction\",\"target\":{\"@type\":\"EntryPoint\",\"urlTemplate\":\"https:\\\/\\\/www.agma.com\\\/sv\\\/?s={search_term_string}\"},\"query-input\":{\"@type\":\"PropertyValueSpecification\",\"valueRequired\":true,\"valueName\":\"search_term_string\"}}],\"inLanguage\":\"sv-SE\"},{\"@type\":\"Organization\",\"@id\":\"https:\\\/\\\/www.agma.com\\\/sv\\\/#organization\",\"name\":\"Absolicon\",\"url\":\"https:\\\/\\\/www.agma.com\\\/sv\\\/\",\"logo\":{\"@type\":\"ImageObject\",\"inLanguage\":\"sv-SE\",\"@id\":\"https:\\\/\\\/www.agma.com\\\/sv\\\/#\\\/schema\\\/logo\\\/image\\\/\",\"url\":\"https:\\\/\\\/www.agma.com\\\/wp-content\\\/uploads\\\/2026\\\/04\\\/logotype_neg_blk.svg\",\"contentUrl\":\"https:\\\/\\\/www.agma.com\\\/wp-content\\\/uploads\\\/2026\\\/04\\\/logotype_neg_blk.svg\",\"width\":705,\"height\":83,\"caption\":\"Absolicon\"},\"image\":{\"@id\":\"https:\\\/\\\/www.agma.com\\\/sv\\\/#\\\/schema\\\/logo\\\/image\\\/\"}},{\"@type\":\"Person\",\"@id\":\"https:\\\/\\\/www.agma.com\\\/sv\\\/#\\\/schema\\\/person\\\/6820b3ce1cc37edbaecc979090760d8b\",\"name\":\"jakubschenk\",\"image\":{\"@type\":\"ImageObject\",\"inLanguage\":\"sv-SE\",\"@id\":\"https:\\\/\\\/secure.gravatar.com\\\/avatar\\\/0ab843002d4a58702560e02354e5f9a3206e13bbfaa9df5a188e463870f605cd?s=96&d=mm&r=g\",\"url\":\"https:\\\/\\\/secure.gravatar.com\\\/avatar\\\/0ab843002d4a58702560e02354e5f9a3206e13bbfaa9df5a188e463870f605cd?s=96&d=mm&r=g\",\"contentUrl\":\"https:\\\/\\\/secure.gravatar.com\\\/avatar\\\/0ab843002d4a58702560e02354e5f9a3206e13bbfaa9df5a188e463870f605cd?s=96&d=mm&r=g\",\"caption\":\"jakubschenk\"},\"sameAs\":[\"https:\\\/\\\/www.agma.com\"],\"url\":\"https:\\\/\\\/www.agma.com\\\/sv\\\/author\\\/jakubschenk\\\/\"}]}<\/script>\n<!-- \/ Yoast SEO plugin. -->","yoast_head_json":{"title":"Inspirationsdag Framtidens Fj\u00e4rrv\u00e4rme 2 maj - Absolicon","robots":{"index":"index","follow":"follow","max-snippet":"max-snippet:-1","max-image-preview":"max-image-preview:large","max-video-preview":"max-video-preview:-1"},"canonical":"https:\/\/www.agma.com\/sv\/inspirationsdag-framtidens-fjarrvarme-2-maj\/","og_locale":"sv_SE","og_type":"article","og_title":"Inspirationsdag Framtidens Fj\u00e4rrv\u00e4rme 2 maj - Absolicon","og_description":"[ingress]V\u00e4lkommen till inspirationsdag f\u00f6r Framtidens Fj\u00e4rrv\u00e4rme den 2:a Maj d\u00e4r vi bjuder in v\u00e5ra 14 samarbetspartners i projektet (bland annat energibolagen i H\u00e4rn\u00f6sand, Kramfors, Sollefte\u00e5 osv.) samt \u00f6vriga intresserade som arbetar med fj\u00e4rrv\u00e4rme och samh\u00e4llets energif\u00f6rs\u00f6rjning.[\/ingress] L\u00e4r mer om projektet &gt;&gt;\u00a0Nu startar projektet Framtidens Fj\u00e4rrv\u00e4rme om lagring av solv\u00e4rme fr\u00e5n sommar till vinter Inspirationsdagen h\u00e5lls [&hellip;]","og_url":"https:\/\/www.agma.com\/sv\/inspirationsdag-framtidens-fjarrvarme-2-maj\/","og_site_name":"Absolicon","article_published_time":"2019-05-01T00:00:00+00:00","og_image":[{"url":"https:\/\/www.agma.comwp-content\/sembly_data\/thumbnail\/f8\/35abb4a047b75685bf2b516c0c8a94.png?756597","type":"","width":"","height":""}],"author":"jakubschenk","twitter_card":"summary_large_image","twitter_misc":{"Skriven av":"jakubschenk"},"schema":{"@context":"https:\/\/schema.org","@graph":[{"@type":"Article","@id":"https:\/\/www.agma.com\/sv\/inspirationsdag-framtidens-fjarrvarme-2-maj\/#article","isPartOf":{"@id":"https:\/\/www.agma.com\/sv\/inspirationsdag-framtidens-fjarrvarme-2-maj\/"},"author":{"name":"jakubschenk","@id":"https:\/\/www.agma.com\/sv\/#\/schema\/person\/6820b3ce1cc37edbaecc979090760d8b"},"headline":"Inspirationsdag Framtidens Fj\u00e4rrv\u00e4rme 2 maj","datePublished":"2019-05-01T00:00:00+00:00","mainEntityOfPage":{"@id":"https:\/\/www.agma.com\/sv\/inspirationsdag-framtidens-fjarrvarme-2-maj\/"},"wordCount":223,"commentCount":0,"publisher":{"@id":"https:\/\/www.agma.com\/sv\/#organization"},"image":{"@id":"https:\/\/www.agma.com\/sv\/inspirationsdag-framtidens-fjarrvarme-2-maj\/#primaryimage"},"thumbnailUrl":"https:\/\/www.agma.comwp-content\/sembly_data\/thumbnail\/f8\/35abb4a047b75685bf2b516c0c8a94.png?756597","inLanguage":"sv-SE","potentialAction":[{"@type":"CommentAction","name":"Comment","target":["https:\/\/www.agma.com\/sv\/inspirationsdag-framtidens-fjarrvarme-2-maj\/#respond"]}]},{"@type":"WebPage","@id":"https:\/\/www.agma.com\/sv\/inspirationsdag-framtidens-fjarrvarme-2-maj\/","url":"https:\/\/www.agma.com\/sv\/inspirationsdag-framtidens-fjarrvarme-2-maj\/","name":"Inspirationsdag Framtidens Fj\u00e4rrv\u00e4rme 2 maj - Absolicon","isPartOf":{"@id":"https:\/\/www.agma.com\/sv\/#website"},"primaryImageOfPage":{"@id":"https:\/\/www.agma.com\/sv\/inspirationsdag-framtidens-fjarrvarme-2-maj\/#primaryimage"},"image":{"@id":"https:\/\/www.agma.com\/sv\/inspirationsdag-framtidens-fjarrvarme-2-maj\/#primaryimage"},"thumbnailUrl":"https:\/\/www.agma.comwp-content\/sembly_data\/thumbnail\/f8\/35abb4a047b75685bf2b516c0c8a94.png?756597","datePublished":"2019-05-01T00:00:00+00:00","breadcrumb":{"@id":"https:\/\/www.agma.com\/sv\/inspirationsdag-framtidens-fjarrvarme-2-maj\/#breadcrumb"},"inLanguage":"sv-SE","potentialAction":[{"@type":"ReadAction","target":["https:\/\/www.agma.com\/sv\/inspirationsdag-framtidens-fjarrvarme-2-maj\/"]}]},{"@type":"ImageObject","inLanguage":"sv-SE","@id":"https:\/\/www.agma.com\/sv\/inspirationsdag-framtidens-fjarrvarme-2-maj\/#primaryimage","url":"https:\/\/www.agma.comwp-content\/sembly_data\/thumbnail\/f8\/35abb4a047b75685bf2b516c0c8a94.png?756597","contentUrl":"https:\/\/www.agma.comwp-content\/sembly_data\/thumbnail\/f8\/35abb4a047b75685bf2b516c0c8a94.png?756597"},{"@type":"BreadcrumbList","@id":"https:\/\/www.agma.com\/sv\/inspirationsdag-framtidens-fjarrvarme-2-maj\/#breadcrumb","itemListElement":[{"@type":"ListItem","position":1,"name":"Home","item":"https:\/\/www.agma.com\/sv\/"},{"@type":"ListItem","position":2,"name":"Inspirationsdag Framtidens Fj\u00e4rrv\u00e4rme 2 maj"}]},{"@type":"WebSite","@id":"https:\/\/www.agma.com\/sv\/#website","url":"https:\/\/www.agma.com\/sv\/","name":"Absolicon","description":"","publisher":{"@id":"https:\/\/www.agma.com\/sv\/#organization"},"potentialAction":[{"@type":"SearchAction","target":{"@type":"EntryPoint","urlTemplate":"https:\/\/www.agma.com\/sv\/?s={search_term_string}"},"query-input":{"@type":"PropertyValueSpecification","valueRequired":true,"valueName":"search_term_string"}}],"inLanguage":"sv-SE"},{"@type":"Organization","@id":"https:\/\/www.agma.com\/sv\/#organization","name":"Absolicon","url":"https:\/\/www.agma.com\/sv\/","logo":{"@type":"ImageObject","inLanguage":"sv-SE","@id":"https:\/\/www.agma.com\/sv\/#\/schema\/logo\/image\/","url":"https:\/\/www.agma.com\/wp-content\/uploads\/2026\/04\/logotype_neg_blk.svg","contentUrl":"https:\/\/www.agma.com\/wp-content\/uploads\/2026\/04\/logotype_neg_blk.svg","width":705,"height":83,"caption":"Absolicon"},"image":{"@id":"https:\/\/www.agma.com\/sv\/#\/schema\/logo\/image\/"}},{"@type":"Person","@id":"https:\/\/www.agma.com\/sv\/#\/schema\/person\/6820b3ce1cc37edbaecc979090760d8b","name":"jakubschenk","image":{"@type":"ImageObject","inLanguage":"sv-SE","@id":"https:\/\/secure.gravatar.com\/avatar\/0ab843002d4a58702560e02354e5f9a3206e13bbfaa9df5a188e463870f605cd?s=96&d=mm&r=g","url":"https:\/\/secure.gravatar.com\/avatar\/0ab843002d4a58702560e02354e5f9a3206e13bbfaa9df5a188e463870f605cd?s=96&d=mm&r=g","contentUrl":"https:\/\/secure.gravatar.com\/avatar\/0ab843002d4a58702560e02354e5f9a3206e13bbfaa9df5a188e463870f605cd?s=96&d=mm&r=g","caption":"jakubschenk"},"sameAs":["https:\/\/www.agma.com"],"url":"https:\/\/www.agma.com\/sv\/author\/jakubschenk\/"}]}},"_links":{"self":[{"href":"https:\/\/www.agma.com\/sv\/wp-json\/wp\/v2\/posts\/8961","targetHints":{"allow":["GET"]}}],"collection":[{"href":"https:\/\/www.agma.com\/sv\/wp-json\/wp\/v2\/posts"}],"about":[{"href":"https:\/\/www.agma.com\/sv\/wp-json\/wp\/v2\/types\/post"}],"author":[{"embeddable":true,"href":"https:\/\/www.agma.com\/sv\/wp-json\/wp\/v2\/users\/1"}],"replies":[{"embeddable":true,"href":"https:\/\/www.agma.com\/sv\/wp-json\/wp\/v2\/comments?post=8961"}],"version-history":[{"count":0,"href":"https:\/\/www.agma.com\/sv\/wp-json\/wp\/v2\/posts\/8961\/revisions"}],"wp:attachment":[{"href":"https:\/\/www.agma.com\/sv\/wp-json\/wp\/v2\/media?parent=8961"}],"wp:term":[{"taxonomy":"category","embeddable":true,"href":"https:\/\/www.agma.com\/sv\/wp-json\/wp\/v2\/categories?post=8961"},{"taxonomy":"post_tag","embeddable":true,"href":"https:\/\/www.agma.com\/sv\/wp-json\/wp\/v2\/tags?post=8961"}],"curies":[{"name":"wp","href":"https:\/\/api.w.org\/{rel}","templated":true}]}}