{"id":8962,"date":"2019-05-08T00:00:00","date_gmt":"2019-05-08T00:00:00","guid":{"rendered":"https:\/\/www.absolicon.com\/invigning-av-absolicons-produktionslina-8-maj-i-harnosand\/"},"modified":"2020-07-21T06:58:52","modified_gmt":"2020-07-21T06:58:52","slug":"invigning-av-absolicons-produktionslina-8-maj-i-harnosand","status":"publish","type":"post","link":"https:\/\/www.agma.com\/sv\/invigning-av-absolicons-produktionslina-8-maj-i-harnosand\/","title":{"rendered":"Invigning av Absolicons produktionslina 8 maj i H\u00e4rn\u00f6sand"},"content":{"rendered":"<p>[ingress]V\u00e4lkomna till invigning av Absolicons produktionslina onsdagen den 8 maj kl. 18:30. Kommunstyrelsens ordf\u00f6rande Anderas Sj\u00f6lander klipper bandet och d\u00e4refter f\u00f6ljer en presentation av Absolicon. P\u00e5 kv\u00e4llen sedan Absolicons bolagsst\u00e4mma.[\/ingress]<\/p>\n<p>&nbsp;<\/p>\n<p>18:15 D\u00f6rrarna \u00f6ppnas<\/p>\n<p>18:30 Invigning av produktionslinan med Andreas Sj\u00f6lander<\/p>\n<p>18:45 Rundvandring &amp; fika<\/p>\n<p>19:00 Presentation av Absolicons verksamhets\u00e5r 2018<\/p>\n<p>19:30 Bolagsst\u00e4mma med anm\u00e4lda aktie\u00e4gare<\/p>\n<p>20:00 Avslutning<\/p>\n<p>&nbsp;<\/p>\n<p>Anm\u00e4l dig till invigningen till <a href=\"mailto:christer@absolicon.com\">christer@absolicon.com<\/a><\/p>\n<p><a title=\"Kallelse till bolagsst\u00e4mma\" href=\"https:\/\/www.agma.comkallelse-till-bolagsstamma\/\">&gt;&gt; Se kallelse till bolagsst\u00e4mman OBS separat anm\u00e4lan till info@absolicon.com<\/a><\/p>\n<p align=\"right\"><em>Publicerad 2019-04-30<\/em><\/p>\n","protected":false},"excerpt":{"rendered":"<p>[ingress]V\u00e4lkomna till invigning av Absolicons produktionslina onsdagen den 8 maj kl. 18:30. Kommunstyrelsens ordf\u00f6rande Anderas Sj\u00f6lander klipper bandet och d\u00e4refter f\u00f6ljer en presentation av Absolicon. P\u00e5 kv\u00e4llen sedan Absolicons bolagsst\u00e4mma.[\/ingress] &nbsp; 18:15 D\u00f6rrarna \u00f6ppnas 18:30 Invigning av produktionslinan med Andreas Sj\u00f6lander 18:45 Rundvandring &amp; fika 19:00 Presentation av Absolicons verksamhets\u00e5r 2018 19:30 Bolagsst\u00e4mma med anm\u00e4lda [&hellip;]<\/p>\n","protected":false},"author":1,"featured_media":9149,"comment_status":"open","ping_status":"open","sticky":false,"template":"","format":"standard","meta":{"_acf_changed":false,"footnotes":""},"categories":[2],"tags":[],"class_list":["post-8962","post","type-post","status-publish","format-standard","has-post-thumbnail","hentry","category-okategoriserad"],"acf":[],"yoast_head":"<!-- This site is optimized with the Yoast SEO plugin v27.4 - https:\/\/yoast.com\/product\/yoast-seo-wordpress\/ -->\n<title>Invigning av Absolicons produktionslina 8 maj i H\u00e4rn\u00f6sand - Absolicon<\/title>\n<meta name=\"robots\" content=\"index, follow, max-snippet:-1, max-image-preview:large, max-video-preview:-1\" \/>\n<link rel=\"canonical\" href=\"https:\/\/www.agma.com\/sv\/invigning-av-absolicons-produktionslina-8-maj-i-harnosand\/\" \/>\n<meta property=\"og:locale\" content=\"sv_SE\" \/>\n<meta property=\"og:type\" content=\"article\" \/>\n<meta property=\"og:title\" content=\"Invigning av Absolicons produktionslina 8 maj i H\u00e4rn\u00f6sand - Absolicon\" \/>\n<meta property=\"og:description\" content=\"[ingress]V\u00e4lkomna till invigning av Absolicons produktionslina onsdagen den 8 maj kl. 18:30. Kommunstyrelsens ordf\u00f6rande Anderas Sj\u00f6lander klipper bandet och d\u00e4refter f\u00f6ljer en presentation av Absolicon. P\u00e5 kv\u00e4llen sedan Absolicons bolagsst\u00e4mma.[\/ingress] &nbsp; 18:15 D\u00f6rrarna \u00f6ppnas 18:30 Invigning av produktionslinan med Andreas Sj\u00f6lander 18:45 Rundvandring &amp; fika 19:00 Presentation av Absolicons verksamhets\u00e5r 2018 19:30 Bolagsst\u00e4mma med anm\u00e4lda [&hellip;]\" \/>\n<meta property=\"og:url\" content=\"https:\/\/www.agma.com\/sv\/invigning-av-absolicons-produktionslina-8-maj-i-harnosand\/\" \/>\n<meta property=\"og:site_name\" content=\"Absolicon\" \/>\n<meta property=\"article:published_time\" content=\"2019-05-08T00:00:00+00:00\" \/>\n<meta property=\"article:modified_time\" content=\"2020-07-21T06:58:52+00:00\" \/>\n<meta property=\"og:image\" content=\"https:\/\/www.agma.com\/wp-content\/uploads\/2020\/07\/97f031dfa6a8471b4f1a028759d551.jpg\" \/>\n\t<meta property=\"og:image:width\" content=\"720\" \/>\n\t<meta property=\"og:image:height\" content=\"250\" \/>\n\t<meta property=\"og:image:type\" content=\"image\/jpeg\" \/>\n<meta name=\"author\" content=\"jakubschenk\" \/>\n<meta name=\"twitter:card\" content=\"summary_large_image\" \/>\n<meta name=\"twitter:label1\" content=\"Skriven av\" \/>\n\t<meta name=\"twitter:data1\" content=\"jakubschenk\" \/>\n<script type=\"application\/ld+json\" class=\"yoast-schema-graph\">{\"@context\":\"https:\\\/\\\/schema.org\",\"@graph\":[{\"@type\":\"Article\",\"@id\":\"https:\\\/\\\/www.agma.com\\\/sv\\\/invigning-av-absolicons-produktionslina-8-maj-i-harnosand\\\/#article\",\"isPartOf\":{\"@id\":\"https:\\\/\\\/www.agma.com\\\/sv\\\/invigning-av-absolicons-produktionslina-8-maj-i-harnosand\\\/\"},\"author\":{\"name\":\"jakubschenk\",\"@id\":\"https:\\\/\\\/www.agma.com\\\/sv\\\/#\\\/schema\\\/person\\\/6820b3ce1cc37edbaecc979090760d8b\"},\"headline\":\"Invigning av Absolicons produktionslina 8 maj i H\u00e4rn\u00f6sand\",\"datePublished\":\"2019-05-08T00:00:00+00:00\",\"dateModified\":\"2020-07-21T06:58:52+00:00\",\"mainEntityOfPage\":{\"@id\":\"https:\\\/\\\/www.agma.com\\\/sv\\\/invigning-av-absolicons-produktionslina-8-maj-i-harnosand\\\/\"},\"wordCount\":101,\"commentCount\":0,\"publisher\":{\"@id\":\"https:\\\/\\\/www.agma.com\\\/sv\\\/#organization\"},\"image\":{\"@id\":\"https:\\\/\\\/www.agma.com\\\/sv\\\/invigning-av-absolicons-produktionslina-8-maj-i-harnosand\\\/#primaryimage\"},\"thumbnailUrl\":\"https:\\\/\\\/www.agma.com\\\/wp-content\\\/uploads\\\/2020\\\/07\\\/97f031dfa6a8471b4f1a028759d551.jpg\",\"articleSection\":[\"Okategoriserad\"],\"inLanguage\":\"sv-SE\",\"potentialAction\":[{\"@type\":\"CommentAction\",\"name\":\"Comment\",\"target\":[\"https:\\\/\\\/www.agma.com\\\/sv\\\/invigning-av-absolicons-produktionslina-8-maj-i-harnosand\\\/#respond\"]}]},{\"@type\":\"WebPage\",\"@id\":\"https:\\\/\\\/www.agma.com\\\/sv\\\/invigning-av-absolicons-produktionslina-8-maj-i-harnosand\\\/\",\"url\":\"https:\\\/\\\/www.agma.com\\\/sv\\\/invigning-av-absolicons-produktionslina-8-maj-i-harnosand\\\/\",\"name\":\"Invigning av Absolicons produktionslina 8 maj i H\u00e4rn\u00f6sand - Absolicon\",\"isPartOf\":{\"@id\":\"https:\\\/\\\/www.agma.com\\\/sv\\\/#website\"},\"primaryImageOfPage\":{\"@id\":\"https:\\\/\\\/www.agma.com\\\/sv\\\/invigning-av-absolicons-produktionslina-8-maj-i-harnosand\\\/#primaryimage\"},\"image\":{\"@id\":\"https:\\\/\\\/www.agma.com\\\/sv\\\/invigning-av-absolicons-produktionslina-8-maj-i-harnosand\\\/#primaryimage\"},\"thumbnailUrl\":\"https:\\\/\\\/www.agma.com\\\/wp-content\\\/uploads\\\/2020\\\/07\\\/97f031dfa6a8471b4f1a028759d551.jpg\",\"datePublished\":\"2019-05-08T00:00:00+00:00\",\"dateModified\":\"2020-07-21T06:58:52+00:00\",\"breadcrumb\":{\"@id\":\"https:\\\/\\\/www.agma.com\\\/sv\\\/invigning-av-absolicons-produktionslina-8-maj-i-harnosand\\\/#breadcrumb\"},\"inLanguage\":\"sv-SE\",\"potentialAction\":[{\"@type\":\"ReadAction\",\"target\":[\"https:\\\/\\\/www.agma.com\\\/sv\\\/invigning-av-absolicons-produktionslina-8-maj-i-harnosand\\\/\"]}]},{\"@type\":\"ImageObject\",\"inLanguage\":\"sv-SE\",\"@id\":\"https:\\\/\\\/www.agma.com\\\/sv\\\/invigning-av-absolicons-produktionslina-8-maj-i-harnosand\\\/#primaryimage\",\"url\":\"https:\\\/\\\/www.agma.com\\\/wp-content\\\/uploads\\\/2020\\\/07\\\/97f031dfa6a8471b4f1a028759d551.jpg\",\"contentUrl\":\"https:\\\/\\\/www.agma.com\\\/wp-content\\\/uploads\\\/2020\\\/07\\\/97f031dfa6a8471b4f1a028759d551.jpg\",\"width\":720,\"height\":250},{\"@type\":\"BreadcrumbList\",\"@id\":\"https:\\\/\\\/www.agma.com\\\/sv\\\/invigning-av-absolicons-produktionslina-8-maj-i-harnosand\\\/#breadcrumb\",\"itemListElement\":[{\"@type\":\"ListItem\",\"position\":1,\"name\":\"Home\",\"item\":\"https:\\\/\\\/www.agma.com\\\/sv\\\/\"},{\"@type\":\"ListItem\",\"position\":2,\"name\":\"Invigning av Absolicons produktionslina 8 maj i H\u00e4rn\u00f6sand\"}]},{\"@type\":\"WebSite\",\"@id\":\"https:\\\/\\\/www.agma.com\\\/sv\\\/#website\",\"url\":\"https:\\\/\\\/www.agma.com\\\/sv\\\/\",\"name\":\"Absolicon\",\"description\":\"\",\"publisher\":{\"@id\":\"https:\\\/\\\/www.agma.com\\\/sv\\\/#organization\"},\"potentialAction\":[{\"@type\":\"SearchAction\",\"target\":{\"@type\":\"EntryPoint\",\"urlTemplate\":\"https:\\\/\\\/www.agma.com\\\/sv\\\/?s={search_term_string}\"},\"query-input\":{\"@type\":\"PropertyValueSpecification\",\"valueRequired\":true,\"valueName\":\"search_term_string\"}}],\"inLanguage\":\"sv-SE\"},{\"@type\":\"Organization\",\"@id\":\"https:\\\/\\\/www.agma.com\\\/sv\\\/#organization\",\"name\":\"Absolicon\",\"url\":\"https:\\\/\\\/www.agma.com\\\/sv\\\/\",\"logo\":{\"@type\":\"ImageObject\",\"inLanguage\":\"sv-SE\",\"@id\":\"https:\\\/\\\/www.agma.com\\\/sv\\\/#\\\/schema\\\/logo\\\/image\\\/\",\"url\":\"https:\\\/\\\/www.agma.com\\\/wp-content\\\/uploads\\\/2026\\\/04\\\/logotype_neg_blk.svg\",\"contentUrl\":\"https:\\\/\\\/www.agma.com\\\/wp-content\\\/uploads\\\/2026\\\/04\\\/logotype_neg_blk.svg\",\"width\":705,\"height\":83,\"caption\":\"Absolicon\"},\"image\":{\"@id\":\"https:\\\/\\\/www.agma.com\\\/sv\\\/#\\\/schema\\\/logo\\\/image\\\/\"}},{\"@type\":\"Person\",\"@id\":\"https:\\\/\\\/www.agma.com\\\/sv\\\/#\\\/schema\\\/person\\\/6820b3ce1cc37edbaecc979090760d8b\",\"name\":\"jakubschenk\",\"image\":{\"@type\":\"ImageObject\",\"inLanguage\":\"sv-SE\",\"@id\":\"https:\\\/\\\/secure.gravatar.com\\\/avatar\\\/0ab843002d4a58702560e02354e5f9a3206e13bbfaa9df5a188e463870f605cd?s=96&d=mm&r=g\",\"url\":\"https:\\\/\\\/secure.gravatar.com\\\/avatar\\\/0ab843002d4a58702560e02354e5f9a3206e13bbfaa9df5a188e463870f605cd?s=96&d=mm&r=g\",\"contentUrl\":\"https:\\\/\\\/secure.gravatar.com\\\/avatar\\\/0ab843002d4a58702560e02354e5f9a3206e13bbfaa9df5a188e463870f605cd?s=96&d=mm&r=g\",\"caption\":\"jakubschenk\"},\"sameAs\":[\"https:\\\/\\\/www.agma.com\"],\"url\":\"https:\\\/\\\/www.agma.com\\\/sv\\\/author\\\/jakubschenk\\\/\"}]}<\/script>\n<!-- \/ Yoast SEO plugin. -->","yoast_head_json":{"title":"Invigning av Absolicons produktionslina 8 maj i H\u00e4rn\u00f6sand - Absolicon","robots":{"index":"index","follow":"follow","max-snippet":"max-snippet:-1","max-image-preview":"max-image-preview:large","max-video-preview":"max-video-preview:-1"},"canonical":"https:\/\/www.agma.com\/sv\/invigning-av-absolicons-produktionslina-8-maj-i-harnosand\/","og_locale":"sv_SE","og_type":"article","og_title":"Invigning av Absolicons produktionslina 8 maj i H\u00e4rn\u00f6sand - Absolicon","og_description":"[ingress]V\u00e4lkomna till invigning av Absolicons produktionslina onsdagen den 8 maj kl. 18:30. Kommunstyrelsens ordf\u00f6rande Anderas Sj\u00f6lander klipper bandet och d\u00e4refter f\u00f6ljer en presentation av Absolicon. P\u00e5 kv\u00e4llen sedan Absolicons bolagsst\u00e4mma.[\/ingress] &nbsp; 18:15 D\u00f6rrarna \u00f6ppnas 18:30 Invigning av produktionslinan med Andreas Sj\u00f6lander 18:45 Rundvandring &amp; fika 19:00 Presentation av Absolicons verksamhets\u00e5r 2018 19:30 Bolagsst\u00e4mma med anm\u00e4lda [&hellip;]","og_url":"https:\/\/www.agma.com\/sv\/invigning-av-absolicons-produktionslina-8-maj-i-harnosand\/","og_site_name":"Absolicon","article_published_time":"2019-05-08T00:00:00+00:00","article_modified_time":"2020-07-21T06:58:52+00:00","og_image":[{"width":720,"height":250,"url":"https:\/\/www.agma.com\/wp-content\/uploads\/2020\/07\/97f031dfa6a8471b4f1a028759d551.jpg","type":"image\/jpeg"}],"author":"jakubschenk","twitter_card":"summary_large_image","twitter_misc":{"Skriven av":"jakubschenk"},"schema":{"@context":"https:\/\/schema.org","@graph":[{"@type":"Article","@id":"https:\/\/www.agma.com\/sv\/invigning-av-absolicons-produktionslina-8-maj-i-harnosand\/#article","isPartOf":{"@id":"https:\/\/www.agma.com\/sv\/invigning-av-absolicons-produktionslina-8-maj-i-harnosand\/"},"author":{"name":"jakubschenk","@id":"https:\/\/www.agma.com\/sv\/#\/schema\/person\/6820b3ce1cc37edbaecc979090760d8b"},"headline":"Invigning av Absolicons produktionslina 8 maj i H\u00e4rn\u00f6sand","datePublished":"2019-05-08T00:00:00+00:00","dateModified":"2020-07-21T06:58:52+00:00","mainEntityOfPage":{"@id":"https:\/\/www.agma.com\/sv\/invigning-av-absolicons-produktionslina-8-maj-i-harnosand\/"},"wordCount":101,"commentCount":0,"publisher":{"@id":"https:\/\/www.agma.com\/sv\/#organization"},"image":{"@id":"https:\/\/www.agma.com\/sv\/invigning-av-absolicons-produktionslina-8-maj-i-harnosand\/#primaryimage"},"thumbnailUrl":"https:\/\/www.agma.com\/wp-content\/uploads\/2020\/07\/97f031dfa6a8471b4f1a028759d551.jpg","articleSection":["Okategoriserad"],"inLanguage":"sv-SE","potentialAction":[{"@type":"CommentAction","name":"Comment","target":["https:\/\/www.agma.com\/sv\/invigning-av-absolicons-produktionslina-8-maj-i-harnosand\/#respond"]}]},{"@type":"WebPage","@id":"https:\/\/www.agma.com\/sv\/invigning-av-absolicons-produktionslina-8-maj-i-harnosand\/","url":"https:\/\/www.agma.com\/sv\/invigning-av-absolicons-produktionslina-8-maj-i-harnosand\/","name":"Invigning av Absolicons produktionslina 8 maj i H\u00e4rn\u00f6sand - Absolicon","isPartOf":{"@id":"https:\/\/www.agma.com\/sv\/#website"},"primaryImageOfPage":{"@id":"https:\/\/www.agma.com\/sv\/invigning-av-absolicons-produktionslina-8-maj-i-harnosand\/#primaryimage"},"image":{"@id":"https:\/\/www.agma.com\/sv\/invigning-av-absolicons-produktionslina-8-maj-i-harnosand\/#primaryimage"},"thumbnailUrl":"https:\/\/www.agma.com\/wp-content\/uploads\/2020\/07\/97f031dfa6a8471b4f1a028759d551.jpg","datePublished":"2019-05-08T00:00:00+00:00","dateModified":"2020-07-21T06:58:52+00:00","breadcrumb":{"@id":"https:\/\/www.agma.com\/sv\/invigning-av-absolicons-produktionslina-8-maj-i-harnosand\/#breadcrumb"},"inLanguage":"sv-SE","potentialAction":[{"@type":"ReadAction","target":["https:\/\/www.agma.com\/sv\/invigning-av-absolicons-produktionslina-8-maj-i-harnosand\/"]}]},{"@type":"ImageObject","inLanguage":"sv-SE","@id":"https:\/\/www.agma.com\/sv\/invigning-av-absolicons-produktionslina-8-maj-i-harnosand\/#primaryimage","url":"https:\/\/www.agma.com\/wp-content\/uploads\/2020\/07\/97f031dfa6a8471b4f1a028759d551.jpg","contentUrl":"https:\/\/www.agma.com\/wp-content\/uploads\/2020\/07\/97f031dfa6a8471b4f1a028759d551.jpg","width":720,"height":250},{"@type":"BreadcrumbList","@id":"https:\/\/www.agma.com\/sv\/invigning-av-absolicons-produktionslina-8-maj-i-harnosand\/#breadcrumb","itemListElement":[{"@type":"ListItem","position":1,"name":"Home","item":"https:\/\/www.agma.com\/sv\/"},{"@type":"ListItem","position":2,"name":"Invigning av Absolicons produktionslina 8 maj i H\u00e4rn\u00f6sand"}]},{"@type":"WebSite","@id":"https:\/\/www.agma.com\/sv\/#website","url":"https:\/\/www.agma.com\/sv\/","name":"Absolicon","description":"","publisher":{"@id":"https:\/\/www.agma.com\/sv\/#organization"},"potentialAction":[{"@type":"SearchAction","target":{"@type":"EntryPoint","urlTemplate":"https:\/\/www.agma.com\/sv\/?s={search_term_string}"},"query-input":{"@type":"PropertyValueSpecification","valueRequired":true,"valueName":"search_term_string"}}],"inLanguage":"sv-SE"},{"@type":"Organization","@id":"https:\/\/www.agma.com\/sv\/#organization","name":"Absolicon","url":"https:\/\/www.agma.com\/sv\/","logo":{"@type":"ImageObject","inLanguage":"sv-SE","@id":"https:\/\/www.agma.com\/sv\/#\/schema\/logo\/image\/","url":"https:\/\/www.agma.com\/wp-content\/uploads\/2026\/04\/logotype_neg_blk.svg","contentUrl":"https:\/\/www.agma.com\/wp-content\/uploads\/2026\/04\/logotype_neg_blk.svg","width":705,"height":83,"caption":"Absolicon"},"image":{"@id":"https:\/\/www.agma.com\/sv\/#\/schema\/logo\/image\/"}},{"@type":"Person","@id":"https:\/\/www.agma.com\/sv\/#\/schema\/person\/6820b3ce1cc37edbaecc979090760d8b","name":"jakubschenk","image":{"@type":"ImageObject","inLanguage":"sv-SE","@id":"https:\/\/secure.gravatar.com\/avatar\/0ab843002d4a58702560e02354e5f9a3206e13bbfaa9df5a188e463870f605cd?s=96&d=mm&r=g","url":"https:\/\/secure.gravatar.com\/avatar\/0ab843002d4a58702560e02354e5f9a3206e13bbfaa9df5a188e463870f605cd?s=96&d=mm&r=g","contentUrl":"https:\/\/secure.gravatar.com\/avatar\/0ab843002d4a58702560e02354e5f9a3206e13bbfaa9df5a188e463870f605cd?s=96&d=mm&r=g","caption":"jakubschenk"},"sameAs":["https:\/\/www.agma.com"],"url":"https:\/\/www.agma.com\/sv\/author\/jakubschenk\/"}]}},"_links":{"self":[{"href":"https:\/\/www.agma.com\/sv\/wp-json\/wp\/v2\/posts\/8962","targetHints":{"allow":["GET"]}}],"collection":[{"href":"https:\/\/www.agma.com\/sv\/wp-json\/wp\/v2\/posts"}],"about":[{"href":"https:\/\/www.agma.com\/sv\/wp-json\/wp\/v2\/types\/post"}],"author":[{"embeddable":true,"href":"https:\/\/www.agma.com\/sv\/wp-json\/wp\/v2\/users\/1"}],"replies":[{"embeddable":true,"href":"https:\/\/www.agma.com\/sv\/wp-json\/wp\/v2\/comments?post=8962"}],"version-history":[{"count":1,"href":"https:\/\/www.agma.com\/sv\/wp-json\/wp\/v2\/posts\/8962\/revisions"}],"predecessor-version":[{"id":9179,"href":"https:\/\/www.agma.com\/sv\/wp-json\/wp\/v2\/posts\/8962\/revisions\/9179"}],"wp:featuredmedia":[{"embeddable":true,"href":"https:\/\/www.agma.com\/sv\/wp-json\/wp\/v2\/media\/9149"}],"wp:attachment":[{"href":"https:\/\/www.agma.com\/sv\/wp-json\/wp\/v2\/media?parent=8962"}],"wp:term":[{"taxonomy":"category","embeddable":true,"href":"https:\/\/www.agma.com\/sv\/wp-json\/wp\/v2\/categories?post=8962"},{"taxonomy":"post_tag","embeddable":true,"href":"https:\/\/www.agma.com\/sv\/wp-json\/wp\/v2\/tags?post=8962"}],"curies":[{"name":"wp","href":"https:\/\/api.w.org\/{rel}","templated":true}]}}