{"id":8964,"date":"2019-05-07T00:00:00","date_gmt":"2019-05-07T00:00:00","guid":{"rendered":"https:\/\/www.absolicon.com\/forslag-fran-valberedningen-malte-frisk-till-styrelseordforande\/"},"modified":"2019-05-07T00:00:00","modified_gmt":"2019-05-07T00:00:00","slug":"forslag-fran-valberedningen-malte-frisk-till-styrelseordforande","status":"publish","type":"post","link":"https:\/\/www.agma.com\/sv\/forslag-fran-valberedningen-malte-frisk-till-styrelseordforande\/","title":{"rendered":"F\u00f6rslag fr\u00e5n valberedningen: Malte Frisk till styrelseordf\u00f6rande"},"content":{"rendered":"<p><a href=\"https:\/\/www.agma.comwp-content\/uploads\/2019\/05\/Malte-Frisk2.jpg\"><img fetchpriority=\"high\" decoding=\"async\" class=\"alignleft size-medium wp-image-5387\" title=\"Malte-Frisk2\" src=\"https:\/\/www.agma.comwp-content\/sembly_data\/thumbnail\/8a\/d118ee0ca7544f10b70d52ad34e30a.jpg?213490\" alt=\"\" width=\"200\" height=\"300\" \/><\/a>[ingress]Valberedningen modifierar sitt f\u00f6rslag till beslut f\u00f6r bolagsst\u00e4mma i Absolicon Solar Collector AB (publ) som h\u00e5lls onsdag 8 maj 2019 klockan 19:00 i Absolicons lokaler p\u00e5 Fiskaregatan 11, H\u00e4rn\u00f6verken, H\u00e4rn\u00f6sand och f\u00f6resl\u00e5r Malte Frisk till ordf\u00f6rande.[\/ingress]<\/p>\n<p>Ett tidigare f\u00f6rslag har distribuerats den 24 april. Ist\u00e4llet f\u00f6resl\u00e5r nu valberedningen Malte Frisk, tidigare styrelseledamot, som styrelseordf\u00f6rande och Olle Olsson, tidigare styrelseordf\u00f6rande, som ledamot.<\/p>\n<p>Malte Frisk \u00e4r idag vd f\u00f6r Logosol AB samt styrelseordf\u00f6rande f\u00f6r Almi Invest Mitt, styrelseordf\u00f6rande i H\u00f6ga Kusten Industrigrupp samt styrelseledamot i L\u00e4nsf\u00f6rs\u00e4kringar V\u00e4sternorrland.<\/p>\n<p>Anledningen till f\u00f6r\u00e4ndringen \u00e4r att Malte Frisk p\u00e5 uppdrag av Absolicon kommer att assistera i arbetet med f\u00f6rs\u00e4ljning av produktionslinor och f\u00f6rhandlingar om r\u00e4ttigheter och d\u00e5 b\u00e4ttre kan f\u00f6retr\u00e4da Absolicon i rollen som styrelseordf\u00f6rande.<\/p>\n<ul>\n<li>Valberedningen f\u00f6resl\u00e5r s\u00e5ledes bolagsst\u00e4mman att v\u00e4lja Malte Frisk, styrelseordf\u00f6rande (nyval), Joakim Bystr\u00f6m, styrelseledamot (omval), S\u00f6ren Olsson, styrelseledamot (omval) och Peter Johansson, styrelseledamot (omval) och Olle Olsson (nyval) till styrelse f\u00f6r Absolicon f\u00f6r tiden intill n\u00e4sta \u00e5rsst\u00e4mma.<\/li>\n<\/ul>\n<p>Fullst\u00e4ndiga f\u00f6rslag samt f\u00f6reslagen arbetsordning f\u00f6r valberedningen finns p\u00e5 Absolicons hemsida och kan best\u00e4llas fr\u00e5n bolaget.<\/p>\n<p><a href=\"https:\/\/www.agma.comframlaggande-av-arsredovisning-2018\/\" target=\"_blank\" rel=\"noopener noreferrer\">&gt;&gt; Kallelse och f\u00f6rslag<\/a><\/p>\n","protected":false},"excerpt":{"rendered":"<p>[ingress]Valberedningen modifierar sitt f\u00f6rslag till beslut f\u00f6r bolagsst\u00e4mma i Absolicon Solar Collector AB (publ) som h\u00e5lls onsdag 8 maj 2019 klockan 19:00 i Absolicons lokaler p\u00e5 Fiskaregatan 11, H\u00e4rn\u00f6verken, H\u00e4rn\u00f6sand och f\u00f6resl\u00e5r Malte Frisk till ordf\u00f6rande.[\/ingress] Ett tidigare f\u00f6rslag har distribuerats den 24 april. Ist\u00e4llet f\u00f6resl\u00e5r nu valberedningen Malte Frisk, tidigare styrelseledamot, som styrelseordf\u00f6rande och [&hellip;]<\/p>\n","protected":false},"author":1,"featured_media":0,"comment_status":"open","ping_status":"open","sticky":false,"template":"","format":"standard","meta":{"_acf_changed":false,"footnotes":""},"categories":[],"tags":[],"class_list":["post-8964","post","type-post","status-publish","format-standard","hentry"],"acf":[],"yoast_head":"<!-- This site is optimized with the Yoast SEO plugin v27.4 - https:\/\/yoast.com\/product\/yoast-seo-wordpress\/ -->\n<title>F\u00f6rslag fr\u00e5n valberedningen: Malte Frisk till styrelseordf\u00f6rande - Absolicon<\/title>\n<meta name=\"robots\" content=\"index, follow, max-snippet:-1, max-image-preview:large, max-video-preview:-1\" \/>\n<link rel=\"canonical\" href=\"https:\/\/www.agma.com\/sv\/forslag-fran-valberedningen-malte-frisk-till-styrelseordforande\/\" \/>\n<meta property=\"og:locale\" content=\"sv_SE\" \/>\n<meta property=\"og:type\" content=\"article\" \/>\n<meta property=\"og:title\" content=\"F\u00f6rslag fr\u00e5n valberedningen: Malte Frisk till styrelseordf\u00f6rande - Absolicon\" \/>\n<meta property=\"og:description\" content=\"[ingress]Valberedningen modifierar sitt f\u00f6rslag till beslut f\u00f6r bolagsst\u00e4mma i Absolicon Solar Collector AB (publ) som h\u00e5lls onsdag 8 maj 2019 klockan 19:00 i Absolicons lokaler p\u00e5 Fiskaregatan 11, H\u00e4rn\u00f6verken, H\u00e4rn\u00f6sand och f\u00f6resl\u00e5r Malte Frisk till ordf\u00f6rande.[\/ingress] Ett tidigare f\u00f6rslag har distribuerats den 24 april. Ist\u00e4llet f\u00f6resl\u00e5r nu valberedningen Malte Frisk, tidigare styrelseledamot, som styrelseordf\u00f6rande och [&hellip;]\" \/>\n<meta property=\"og:url\" content=\"https:\/\/www.agma.com\/sv\/forslag-fran-valberedningen-malte-frisk-till-styrelseordforande\/\" \/>\n<meta property=\"og:site_name\" content=\"Absolicon\" \/>\n<meta property=\"article:published_time\" content=\"2019-05-07T00:00:00+00:00\" \/>\n<meta property=\"og:image\" content=\"https:\/\/www.agma.comwp-content\/sembly_data\/thumbnail\/8a\/d118ee0ca7544f10b70d52ad34e30a.jpg?213490\" \/>\n<meta name=\"author\" content=\"jakubschenk\" \/>\n<meta name=\"twitter:card\" content=\"summary_large_image\" \/>\n<meta name=\"twitter:label1\" content=\"Skriven av\" \/>\n\t<meta name=\"twitter:data1\" content=\"jakubschenk\" \/>\n<script type=\"application\/ld+json\" class=\"yoast-schema-graph\">{\"@context\":\"https:\\\/\\\/schema.org\",\"@graph\":[{\"@type\":\"Article\",\"@id\":\"https:\\\/\\\/www.agma.com\\\/sv\\\/forslag-fran-valberedningen-malte-frisk-till-styrelseordforande\\\/#article\",\"isPartOf\":{\"@id\":\"https:\\\/\\\/www.agma.com\\\/sv\\\/forslag-fran-valberedningen-malte-frisk-till-styrelseordforande\\\/\"},\"author\":{\"name\":\"jakubschenk\",\"@id\":\"https:\\\/\\\/www.agma.com\\\/sv\\\/#\\\/schema\\\/person\\\/6820b3ce1cc37edbaecc979090760d8b\"},\"headline\":\"F\u00f6rslag fr\u00e5n valberedningen: Malte Frisk till styrelseordf\u00f6rande\",\"datePublished\":\"2019-05-07T00:00:00+00:00\",\"mainEntityOfPage\":{\"@id\":\"https:\\\/\\\/www.agma.com\\\/sv\\\/forslag-fran-valberedningen-malte-frisk-till-styrelseordforande\\\/\"},\"wordCount\":238,\"commentCount\":0,\"publisher\":{\"@id\":\"https:\\\/\\\/www.agma.com\\\/sv\\\/#organization\"},\"image\":{\"@id\":\"https:\\\/\\\/www.agma.com\\\/sv\\\/forslag-fran-valberedningen-malte-frisk-till-styrelseordforande\\\/#primaryimage\"},\"thumbnailUrl\":\"https:\\\/\\\/www.agma.comwp-content\\\/sembly_data\\\/thumbnail\\\/8a\\\/d118ee0ca7544f10b70d52ad34e30a.jpg?213490\",\"inLanguage\":\"sv-SE\",\"potentialAction\":[{\"@type\":\"CommentAction\",\"name\":\"Comment\",\"target\":[\"https:\\\/\\\/www.agma.com\\\/sv\\\/forslag-fran-valberedningen-malte-frisk-till-styrelseordforande\\\/#respond\"]}]},{\"@type\":\"WebPage\",\"@id\":\"https:\\\/\\\/www.agma.com\\\/sv\\\/forslag-fran-valberedningen-malte-frisk-till-styrelseordforande\\\/\",\"url\":\"https:\\\/\\\/www.agma.com\\\/sv\\\/forslag-fran-valberedningen-malte-frisk-till-styrelseordforande\\\/\",\"name\":\"F\u00f6rslag fr\u00e5n valberedningen: Malte Frisk till styrelseordf\u00f6rande - Absolicon\",\"isPartOf\":{\"@id\":\"https:\\\/\\\/www.agma.com\\\/sv\\\/#website\"},\"primaryImageOfPage\":{\"@id\":\"https:\\\/\\\/www.agma.com\\\/sv\\\/forslag-fran-valberedningen-malte-frisk-till-styrelseordforande\\\/#primaryimage\"},\"image\":{\"@id\":\"https:\\\/\\\/www.agma.com\\\/sv\\\/forslag-fran-valberedningen-malte-frisk-till-styrelseordforande\\\/#primaryimage\"},\"thumbnailUrl\":\"https:\\\/\\\/www.agma.comwp-content\\\/sembly_data\\\/thumbnail\\\/8a\\\/d118ee0ca7544f10b70d52ad34e30a.jpg?213490\",\"datePublished\":\"2019-05-07T00:00:00+00:00\",\"breadcrumb\":{\"@id\":\"https:\\\/\\\/www.agma.com\\\/sv\\\/forslag-fran-valberedningen-malte-frisk-till-styrelseordforande\\\/#breadcrumb\"},\"inLanguage\":\"sv-SE\",\"potentialAction\":[{\"@type\":\"ReadAction\",\"target\":[\"https:\\\/\\\/www.agma.com\\\/sv\\\/forslag-fran-valberedningen-malte-frisk-till-styrelseordforande\\\/\"]}]},{\"@type\":\"ImageObject\",\"inLanguage\":\"sv-SE\",\"@id\":\"https:\\\/\\\/www.agma.com\\\/sv\\\/forslag-fran-valberedningen-malte-frisk-till-styrelseordforande\\\/#primaryimage\",\"url\":\"https:\\\/\\\/www.agma.comwp-content\\\/sembly_data\\\/thumbnail\\\/8a\\\/d118ee0ca7544f10b70d52ad34e30a.jpg?213490\",\"contentUrl\":\"https:\\\/\\\/www.agma.comwp-content\\\/sembly_data\\\/thumbnail\\\/8a\\\/d118ee0ca7544f10b70d52ad34e30a.jpg?213490\"},{\"@type\":\"BreadcrumbList\",\"@id\":\"https:\\\/\\\/www.agma.com\\\/sv\\\/forslag-fran-valberedningen-malte-frisk-till-styrelseordforande\\\/#breadcrumb\",\"itemListElement\":[{\"@type\":\"ListItem\",\"position\":1,\"name\":\"Home\",\"item\":\"https:\\\/\\\/www.agma.com\\\/sv\\\/\"},{\"@type\":\"ListItem\",\"position\":2,\"name\":\"F\u00f6rslag fr\u00e5n valberedningen: Malte Frisk till styrelseordf\u00f6rande\"}]},{\"@type\":\"WebSite\",\"@id\":\"https:\\\/\\\/www.agma.com\\\/sv\\\/#website\",\"url\":\"https:\\\/\\\/www.agma.com\\\/sv\\\/\",\"name\":\"Absolicon\",\"description\":\"\",\"publisher\":{\"@id\":\"https:\\\/\\\/www.agma.com\\\/sv\\\/#organization\"},\"potentialAction\":[{\"@type\":\"SearchAction\",\"target\":{\"@type\":\"EntryPoint\",\"urlTemplate\":\"https:\\\/\\\/www.agma.com\\\/sv\\\/?s={search_term_string}\"},\"query-input\":{\"@type\":\"PropertyValueSpecification\",\"valueRequired\":true,\"valueName\":\"search_term_string\"}}],\"inLanguage\":\"sv-SE\"},{\"@type\":\"Organization\",\"@id\":\"https:\\\/\\\/www.agma.com\\\/sv\\\/#organization\",\"name\":\"Absolicon\",\"url\":\"https:\\\/\\\/www.agma.com\\\/sv\\\/\",\"logo\":{\"@type\":\"ImageObject\",\"inLanguage\":\"sv-SE\",\"@id\":\"https:\\\/\\\/www.agma.com\\\/sv\\\/#\\\/schema\\\/logo\\\/image\\\/\",\"url\":\"https:\\\/\\\/www.agma.com\\\/wp-content\\\/uploads\\\/2026\\\/04\\\/logotype_neg_blk.svg\",\"contentUrl\":\"https:\\\/\\\/www.agma.com\\\/wp-content\\\/uploads\\\/2026\\\/04\\\/logotype_neg_blk.svg\",\"width\":705,\"height\":83,\"caption\":\"Absolicon\"},\"image\":{\"@id\":\"https:\\\/\\\/www.agma.com\\\/sv\\\/#\\\/schema\\\/logo\\\/image\\\/\"}},{\"@type\":\"Person\",\"@id\":\"https:\\\/\\\/www.agma.com\\\/sv\\\/#\\\/schema\\\/person\\\/6820b3ce1cc37edbaecc979090760d8b\",\"name\":\"jakubschenk\",\"image\":{\"@type\":\"ImageObject\",\"inLanguage\":\"sv-SE\",\"@id\":\"https:\\\/\\\/secure.gravatar.com\\\/avatar\\\/0ab843002d4a58702560e02354e5f9a3206e13bbfaa9df5a188e463870f605cd?s=96&d=mm&r=g\",\"url\":\"https:\\\/\\\/secure.gravatar.com\\\/avatar\\\/0ab843002d4a58702560e02354e5f9a3206e13bbfaa9df5a188e463870f605cd?s=96&d=mm&r=g\",\"contentUrl\":\"https:\\\/\\\/secure.gravatar.com\\\/avatar\\\/0ab843002d4a58702560e02354e5f9a3206e13bbfaa9df5a188e463870f605cd?s=96&d=mm&r=g\",\"caption\":\"jakubschenk\"},\"sameAs\":[\"https:\\\/\\\/www.agma.com\"],\"url\":\"https:\\\/\\\/www.agma.com\\\/sv\\\/author\\\/jakubschenk\\\/\"}]}<\/script>\n<!-- \/ Yoast SEO plugin. -->","yoast_head_json":{"title":"F\u00f6rslag fr\u00e5n valberedningen: Malte Frisk till styrelseordf\u00f6rande - Absolicon","robots":{"index":"index","follow":"follow","max-snippet":"max-snippet:-1","max-image-preview":"max-image-preview:large","max-video-preview":"max-video-preview:-1"},"canonical":"https:\/\/www.agma.com\/sv\/forslag-fran-valberedningen-malte-frisk-till-styrelseordforande\/","og_locale":"sv_SE","og_type":"article","og_title":"F\u00f6rslag fr\u00e5n valberedningen: Malte Frisk till styrelseordf\u00f6rande - Absolicon","og_description":"[ingress]Valberedningen modifierar sitt f\u00f6rslag till beslut f\u00f6r bolagsst\u00e4mma i Absolicon Solar Collector AB (publ) som h\u00e5lls onsdag 8 maj 2019 klockan 19:00 i Absolicons lokaler p\u00e5 Fiskaregatan 11, H\u00e4rn\u00f6verken, H\u00e4rn\u00f6sand och f\u00f6resl\u00e5r Malte Frisk till ordf\u00f6rande.[\/ingress] Ett tidigare f\u00f6rslag har distribuerats den 24 april. Ist\u00e4llet f\u00f6resl\u00e5r nu valberedningen Malte Frisk, tidigare styrelseledamot, som styrelseordf\u00f6rande och [&hellip;]","og_url":"https:\/\/www.agma.com\/sv\/forslag-fran-valberedningen-malte-frisk-till-styrelseordforande\/","og_site_name":"Absolicon","article_published_time":"2019-05-07T00:00:00+00:00","og_image":[{"url":"https:\/\/www.agma.comwp-content\/sembly_data\/thumbnail\/8a\/d118ee0ca7544f10b70d52ad34e30a.jpg?213490","type":"","width":"","height":""}],"author":"jakubschenk","twitter_card":"summary_large_image","twitter_misc":{"Skriven av":"jakubschenk"},"schema":{"@context":"https:\/\/schema.org","@graph":[{"@type":"Article","@id":"https:\/\/www.agma.com\/sv\/forslag-fran-valberedningen-malte-frisk-till-styrelseordforande\/#article","isPartOf":{"@id":"https:\/\/www.agma.com\/sv\/forslag-fran-valberedningen-malte-frisk-till-styrelseordforande\/"},"author":{"name":"jakubschenk","@id":"https:\/\/www.agma.com\/sv\/#\/schema\/person\/6820b3ce1cc37edbaecc979090760d8b"},"headline":"F\u00f6rslag fr\u00e5n valberedningen: Malte Frisk till styrelseordf\u00f6rande","datePublished":"2019-05-07T00:00:00+00:00","mainEntityOfPage":{"@id":"https:\/\/www.agma.com\/sv\/forslag-fran-valberedningen-malte-frisk-till-styrelseordforande\/"},"wordCount":238,"commentCount":0,"publisher":{"@id":"https:\/\/www.agma.com\/sv\/#organization"},"image":{"@id":"https:\/\/www.agma.com\/sv\/forslag-fran-valberedningen-malte-frisk-till-styrelseordforande\/#primaryimage"},"thumbnailUrl":"https:\/\/www.agma.comwp-content\/sembly_data\/thumbnail\/8a\/d118ee0ca7544f10b70d52ad34e30a.jpg?213490","inLanguage":"sv-SE","potentialAction":[{"@type":"CommentAction","name":"Comment","target":["https:\/\/www.agma.com\/sv\/forslag-fran-valberedningen-malte-frisk-till-styrelseordforande\/#respond"]}]},{"@type":"WebPage","@id":"https:\/\/www.agma.com\/sv\/forslag-fran-valberedningen-malte-frisk-till-styrelseordforande\/","url":"https:\/\/www.agma.com\/sv\/forslag-fran-valberedningen-malte-frisk-till-styrelseordforande\/","name":"F\u00f6rslag fr\u00e5n valberedningen: Malte Frisk till styrelseordf\u00f6rande - Absolicon","isPartOf":{"@id":"https:\/\/www.agma.com\/sv\/#website"},"primaryImageOfPage":{"@id":"https:\/\/www.agma.com\/sv\/forslag-fran-valberedningen-malte-frisk-till-styrelseordforande\/#primaryimage"},"image":{"@id":"https:\/\/www.agma.com\/sv\/forslag-fran-valberedningen-malte-frisk-till-styrelseordforande\/#primaryimage"},"thumbnailUrl":"https:\/\/www.agma.comwp-content\/sembly_data\/thumbnail\/8a\/d118ee0ca7544f10b70d52ad34e30a.jpg?213490","datePublished":"2019-05-07T00:00:00+00:00","breadcrumb":{"@id":"https:\/\/www.agma.com\/sv\/forslag-fran-valberedningen-malte-frisk-till-styrelseordforande\/#breadcrumb"},"inLanguage":"sv-SE","potentialAction":[{"@type":"ReadAction","target":["https:\/\/www.agma.com\/sv\/forslag-fran-valberedningen-malte-frisk-till-styrelseordforande\/"]}]},{"@type":"ImageObject","inLanguage":"sv-SE","@id":"https:\/\/www.agma.com\/sv\/forslag-fran-valberedningen-malte-frisk-till-styrelseordforande\/#primaryimage","url":"https:\/\/www.agma.comwp-content\/sembly_data\/thumbnail\/8a\/d118ee0ca7544f10b70d52ad34e30a.jpg?213490","contentUrl":"https:\/\/www.agma.comwp-content\/sembly_data\/thumbnail\/8a\/d118ee0ca7544f10b70d52ad34e30a.jpg?213490"},{"@type":"BreadcrumbList","@id":"https:\/\/www.agma.com\/sv\/forslag-fran-valberedningen-malte-frisk-till-styrelseordforande\/#breadcrumb","itemListElement":[{"@type":"ListItem","position":1,"name":"Home","item":"https:\/\/www.agma.com\/sv\/"},{"@type":"ListItem","position":2,"name":"F\u00f6rslag fr\u00e5n valberedningen: Malte Frisk till styrelseordf\u00f6rande"}]},{"@type":"WebSite","@id":"https:\/\/www.agma.com\/sv\/#website","url":"https:\/\/www.agma.com\/sv\/","name":"Absolicon","description":"","publisher":{"@id":"https:\/\/www.agma.com\/sv\/#organization"},"potentialAction":[{"@type":"SearchAction","target":{"@type":"EntryPoint","urlTemplate":"https:\/\/www.agma.com\/sv\/?s={search_term_string}"},"query-input":{"@type":"PropertyValueSpecification","valueRequired":true,"valueName":"search_term_string"}}],"inLanguage":"sv-SE"},{"@type":"Organization","@id":"https:\/\/www.agma.com\/sv\/#organization","name":"Absolicon","url":"https:\/\/www.agma.com\/sv\/","logo":{"@type":"ImageObject","inLanguage":"sv-SE","@id":"https:\/\/www.agma.com\/sv\/#\/schema\/logo\/image\/","url":"https:\/\/www.agma.com\/wp-content\/uploads\/2026\/04\/logotype_neg_blk.svg","contentUrl":"https:\/\/www.agma.com\/wp-content\/uploads\/2026\/04\/logotype_neg_blk.svg","width":705,"height":83,"caption":"Absolicon"},"image":{"@id":"https:\/\/www.agma.com\/sv\/#\/schema\/logo\/image\/"}},{"@type":"Person","@id":"https:\/\/www.agma.com\/sv\/#\/schema\/person\/6820b3ce1cc37edbaecc979090760d8b","name":"jakubschenk","image":{"@type":"ImageObject","inLanguage":"sv-SE","@id":"https:\/\/secure.gravatar.com\/avatar\/0ab843002d4a58702560e02354e5f9a3206e13bbfaa9df5a188e463870f605cd?s=96&d=mm&r=g","url":"https:\/\/secure.gravatar.com\/avatar\/0ab843002d4a58702560e02354e5f9a3206e13bbfaa9df5a188e463870f605cd?s=96&d=mm&r=g","contentUrl":"https:\/\/secure.gravatar.com\/avatar\/0ab843002d4a58702560e02354e5f9a3206e13bbfaa9df5a188e463870f605cd?s=96&d=mm&r=g","caption":"jakubschenk"},"sameAs":["https:\/\/www.agma.com"],"url":"https:\/\/www.agma.com\/sv\/author\/jakubschenk\/"}]}},"_links":{"self":[{"href":"https:\/\/www.agma.com\/sv\/wp-json\/wp\/v2\/posts\/8964","targetHints":{"allow":["GET"]}}],"collection":[{"href":"https:\/\/www.agma.com\/sv\/wp-json\/wp\/v2\/posts"}],"about":[{"href":"https:\/\/www.agma.com\/sv\/wp-json\/wp\/v2\/types\/post"}],"author":[{"embeddable":true,"href":"https:\/\/www.agma.com\/sv\/wp-json\/wp\/v2\/users\/1"}],"replies":[{"embeddable":true,"href":"https:\/\/www.agma.com\/sv\/wp-json\/wp\/v2\/comments?post=8964"}],"version-history":[{"count":0,"href":"https:\/\/www.agma.com\/sv\/wp-json\/wp\/v2\/posts\/8964\/revisions"}],"wp:attachment":[{"href":"https:\/\/www.agma.com\/sv\/wp-json\/wp\/v2\/media?parent=8964"}],"wp:term":[{"taxonomy":"category","embeddable":true,"href":"https:\/\/www.agma.com\/sv\/wp-json\/wp\/v2\/categories?post=8964"},{"taxonomy":"post_tag","embeddable":true,"href":"https:\/\/www.agma.com\/sv\/wp-json\/wp\/v2\/tags?post=8964"}],"curies":[{"name":"wp","href":"https:\/\/api.w.org\/{rel}","templated":true}]}}