{"id":8967,"date":"2019-05-29T00:00:00","date_gmt":"2019-05-29T00:00:00","guid":{"rendered":"https:\/\/www.absolicon.com\/absolicon-solar-collector-ab-samarbetsavtal-med-sweco\/"},"modified":"2019-05-29T00:00:00","modified_gmt":"2019-05-29T00:00:00","slug":"absolicon-solar-collector-ab-samarbetsavtal-med-sweco","status":"publish","type":"post","link":"https:\/\/www.agma.com\/sv\/absolicon-solar-collector-ab-samarbetsavtal-med-sweco\/","title":{"rendered":"Absolicon Solar Collector AB: Samarbetsavtal med Sweco"},"content":{"rendered":"<p><a href=\"https:\/\/www.agma.comwp-content\/uploads\/2019\/05\/sweco_black.png\"><img decoding=\"async\" class=\"alignnone size-thumbnail wp-image-5423\" title=\"sweco_black\" src=\"https:\/\/www.agma.comwp-content\/sembly_data\/thumbnail\/f0\/374e66487f39af3e005e3dfbc9d8d7.png?120805\" alt=\"\" width=\"150\" height=\"43\" \/><\/a><\/p>\n<p>[ingress]Absolicon och Swecos energiverksamhet har ing\u00e5tt ett samarbetsavtal f\u00f6r att gemensamt utforska m\u00f6jligheter att driva industrier och fj\u00e4rrv\u00e4rmen\u00e4t med storskalig solv\u00e4rme och sol\u00e5nga.[\/ingress]<\/p>\n<p>Avtalet inneb\u00e4r att Absolicon och Sweco gemensamt kommer att g\u00f6ra djupare tekniska utv\u00e4rderingar av ett antal konkreta projekt. M\u00e5let \u00e4r att skapa ett l\u00e5ngsiktigt samarbete som gynnar b\u00e5da parter. Avtalet inneb\u00e4r ingen exklusivitet.<\/p>\n<p>Ett framg\u00e5ngsrikt samarbete inneb\u00e4r f\u00f6r Absolicon att energikunder som industrier och st\u00e4der \u00f6nskar Absolicons koncentrerande solf\u00e5ngare f\u00f6r att ers\u00e4tta f\u00f6rbr\u00e4nning av br\u00e4nslen och att det resulterar att akt\u00f6rer v\u00e4ljer att investera i regionala produktionslinor.<\/p>\n<p>Samarbetet \u00e4r organiserat kring tv\u00e5 konkreta projekt \u2013 teindustrin i Rwanda och fj\u00e4rrv\u00e4rme i \u00d6steuropa.<\/p>\n<p>I Rwanda har teindustrin en stor utmaning i hur de skall klara sin v\u00e4rmef\u00f6rs\u00f6rjning f\u00f6r att torka tebladen. H\u00e4r finns stora likheter med det projekt vi bedriver i Kenya med Nordic Climate Fund. Kostnaderna f\u00f6r olja \u00e4r h\u00f6ga i Afrika och biobr\u00e4nslen som eukalyptus problematiska. Dock \u00e4r Rwanda ett litet land och v\u00e5r uppfattning \u00e4r att behoven inom teindustrin i Rwanda skulle kunna resultera i 100 MW solf\u00e5ngare.<\/p>\n<p>N\u00e4r det g\u00e4ller fj\u00e4rrv\u00e4rme i \u00d6steuropa kan man f\u00f6rv\u00e4nta sig att h\u00e5rdare milj\u00f6- och klimatkrav kommer att kr\u00e4va minskad f\u00f6rbr\u00e4nning av kol p\u00e5 samma s\u00e4tt som i t.ex. Tyskland. En m\u00f6jlig utveckling \u00e4r att solv\u00e4rme erh\u00e5ller ett 50% investeringsst\u00f6d. Temperaturerna i n\u00e4ten \u00e4r h\u00f6ga vilket inneb\u00e4r att vanliga plana solf\u00e5ngare \u00e4r mindre l\u00e4mpliga \u00e4n Absolicons T160.<\/p>\n<p>Sweco \u00e4r det ledande konsultf\u00f6retaget inom teknik och arkitektur i Europa med 16 000 medarbetare och en oms\u00e4ttning p\u00e5 cirka 18,7 miljarder SEK.<\/p>\n","protected":false},"excerpt":{"rendered":"<p>[ingress]Absolicon och Swecos energiverksamhet har ing\u00e5tt ett samarbetsavtal f\u00f6r att gemensamt utforska m\u00f6jligheter att driva industrier och fj\u00e4rrv\u00e4rmen\u00e4t med storskalig solv\u00e4rme och sol\u00e5nga.[\/ingress] Avtalet inneb\u00e4r att Absolicon och Sweco gemensamt kommer att g\u00f6ra djupare tekniska utv\u00e4rderingar av ett antal konkreta projekt. M\u00e5let \u00e4r att skapa ett l\u00e5ngsiktigt samarbete som gynnar b\u00e5da parter. Avtalet inneb\u00e4r ingen [&hellip;]<\/p>\n","protected":false},"author":1,"featured_media":0,"comment_status":"open","ping_status":"open","sticky":false,"template":"","format":"standard","meta":{"_acf_changed":false,"footnotes":""},"categories":[],"tags":[],"class_list":["post-8967","post","type-post","status-publish","format-standard","hentry"],"acf":[],"yoast_head":"<!-- This site is optimized with the Yoast SEO plugin v27.4 - https:\/\/yoast.com\/product\/yoast-seo-wordpress\/ -->\n<title>Absolicon Solar Collector AB: Samarbetsavtal med Sweco - Absolicon<\/title>\n<meta name=\"robots\" content=\"index, follow, max-snippet:-1, max-image-preview:large, max-video-preview:-1\" \/>\n<link rel=\"canonical\" href=\"https:\/\/www.agma.com\/sv\/absolicon-solar-collector-ab-samarbetsavtal-med-sweco\/\" \/>\n<meta property=\"og:locale\" content=\"sv_SE\" \/>\n<meta property=\"og:type\" content=\"article\" \/>\n<meta property=\"og:title\" content=\"Absolicon Solar Collector AB: Samarbetsavtal med Sweco - Absolicon\" \/>\n<meta property=\"og:description\" content=\"[ingress]Absolicon och Swecos energiverksamhet har ing\u00e5tt ett samarbetsavtal f\u00f6r att gemensamt utforska m\u00f6jligheter att driva industrier och fj\u00e4rrv\u00e4rmen\u00e4t med storskalig solv\u00e4rme och sol\u00e5nga.[\/ingress] Avtalet inneb\u00e4r att Absolicon och Sweco gemensamt kommer att g\u00f6ra djupare tekniska utv\u00e4rderingar av ett antal konkreta projekt. M\u00e5let \u00e4r att skapa ett l\u00e5ngsiktigt samarbete som gynnar b\u00e5da parter. Avtalet inneb\u00e4r ingen [&hellip;]\" \/>\n<meta property=\"og:url\" content=\"https:\/\/www.agma.com\/sv\/absolicon-solar-collector-ab-samarbetsavtal-med-sweco\/\" \/>\n<meta property=\"og:site_name\" content=\"Absolicon\" \/>\n<meta property=\"article:published_time\" content=\"2019-05-29T00:00:00+00:00\" \/>\n<meta property=\"og:image\" content=\"https:\/\/www.agma.comwp-content\/sembly_data\/thumbnail\/f0\/374e66487f39af3e005e3dfbc9d8d7.png?120805\" \/>\n<meta name=\"author\" content=\"jakubschenk\" \/>\n<meta name=\"twitter:card\" content=\"summary_large_image\" \/>\n<meta name=\"twitter:label1\" content=\"Skriven av\" \/>\n\t<meta name=\"twitter:data1\" content=\"jakubschenk\" \/>\n<script type=\"application\/ld+json\" class=\"yoast-schema-graph\">{\"@context\":\"https:\\\/\\\/schema.org\",\"@graph\":[{\"@type\":\"Article\",\"@id\":\"https:\\\/\\\/www.agma.com\\\/sv\\\/absolicon-solar-collector-ab-samarbetsavtal-med-sweco\\\/#article\",\"isPartOf\":{\"@id\":\"https:\\\/\\\/www.agma.com\\\/sv\\\/absolicon-solar-collector-ab-samarbetsavtal-med-sweco\\\/\"},\"author\":{\"name\":\"jakubschenk\",\"@id\":\"https:\\\/\\\/www.agma.com\\\/sv\\\/#\\\/schema\\\/person\\\/6820b3ce1cc37edbaecc979090760d8b\"},\"headline\":\"Absolicon Solar Collector AB: Samarbetsavtal med Sweco\",\"datePublished\":\"2019-05-29T00:00:00+00:00\",\"mainEntityOfPage\":{\"@id\":\"https:\\\/\\\/www.agma.com\\\/sv\\\/absolicon-solar-collector-ab-samarbetsavtal-med-sweco\\\/\"},\"wordCount\":318,\"commentCount\":0,\"publisher\":{\"@id\":\"https:\\\/\\\/www.agma.com\\\/sv\\\/#organization\"},\"image\":{\"@id\":\"https:\\\/\\\/www.agma.com\\\/sv\\\/absolicon-solar-collector-ab-samarbetsavtal-med-sweco\\\/#primaryimage\"},\"thumbnailUrl\":\"https:\\\/\\\/www.agma.comwp-content\\\/sembly_data\\\/thumbnail\\\/f0\\\/374e66487f39af3e005e3dfbc9d8d7.png?120805\",\"inLanguage\":\"sv-SE\",\"potentialAction\":[{\"@type\":\"CommentAction\",\"name\":\"Comment\",\"target\":[\"https:\\\/\\\/www.agma.com\\\/sv\\\/absolicon-solar-collector-ab-samarbetsavtal-med-sweco\\\/#respond\"]}]},{\"@type\":\"WebPage\",\"@id\":\"https:\\\/\\\/www.agma.com\\\/sv\\\/absolicon-solar-collector-ab-samarbetsavtal-med-sweco\\\/\",\"url\":\"https:\\\/\\\/www.agma.com\\\/sv\\\/absolicon-solar-collector-ab-samarbetsavtal-med-sweco\\\/\",\"name\":\"Absolicon Solar Collector AB: Samarbetsavtal med Sweco - Absolicon\",\"isPartOf\":{\"@id\":\"https:\\\/\\\/www.agma.com\\\/sv\\\/#website\"},\"primaryImageOfPage\":{\"@id\":\"https:\\\/\\\/www.agma.com\\\/sv\\\/absolicon-solar-collector-ab-samarbetsavtal-med-sweco\\\/#primaryimage\"},\"image\":{\"@id\":\"https:\\\/\\\/www.agma.com\\\/sv\\\/absolicon-solar-collector-ab-samarbetsavtal-med-sweco\\\/#primaryimage\"},\"thumbnailUrl\":\"https:\\\/\\\/www.agma.comwp-content\\\/sembly_data\\\/thumbnail\\\/f0\\\/374e66487f39af3e005e3dfbc9d8d7.png?120805\",\"datePublished\":\"2019-05-29T00:00:00+00:00\",\"breadcrumb\":{\"@id\":\"https:\\\/\\\/www.agma.com\\\/sv\\\/absolicon-solar-collector-ab-samarbetsavtal-med-sweco\\\/#breadcrumb\"},\"inLanguage\":\"sv-SE\",\"potentialAction\":[{\"@type\":\"ReadAction\",\"target\":[\"https:\\\/\\\/www.agma.com\\\/sv\\\/absolicon-solar-collector-ab-samarbetsavtal-med-sweco\\\/\"]}]},{\"@type\":\"ImageObject\",\"inLanguage\":\"sv-SE\",\"@id\":\"https:\\\/\\\/www.agma.com\\\/sv\\\/absolicon-solar-collector-ab-samarbetsavtal-med-sweco\\\/#primaryimage\",\"url\":\"https:\\\/\\\/www.agma.comwp-content\\\/sembly_data\\\/thumbnail\\\/f0\\\/374e66487f39af3e005e3dfbc9d8d7.png?120805\",\"contentUrl\":\"https:\\\/\\\/www.agma.comwp-content\\\/sembly_data\\\/thumbnail\\\/f0\\\/374e66487f39af3e005e3dfbc9d8d7.png?120805\"},{\"@type\":\"BreadcrumbList\",\"@id\":\"https:\\\/\\\/www.agma.com\\\/sv\\\/absolicon-solar-collector-ab-samarbetsavtal-med-sweco\\\/#breadcrumb\",\"itemListElement\":[{\"@type\":\"ListItem\",\"position\":1,\"name\":\"Home\",\"item\":\"https:\\\/\\\/www.agma.com\\\/sv\\\/\"},{\"@type\":\"ListItem\",\"position\":2,\"name\":\"Absolicon Solar Collector AB: Samarbetsavtal med Sweco\"}]},{\"@type\":\"WebSite\",\"@id\":\"https:\\\/\\\/www.agma.com\\\/sv\\\/#website\",\"url\":\"https:\\\/\\\/www.agma.com\\\/sv\\\/\",\"name\":\"Absolicon\",\"description\":\"\",\"publisher\":{\"@id\":\"https:\\\/\\\/www.agma.com\\\/sv\\\/#organization\"},\"potentialAction\":[{\"@type\":\"SearchAction\",\"target\":{\"@type\":\"EntryPoint\",\"urlTemplate\":\"https:\\\/\\\/www.agma.com\\\/sv\\\/?s={search_term_string}\"},\"query-input\":{\"@type\":\"PropertyValueSpecification\",\"valueRequired\":true,\"valueName\":\"search_term_string\"}}],\"inLanguage\":\"sv-SE\"},{\"@type\":\"Organization\",\"@id\":\"https:\\\/\\\/www.agma.com\\\/sv\\\/#organization\",\"name\":\"Absolicon\",\"url\":\"https:\\\/\\\/www.agma.com\\\/sv\\\/\",\"logo\":{\"@type\":\"ImageObject\",\"inLanguage\":\"sv-SE\",\"@id\":\"https:\\\/\\\/www.agma.com\\\/sv\\\/#\\\/schema\\\/logo\\\/image\\\/\",\"url\":\"https:\\\/\\\/www.agma.com\\\/wp-content\\\/uploads\\\/2026\\\/04\\\/logotype_neg_blk.svg\",\"contentUrl\":\"https:\\\/\\\/www.agma.com\\\/wp-content\\\/uploads\\\/2026\\\/04\\\/logotype_neg_blk.svg\",\"width\":705,\"height\":83,\"caption\":\"Absolicon\"},\"image\":{\"@id\":\"https:\\\/\\\/www.agma.com\\\/sv\\\/#\\\/schema\\\/logo\\\/image\\\/\"}},{\"@type\":\"Person\",\"@id\":\"https:\\\/\\\/www.agma.com\\\/sv\\\/#\\\/schema\\\/person\\\/6820b3ce1cc37edbaecc979090760d8b\",\"name\":\"jakubschenk\",\"image\":{\"@type\":\"ImageObject\",\"inLanguage\":\"sv-SE\",\"@id\":\"https:\\\/\\\/secure.gravatar.com\\\/avatar\\\/0ab843002d4a58702560e02354e5f9a3206e13bbfaa9df5a188e463870f605cd?s=96&d=mm&r=g\",\"url\":\"https:\\\/\\\/secure.gravatar.com\\\/avatar\\\/0ab843002d4a58702560e02354e5f9a3206e13bbfaa9df5a188e463870f605cd?s=96&d=mm&r=g\",\"contentUrl\":\"https:\\\/\\\/secure.gravatar.com\\\/avatar\\\/0ab843002d4a58702560e02354e5f9a3206e13bbfaa9df5a188e463870f605cd?s=96&d=mm&r=g\",\"caption\":\"jakubschenk\"},\"sameAs\":[\"https:\\\/\\\/www.agma.com\"],\"url\":\"https:\\\/\\\/www.agma.com\\\/sv\\\/author\\\/jakubschenk\\\/\"}]}<\/script>\n<!-- \/ Yoast SEO plugin. -->","yoast_head_json":{"title":"Absolicon Solar Collector AB: Samarbetsavtal med Sweco - Absolicon","robots":{"index":"index","follow":"follow","max-snippet":"max-snippet:-1","max-image-preview":"max-image-preview:large","max-video-preview":"max-video-preview:-1"},"canonical":"https:\/\/www.agma.com\/sv\/absolicon-solar-collector-ab-samarbetsavtal-med-sweco\/","og_locale":"sv_SE","og_type":"article","og_title":"Absolicon Solar Collector AB: Samarbetsavtal med Sweco - Absolicon","og_description":"[ingress]Absolicon och Swecos energiverksamhet har ing\u00e5tt ett samarbetsavtal f\u00f6r att gemensamt utforska m\u00f6jligheter att driva industrier och fj\u00e4rrv\u00e4rmen\u00e4t med storskalig solv\u00e4rme och sol\u00e5nga.[\/ingress] Avtalet inneb\u00e4r att Absolicon och Sweco gemensamt kommer att g\u00f6ra djupare tekniska utv\u00e4rderingar av ett antal konkreta projekt. M\u00e5let \u00e4r att skapa ett l\u00e5ngsiktigt samarbete som gynnar b\u00e5da parter. Avtalet inneb\u00e4r ingen [&hellip;]","og_url":"https:\/\/www.agma.com\/sv\/absolicon-solar-collector-ab-samarbetsavtal-med-sweco\/","og_site_name":"Absolicon","article_published_time":"2019-05-29T00:00:00+00:00","og_image":[{"url":"https:\/\/www.agma.comwp-content\/sembly_data\/thumbnail\/f0\/374e66487f39af3e005e3dfbc9d8d7.png?120805","type":"","width":"","height":""}],"author":"jakubschenk","twitter_card":"summary_large_image","twitter_misc":{"Skriven av":"jakubschenk"},"schema":{"@context":"https:\/\/schema.org","@graph":[{"@type":"Article","@id":"https:\/\/www.agma.com\/sv\/absolicon-solar-collector-ab-samarbetsavtal-med-sweco\/#article","isPartOf":{"@id":"https:\/\/www.agma.com\/sv\/absolicon-solar-collector-ab-samarbetsavtal-med-sweco\/"},"author":{"name":"jakubschenk","@id":"https:\/\/www.agma.com\/sv\/#\/schema\/person\/6820b3ce1cc37edbaecc979090760d8b"},"headline":"Absolicon Solar Collector AB: Samarbetsavtal med Sweco","datePublished":"2019-05-29T00:00:00+00:00","mainEntityOfPage":{"@id":"https:\/\/www.agma.com\/sv\/absolicon-solar-collector-ab-samarbetsavtal-med-sweco\/"},"wordCount":318,"commentCount":0,"publisher":{"@id":"https:\/\/www.agma.com\/sv\/#organization"},"image":{"@id":"https:\/\/www.agma.com\/sv\/absolicon-solar-collector-ab-samarbetsavtal-med-sweco\/#primaryimage"},"thumbnailUrl":"https:\/\/www.agma.comwp-content\/sembly_data\/thumbnail\/f0\/374e66487f39af3e005e3dfbc9d8d7.png?120805","inLanguage":"sv-SE","potentialAction":[{"@type":"CommentAction","name":"Comment","target":["https:\/\/www.agma.com\/sv\/absolicon-solar-collector-ab-samarbetsavtal-med-sweco\/#respond"]}]},{"@type":"WebPage","@id":"https:\/\/www.agma.com\/sv\/absolicon-solar-collector-ab-samarbetsavtal-med-sweco\/","url":"https:\/\/www.agma.com\/sv\/absolicon-solar-collector-ab-samarbetsavtal-med-sweco\/","name":"Absolicon Solar Collector AB: Samarbetsavtal med Sweco - Absolicon","isPartOf":{"@id":"https:\/\/www.agma.com\/sv\/#website"},"primaryImageOfPage":{"@id":"https:\/\/www.agma.com\/sv\/absolicon-solar-collector-ab-samarbetsavtal-med-sweco\/#primaryimage"},"image":{"@id":"https:\/\/www.agma.com\/sv\/absolicon-solar-collector-ab-samarbetsavtal-med-sweco\/#primaryimage"},"thumbnailUrl":"https:\/\/www.agma.comwp-content\/sembly_data\/thumbnail\/f0\/374e66487f39af3e005e3dfbc9d8d7.png?120805","datePublished":"2019-05-29T00:00:00+00:00","breadcrumb":{"@id":"https:\/\/www.agma.com\/sv\/absolicon-solar-collector-ab-samarbetsavtal-med-sweco\/#breadcrumb"},"inLanguage":"sv-SE","potentialAction":[{"@type":"ReadAction","target":["https:\/\/www.agma.com\/sv\/absolicon-solar-collector-ab-samarbetsavtal-med-sweco\/"]}]},{"@type":"ImageObject","inLanguage":"sv-SE","@id":"https:\/\/www.agma.com\/sv\/absolicon-solar-collector-ab-samarbetsavtal-med-sweco\/#primaryimage","url":"https:\/\/www.agma.comwp-content\/sembly_data\/thumbnail\/f0\/374e66487f39af3e005e3dfbc9d8d7.png?120805","contentUrl":"https:\/\/www.agma.comwp-content\/sembly_data\/thumbnail\/f0\/374e66487f39af3e005e3dfbc9d8d7.png?120805"},{"@type":"BreadcrumbList","@id":"https:\/\/www.agma.com\/sv\/absolicon-solar-collector-ab-samarbetsavtal-med-sweco\/#breadcrumb","itemListElement":[{"@type":"ListItem","position":1,"name":"Home","item":"https:\/\/www.agma.com\/sv\/"},{"@type":"ListItem","position":2,"name":"Absolicon Solar Collector AB: Samarbetsavtal med Sweco"}]},{"@type":"WebSite","@id":"https:\/\/www.agma.com\/sv\/#website","url":"https:\/\/www.agma.com\/sv\/","name":"Absolicon","description":"","publisher":{"@id":"https:\/\/www.agma.com\/sv\/#organization"},"potentialAction":[{"@type":"SearchAction","target":{"@type":"EntryPoint","urlTemplate":"https:\/\/www.agma.com\/sv\/?s={search_term_string}"},"query-input":{"@type":"PropertyValueSpecification","valueRequired":true,"valueName":"search_term_string"}}],"inLanguage":"sv-SE"},{"@type":"Organization","@id":"https:\/\/www.agma.com\/sv\/#organization","name":"Absolicon","url":"https:\/\/www.agma.com\/sv\/","logo":{"@type":"ImageObject","inLanguage":"sv-SE","@id":"https:\/\/www.agma.com\/sv\/#\/schema\/logo\/image\/","url":"https:\/\/www.agma.com\/wp-content\/uploads\/2026\/04\/logotype_neg_blk.svg","contentUrl":"https:\/\/www.agma.com\/wp-content\/uploads\/2026\/04\/logotype_neg_blk.svg","width":705,"height":83,"caption":"Absolicon"},"image":{"@id":"https:\/\/www.agma.com\/sv\/#\/schema\/logo\/image\/"}},{"@type":"Person","@id":"https:\/\/www.agma.com\/sv\/#\/schema\/person\/6820b3ce1cc37edbaecc979090760d8b","name":"jakubschenk","image":{"@type":"ImageObject","inLanguage":"sv-SE","@id":"https:\/\/secure.gravatar.com\/avatar\/0ab843002d4a58702560e02354e5f9a3206e13bbfaa9df5a188e463870f605cd?s=96&d=mm&r=g","url":"https:\/\/secure.gravatar.com\/avatar\/0ab843002d4a58702560e02354e5f9a3206e13bbfaa9df5a188e463870f605cd?s=96&d=mm&r=g","contentUrl":"https:\/\/secure.gravatar.com\/avatar\/0ab843002d4a58702560e02354e5f9a3206e13bbfaa9df5a188e463870f605cd?s=96&d=mm&r=g","caption":"jakubschenk"},"sameAs":["https:\/\/www.agma.com"],"url":"https:\/\/www.agma.com\/sv\/author\/jakubschenk\/"}]}},"_links":{"self":[{"href":"https:\/\/www.agma.com\/sv\/wp-json\/wp\/v2\/posts\/8967","targetHints":{"allow":["GET"]}}],"collection":[{"href":"https:\/\/www.agma.com\/sv\/wp-json\/wp\/v2\/posts"}],"about":[{"href":"https:\/\/www.agma.com\/sv\/wp-json\/wp\/v2\/types\/post"}],"author":[{"embeddable":true,"href":"https:\/\/www.agma.com\/sv\/wp-json\/wp\/v2\/users\/1"}],"replies":[{"embeddable":true,"href":"https:\/\/www.agma.com\/sv\/wp-json\/wp\/v2\/comments?post=8967"}],"version-history":[{"count":0,"href":"https:\/\/www.agma.com\/sv\/wp-json\/wp\/v2\/posts\/8967\/revisions"}],"wp:attachment":[{"href":"https:\/\/www.agma.com\/sv\/wp-json\/wp\/v2\/media?parent=8967"}],"wp:term":[{"taxonomy":"category","embeddable":true,"href":"https:\/\/www.agma.com\/sv\/wp-json\/wp\/v2\/categories?post=8967"},{"taxonomy":"post_tag","embeddable":true,"href":"https:\/\/www.agma.com\/sv\/wp-json\/wp\/v2\/tags?post=8967"}],"curies":[{"name":"wp","href":"https:\/\/api.w.org\/{rel}","templated":true}]}}