{"id":8969,"date":"2019-06-04T00:00:00","date_gmt":"2019-06-04T00:00:00","guid":{"rendered":"https:\/\/www.absolicon.com\/foretradesemission-om-9-msek-oppnar-nya-marknader-for-absolicons-produktionslinor\/"},"modified":"2019-06-04T00:00:00","modified_gmt":"2019-06-04T00:00:00","slug":"foretradesemission-om-9-msek-oppnar-nya-marknader-for-absolicons-produktionslinor","status":"publish","type":"post","link":"https:\/\/www.agma.com\/sv\/foretradesemission-om-9-msek-oppnar-nya-marknader-for-absolicons-produktionslinor\/","title":{"rendered":"F\u00f6retr\u00e4desemission om 9 MSEK \u00f6ppnar nya marknader f\u00f6r Absolicons produktionslinor"},"content":{"rendered":"<p style=\"text-align: left;\">[ingress]Absolicons styrelse har beslutat om en f\u00f6retr\u00e4desemission om ca 9 MSEK i syfte att ut\u00f6ka f\u00f6rs\u00e4ljning- och marknadsf\u00f6ringskapacitet f\u00f6r att \u00f6ppna fler l\u00e4nder.<br \/>\nF\u00f6r varje innehavd aktie p\u00e5 avst\u00e4mningsdagen erh\u00e5lls en (1) teckningsr\u00e4tt. 12 tecknings\u00acr\u00e4tter ger r\u00e4tt att k\u00f6pa en (1) ny aktie till teckningskursen 80 kr. F\u00f6retr\u00e4desemissionen t\u00e4cks i dess helhet av teckningsf\u00f6rbindelser fr\u00e5n Bolagets huvud\u00e4gare.<br \/>\nTeckningsperioden l\u00f6per fr\u00e5n och med den 14 juni 2019 till och med den 5 juli 2019.[\/ingress]<\/p>\n<p><a href=\"https:\/\/bit.ly\/2WFwBBn\" target=\"_blank\" rel=\"noopener noreferrer\">&gt;&gt; Digital teckning utan teckningsr\u00e4tter med BankID<\/a><\/p>\n<p><a href=\"https:\/\/www.agma.comwp-content\/uploads\/2019\/06\/Teckningsanm\u00e4lan_2019_2019-06-01.pdf\" target=\"_blank\" rel=\"noopener noreferrer\">&gt;&gt; Teckninganm\u00e4lan f\u00f6r teckning utan teckningsr\u00e4tter f\u00f6r utskrift (PDF)<\/a><\/p>\n<p><a href=\"https:\/\/www.agma.comwp-content\/uploads\/2019\/06\/Absolicon_Memo_190613_1.pdf\" target=\"_blank\" rel=\"noopener noreferrer\">&gt;&gt; Memorandum f\u00f6retr\u00e4desemission 14 juni 2019 till och med den 5 juli 2019 (PDF)<\/a><\/p>\n<h2>Bakgrund<\/h2>\n<p>Absolicon b\u00f6rsnoterades 2016 och har sedan dess utvecklats snabbt.<br \/>\nUnder de senaste 12 m\u00e5naderna har Absolicon f\u00e5tt den f\u00f6rsta produktionslinan f\u00f6r Absolicons koncentrerande solf\u00e5ngare slutgodk\u00e4nd i Kina och \u00e4ven byggt f\u00e4rdigt en produktionslina i Sverige. Solf\u00e5ngaren T160 har f\u00e5tt certifieringen Solar Keymark. F\u00f6retaget Industrial Solar har f\u00f6rv\u00e4rvats och delats ut till aktie\u00e4garna. Bolaget Saravanos Solar++ AB har f\u00f6rv\u00e4rvats till 50% och Solar++ tagit en strategisk ordet om 5 MSEK p\u00e5 en industriell indunstare. Absolicon har p\u00e5b\u00f6rjat arbete med teindustrin i Kenya.<br \/>\nGenom v\u00e5r materialsatsning blir Absolicon huvudleverant\u00f6r av solf\u00e5ngarkomponenter till produktionslinorna, d\u00e4r flera kommer att vara patentskyddade och unika f\u00f6r Absolicon.<\/p>\n<p><a href=\"https:\/\/www.agma.comnytt-nummer-av-absolicons-magasin-2\/\">&gt;&gt; L\u00e4s mer i Absolicons magasin 2019 som sl\u00e4pptes 3 juni<\/a><\/p>\n<p><strong>Starkt kunderbjudande<\/strong><\/p>\n<p>En produktionslina fr\u00e5n Absolicon kostar 40 miljoner kronor. Ut\u00f6ver den kompletta robotiserade produktionsutrustningen och en licens p\u00e5 att tillverka solf\u00e5ngarna f\u00e5r kunden \u00e4ven Absolicons samlade kunskap om hur solenergi kan f\u00f6r\u00e4ndra energif\u00f6rs\u00f6rjningen i en region fr\u00e5n fossila br\u00e4nslen till solenergi. Kunden f\u00e5r ett komplett erbjudande:<\/p>\n<p style=\"padding-left: 30px;\"><strong>&#8211;\u00a0<\/strong>V\u00e4rldens enda paraboliska solf\u00e5ngare med Solar Keymark-certifiering<br \/>\n<strong>&#8211;\u00a0<\/strong>V\u00e4rldens h\u00f6gsta uppm\u00e4tta optiska verkningsgrad (76%) f\u00f6r ett litet paraboliskt tr\u00e5g<br \/>\n<strong>&#8211;\u00a0<\/strong>Produktionslina som kan producera 100 000 m2 solf\u00e5ngare per \u00e5r<br \/>\n<strong>&#8211;\u00a0<\/strong>S\u00e4ker tillg\u00e5ng p\u00e5 patenterade komponenter och insatsvaror av h\u00f6g kvalit\u00e9<\/p>\n<p>Absolicons erfarenhet \u00e4r att Bolaget i varje fokusland snabbt finner bra partners som \u00e4r intresserade av att f\u00f6rv\u00e4rva en produktionslina.<\/p>\n<p><strong>Samarbetsavtal med teknikkonsultf\u00f6retaget Sweco.<\/strong><\/p>\n<p>Absolicon har en strategi att s\u00f6ka samarbete med multinationella bolag. Ett samarbetsavtal har tecknats med teknikkonsultbolaget Sweco som har ca 16 000 anst\u00e4llda globalt.<br \/>\nAvtalet beskriver hur bolagen skall arbeta tillsammans f\u00f6r att utv\u00e4rdera solv\u00e4rme i teindustrin i Rwanda och i fj\u00e4rrv\u00e4rmen\u00e4t i \u00d6steuropa.<\/p>\n<p><strong>Absolicon och Uniper unders\u00f6ker ett potentiellt partnerskap<\/strong><\/p>\n<p>Absolicon och Uniper unders\u00f6ker ett potentiellt partnerskap i samband med leverans av solf\u00e5ngare baserade p\u00e5 tekniken med paraboliska tr\u00e5g. Absolicon skulle i detta partnerskap samarbeta med Uniper f\u00f6r att utveckla l\u00f6sningar f\u00f6r f\u00f6rnybar energi f\u00f6r industrikunder baserade p\u00e5 solteknologi.<br \/>\nUniper \u00e4r en av Europas st\u00f6rsta energiproducenter och Absolicon ett av de ledande f\u00f6retagen inom solv\u00e4rmeteknik.<br \/>\nInledande samarbete kommer att inneb\u00e4ra gemensam utveckling av aff\u00e4rsm\u00f6jligheter och innovativa leveransmodeller. Andra halv\u00e5ret 2019 kommer beslut att fattas om partnerskapet skall formaliseras eller inte.<\/p>\n<p><strong>Genomf\u00f6rande av satsningen p\u00e5 att \u00f6ppna nya marknader<\/strong><\/p>\n<p>Absolicons erbjudande tas emot mycket v\u00e4l i Bolagets fokusl\u00e4nder och hos de multinationella f\u00f6retag som Absolicon f\u00e5r kontakt med. Bolaget har flera processer som med stor sannolikhet kommer att leda till f\u00f6rs\u00e4ljning av produktionslinor.<br \/>\nF\u00f6rs\u00e4ljningsprocesserna kan vara l\u00e5nga eftersom den potentiella k\u00f6paren f\u00f6rst vill f\u00f6rs\u00e4kra sig om stora regionala kunder som vill k\u00f6pa solf\u00e5ngare. Det \u00e4r d\u00e4rf\u00f6r en f\u00f6rdel om Absolicon kan arbeta parallellt p\u00e5 \u00e4nnu fler marknader. F\u00f6ljande aktiviteter planeras:<\/p>\n<p style=\"padding-left: 30px;\"><strong>&#8211;\u00a0<\/strong>Rekrytering av fler s\u00e4ljare och fler konsulter med uppgift att \u00f6ppna fler marknader<br \/>\n<strong>&#8211;\u00a0<\/strong>V\u00e4xla upp metoder vi har utarbetat f\u00f6r att hitta potentiella kunder till st\u00f6rre volym.<br \/>\n<strong>&#8211;\u00a0<\/strong>Distribuera sm\u00e5 kortfilmer om solv\u00e4rme och sol\u00e5nga till olika industrisegment.<br \/>\n<strong>&#8211;\u00a0<\/strong>Introducera verktyget \u201dField simulator\u201d till potentiella partners och kunder.<\/p>\n<p>Det finns m\u00e5nga marknader kvar att bearbeta och m\u00e5nga industrisegment med skriande behov av solv\u00e4rme.<\/p>\n<p><strong>V\u00e4rdeh\u00f6jande effekt av f\u00f6retr\u00e4desemissionen<\/strong><br \/>\nStyrelsens uppfattning \u00e4r att kapitaltillskottet kortsiktigt kommer blir v\u00e4rdeh\u00f6jande genom att Absolicon startar processer i fler l\u00e4nder med k\u00f6pare som planerar f\u00f6r produktionslinor. I ett tre\u00e5rsperspektiv kommer Absolicon s\u00e4lja betydligt fler produktionslinor tack vare satsningen j\u00e4mf\u00f6rt med planerad verksamhet.<br \/>\nEn bredare marknadskontakt och kunskap om solv\u00e4rmeintegration i fler industrisegment \u00e4r \u00e4ven positivt f\u00f6r bolagsv\u00e4rdet ifall Absolicon skulle f\u00e5 ett uppk\u00f6pserbjudande.<\/p>\n<p><strong>Marknadsf\u00f6ring av f\u00f6retr\u00e4desemissionen och strategi f\u00f6r \u00e4garspridning<\/strong><br \/>\nDen nya satsningen beskrivs i Absolicons magasin som distribueras i drygt 50 000 exemplar med juninumret av Aktiespararen. Bolagets senaste emission tecknades till 312% med drygt 2% i emissionskostnader.<br \/>\nAbsolicon har idag 3000 \u00e4gare. Styrelsen och huvud\u00e4garna har en strategisk ambition att kontinuerligt sprida \u00e4gandet f\u00f6r uppr\u00e4tth\u00e5llande av livaktig aktiehandel och kontinuerligt \u00f6kande kunskaper hos allm\u00e4nheten om Absolicons verksamhet och utveckling.<\/p>\n<h2 style=\"text-align: left;\">Emissionsvillkor<\/h2>\n<p>I kraft av st\u00e4mmans bemyndigande har Absolicons styrelse beslutat om f\u00f6retr\u00e4desemission.<br \/>\nF\u00f6r varje innehavd aktie p\u00e5 avst\u00e4mningsdagen erh\u00e5lls en (1) teckningsr\u00e4tt. 12 tecknings\u00acr\u00e4tter ger r\u00e4tt att k\u00f6pa en (1) ny aktie till teckningskursen 80 kr. Teckningsperioden l\u00f6per fr\u00e5n den 14 juni 2019 till och med den 5 juli 2019.<br \/>\nAvst\u00e4mningsdagen infaller den 12 juni 2019. Sista dag f\u00f6r handel med aktien inklusive teckningsr\u00e4tter \u00e4r den 10 juni 2019. F\u00f6rsta dagen f\u00f6r handel exklusive r\u00e4tter \u00e4r den 11 juni 2019.<br \/>\nF\u00f6retr\u00e4desemission omfattar h\u00f6gst 115 191 aktier, varvid antalet aktier \u00f6kar fr\u00e5n 1 382 300 till 1 497 491. Aktiekapitalet \u00f6kar vid full teckning med 115 191 kr till 1 497 491 kr.<br \/>\nHandel i teckningsr\u00e4tter kommer att p\u00e5 fr\u00e5n och med den 14 juni 2019 till och med den 3 juli 2019.<br \/>\nHandel i BTA (Betalda Tecknade Aktier) p\u00e5g\u00e5r fr\u00e5n och med den 14 juni 2019 fram till dess att emissionen registrerats hos Bolagsverket, meddelande om sista handelsdag meddelas i god tid innan sista handelsdag.<br \/>\nF\u00f6retr\u00e4desemissionen garanteras till 100% av tv\u00e5 av Absolicons huvud\u00e4gare: Joakim Bystr\u00f6m genom sitt bolag Eniara AB och PO NORD som vardera har l\u00e4mnat teckningsf\u00f6rbindelser motsvarande 2\/3 respektive 1\/3 av emissionsbeloppet.<br \/>\nGaranterna erh\u00e5ller en ers\u00e4ttning om 1,5 procent av det belopp av teckningsf\u00f6rbindelsen som \u00f6verstiger det belopp som de kan teckna i kraft av egna teckningsr\u00e4tter.<\/p>\n<p><strong>\u00d6vertilldelning<\/strong><\/p>\n<p>I h\u00e4ndelse av \u00f6verteckning kan styrelsen besluta att emittera ytterligare h\u00f6gst 6 400 aktier till samma kurs och med avsteg fr\u00e5n f\u00f6retr\u00e4desr\u00e4tten, att tilldelas i f\u00f6rsta hand de som utnyttjat teckningsr\u00e4tter och tecknat f\u00f6r ett h\u00f6gre antal, i proportion till tidigare \u00e4gande, och i andra hand till de som tecknat utan f\u00f6retr\u00e4de. Tilldelning kan komma att avg\u00f6ras genom lottning och utformas f\u00f6r att \u00f6ka antalet \u00e4gare i bolaget.<br \/>\nUtf\u00e4stelse om ytterligare tilldelning<br \/>\nSkulle s\u00e5v\u00e4l f\u00f6retr\u00e4desemissionen som \u00f6vertilldelningsemissionen \u00f6vertecknas har huvud\u00e4garen Joakim Bystr\u00f6m, genom sitt bolag Eniara AB, meddelat styrelsen sin avsikt att avyttra h\u00f6gst 6 400 sedan tidigare innehavda aktier, till samma teckningskurs som i nyemissionen, att f\u00f6rdelas i poster om l\u00e4gst 40 aktier till nytillkommande tecknare. Utf\u00e4stelsen sker i syfte att ut\u00f6ka antalet aktie\u00e4gare i Absolicon.<\/p>\n<p>Absolicon presenterar erbjudandet p\u00e5<\/p>\n<p style=\"padding-left: 30px;\"><strong>&#8211;\u00a0<\/strong>Stockholm: Aktiespararnas Sm\u00e5bolagsdag den 3 juni 2019 kl. 12:40<br \/>\n<strong>&#8211;\u00a0<\/strong>H\u00e4rn\u00f6sand 18 juni med visning av produktionslinan kl. 18:00<br \/>\n<strong>&#8211;\u00a0<\/strong>Stockholm 25 juni p\u00e5 Klimatkv\u00e4ll p\u00e5 IVA kl. 19:00<br \/>\n<strong>&#8211;\u00a0<\/strong>H\u00e4rn\u00f6sand 30 juni p\u00e5 Absolicondagen kl. 13:00<\/p>\n","protected":false},"excerpt":{"rendered":"<p>[ingress]Absolicons styrelse har beslutat om en f\u00f6retr\u00e4desemission om ca 9 MSEK i syfte att ut\u00f6ka f\u00f6rs\u00e4ljning- och marknadsf\u00f6ringskapacitet f\u00f6r att \u00f6ppna fler l\u00e4nder. F\u00f6r varje innehavd aktie p\u00e5 avst\u00e4mningsdagen erh\u00e5lls en (1) teckningsr\u00e4tt. 12 tecknings\u00acr\u00e4tter ger r\u00e4tt att k\u00f6pa en (1) ny aktie till teckningskursen 80 kr. F\u00f6retr\u00e4desemissionen t\u00e4cks i dess helhet av teckningsf\u00f6rbindelser fr\u00e5n [&hellip;]<\/p>\n","protected":false},"author":1,"featured_media":0,"comment_status":"open","ping_status":"open","sticky":false,"template":"","format":"standard","meta":{"_acf_changed":false,"footnotes":""},"categories":[],"tags":[],"class_list":["post-8969","post","type-post","status-publish","format-standard","hentry"],"acf":[],"yoast_head":"<!-- This site is optimized with the Yoast SEO plugin v27.4 - https:\/\/yoast.com\/product\/yoast-seo-wordpress\/ -->\n<title>F\u00f6retr\u00e4desemission om 9 MSEK \u00f6ppnar nya marknader f\u00f6r Absolicons produktionslinor - Absolicon<\/title>\n<meta name=\"robots\" content=\"index, follow, max-snippet:-1, max-image-preview:large, max-video-preview:-1\" \/>\n<link rel=\"canonical\" href=\"https:\/\/www.agma.com\/sv\/foretradesemission-om-9-msek-oppnar-nya-marknader-for-absolicons-produktionslinor\/\" \/>\n<meta property=\"og:locale\" content=\"sv_SE\" \/>\n<meta property=\"og:type\" content=\"article\" \/>\n<meta property=\"og:title\" content=\"F\u00f6retr\u00e4desemission om 9 MSEK \u00f6ppnar nya marknader f\u00f6r Absolicons produktionslinor - Absolicon\" \/>\n<meta property=\"og:description\" content=\"[ingress]Absolicons styrelse har beslutat om en f\u00f6retr\u00e4desemission om ca 9 MSEK i syfte att ut\u00f6ka f\u00f6rs\u00e4ljning- och marknadsf\u00f6ringskapacitet f\u00f6r att \u00f6ppna fler l\u00e4nder. F\u00f6r varje innehavd aktie p\u00e5 avst\u00e4mningsdagen erh\u00e5lls en (1) teckningsr\u00e4tt. 12 tecknings\u00acr\u00e4tter ger r\u00e4tt att k\u00f6pa en (1) ny aktie till teckningskursen 80 kr. F\u00f6retr\u00e4desemissionen t\u00e4cks i dess helhet av teckningsf\u00f6rbindelser fr\u00e5n [&hellip;]\" \/>\n<meta property=\"og:url\" content=\"https:\/\/www.agma.com\/sv\/foretradesemission-om-9-msek-oppnar-nya-marknader-for-absolicons-produktionslinor\/\" \/>\n<meta property=\"og:site_name\" content=\"Absolicon\" \/>\n<meta property=\"article:published_time\" content=\"2019-06-04T00:00:00+00:00\" \/>\n<meta name=\"author\" content=\"jakubschenk\" \/>\n<meta name=\"twitter:card\" content=\"summary_large_image\" \/>\n<meta name=\"twitter:label1\" content=\"Skriven av\" \/>\n\t<meta name=\"twitter:data1\" content=\"jakubschenk\" \/>\n<script type=\"application\/ld+json\" class=\"yoast-schema-graph\">{\"@context\":\"https:\\\/\\\/schema.org\",\"@graph\":[{\"@type\":\"Article\",\"@id\":\"https:\\\/\\\/www.agma.com\\\/sv\\\/foretradesemission-om-9-msek-oppnar-nya-marknader-for-absolicons-produktionslinor\\\/#article\",\"isPartOf\":{\"@id\":\"https:\\\/\\\/www.agma.com\\\/sv\\\/foretradesemission-om-9-msek-oppnar-nya-marknader-for-absolicons-produktionslinor\\\/\"},\"author\":{\"name\":\"jakubschenk\",\"@id\":\"https:\\\/\\\/www.agma.com\\\/sv\\\/#\\\/schema\\\/person\\\/6820b3ce1cc37edbaecc979090760d8b\"},\"headline\":\"F\u00f6retr\u00e4desemission om 9 MSEK \u00f6ppnar nya marknader f\u00f6r Absolicons produktionslinor\",\"datePublished\":\"2019-06-04T00:00:00+00:00\",\"mainEntityOfPage\":{\"@id\":\"https:\\\/\\\/www.agma.com\\\/sv\\\/foretradesemission-om-9-msek-oppnar-nya-marknader-for-absolicons-produktionslinor\\\/\"},\"wordCount\":1293,\"commentCount\":0,\"publisher\":{\"@id\":\"https:\\\/\\\/www.agma.com\\\/sv\\\/#organization\"},\"inLanguage\":\"sv-SE\",\"potentialAction\":[{\"@type\":\"CommentAction\",\"name\":\"Comment\",\"target\":[\"https:\\\/\\\/www.agma.com\\\/sv\\\/foretradesemission-om-9-msek-oppnar-nya-marknader-for-absolicons-produktionslinor\\\/#respond\"]}]},{\"@type\":\"WebPage\",\"@id\":\"https:\\\/\\\/www.agma.com\\\/sv\\\/foretradesemission-om-9-msek-oppnar-nya-marknader-for-absolicons-produktionslinor\\\/\",\"url\":\"https:\\\/\\\/www.agma.com\\\/sv\\\/foretradesemission-om-9-msek-oppnar-nya-marknader-for-absolicons-produktionslinor\\\/\",\"name\":\"F\u00f6retr\u00e4desemission om 9 MSEK \u00f6ppnar nya marknader f\u00f6r Absolicons produktionslinor - Absolicon\",\"isPartOf\":{\"@id\":\"https:\\\/\\\/www.agma.com\\\/sv\\\/#website\"},\"datePublished\":\"2019-06-04T00:00:00+00:00\",\"breadcrumb\":{\"@id\":\"https:\\\/\\\/www.agma.com\\\/sv\\\/foretradesemission-om-9-msek-oppnar-nya-marknader-for-absolicons-produktionslinor\\\/#breadcrumb\"},\"inLanguage\":\"sv-SE\",\"potentialAction\":[{\"@type\":\"ReadAction\",\"target\":[\"https:\\\/\\\/www.agma.com\\\/sv\\\/foretradesemission-om-9-msek-oppnar-nya-marknader-for-absolicons-produktionslinor\\\/\"]}]},{\"@type\":\"BreadcrumbList\",\"@id\":\"https:\\\/\\\/www.agma.com\\\/sv\\\/foretradesemission-om-9-msek-oppnar-nya-marknader-for-absolicons-produktionslinor\\\/#breadcrumb\",\"itemListElement\":[{\"@type\":\"ListItem\",\"position\":1,\"name\":\"Home\",\"item\":\"https:\\\/\\\/www.agma.com\\\/sv\\\/\"},{\"@type\":\"ListItem\",\"position\":2,\"name\":\"F\u00f6retr\u00e4desemission om 9 MSEK \u00f6ppnar nya marknader f\u00f6r Absolicons produktionslinor\"}]},{\"@type\":\"WebSite\",\"@id\":\"https:\\\/\\\/www.agma.com\\\/sv\\\/#website\",\"url\":\"https:\\\/\\\/www.agma.com\\\/sv\\\/\",\"name\":\"Absolicon\",\"description\":\"\",\"publisher\":{\"@id\":\"https:\\\/\\\/www.agma.com\\\/sv\\\/#organization\"},\"potentialAction\":[{\"@type\":\"SearchAction\",\"target\":{\"@type\":\"EntryPoint\",\"urlTemplate\":\"https:\\\/\\\/www.agma.com\\\/sv\\\/?s={search_term_string}\"},\"query-input\":{\"@type\":\"PropertyValueSpecification\",\"valueRequired\":true,\"valueName\":\"search_term_string\"}}],\"inLanguage\":\"sv-SE\"},{\"@type\":\"Organization\",\"@id\":\"https:\\\/\\\/www.agma.com\\\/sv\\\/#organization\",\"name\":\"Absolicon\",\"url\":\"https:\\\/\\\/www.agma.com\\\/sv\\\/\",\"logo\":{\"@type\":\"ImageObject\",\"inLanguage\":\"sv-SE\",\"@id\":\"https:\\\/\\\/www.agma.com\\\/sv\\\/#\\\/schema\\\/logo\\\/image\\\/\",\"url\":\"https:\\\/\\\/www.agma.com\\\/wp-content\\\/uploads\\\/2026\\\/04\\\/logotype_neg_blk.svg\",\"contentUrl\":\"https:\\\/\\\/www.agma.com\\\/wp-content\\\/uploads\\\/2026\\\/04\\\/logotype_neg_blk.svg\",\"width\":705,\"height\":83,\"caption\":\"Absolicon\"},\"image\":{\"@id\":\"https:\\\/\\\/www.agma.com\\\/sv\\\/#\\\/schema\\\/logo\\\/image\\\/\"}},{\"@type\":\"Person\",\"@id\":\"https:\\\/\\\/www.agma.com\\\/sv\\\/#\\\/schema\\\/person\\\/6820b3ce1cc37edbaecc979090760d8b\",\"name\":\"jakubschenk\",\"image\":{\"@type\":\"ImageObject\",\"inLanguage\":\"sv-SE\",\"@id\":\"https:\\\/\\\/secure.gravatar.com\\\/avatar\\\/0ab843002d4a58702560e02354e5f9a3206e13bbfaa9df5a188e463870f605cd?s=96&d=mm&r=g\",\"url\":\"https:\\\/\\\/secure.gravatar.com\\\/avatar\\\/0ab843002d4a58702560e02354e5f9a3206e13bbfaa9df5a188e463870f605cd?s=96&d=mm&r=g\",\"contentUrl\":\"https:\\\/\\\/secure.gravatar.com\\\/avatar\\\/0ab843002d4a58702560e02354e5f9a3206e13bbfaa9df5a188e463870f605cd?s=96&d=mm&r=g\",\"caption\":\"jakubschenk\"},\"sameAs\":[\"https:\\\/\\\/www.agma.com\"],\"url\":\"https:\\\/\\\/www.agma.com\\\/sv\\\/author\\\/jakubschenk\\\/\"}]}<\/script>\n<!-- \/ Yoast SEO plugin. -->","yoast_head_json":{"title":"F\u00f6retr\u00e4desemission om 9 MSEK \u00f6ppnar nya marknader f\u00f6r Absolicons produktionslinor - Absolicon","robots":{"index":"index","follow":"follow","max-snippet":"max-snippet:-1","max-image-preview":"max-image-preview:large","max-video-preview":"max-video-preview:-1"},"canonical":"https:\/\/www.agma.com\/sv\/foretradesemission-om-9-msek-oppnar-nya-marknader-for-absolicons-produktionslinor\/","og_locale":"sv_SE","og_type":"article","og_title":"F\u00f6retr\u00e4desemission om 9 MSEK \u00f6ppnar nya marknader f\u00f6r Absolicons produktionslinor - Absolicon","og_description":"[ingress]Absolicons styrelse har beslutat om en f\u00f6retr\u00e4desemission om ca 9 MSEK i syfte att ut\u00f6ka f\u00f6rs\u00e4ljning- och marknadsf\u00f6ringskapacitet f\u00f6r att \u00f6ppna fler l\u00e4nder. F\u00f6r varje innehavd aktie p\u00e5 avst\u00e4mningsdagen erh\u00e5lls en (1) teckningsr\u00e4tt. 12 tecknings\u00acr\u00e4tter ger r\u00e4tt att k\u00f6pa en (1) ny aktie till teckningskursen 80 kr. F\u00f6retr\u00e4desemissionen t\u00e4cks i dess helhet av teckningsf\u00f6rbindelser fr\u00e5n [&hellip;]","og_url":"https:\/\/www.agma.com\/sv\/foretradesemission-om-9-msek-oppnar-nya-marknader-for-absolicons-produktionslinor\/","og_site_name":"Absolicon","article_published_time":"2019-06-04T00:00:00+00:00","author":"jakubschenk","twitter_card":"summary_large_image","twitter_misc":{"Skriven av":"jakubschenk"},"schema":{"@context":"https:\/\/schema.org","@graph":[{"@type":"Article","@id":"https:\/\/www.agma.com\/sv\/foretradesemission-om-9-msek-oppnar-nya-marknader-for-absolicons-produktionslinor\/#article","isPartOf":{"@id":"https:\/\/www.agma.com\/sv\/foretradesemission-om-9-msek-oppnar-nya-marknader-for-absolicons-produktionslinor\/"},"author":{"name":"jakubschenk","@id":"https:\/\/www.agma.com\/sv\/#\/schema\/person\/6820b3ce1cc37edbaecc979090760d8b"},"headline":"F\u00f6retr\u00e4desemission om 9 MSEK \u00f6ppnar nya marknader f\u00f6r Absolicons produktionslinor","datePublished":"2019-06-04T00:00:00+00:00","mainEntityOfPage":{"@id":"https:\/\/www.agma.com\/sv\/foretradesemission-om-9-msek-oppnar-nya-marknader-for-absolicons-produktionslinor\/"},"wordCount":1293,"commentCount":0,"publisher":{"@id":"https:\/\/www.agma.com\/sv\/#organization"},"inLanguage":"sv-SE","potentialAction":[{"@type":"CommentAction","name":"Comment","target":["https:\/\/www.agma.com\/sv\/foretradesemission-om-9-msek-oppnar-nya-marknader-for-absolicons-produktionslinor\/#respond"]}]},{"@type":"WebPage","@id":"https:\/\/www.agma.com\/sv\/foretradesemission-om-9-msek-oppnar-nya-marknader-for-absolicons-produktionslinor\/","url":"https:\/\/www.agma.com\/sv\/foretradesemission-om-9-msek-oppnar-nya-marknader-for-absolicons-produktionslinor\/","name":"F\u00f6retr\u00e4desemission om 9 MSEK \u00f6ppnar nya marknader f\u00f6r Absolicons produktionslinor - Absolicon","isPartOf":{"@id":"https:\/\/www.agma.com\/sv\/#website"},"datePublished":"2019-06-04T00:00:00+00:00","breadcrumb":{"@id":"https:\/\/www.agma.com\/sv\/foretradesemission-om-9-msek-oppnar-nya-marknader-for-absolicons-produktionslinor\/#breadcrumb"},"inLanguage":"sv-SE","potentialAction":[{"@type":"ReadAction","target":["https:\/\/www.agma.com\/sv\/foretradesemission-om-9-msek-oppnar-nya-marknader-for-absolicons-produktionslinor\/"]}]},{"@type":"BreadcrumbList","@id":"https:\/\/www.agma.com\/sv\/foretradesemission-om-9-msek-oppnar-nya-marknader-for-absolicons-produktionslinor\/#breadcrumb","itemListElement":[{"@type":"ListItem","position":1,"name":"Home","item":"https:\/\/www.agma.com\/sv\/"},{"@type":"ListItem","position":2,"name":"F\u00f6retr\u00e4desemission om 9 MSEK \u00f6ppnar nya marknader f\u00f6r Absolicons produktionslinor"}]},{"@type":"WebSite","@id":"https:\/\/www.agma.com\/sv\/#website","url":"https:\/\/www.agma.com\/sv\/","name":"Absolicon","description":"","publisher":{"@id":"https:\/\/www.agma.com\/sv\/#organization"},"potentialAction":[{"@type":"SearchAction","target":{"@type":"EntryPoint","urlTemplate":"https:\/\/www.agma.com\/sv\/?s={search_term_string}"},"query-input":{"@type":"PropertyValueSpecification","valueRequired":true,"valueName":"search_term_string"}}],"inLanguage":"sv-SE"},{"@type":"Organization","@id":"https:\/\/www.agma.com\/sv\/#organization","name":"Absolicon","url":"https:\/\/www.agma.com\/sv\/","logo":{"@type":"ImageObject","inLanguage":"sv-SE","@id":"https:\/\/www.agma.com\/sv\/#\/schema\/logo\/image\/","url":"https:\/\/www.agma.com\/wp-content\/uploads\/2026\/04\/logotype_neg_blk.svg","contentUrl":"https:\/\/www.agma.com\/wp-content\/uploads\/2026\/04\/logotype_neg_blk.svg","width":705,"height":83,"caption":"Absolicon"},"image":{"@id":"https:\/\/www.agma.com\/sv\/#\/schema\/logo\/image\/"}},{"@type":"Person","@id":"https:\/\/www.agma.com\/sv\/#\/schema\/person\/6820b3ce1cc37edbaecc979090760d8b","name":"jakubschenk","image":{"@type":"ImageObject","inLanguage":"sv-SE","@id":"https:\/\/secure.gravatar.com\/avatar\/0ab843002d4a58702560e02354e5f9a3206e13bbfaa9df5a188e463870f605cd?s=96&d=mm&r=g","url":"https:\/\/secure.gravatar.com\/avatar\/0ab843002d4a58702560e02354e5f9a3206e13bbfaa9df5a188e463870f605cd?s=96&d=mm&r=g","contentUrl":"https:\/\/secure.gravatar.com\/avatar\/0ab843002d4a58702560e02354e5f9a3206e13bbfaa9df5a188e463870f605cd?s=96&d=mm&r=g","caption":"jakubschenk"},"sameAs":["https:\/\/www.agma.com"],"url":"https:\/\/www.agma.com\/sv\/author\/jakubschenk\/"}]}},"_links":{"self":[{"href":"https:\/\/www.agma.com\/sv\/wp-json\/wp\/v2\/posts\/8969","targetHints":{"allow":["GET"]}}],"collection":[{"href":"https:\/\/www.agma.com\/sv\/wp-json\/wp\/v2\/posts"}],"about":[{"href":"https:\/\/www.agma.com\/sv\/wp-json\/wp\/v2\/types\/post"}],"author":[{"embeddable":true,"href":"https:\/\/www.agma.com\/sv\/wp-json\/wp\/v2\/users\/1"}],"replies":[{"embeddable":true,"href":"https:\/\/www.agma.com\/sv\/wp-json\/wp\/v2\/comments?post=8969"}],"version-history":[{"count":0,"href":"https:\/\/www.agma.com\/sv\/wp-json\/wp\/v2\/posts\/8969\/revisions"}],"wp:attachment":[{"href":"https:\/\/www.agma.com\/sv\/wp-json\/wp\/v2\/media?parent=8969"}],"wp:term":[{"taxonomy":"category","embeddable":true,"href":"https:\/\/www.agma.com\/sv\/wp-json\/wp\/v2\/categories?post=8969"},{"taxonomy":"post_tag","embeddable":true,"href":"https:\/\/www.agma.com\/sv\/wp-json\/wp\/v2\/tags?post=8969"}],"curies":[{"name":"wp","href":"https:\/\/api.w.org\/{rel}","templated":true}]}}