{"id":8970,"date":"1970-01-01T00:00:00","date_gmt":"1970-01-01T00:00:00","guid":{"rendered":"https:\/\/www.absolicon.com\/aktiespararnas-smabolagsdag-den-3-juni-2019\/"},"modified":"1970-01-01T00:00:00","modified_gmt":"1970-01-01T00:00:00","slug":"aktiespararnas-smabolagsdag-den-3-juni-2019","status":"publish","type":"post","link":"https:\/\/www.agma.com\/sv\/aktiespararnas-smabolagsdag-den-3-juni-2019\/","title":{"rendered":"Aktiespararnas Sm\u00e5bolagsdag den 3 juni 2019"},"content":{"rendered":"<p><a href=\"https:\/\/www.youtube.com\/watch?v=0HzuxEIDbNw\"><img fetchpriority=\"high\" decoding=\"async\" class=\"alignnone size-medium wp-image-5494\" title=\"Absolicon---Sm\u00e5bolagsdagen-Stockholm-3-juni-2019\" src=\"https:\/\/www.agma.comwp-content\/sembly_data\/thumbnail\/14\/a48c3f99e42bb9f04047804a0d3b17.jpg?635706\" alt=\"\" width=\"300\" height=\"168\" \/><\/a><\/p>\n<p>Absolicon presenterade aktuellt l\u00e4ge och den nya marknadssatsningens olika aktiviteter p\u00e5 Aktiespararnas sm\u00e5bolagsdag p\u00e5 Hotel Sheraton i Stockholm den 3 juni 2019.<\/p>\n<p><a href=\"https:\/\/www.youtube.com\/watch?v=0HzuxEIDbNw\" target=\"_blank\" rel=\"noopener noreferrer\">&gt;&gt;\u00a0Se filmen, 20 minuters presentation och d\u00e4refter 10 minuters fr\u00e5gestund<\/a><\/p>\n<p><a href=\"https:\/\/www.agma.comwp-content\/uploads\/2019\/06\/SALMARENG005_19_Absolicon-Magasinet_SE_Web.pdf\" target=\"_blank\" rel=\"noopener noreferrer\">&gt;&gt; L\u00e4s \u00e4ven om satsningen i Absolicons magasin<\/a><\/p>\n","protected":false},"excerpt":{"rendered":"<p>Absolicon presenterade aktuellt l\u00e4ge och den nya marknadssatsningens olika aktiviteter p\u00e5 Aktiespararnas sm\u00e5bolagsdag p\u00e5 Hotel Sheraton i Stockholm den 3 juni 2019. &gt;&gt;\u00a0Se filmen, 20 minuters presentation och d\u00e4refter 10 minuters fr\u00e5gestund &gt;&gt; L\u00e4s \u00e4ven om satsningen i Absolicons magasin<\/p>\n","protected":false},"author":1,"featured_media":0,"comment_status":"open","ping_status":"open","sticky":false,"template":"","format":"standard","meta":{"_acf_changed":false,"footnotes":""},"categories":[],"tags":[],"class_list":["post-8970","post","type-post","status-publish","format-standard","hentry"],"acf":[],"yoast_head":"<!-- This site is optimized with the Yoast SEO plugin v27.4 - https:\/\/yoast.com\/product\/yoast-seo-wordpress\/ -->\n<title>Aktiespararnas Sm\u00e5bolagsdag den 3 juni 2019 - Absolicon<\/title>\n<meta name=\"robots\" content=\"index, follow, max-snippet:-1, max-image-preview:large, max-video-preview:-1\" \/>\n<link rel=\"canonical\" href=\"https:\/\/www.agma.com\/sv\/aktiespararnas-smabolagsdag-den-3-juni-2019\/\" \/>\n<meta property=\"og:locale\" content=\"sv_SE\" \/>\n<meta property=\"og:type\" content=\"article\" \/>\n<meta property=\"og:title\" content=\"Aktiespararnas Sm\u00e5bolagsdag den 3 juni 2019 - Absolicon\" \/>\n<meta property=\"og:description\" content=\"Absolicon presenterade aktuellt l\u00e4ge och den nya marknadssatsningens olika aktiviteter p\u00e5 Aktiespararnas sm\u00e5bolagsdag p\u00e5 Hotel Sheraton i Stockholm den 3 juni 2019. &gt;&gt;\u00a0Se filmen, 20 minuters presentation och d\u00e4refter 10 minuters fr\u00e5gestund &gt;&gt; L\u00e4s \u00e4ven om satsningen i Absolicons magasin\" \/>\n<meta property=\"og:url\" content=\"https:\/\/www.agma.com\/sv\/aktiespararnas-smabolagsdag-den-3-juni-2019\/\" \/>\n<meta property=\"og:site_name\" content=\"Absolicon\" \/>\n<meta property=\"article:published_time\" content=\"1970-01-01T00:00:00+00:00\" \/>\n<meta property=\"og:image\" content=\"https:\/\/www.agma.comwp-content\/sembly_data\/thumbnail\/14\/a48c3f99e42bb9f04047804a0d3b17.jpg?635706\" \/>\n<meta name=\"author\" content=\"jakubschenk\" \/>\n<meta name=\"twitter:card\" content=\"summary_large_image\" \/>\n<meta name=\"twitter:label1\" content=\"Skriven av\" \/>\n\t<meta name=\"twitter:data1\" content=\"jakubschenk\" \/>\n<script type=\"application\/ld+json\" class=\"yoast-schema-graph\">{\"@context\":\"https:\\\/\\\/schema.org\",\"@graph\":[{\"@type\":\"Article\",\"@id\":\"https:\\\/\\\/www.agma.com\\\/sv\\\/aktiespararnas-smabolagsdag-den-3-juni-2019\\\/#article\",\"isPartOf\":{\"@id\":\"https:\\\/\\\/www.agma.com\\\/sv\\\/aktiespararnas-smabolagsdag-den-3-juni-2019\\\/\"},\"author\":{\"name\":\"jakubschenk\",\"@id\":\"https:\\\/\\\/www.agma.com\\\/sv\\\/#\\\/schema\\\/person\\\/6820b3ce1cc37edbaecc979090760d8b\"},\"headline\":\"Aktiespararnas Sm\u00e5bolagsdag den 3 juni 2019\",\"datePublished\":\"1970-01-01T00:00:00+00:00\",\"mainEntityOfPage\":{\"@id\":\"https:\\\/\\\/www.agma.com\\\/sv\\\/aktiespararnas-smabolagsdag-den-3-juni-2019\\\/\"},\"wordCount\":49,\"commentCount\":0,\"publisher\":{\"@id\":\"https:\\\/\\\/www.agma.com\\\/sv\\\/#organization\"},\"image\":{\"@id\":\"https:\\\/\\\/www.agma.com\\\/sv\\\/aktiespararnas-smabolagsdag-den-3-juni-2019\\\/#primaryimage\"},\"thumbnailUrl\":\"https:\\\/\\\/www.agma.comwp-content\\\/sembly_data\\\/thumbnail\\\/14\\\/a48c3f99e42bb9f04047804a0d3b17.jpg?635706\",\"inLanguage\":\"sv-SE\",\"potentialAction\":[{\"@type\":\"CommentAction\",\"name\":\"Comment\",\"target\":[\"https:\\\/\\\/www.agma.com\\\/sv\\\/aktiespararnas-smabolagsdag-den-3-juni-2019\\\/#respond\"]}]},{\"@type\":\"WebPage\",\"@id\":\"https:\\\/\\\/www.agma.com\\\/sv\\\/aktiespararnas-smabolagsdag-den-3-juni-2019\\\/\",\"url\":\"https:\\\/\\\/www.agma.com\\\/sv\\\/aktiespararnas-smabolagsdag-den-3-juni-2019\\\/\",\"name\":\"Aktiespararnas Sm\u00e5bolagsdag den 3 juni 2019 - Absolicon\",\"isPartOf\":{\"@id\":\"https:\\\/\\\/www.agma.com\\\/sv\\\/#website\"},\"primaryImageOfPage\":{\"@id\":\"https:\\\/\\\/www.agma.com\\\/sv\\\/aktiespararnas-smabolagsdag-den-3-juni-2019\\\/#primaryimage\"},\"image\":{\"@id\":\"https:\\\/\\\/www.agma.com\\\/sv\\\/aktiespararnas-smabolagsdag-den-3-juni-2019\\\/#primaryimage\"},\"thumbnailUrl\":\"https:\\\/\\\/www.agma.comwp-content\\\/sembly_data\\\/thumbnail\\\/14\\\/a48c3f99e42bb9f04047804a0d3b17.jpg?635706\",\"datePublished\":\"1970-01-01T00:00:00+00:00\",\"breadcrumb\":{\"@id\":\"https:\\\/\\\/www.agma.com\\\/sv\\\/aktiespararnas-smabolagsdag-den-3-juni-2019\\\/#breadcrumb\"},\"inLanguage\":\"sv-SE\",\"potentialAction\":[{\"@type\":\"ReadAction\",\"target\":[\"https:\\\/\\\/www.agma.com\\\/sv\\\/aktiespararnas-smabolagsdag-den-3-juni-2019\\\/\"]}]},{\"@type\":\"ImageObject\",\"inLanguage\":\"sv-SE\",\"@id\":\"https:\\\/\\\/www.agma.com\\\/sv\\\/aktiespararnas-smabolagsdag-den-3-juni-2019\\\/#primaryimage\",\"url\":\"https:\\\/\\\/www.agma.comwp-content\\\/sembly_data\\\/thumbnail\\\/14\\\/a48c3f99e42bb9f04047804a0d3b17.jpg?635706\",\"contentUrl\":\"https:\\\/\\\/www.agma.comwp-content\\\/sembly_data\\\/thumbnail\\\/14\\\/a48c3f99e42bb9f04047804a0d3b17.jpg?635706\"},{\"@type\":\"BreadcrumbList\",\"@id\":\"https:\\\/\\\/www.agma.com\\\/sv\\\/aktiespararnas-smabolagsdag-den-3-juni-2019\\\/#breadcrumb\",\"itemListElement\":[{\"@type\":\"ListItem\",\"position\":1,\"name\":\"Home\",\"item\":\"https:\\\/\\\/www.agma.com\\\/sv\\\/\"},{\"@type\":\"ListItem\",\"position\":2,\"name\":\"Aktiespararnas Sm\u00e5bolagsdag den 3 juni 2019\"}]},{\"@type\":\"WebSite\",\"@id\":\"https:\\\/\\\/www.agma.com\\\/sv\\\/#website\",\"url\":\"https:\\\/\\\/www.agma.com\\\/sv\\\/\",\"name\":\"Absolicon\",\"description\":\"\",\"publisher\":{\"@id\":\"https:\\\/\\\/www.agma.com\\\/sv\\\/#organization\"},\"potentialAction\":[{\"@type\":\"SearchAction\",\"target\":{\"@type\":\"EntryPoint\",\"urlTemplate\":\"https:\\\/\\\/www.agma.com\\\/sv\\\/?s={search_term_string}\"},\"query-input\":{\"@type\":\"PropertyValueSpecification\",\"valueRequired\":true,\"valueName\":\"search_term_string\"}}],\"inLanguage\":\"sv-SE\"},{\"@type\":\"Organization\",\"@id\":\"https:\\\/\\\/www.agma.com\\\/sv\\\/#organization\",\"name\":\"Absolicon\",\"url\":\"https:\\\/\\\/www.agma.com\\\/sv\\\/\",\"logo\":{\"@type\":\"ImageObject\",\"inLanguage\":\"sv-SE\",\"@id\":\"https:\\\/\\\/www.agma.com\\\/sv\\\/#\\\/schema\\\/logo\\\/image\\\/\",\"url\":\"https:\\\/\\\/www.agma.com\\\/wp-content\\\/uploads\\\/2026\\\/04\\\/logotype_neg_blk.svg\",\"contentUrl\":\"https:\\\/\\\/www.agma.com\\\/wp-content\\\/uploads\\\/2026\\\/04\\\/logotype_neg_blk.svg\",\"width\":705,\"height\":83,\"caption\":\"Absolicon\"},\"image\":{\"@id\":\"https:\\\/\\\/www.agma.com\\\/sv\\\/#\\\/schema\\\/logo\\\/image\\\/\"}},{\"@type\":\"Person\",\"@id\":\"https:\\\/\\\/www.agma.com\\\/sv\\\/#\\\/schema\\\/person\\\/6820b3ce1cc37edbaecc979090760d8b\",\"name\":\"jakubschenk\",\"image\":{\"@type\":\"ImageObject\",\"inLanguage\":\"sv-SE\",\"@id\":\"https:\\\/\\\/secure.gravatar.com\\\/avatar\\\/0ab843002d4a58702560e02354e5f9a3206e13bbfaa9df5a188e463870f605cd?s=96&d=mm&r=g\",\"url\":\"https:\\\/\\\/secure.gravatar.com\\\/avatar\\\/0ab843002d4a58702560e02354e5f9a3206e13bbfaa9df5a188e463870f605cd?s=96&d=mm&r=g\",\"contentUrl\":\"https:\\\/\\\/secure.gravatar.com\\\/avatar\\\/0ab843002d4a58702560e02354e5f9a3206e13bbfaa9df5a188e463870f605cd?s=96&d=mm&r=g\",\"caption\":\"jakubschenk\"},\"sameAs\":[\"https:\\\/\\\/www.agma.com\"],\"url\":\"https:\\\/\\\/www.agma.com\\\/sv\\\/author\\\/jakubschenk\\\/\"}]}<\/script>\n<!-- \/ Yoast SEO plugin. -->","yoast_head_json":{"title":"Aktiespararnas Sm\u00e5bolagsdag den 3 juni 2019 - Absolicon","robots":{"index":"index","follow":"follow","max-snippet":"max-snippet:-1","max-image-preview":"max-image-preview:large","max-video-preview":"max-video-preview:-1"},"canonical":"https:\/\/www.agma.com\/sv\/aktiespararnas-smabolagsdag-den-3-juni-2019\/","og_locale":"sv_SE","og_type":"article","og_title":"Aktiespararnas Sm\u00e5bolagsdag den 3 juni 2019 - Absolicon","og_description":"Absolicon presenterade aktuellt l\u00e4ge och den nya marknadssatsningens olika aktiviteter p\u00e5 Aktiespararnas sm\u00e5bolagsdag p\u00e5 Hotel Sheraton i Stockholm den 3 juni 2019. &gt;&gt;\u00a0Se filmen, 20 minuters presentation och d\u00e4refter 10 minuters fr\u00e5gestund &gt;&gt; L\u00e4s \u00e4ven om satsningen i Absolicons magasin","og_url":"https:\/\/www.agma.com\/sv\/aktiespararnas-smabolagsdag-den-3-juni-2019\/","og_site_name":"Absolicon","article_published_time":"1970-01-01T00:00:00+00:00","og_image":[{"url":"https:\/\/www.agma.comwp-content\/sembly_data\/thumbnail\/14\/a48c3f99e42bb9f04047804a0d3b17.jpg?635706","type":"","width":"","height":""}],"author":"jakubschenk","twitter_card":"summary_large_image","twitter_misc":{"Skriven av":"jakubschenk"},"schema":{"@context":"https:\/\/schema.org","@graph":[{"@type":"Article","@id":"https:\/\/www.agma.com\/sv\/aktiespararnas-smabolagsdag-den-3-juni-2019\/#article","isPartOf":{"@id":"https:\/\/www.agma.com\/sv\/aktiespararnas-smabolagsdag-den-3-juni-2019\/"},"author":{"name":"jakubschenk","@id":"https:\/\/www.agma.com\/sv\/#\/schema\/person\/6820b3ce1cc37edbaecc979090760d8b"},"headline":"Aktiespararnas Sm\u00e5bolagsdag den 3 juni 2019","datePublished":"1970-01-01T00:00:00+00:00","mainEntityOfPage":{"@id":"https:\/\/www.agma.com\/sv\/aktiespararnas-smabolagsdag-den-3-juni-2019\/"},"wordCount":49,"commentCount":0,"publisher":{"@id":"https:\/\/www.agma.com\/sv\/#organization"},"image":{"@id":"https:\/\/www.agma.com\/sv\/aktiespararnas-smabolagsdag-den-3-juni-2019\/#primaryimage"},"thumbnailUrl":"https:\/\/www.agma.comwp-content\/sembly_data\/thumbnail\/14\/a48c3f99e42bb9f04047804a0d3b17.jpg?635706","inLanguage":"sv-SE","potentialAction":[{"@type":"CommentAction","name":"Comment","target":["https:\/\/www.agma.com\/sv\/aktiespararnas-smabolagsdag-den-3-juni-2019\/#respond"]}]},{"@type":"WebPage","@id":"https:\/\/www.agma.com\/sv\/aktiespararnas-smabolagsdag-den-3-juni-2019\/","url":"https:\/\/www.agma.com\/sv\/aktiespararnas-smabolagsdag-den-3-juni-2019\/","name":"Aktiespararnas Sm\u00e5bolagsdag den 3 juni 2019 - Absolicon","isPartOf":{"@id":"https:\/\/www.agma.com\/sv\/#website"},"primaryImageOfPage":{"@id":"https:\/\/www.agma.com\/sv\/aktiespararnas-smabolagsdag-den-3-juni-2019\/#primaryimage"},"image":{"@id":"https:\/\/www.agma.com\/sv\/aktiespararnas-smabolagsdag-den-3-juni-2019\/#primaryimage"},"thumbnailUrl":"https:\/\/www.agma.comwp-content\/sembly_data\/thumbnail\/14\/a48c3f99e42bb9f04047804a0d3b17.jpg?635706","datePublished":"1970-01-01T00:00:00+00:00","breadcrumb":{"@id":"https:\/\/www.agma.com\/sv\/aktiespararnas-smabolagsdag-den-3-juni-2019\/#breadcrumb"},"inLanguage":"sv-SE","potentialAction":[{"@type":"ReadAction","target":["https:\/\/www.agma.com\/sv\/aktiespararnas-smabolagsdag-den-3-juni-2019\/"]}]},{"@type":"ImageObject","inLanguage":"sv-SE","@id":"https:\/\/www.agma.com\/sv\/aktiespararnas-smabolagsdag-den-3-juni-2019\/#primaryimage","url":"https:\/\/www.agma.comwp-content\/sembly_data\/thumbnail\/14\/a48c3f99e42bb9f04047804a0d3b17.jpg?635706","contentUrl":"https:\/\/www.agma.comwp-content\/sembly_data\/thumbnail\/14\/a48c3f99e42bb9f04047804a0d3b17.jpg?635706"},{"@type":"BreadcrumbList","@id":"https:\/\/www.agma.com\/sv\/aktiespararnas-smabolagsdag-den-3-juni-2019\/#breadcrumb","itemListElement":[{"@type":"ListItem","position":1,"name":"Home","item":"https:\/\/www.agma.com\/sv\/"},{"@type":"ListItem","position":2,"name":"Aktiespararnas Sm\u00e5bolagsdag den 3 juni 2019"}]},{"@type":"WebSite","@id":"https:\/\/www.agma.com\/sv\/#website","url":"https:\/\/www.agma.com\/sv\/","name":"Absolicon","description":"","publisher":{"@id":"https:\/\/www.agma.com\/sv\/#organization"},"potentialAction":[{"@type":"SearchAction","target":{"@type":"EntryPoint","urlTemplate":"https:\/\/www.agma.com\/sv\/?s={search_term_string}"},"query-input":{"@type":"PropertyValueSpecification","valueRequired":true,"valueName":"search_term_string"}}],"inLanguage":"sv-SE"},{"@type":"Organization","@id":"https:\/\/www.agma.com\/sv\/#organization","name":"Absolicon","url":"https:\/\/www.agma.com\/sv\/","logo":{"@type":"ImageObject","inLanguage":"sv-SE","@id":"https:\/\/www.agma.com\/sv\/#\/schema\/logo\/image\/","url":"https:\/\/www.agma.com\/wp-content\/uploads\/2026\/04\/logotype_neg_blk.svg","contentUrl":"https:\/\/www.agma.com\/wp-content\/uploads\/2026\/04\/logotype_neg_blk.svg","width":705,"height":83,"caption":"Absolicon"},"image":{"@id":"https:\/\/www.agma.com\/sv\/#\/schema\/logo\/image\/"}},{"@type":"Person","@id":"https:\/\/www.agma.com\/sv\/#\/schema\/person\/6820b3ce1cc37edbaecc979090760d8b","name":"jakubschenk","image":{"@type":"ImageObject","inLanguage":"sv-SE","@id":"https:\/\/secure.gravatar.com\/avatar\/0ab843002d4a58702560e02354e5f9a3206e13bbfaa9df5a188e463870f605cd?s=96&d=mm&r=g","url":"https:\/\/secure.gravatar.com\/avatar\/0ab843002d4a58702560e02354e5f9a3206e13bbfaa9df5a188e463870f605cd?s=96&d=mm&r=g","contentUrl":"https:\/\/secure.gravatar.com\/avatar\/0ab843002d4a58702560e02354e5f9a3206e13bbfaa9df5a188e463870f605cd?s=96&d=mm&r=g","caption":"jakubschenk"},"sameAs":["https:\/\/www.agma.com"],"url":"https:\/\/www.agma.com\/sv\/author\/jakubschenk\/"}]}},"_links":{"self":[{"href":"https:\/\/www.agma.com\/sv\/wp-json\/wp\/v2\/posts\/8970","targetHints":{"allow":["GET"]}}],"collection":[{"href":"https:\/\/www.agma.com\/sv\/wp-json\/wp\/v2\/posts"}],"about":[{"href":"https:\/\/www.agma.com\/sv\/wp-json\/wp\/v2\/types\/post"}],"author":[{"embeddable":true,"href":"https:\/\/www.agma.com\/sv\/wp-json\/wp\/v2\/users\/1"}],"replies":[{"embeddable":true,"href":"https:\/\/www.agma.com\/sv\/wp-json\/wp\/v2\/comments?post=8970"}],"version-history":[{"count":0,"href":"https:\/\/www.agma.com\/sv\/wp-json\/wp\/v2\/posts\/8970\/revisions"}],"wp:attachment":[{"href":"https:\/\/www.agma.com\/sv\/wp-json\/wp\/v2\/media?parent=8970"}],"wp:term":[{"taxonomy":"category","embeddable":true,"href":"https:\/\/www.agma.com\/sv\/wp-json\/wp\/v2\/categories?post=8970"},{"taxonomy":"post_tag","embeddable":true,"href":"https:\/\/www.agma.com\/sv\/wp-json\/wp\/v2\/tags?post=8970"}],"curies":[{"name":"wp","href":"https:\/\/api.w.org\/{rel}","templated":true}]}}