{"id":8977,"date":"2019-06-17T00:00:00","date_gmt":"2019-06-17T00:00:00","guid":{"rendered":"https:\/\/www.absolicon.com\/greenline-africa-tecknar-ramavtal-om-forvarv-av-produktionslina-i-sydafrika\/"},"modified":"2019-06-17T00:00:00","modified_gmt":"2019-06-17T00:00:00","slug":"greenline-africa-tecknar-ramavtal-om-forvarv-av-produktionslina-i-sydafrika","status":"publish","type":"post","link":"https:\/\/www.agma.com\/sv\/greenline-africa-tecknar-ramavtal-om-forvarv-av-produktionslina-i-sydafrika\/","title":{"rendered":"Greenline Africa tecknar ramavtal om f\u00f6rv\u00e4rv av produktionslina i Sydafrika"},"content":{"rendered":"<p>[ingress]Greenline Africa har tecknat ett ramavtal med Absolicon om f\u00f6rv\u00e4rv av en produktionslina f\u00f6r solf\u00e5ngaren T160 i Sydafrika. Det totala f\u00f6rs\u00e4ljningsv\u00e4rdet som omfattas av avtalet uppskattas till ca \u20ac4 miljoner (ca 40 miljoner kronor) plus m\u00e5natlig licensavgift om 4% och f\u00f6rs\u00e4ljning av komponenter. [\/ingress]<\/p>\n<h2>Bakgrund<\/h2>\n<p>Sydafrika \u00e4r ett land med h\u00f6g solinstr\u00e5lning och h\u00f6ga energipriser. Efter positiva signaler fr\u00e5n industrikunder har Greenline Africa tecknat ramavtal med Absolicon Solar Collector AB om f\u00f6rv\u00e4rv av en produktionslina som tillverkar Absolicons koncentrerande solf\u00e5ngare T160.<\/p>\n<p>Greenline Africa \u00e4r ett team med h\u00e4ngivna experter inom h\u00e5llbarhet som arbetat m\u00e5nga \u00e5r med solv\u00e4rme innan hittade Absolicon. F\u00f6rsta kontakt skedde under h\u00f6sten 2018 och i februari 2019 tecknade parterna f\u00f6rst en sekretess\u00f6verenskommelse och sedan en \u00f6verenskommelse om samarbete. De senaste fem m\u00e5naderna har f\u00f6retaget presenterat Absolicons koncept f\u00f6r ett tjugotal f\u00f6retag i olika branscher och f\u00f6r finansi\u00e4rer som vill investera i en produktionslina i Sydafrika.<\/p>\n<h2>Edit: Nyhetsmedia rapporterar om sydafrikaaff\u00e4ren<\/h2>\n<p>ESI Africa \u201d<a href=\"https:\/\/www.esi-africa.com\/industry-sectors\/business-and-markets\/greenline-africa-signs-framework-agreement-for-production-line-in-sa\/\">Greenline Africa signs framework agreement for production line in SA<\/a>\u201d<\/p>\n<p>Dagens Nyheter \u201d<a href=\"https:\/\/www.dn.se\/ekonomi\/svensk-solfangare-ska-ge-varme-till-kladfabriker\/\">Svensk solf\u00e5ngare skall ge v\u00e4rme till kl\u00e4dfabriker<\/a>\u201d<\/p>\n<p>VVS-forum \u201d<a href=\"https:\/\/www.vvsforum.se\/nyheter\/2019\/juni\/genombrott-for-svenska-solfangare\/\">Genombrott f\u00f6r svensk solf\u00e5ngare<\/a>\u201d<\/p>\n<p>Dagens Industri \u201d<a href=\"https:\/\/www.di.se\/nyheter\/absolicon-tecknar-ramavtal-om-produktionslina-i-sydafrika\/\">Absolicon tecknar ramavtal om produktion i Sydafrika<\/a>\u201d<\/p>\n<h2>Inneh\u00e5ll i ramavtalet<\/h2>\n<p>Ramavtalet beskriver hur f\u00f6rv\u00e4rvet skall ske och vilka separata avtal som skall uppr\u00e4ttas i processen. Int\u00e4kterna fr\u00e5n f\u00f6rs\u00e4ljningen kan inordnas i tre grupper: f\u00f6rv\u00e4rv av linan, licensint\u00e4kter och int\u00e4kter fr\u00e5n materialf\u00f6rs\u00e4ljning. D\u00e4rut\u00f6ver kommer f\u00f6rs\u00e4ljning fr\u00e5n Solar++ och m\u00f6jligt del\u00e4garskap i produktionslinan.<\/p>\n<h2>1. F\u00f6rs\u00e4ljning av produktionslinan<\/h2>\n<p>Produktionslinan \u00e4r av samma modell som bolaget redan levererat till Sichuanprovinsen med tv\u00e5 sexaxliga robotar som har kapacitet att tillverka 50 MW solf\u00e5ngare (100 000 m<sup>2<\/sup>) per \u00e5r. Tillsammans med h\u00e5rdvaran levererar Absolicon konsultst\u00f6d f\u00f6r marknadsarbete och teknisk utbildning. Operat\u00f6rerna f\u00e5r utbildning i att k\u00f6ra linan medan s\u00e4ljarna och teknikerna f\u00e5r utbildning i att projektera solf\u00e5ngarinstallationer.<\/p>\n<p>Det totala v\u00e4rdet av h\u00e5rdvara och aktiviteter som omfattas av avtalet uppskattas till ca \u20ac4 miljoner (ca 40 miljoner kronor).<\/p>\n<h2>2. Licens f\u00f6r att tillverka T160<\/h2>\n<p>F\u00f6r r\u00e4ttigheten att tillverka T160 under Absolicons immaterialr\u00e4ttsliga skydd, ta del av framtida produktutveckling och anv\u00e4nda Absolicons varum\u00e4rke utg\u00e5r m\u00e5natlig licensavgift om ca 4% p\u00e5 f\u00f6rs\u00e4ljningsv\u00e4rdet.<\/p>\n<p>Solf\u00e5ngaren T160 \u00e4r utvecklad f\u00f6r att producera v\u00e4rme och \u00e5nga till industrier och fj\u00e4rrv\u00e4rmen\u00e4t. T160 har v\u00e4rldens h\u00f6gsta uppm\u00e4tta optiska verkningsgrad f\u00f6r paraboliska solf\u00e5ngare och \u00e4r den enda i v\u00e4rlden med kvalitetscertifieringen SOLAR KEYMARK.<\/p>\n<p>Absolicon har l\u00e4mnat in eller f\u00e5tt beviljat elva patentfamiljer d\u00e4r sju patentfamiljer direkt skyddar utformning eller tillverkning av T160. De \u00f6vriga fyra patentfamiljerna skyddar framtida produkter och simuleringsmetoder.<\/p>\n<p>Produktionslinan i full produktion tillverkar p\u00e5 ett skift 50 MW solf\u00e5ngare (100\u00a0000 m<sup>2<\/sup>) per \u00e5r med f\u00f6rs\u00e4ljningsv\u00e4rde \u20ac20\u201325 miljoner vilket med 4% licensavgift skulle inneb\u00e4ra \u20ac0,8 miljoner (ca 8 miljoner kronor) per \u00e5r i licensint\u00e4kt. Absolicons uppskattning \u00e4r dock att det tar flera \u00e5r innan Greenline Africa utvecklat solv\u00e4rmemarknaden f\u00f6r industrier i Sydafrika s\u00e5 att de volymerna kan uppn\u00e5s.<\/p>\n<h2>3. Materialf\u00f6rs\u00f6rjning<\/h2>\n<p>Genom avtalet s\u00e4kerst\u00e4ller Absolicon tillg\u00e5ng p\u00e5 patenterade komponenter och insatsvaror av h\u00f6g kvalit\u00e9 som delvis tillverkas lokalt i Sydafrika.<\/p>\n<p>Vid full produktion beh\u00f6ver produktionslinan k\u00f6pa material f\u00f6r \u20ac10\u201315 miljoner (100\u2013150 miljoner) per \u00e5r d\u00e4r 30% av ink\u00f6pen kan komma att g\u00e5 genom Absolicon och 70% fr\u00e5n Greenlines egna lokala underleverant\u00f6rer. Utfallet f\u00f6r Absolicon beror i viss utstr\u00e4ckning p\u00e5 resultatet av Absolicons p\u00e5g\u00e5ende materialsatsning d\u00e4r f\u00f6rb\u00e4ttrade material utvecklas.<\/p>\n<h2>F\u00f6rs\u00e4ljning av processutrustning fr\u00e5n Solar++<\/h2>\n<p>Ut\u00f6ver f\u00f6rs\u00e4ljning fr\u00e5n Absolicon \u00e4r det ocks\u00e5 troligt att Saravanos Solar++ AB, som till 50% \u00e4gs av Absolicon, kommer att leverera processutrustning till solv\u00e4rmeinstallationerna. Solar++ f\u00f6rsta produkt, en soldriven indunstare \u00e4r typisk processutrustning som efterfr\u00e5gas av mejerier och l\u00e4kemedelsf\u00f6retag. Solar++ har s\u00e5lt en f\u00f6rsta indunstare f\u00f6r \u20ac450.000 (ca 5 miljoner kr) till ett grekiskt gruvf\u00f6retag vilken nu \u00e4r under tillverkning.<\/p>\n<h2>Erbjudande att intr\u00e4da som del\u00e4gare i produktionslinan<\/h2>\n<p>Kombinerat med f\u00f6rs\u00e4ljningen har Absolicon f\u00e5tt erbjudandet om att intr\u00e4da som minoritets\u00e4gare med \u00e4gande i produktionslinan och Absolicon har \u00f6ppnat f\u00f6r ett kapitaltillskott om upp till \u20ac1M. Ett s\u00e5dant del\u00e4garskap av en utl\u00e4ndsk teknikleverant\u00f6r skulle \u00f6ppna f\u00f6r f\u00f6rm\u00e5nlig finansiering i Sydafrika.<\/p>\n<h2>Ramavtalet beskriver \u00f6vergripande principer<\/h2>\n<p>Ramavtalet \u00e4r inte bindande, utan f\u00f6reskriver de \u00f6vergripande principerna f\u00f6r de separata avtal som skall uppr\u00e4ttas. Det uppskattade v\u00e4rdet av f\u00f6rs\u00e4ljningen kan komma att \u00e4ndras liksom slutgiltig utformning av finansiering, \u00e4garf\u00f6rdelning och produktionslinans produktionskapacitet.<\/p>\n<p>Om Greenline Africa inte uppfyller sina \u00e5taganden i varje steg f\u00f6rlorar de r\u00e4tten att genomf\u00f6ra f\u00f6rv\u00e4rvet och har d\u00e5 m\u00f6jlighet att f\u00e5 tillbaka en del av k\u00f6peskillingen, dock aldrig f\u00f6r Absolicons havda kostnader.<\/p>\n<p>&nbsp;<\/p>\n<h2>Industrisektorer som visat intresse i Sydafrika<\/h2>\n<p>Energimarknaden i Sydafrika \u00e4r i snabb f\u00f6r\u00e4ndring. Stora industrier anv\u00e4nder ofta kol eller gas. I flera av de stora multinationella bolagen finns centrala policybeslut att minska koldioxidutsl\u00e4ppen.<\/p>\n<p>M\u00e5nga av de mindre industrierna anv\u00e4nder av historiska sk\u00e4l elektricitet f\u00f6r processv\u00e4rme. Elpriserna har dock stigit kraftigt de senaste \u00e5ren och i kombination med \u00e5terkommande str\u00f6mavbrott s\u00f6ker de f\u00f6retagen andra l\u00f6sningar.<\/p>\n<p>Exempel p\u00e5 industrier i olika sektorer som Greenline Africa har kontakt med:<\/p>\n<h2>Pharma Q<\/h2>\n<p>Inom l\u00e4kemedelssektorn \u00e5tg\u00e5r stora m\u00e4ngder hygieniskt ren \u00e5nga. Pharma Q i Johannesburg \u00e4r ett l\u00e4kemedelsbolag som idag anv\u00e4nder en panna om 20 MW som eldas med gas. F\u00f6rsta steg skulle vara 1-2 MW (2000 m2 &#8211; 4000 m2) f\u00f6r att f\u00f6rv\u00e4rma matarvatten till pannorna.<\/p>\n<h2>Coca-Cola Beverages Africa<\/h2>\n<p>Dryckesindustrin f\u00f6rbrukar stora energim\u00e4ngder. Coca-Cola Beverages Africa i Pretoria \u00e4r ett dryckesf\u00f6retag som vill minska sin f\u00f6rbr\u00e4nning av kol f\u00f6r att minska CO2-utsl\u00e4ppen. Greenline deltar i en upphandling med m\u00e5l att minska koleldningen med 40% i en fabrik. Sammanlagt har f\u00f6retaget 32 dryckesfabriker i regionen.<\/p>\n<h2>Woodlands Dairies<\/h2>\n<p>I Sydafrika finns m\u00e5nga sm\u00e5 och stora mejerier som beh\u00f6ver v\u00e4rme bland annat f\u00f6r att past\u00f6risera mj\u00f6lken. Woodlands Dairies i Port Elizabeth \u00e4r ett mejeri med 20 MW v\u00e4rmepanna. Det f\u00f6rsta steget har varit att erbjuda f\u00f6rv\u00e4rmning av matarvatten. Tv\u00e5 mindre mejerier har f\u00e5tt offerter p\u00e5 solf\u00e5ngare som visat p\u00e5 ca 4-6 \u00e5rs \u00e5terbetalningstid.<\/p>\n<p>&nbsp;<\/p>\n<h2>Leveranstid och leveranskapacitet<\/h2>\n<p>Nu vidtar mer detaljerat kontraktsskrivande. Betalningen sker stegvis p\u00e5 samma s\u00e4tt som vid den tidigare f\u00f6rs\u00e4ljningen av produktionslinan till Sichuanprovinsen.<\/p>\n<p>De f\u00f6rsta f\u00f6rs\u00e4ljningarna av pilotinstallationer av T160 i Sydafrika f\u00f6rv\u00e4ntas under andra halv\u00e5ret 2019. Solf\u00e5ngare f\u00f6r dessa installationer levereras fr\u00e5n Sverige. Inspektion av den f\u00e4rdiga linan i Sverige innan den skickas till Sydafrika ber\u00e4knas ske under f\u00f6rsta halv\u00e5ret 2020. Produktionslinan ber\u00e4knas vara i drift i Sydafrika under andra halv\u00e5ret 2020.<\/p>\n<p>Leveransen av produktionslinan till Sydafrika ryms inom befintlig organisation. D\u00e4remot beh\u00f6ver vi f\u00f6rst\u00e4rka organisationen f\u00f6r att kunna leverera flera produktionslinor parallellt till andra intressenter.<\/p>\n<p>&nbsp;<\/p>\n<h2>Absolicons p\u00e5g\u00e5ende f\u00f6retr\u00e4desemission<\/h2>\n<p>Det senaste halv\u00e5ret har Absolicons begr\u00e4nsat ut\u00e5triktade marknadsf\u00f6ring f\u00f6r att hinna ta hand om p\u00e5g\u00e5ende f\u00f6rhandlingar. F\u00f6r att \u00f6ppna nya marknader genomf\u00f6r Absolicon under perioden 14 juni 2019 \u2013 6 juli 2019 en f\u00f6retr\u00e4desemission om 9,2 MSEK. F\u00f6retr\u00e4des\u00ademissionen \u00e4r till 100% garanterad av bolag tillh\u00f6rande huvud\u00e4garna Joakim Bystr\u00f6m och Per-Ola Nordlander.<\/p>\n<p>Ramavtalet med Greenline Africa f\u00f6r\u00e4ndrar inte behovet av marknadssatsningen. Positiv likvidp\u00e5verkan fr\u00e5n ramavtalet kommer under 2019 att vara begr\u00e4nsat medan marknads\u00adsatsningens investeringar \u00e4r planerade att ske omg\u00e5ende.<\/p>\n","protected":false},"excerpt":{"rendered":"<p>[ingress]Greenline Africa har tecknat ett ramavtal med Absolicon om f\u00f6rv\u00e4rv av en produktionslina f\u00f6r solf\u00e5ngaren T160 i Sydafrika. Det totala f\u00f6rs\u00e4ljningsv\u00e4rdet som omfattas av avtalet uppskattas till ca \u20ac4 miljoner (ca 40 miljoner kronor) plus m\u00e5natlig licensavgift om 4% och f\u00f6rs\u00e4ljning av komponenter. [\/ingress] Bakgrund Sydafrika \u00e4r ett land med h\u00f6g solinstr\u00e5lning och h\u00f6ga energipriser. [&hellip;]<\/p>\n","protected":false},"author":1,"featured_media":0,"comment_status":"open","ping_status":"open","sticky":false,"template":"","format":"standard","meta":{"_acf_changed":false,"footnotes":""},"categories":[],"tags":[],"class_list":["post-8977","post","type-post","status-publish","format-standard","hentry"],"acf":[],"yoast_head":"<!-- This site is optimized with the Yoast SEO plugin v27.4 - https:\/\/yoast.com\/product\/yoast-seo-wordpress\/ -->\n<title>Greenline Africa tecknar ramavtal om f\u00f6rv\u00e4rv av produktionslina i Sydafrika - Absolicon<\/title>\n<meta name=\"robots\" content=\"index, follow, max-snippet:-1, max-image-preview:large, max-video-preview:-1\" \/>\n<link rel=\"canonical\" href=\"https:\/\/www.agma.com\/sv\/greenline-africa-tecknar-ramavtal-om-forvarv-av-produktionslina-i-sydafrika\/\" \/>\n<meta property=\"og:locale\" content=\"sv_SE\" \/>\n<meta property=\"og:type\" content=\"article\" \/>\n<meta property=\"og:title\" content=\"Greenline Africa tecknar ramavtal om f\u00f6rv\u00e4rv av produktionslina i Sydafrika - Absolicon\" \/>\n<meta property=\"og:description\" content=\"[ingress]Greenline Africa har tecknat ett ramavtal med Absolicon om f\u00f6rv\u00e4rv av en produktionslina f\u00f6r solf\u00e5ngaren T160 i Sydafrika. Det totala f\u00f6rs\u00e4ljningsv\u00e4rdet som omfattas av avtalet uppskattas till ca \u20ac4 miljoner (ca 40 miljoner kronor) plus m\u00e5natlig licensavgift om 4% och f\u00f6rs\u00e4ljning av komponenter. [\/ingress] Bakgrund Sydafrika \u00e4r ett land med h\u00f6g solinstr\u00e5lning och h\u00f6ga energipriser. [&hellip;]\" \/>\n<meta property=\"og:url\" content=\"https:\/\/www.agma.com\/sv\/greenline-africa-tecknar-ramavtal-om-forvarv-av-produktionslina-i-sydafrika\/\" \/>\n<meta property=\"og:site_name\" content=\"Absolicon\" \/>\n<meta property=\"article:published_time\" content=\"2019-06-17T00:00:00+00:00\" \/>\n<meta name=\"author\" content=\"jakubschenk\" \/>\n<meta name=\"twitter:card\" content=\"summary_large_image\" \/>\n<meta name=\"twitter:label1\" content=\"Skriven av\" \/>\n\t<meta name=\"twitter:data1\" content=\"jakubschenk\" \/>\n<script type=\"application\/ld+json\" class=\"yoast-schema-graph\">{\"@context\":\"https:\\\/\\\/schema.org\",\"@graph\":[{\"@type\":\"Article\",\"@id\":\"https:\\\/\\\/www.agma.com\\\/sv\\\/greenline-africa-tecknar-ramavtal-om-forvarv-av-produktionslina-i-sydafrika\\\/#article\",\"isPartOf\":{\"@id\":\"https:\\\/\\\/www.agma.com\\\/sv\\\/greenline-africa-tecknar-ramavtal-om-forvarv-av-produktionslina-i-sydafrika\\\/\"},\"author\":{\"name\":\"jakubschenk\",\"@id\":\"https:\\\/\\\/www.agma.com\\\/sv\\\/#\\\/schema\\\/person\\\/6820b3ce1cc37edbaecc979090760d8b\"},\"headline\":\"Greenline Africa tecknar ramavtal om f\u00f6rv\u00e4rv av produktionslina i Sydafrika\",\"datePublished\":\"2019-06-17T00:00:00+00:00\",\"mainEntityOfPage\":{\"@id\":\"https:\\\/\\\/www.agma.com\\\/sv\\\/greenline-africa-tecknar-ramavtal-om-forvarv-av-produktionslina-i-sydafrika\\\/\"},\"wordCount\":1364,\"commentCount\":0,\"publisher\":{\"@id\":\"https:\\\/\\\/www.agma.com\\\/sv\\\/#organization\"},\"inLanguage\":\"sv-SE\",\"potentialAction\":[{\"@type\":\"CommentAction\",\"name\":\"Comment\",\"target\":[\"https:\\\/\\\/www.agma.com\\\/sv\\\/greenline-africa-tecknar-ramavtal-om-forvarv-av-produktionslina-i-sydafrika\\\/#respond\"]}]},{\"@type\":\"WebPage\",\"@id\":\"https:\\\/\\\/www.agma.com\\\/sv\\\/greenline-africa-tecknar-ramavtal-om-forvarv-av-produktionslina-i-sydafrika\\\/\",\"url\":\"https:\\\/\\\/www.agma.com\\\/sv\\\/greenline-africa-tecknar-ramavtal-om-forvarv-av-produktionslina-i-sydafrika\\\/\",\"name\":\"Greenline Africa tecknar ramavtal om f\u00f6rv\u00e4rv av produktionslina i Sydafrika - Absolicon\",\"isPartOf\":{\"@id\":\"https:\\\/\\\/www.agma.com\\\/sv\\\/#website\"},\"datePublished\":\"2019-06-17T00:00:00+00:00\",\"breadcrumb\":{\"@id\":\"https:\\\/\\\/www.agma.com\\\/sv\\\/greenline-africa-tecknar-ramavtal-om-forvarv-av-produktionslina-i-sydafrika\\\/#breadcrumb\"},\"inLanguage\":\"sv-SE\",\"potentialAction\":[{\"@type\":\"ReadAction\",\"target\":[\"https:\\\/\\\/www.agma.com\\\/sv\\\/greenline-africa-tecknar-ramavtal-om-forvarv-av-produktionslina-i-sydafrika\\\/\"]}]},{\"@type\":\"BreadcrumbList\",\"@id\":\"https:\\\/\\\/www.agma.com\\\/sv\\\/greenline-africa-tecknar-ramavtal-om-forvarv-av-produktionslina-i-sydafrika\\\/#breadcrumb\",\"itemListElement\":[{\"@type\":\"ListItem\",\"position\":1,\"name\":\"Home\",\"item\":\"https:\\\/\\\/www.agma.com\\\/sv\\\/\"},{\"@type\":\"ListItem\",\"position\":2,\"name\":\"Greenline Africa tecknar ramavtal om f\u00f6rv\u00e4rv av produktionslina i Sydafrika\"}]},{\"@type\":\"WebSite\",\"@id\":\"https:\\\/\\\/www.agma.com\\\/sv\\\/#website\",\"url\":\"https:\\\/\\\/www.agma.com\\\/sv\\\/\",\"name\":\"Absolicon\",\"description\":\"\",\"publisher\":{\"@id\":\"https:\\\/\\\/www.agma.com\\\/sv\\\/#organization\"},\"potentialAction\":[{\"@type\":\"SearchAction\",\"target\":{\"@type\":\"EntryPoint\",\"urlTemplate\":\"https:\\\/\\\/www.agma.com\\\/sv\\\/?s={search_term_string}\"},\"query-input\":{\"@type\":\"PropertyValueSpecification\",\"valueRequired\":true,\"valueName\":\"search_term_string\"}}],\"inLanguage\":\"sv-SE\"},{\"@type\":\"Organization\",\"@id\":\"https:\\\/\\\/www.agma.com\\\/sv\\\/#organization\",\"name\":\"Absolicon\",\"url\":\"https:\\\/\\\/www.agma.com\\\/sv\\\/\",\"logo\":{\"@type\":\"ImageObject\",\"inLanguage\":\"sv-SE\",\"@id\":\"https:\\\/\\\/www.agma.com\\\/sv\\\/#\\\/schema\\\/logo\\\/image\\\/\",\"url\":\"https:\\\/\\\/www.agma.com\\\/wp-content\\\/uploads\\\/2026\\\/04\\\/logotype_neg_blk.svg\",\"contentUrl\":\"https:\\\/\\\/www.agma.com\\\/wp-content\\\/uploads\\\/2026\\\/04\\\/logotype_neg_blk.svg\",\"width\":705,\"height\":83,\"caption\":\"Absolicon\"},\"image\":{\"@id\":\"https:\\\/\\\/www.agma.com\\\/sv\\\/#\\\/schema\\\/logo\\\/image\\\/\"}},{\"@type\":\"Person\",\"@id\":\"https:\\\/\\\/www.agma.com\\\/sv\\\/#\\\/schema\\\/person\\\/6820b3ce1cc37edbaecc979090760d8b\",\"name\":\"jakubschenk\",\"image\":{\"@type\":\"ImageObject\",\"inLanguage\":\"sv-SE\",\"@id\":\"https:\\\/\\\/secure.gravatar.com\\\/avatar\\\/0ab843002d4a58702560e02354e5f9a3206e13bbfaa9df5a188e463870f605cd?s=96&d=mm&r=g\",\"url\":\"https:\\\/\\\/secure.gravatar.com\\\/avatar\\\/0ab843002d4a58702560e02354e5f9a3206e13bbfaa9df5a188e463870f605cd?s=96&d=mm&r=g\",\"contentUrl\":\"https:\\\/\\\/secure.gravatar.com\\\/avatar\\\/0ab843002d4a58702560e02354e5f9a3206e13bbfaa9df5a188e463870f605cd?s=96&d=mm&r=g\",\"caption\":\"jakubschenk\"},\"sameAs\":[\"https:\\\/\\\/www.agma.com\"],\"url\":\"https:\\\/\\\/www.agma.com\\\/sv\\\/author\\\/jakubschenk\\\/\"}]}<\/script>\n<!-- \/ Yoast SEO plugin. -->","yoast_head_json":{"title":"Greenline Africa tecknar ramavtal om f\u00f6rv\u00e4rv av produktionslina i Sydafrika - Absolicon","robots":{"index":"index","follow":"follow","max-snippet":"max-snippet:-1","max-image-preview":"max-image-preview:large","max-video-preview":"max-video-preview:-1"},"canonical":"https:\/\/www.agma.com\/sv\/greenline-africa-tecknar-ramavtal-om-forvarv-av-produktionslina-i-sydafrika\/","og_locale":"sv_SE","og_type":"article","og_title":"Greenline Africa tecknar ramavtal om f\u00f6rv\u00e4rv av produktionslina i Sydafrika - Absolicon","og_description":"[ingress]Greenline Africa har tecknat ett ramavtal med Absolicon om f\u00f6rv\u00e4rv av en produktionslina f\u00f6r solf\u00e5ngaren T160 i Sydafrika. Det totala f\u00f6rs\u00e4ljningsv\u00e4rdet som omfattas av avtalet uppskattas till ca \u20ac4 miljoner (ca 40 miljoner kronor) plus m\u00e5natlig licensavgift om 4% och f\u00f6rs\u00e4ljning av komponenter. [\/ingress] Bakgrund Sydafrika \u00e4r ett land med h\u00f6g solinstr\u00e5lning och h\u00f6ga energipriser. [&hellip;]","og_url":"https:\/\/www.agma.com\/sv\/greenline-africa-tecknar-ramavtal-om-forvarv-av-produktionslina-i-sydafrika\/","og_site_name":"Absolicon","article_published_time":"2019-06-17T00:00:00+00:00","author":"jakubschenk","twitter_card":"summary_large_image","twitter_misc":{"Skriven av":"jakubschenk"},"schema":{"@context":"https:\/\/schema.org","@graph":[{"@type":"Article","@id":"https:\/\/www.agma.com\/sv\/greenline-africa-tecknar-ramavtal-om-forvarv-av-produktionslina-i-sydafrika\/#article","isPartOf":{"@id":"https:\/\/www.agma.com\/sv\/greenline-africa-tecknar-ramavtal-om-forvarv-av-produktionslina-i-sydafrika\/"},"author":{"name":"jakubschenk","@id":"https:\/\/www.agma.com\/sv\/#\/schema\/person\/6820b3ce1cc37edbaecc979090760d8b"},"headline":"Greenline Africa tecknar ramavtal om f\u00f6rv\u00e4rv av produktionslina i Sydafrika","datePublished":"2019-06-17T00:00:00+00:00","mainEntityOfPage":{"@id":"https:\/\/www.agma.com\/sv\/greenline-africa-tecknar-ramavtal-om-forvarv-av-produktionslina-i-sydafrika\/"},"wordCount":1364,"commentCount":0,"publisher":{"@id":"https:\/\/www.agma.com\/sv\/#organization"},"inLanguage":"sv-SE","potentialAction":[{"@type":"CommentAction","name":"Comment","target":["https:\/\/www.agma.com\/sv\/greenline-africa-tecknar-ramavtal-om-forvarv-av-produktionslina-i-sydafrika\/#respond"]}]},{"@type":"WebPage","@id":"https:\/\/www.agma.com\/sv\/greenline-africa-tecknar-ramavtal-om-forvarv-av-produktionslina-i-sydafrika\/","url":"https:\/\/www.agma.com\/sv\/greenline-africa-tecknar-ramavtal-om-forvarv-av-produktionslina-i-sydafrika\/","name":"Greenline Africa tecknar ramavtal om f\u00f6rv\u00e4rv av produktionslina i Sydafrika - Absolicon","isPartOf":{"@id":"https:\/\/www.agma.com\/sv\/#website"},"datePublished":"2019-06-17T00:00:00+00:00","breadcrumb":{"@id":"https:\/\/www.agma.com\/sv\/greenline-africa-tecknar-ramavtal-om-forvarv-av-produktionslina-i-sydafrika\/#breadcrumb"},"inLanguage":"sv-SE","potentialAction":[{"@type":"ReadAction","target":["https:\/\/www.agma.com\/sv\/greenline-africa-tecknar-ramavtal-om-forvarv-av-produktionslina-i-sydafrika\/"]}]},{"@type":"BreadcrumbList","@id":"https:\/\/www.agma.com\/sv\/greenline-africa-tecknar-ramavtal-om-forvarv-av-produktionslina-i-sydafrika\/#breadcrumb","itemListElement":[{"@type":"ListItem","position":1,"name":"Home","item":"https:\/\/www.agma.com\/sv\/"},{"@type":"ListItem","position":2,"name":"Greenline Africa tecknar ramavtal om f\u00f6rv\u00e4rv av produktionslina i Sydafrika"}]},{"@type":"WebSite","@id":"https:\/\/www.agma.com\/sv\/#website","url":"https:\/\/www.agma.com\/sv\/","name":"Absolicon","description":"","publisher":{"@id":"https:\/\/www.agma.com\/sv\/#organization"},"potentialAction":[{"@type":"SearchAction","target":{"@type":"EntryPoint","urlTemplate":"https:\/\/www.agma.com\/sv\/?s={search_term_string}"},"query-input":{"@type":"PropertyValueSpecification","valueRequired":true,"valueName":"search_term_string"}}],"inLanguage":"sv-SE"},{"@type":"Organization","@id":"https:\/\/www.agma.com\/sv\/#organization","name":"Absolicon","url":"https:\/\/www.agma.com\/sv\/","logo":{"@type":"ImageObject","inLanguage":"sv-SE","@id":"https:\/\/www.agma.com\/sv\/#\/schema\/logo\/image\/","url":"https:\/\/www.agma.com\/wp-content\/uploads\/2026\/04\/logotype_neg_blk.svg","contentUrl":"https:\/\/www.agma.com\/wp-content\/uploads\/2026\/04\/logotype_neg_blk.svg","width":705,"height":83,"caption":"Absolicon"},"image":{"@id":"https:\/\/www.agma.com\/sv\/#\/schema\/logo\/image\/"}},{"@type":"Person","@id":"https:\/\/www.agma.com\/sv\/#\/schema\/person\/6820b3ce1cc37edbaecc979090760d8b","name":"jakubschenk","image":{"@type":"ImageObject","inLanguage":"sv-SE","@id":"https:\/\/secure.gravatar.com\/avatar\/0ab843002d4a58702560e02354e5f9a3206e13bbfaa9df5a188e463870f605cd?s=96&d=mm&r=g","url":"https:\/\/secure.gravatar.com\/avatar\/0ab843002d4a58702560e02354e5f9a3206e13bbfaa9df5a188e463870f605cd?s=96&d=mm&r=g","contentUrl":"https:\/\/secure.gravatar.com\/avatar\/0ab843002d4a58702560e02354e5f9a3206e13bbfaa9df5a188e463870f605cd?s=96&d=mm&r=g","caption":"jakubschenk"},"sameAs":["https:\/\/www.agma.com"],"url":"https:\/\/www.agma.com\/sv\/author\/jakubschenk\/"}]}},"_links":{"self":[{"href":"https:\/\/www.agma.com\/sv\/wp-json\/wp\/v2\/posts\/8977","targetHints":{"allow":["GET"]}}],"collection":[{"href":"https:\/\/www.agma.com\/sv\/wp-json\/wp\/v2\/posts"}],"about":[{"href":"https:\/\/www.agma.com\/sv\/wp-json\/wp\/v2\/types\/post"}],"author":[{"embeddable":true,"href":"https:\/\/www.agma.com\/sv\/wp-json\/wp\/v2\/users\/1"}],"replies":[{"embeddable":true,"href":"https:\/\/www.agma.com\/sv\/wp-json\/wp\/v2\/comments?post=8977"}],"version-history":[{"count":0,"href":"https:\/\/www.agma.com\/sv\/wp-json\/wp\/v2\/posts\/8977\/revisions"}],"wp:attachment":[{"href":"https:\/\/www.agma.com\/sv\/wp-json\/wp\/v2\/media?parent=8977"}],"wp:term":[{"taxonomy":"category","embeddable":true,"href":"https:\/\/www.agma.com\/sv\/wp-json\/wp\/v2\/categories?post=8977"},{"taxonomy":"post_tag","embeddable":true,"href":"https:\/\/www.agma.com\/sv\/wp-json\/wp\/v2\/tags?post=8977"}],"curies":[{"name":"wp","href":"https:\/\/api.w.org\/{rel}","templated":true}]}}