{"id":8981,"date":"2019-07-09T00:00:00","date_gmt":"2019-07-09T00:00:00","guid":{"rendered":"https:\/\/www.absolicon.com\/foretradesemissionen-tecknades-till-1273\/"},"modified":"2020-07-21T06:51:36","modified_gmt":"2020-07-21T06:51:36","slug":"foretradesemissionen-tecknades-till-1273","status":"publish","type":"post","link":"https:\/\/www.agma.com\/sv\/foretradesemissionen-tecknades-till-1273\/","title":{"rendered":"F\u00f6retr\u00e4desemissionen tecknades till 1273%"},"content":{"rendered":"<p>[ingress]Solenergif\u00f6retaget Absolicons marknadssatsning d\u00e4r bolaget efterfr\u00e5gade 9,2 miljoner i en f\u00f6retr\u00e4desemission tecknades till 117 miljoner kronor[\/ingress]<\/p>\n<p>I fredags st\u00e4ngde f\u00f6retr\u00e4desemissionen i Absolicon som s\u00e4ljer produktionslinor f\u00f6r koncentrerande solf\u00e5ngare. Nu meddelar bolaget att emissionen om 9,2 miljoner tecknades till 117 miljoner kronor.<\/p>\n<p>\u201dVi \u00e4r \u00f6verraskade \u00f6ver det enorma intresset. Det k\u00e4nns att aktiemarknaden b\u00f6rjar f\u00f6rst\u00e5 den enorma potentialen som finns n\u00e4r industrier och fj\u00e4rrv\u00e4rmen\u00e4t skall sluta elda fossila br\u00e4nslen. V\u00e4rme svarar i m\u00e5nga industrier f\u00f6r 85% av energif\u00f6rbrukningen, el \u00e4r bara 15%.\u201d s\u00e4ger Joakim Bystr\u00f6m, vd p\u00e5 Absolicon.<\/p>\n<p>Under emissionsperioden kom en viktig order fr\u00e5n Sydafrika \u2013 en best\u00e4llning p\u00e5 Absolicons robotiserade produktionslina v\u00e4rd 40 miljoner kronor.<\/p>\n<p>\u201dIntresset f\u00f6r emissionen fick en v\u00e4ldig skjuts av best\u00e4llningen fr\u00e5n Sydafrika. Industrierna i Sydafrika har h\u00f6ga energikostnader och k\u00f6paren Greenline Africa har redan kunder som Coca-Cola p\u00e5 g\u00e5ng\u201d, ber\u00e4ttar Bystr\u00f6m.<\/p>\n<p>Absolicon skall under h\u00f6sten lansera en global marknadsf\u00f6ringskampanj, bland annat med hj\u00e4lp av sm\u00e5 animerade filmer.<br \/>\n\u201dUnder h\u00f6sten kommer vi att intensifiera f\u00f6rs\u00e4ljningen av produktionslinor i nya l\u00e4nder. Vi skall visa hur textilindustrier, mejerier och kemiindustrier med hj\u00e4lp av solenergi kan f\u00e5 noll i koldioxidutsl\u00e4pp och samtidigt tj\u00e4na mer pengar\u201d, avslutar Bystr\u00f6m.<\/p>\n<h2>Fakta om emissionen<\/h2>\n<p>Absolicons f\u00f6retr\u00e4desemission som p\u00e5gick 14 juni \u2013 5 juli 2019 tecknades till totalt 117 331&nbsp;120 kr vilket motsvarar en teckningsgrad om 1273% av det beslutade emissionsbeloppet om 9,2 MSEK.<\/p>\n<p>F\u00f6r att teckna med f\u00f6retr\u00e4desr\u00e4tt beh\u00f6vde man 12 gamla aktier f\u00f6r att f\u00e5 teckna en ny aktie f\u00f6r 80 kr. Totalt har 112&nbsp;429 aktier tecknats med st\u00f6d av teckningsr\u00e4tter och 1 354&nbsp;210 aktier utan f\u00f6retr\u00e4desr\u00e4tt.<\/p>\n<p>Styrelsen har i emissionsbeslutet m\u00f6jliggjort f\u00f6r \u00e4garspridning genom tv\u00e5 \u00f6vertilldelningsemissioner, vilket inneb\u00e4r att \u00e4ven tecknare utan f\u00f6retr\u00e4de har chans att f\u00e5 tilldelning.<\/p>\n<p>D\u00e5 emissionen \u00f6vertecknats kommer styrelsen besluta att emittera ytterligare 6 400 aktier till samma kurs och med avsteg fr\u00e5n f\u00f6retr\u00e4desr\u00e4tten, att tilldelas i f\u00f6rsta hand de som utnyttjat teckningsr\u00e4tter i f\u00f6retr\u00e4desemissionen. Tilldelning sker sedan pro rata i f\u00f6rh\u00e5llande till antalet aktier som tecknats med st\u00f6d i teckningsr\u00e4tter och i den m\u00e5n det inte kan ske, genom lottning.<\/p>\n<p>Eftersom s\u00e5v\u00e4l f\u00f6retr\u00e4desemissionen som \u00f6vertilldelningsemissionen \u00f6vertecknas kommer huvud\u00e4garen Joakim Bystr\u00f6m, genom sitt bolag Eniara AB, att avyttra 6 400 sedan tidigare innehavda aktier, till samma teckningskurs som i nyemissionen, att f\u00f6rdelas i poster om l\u00e4gst 40 aktier till nytillkommande tecknare i syfte att ut\u00f6ka antalet aktie\u00e4gare i Absolicon.<\/p>\n<p>Vid registreringen hos Bolagsverket kommer, med antagande att styrelsen beslutar att genomf\u00f6ra \u00f6vertilldelningsemissionen, aktiekapitalet att \u00f6kas med 121&nbsp;591 kr, fr\u00e5n 1&nbsp;382 300 kr till 1&nbsp;503 891 kr. Antalet aktier kommer att \u00f6kas med 121 591 aktier, fr\u00e5n 1&nbsp;382 300 aktier till 1&nbsp;503 891 aktier. De nyemitterade aktierna kommer att utg\u00f6ra 8 procent av samtliga aktier.<\/p>\n<p>Absolicon kommer inklusive \u00f6verteckningsemissionen att tillf\u00f6ras ca 9,1 MSEK efter emissionskostnader om ca 0,6 Mkr. Emissionskostnaderna vilket motsvarar ca 0,5 procent av totalt tecknat belopp. Emissionen var till 100% garanterad av huvud\u00e4gare. R\u00e5dgivare och emissionsinstitut har varit Eminova Fondkommission AB.<\/p>\n<p>Styrelsen kommer att sammantr\u00e4da under f\u00f6r att besluta om \u00f6verteckningsemission och tilldelning i enlighet med emissionsmemorandumet f\u00f6re den 15\/7 2019.<\/p>\n<p>Handel p\u00e5g\u00e5r b\u00e5de i Absolicons ordinarie aktie (ABSL) och i betalda tecknade aktier (ABSL BTA) fram till dess att emissionen registrerats, varvid BTA omvandlas till ordinarie aktier.<\/p>\n<h2>Presentationer<\/h2>\n<p>Under perioden genomf\u00f6rde Absolicon tre presentationer: p\u00e5 Aktiespararnas Sm\u00e5bolagsdag, hos Aktiespararna Vasa i samarbete med Financial Stockholm samt under Absolicons egen klimatkv\u00e4ll p\u00e5 Ingenj\u00f6rsvetenskapsakademien i Stockholm. Marknadsf\u00f6ringen begr\u00e4nsades annars denna g\u00e5ng till n\u00e5gra elektroniska utskick, genom att Absolicons magasin som vanligt under v\u00e5ren distribuerades som inlaga i Aktiespararen samt genom att emissionen presenterades med tv\u00e5 helsidor i Svenska Dagbladet.<\/p>\n<p>Se g\u00e4rna presentationerna:<\/p>\n<p><a href=\"https:\/\/www.aktiespararna.se\/tv\/absolicon-smabolagsdagen-stockholm-3-juni-2019\">&gt;&gt; Presentation av Absolicon p\u00e5 Sm\u00e5bolagsdagen 2019 (20 minuter + fr\u00e5gor)<\/a><\/p>\n<p><a href=\"https:\/\/www.agma.comnytt-nummer-av-absolicons-magasin-2\/\">&gt;&gt; Absolicons magasin om solenergi 2018<\/a><\/p>\n<p><a href=\"https:\/\/www.agma.comabsolicon-annons-i-svd\/\">&gt;&gt; Presentation i Svenska Dagbladet av Absolicon<\/a><\/p>\n","protected":false},"excerpt":{"rendered":"<p>[ingress]Solenergif\u00f6retaget Absolicons marknadssatsning d\u00e4r bolaget efterfr\u00e5gade 9,2 miljoner i en f\u00f6retr\u00e4desemission tecknades till 117 miljoner kronor[\/ingress] I fredags st\u00e4ngde f\u00f6retr\u00e4desemissionen i Absolicon som s\u00e4ljer produktionslinor f\u00f6r koncentrerande solf\u00e5ngare. Nu meddelar bolaget att emissionen om 9,2 miljoner tecknades till 117 miljoner kronor. \u201dVi \u00e4r \u00f6verraskade \u00f6ver det enorma intresset. Det k\u00e4nns att aktiemarknaden b\u00f6rjar f\u00f6rst\u00e5 den [&hellip;]<\/p>\n","protected":false},"author":1,"featured_media":9160,"comment_status":"open","ping_status":"open","sticky":false,"template":"","format":"standard","meta":{"_acf_changed":false,"footnotes":""},"categories":[2],"tags":[],"class_list":["post-8981","post","type-post","status-publish","format-standard","has-post-thumbnail","hentry","category-okategoriserad"],"acf":[],"yoast_head":"<!-- This site is optimized with the Yoast SEO plugin v27.4 - https:\/\/yoast.com\/product\/yoast-seo-wordpress\/ -->\n<title>F\u00f6retr\u00e4desemissionen tecknades till 1273% - Absolicon<\/title>\n<meta name=\"robots\" content=\"index, follow, max-snippet:-1, max-image-preview:large, max-video-preview:-1\" \/>\n<link rel=\"canonical\" href=\"https:\/\/www.agma.com\/sv\/foretradesemissionen-tecknades-till-1273\/\" \/>\n<meta property=\"og:locale\" content=\"sv_SE\" \/>\n<meta property=\"og:type\" content=\"article\" \/>\n<meta property=\"og:title\" content=\"F\u00f6retr\u00e4desemissionen tecknades till 1273% - Absolicon\" \/>\n<meta property=\"og:description\" content=\"[ingress]Solenergif\u00f6retaget Absolicons marknadssatsning d\u00e4r bolaget efterfr\u00e5gade 9,2 miljoner i en f\u00f6retr\u00e4desemission tecknades till 117 miljoner kronor[\/ingress] I fredags st\u00e4ngde f\u00f6retr\u00e4desemissionen i Absolicon som s\u00e4ljer produktionslinor f\u00f6r koncentrerande solf\u00e5ngare. Nu meddelar bolaget att emissionen om 9,2 miljoner tecknades till 117 miljoner kronor. \u201dVi \u00e4r \u00f6verraskade \u00f6ver det enorma intresset. Det k\u00e4nns att aktiemarknaden b\u00f6rjar f\u00f6rst\u00e5 den [&hellip;]\" \/>\n<meta property=\"og:url\" content=\"https:\/\/www.agma.com\/sv\/foretradesemissionen-tecknades-till-1273\/\" \/>\n<meta property=\"og:site_name\" content=\"Absolicon\" \/>\n<meta property=\"article:published_time\" content=\"2019-07-09T00:00:00+00:00\" \/>\n<meta property=\"article:modified_time\" content=\"2020-07-21T06:51:36+00:00\" \/>\n<meta property=\"og:image\" content=\"https:\/\/www.agma.com\/wp-content\/uploads\/2019\/08\/af0e4d01af6d96334f80bc7c0cf35a.jpg\" \/>\n\t<meta property=\"og:image:width\" content=\"720\" \/>\n\t<meta property=\"og:image:height\" content=\"250\" \/>\n\t<meta property=\"og:image:type\" content=\"image\/jpeg\" \/>\n<meta name=\"author\" content=\"jakubschenk\" \/>\n<meta name=\"twitter:card\" content=\"summary_large_image\" \/>\n<meta name=\"twitter:label1\" content=\"Skriven av\" \/>\n\t<meta name=\"twitter:data1\" content=\"jakubschenk\" \/>\n<script type=\"application\/ld+json\" class=\"yoast-schema-graph\">{\"@context\":\"https:\\\/\\\/schema.org\",\"@graph\":[{\"@type\":\"Article\",\"@id\":\"https:\\\/\\\/www.agma.com\\\/sv\\\/foretradesemissionen-tecknades-till-1273\\\/#article\",\"isPartOf\":{\"@id\":\"https:\\\/\\\/www.agma.com\\\/sv\\\/foretradesemissionen-tecknades-till-1273\\\/\"},\"author\":{\"name\":\"jakubschenk\",\"@id\":\"https:\\\/\\\/www.agma.com\\\/sv\\\/#\\\/schema\\\/person\\\/6820b3ce1cc37edbaecc979090760d8b\"},\"headline\":\"F\u00f6retr\u00e4desemissionen tecknades till 1273%\",\"datePublished\":\"2019-07-09T00:00:00+00:00\",\"dateModified\":\"2020-07-21T06:51:36+00:00\",\"mainEntityOfPage\":{\"@id\":\"https:\\\/\\\/www.agma.com\\\/sv\\\/foretradesemissionen-tecknades-till-1273\\\/\"},\"wordCount\":697,\"commentCount\":0,\"publisher\":{\"@id\":\"https:\\\/\\\/www.agma.com\\\/sv\\\/#organization\"},\"image\":{\"@id\":\"https:\\\/\\\/www.agma.com\\\/sv\\\/foretradesemissionen-tecknades-till-1273\\\/#primaryimage\"},\"thumbnailUrl\":\"https:\\\/\\\/www.agma.com\\\/wp-content\\\/uploads\\\/2019\\\/08\\\/af0e4d01af6d96334f80bc7c0cf35a.jpg\",\"articleSection\":[\"Okategoriserad\"],\"inLanguage\":\"sv-SE\",\"potentialAction\":[{\"@type\":\"CommentAction\",\"name\":\"Comment\",\"target\":[\"https:\\\/\\\/www.agma.com\\\/sv\\\/foretradesemissionen-tecknades-till-1273\\\/#respond\"]}]},{\"@type\":\"WebPage\",\"@id\":\"https:\\\/\\\/www.agma.com\\\/sv\\\/foretradesemissionen-tecknades-till-1273\\\/\",\"url\":\"https:\\\/\\\/www.agma.com\\\/sv\\\/foretradesemissionen-tecknades-till-1273\\\/\",\"name\":\"F\u00f6retr\u00e4desemissionen tecknades till 1273% - Absolicon\",\"isPartOf\":{\"@id\":\"https:\\\/\\\/www.agma.com\\\/sv\\\/#website\"},\"primaryImageOfPage\":{\"@id\":\"https:\\\/\\\/www.agma.com\\\/sv\\\/foretradesemissionen-tecknades-till-1273\\\/#primaryimage\"},\"image\":{\"@id\":\"https:\\\/\\\/www.agma.com\\\/sv\\\/foretradesemissionen-tecknades-till-1273\\\/#primaryimage\"},\"thumbnailUrl\":\"https:\\\/\\\/www.agma.com\\\/wp-content\\\/uploads\\\/2019\\\/08\\\/af0e4d01af6d96334f80bc7c0cf35a.jpg\",\"datePublished\":\"2019-07-09T00:00:00+00:00\",\"dateModified\":\"2020-07-21T06:51:36+00:00\",\"breadcrumb\":{\"@id\":\"https:\\\/\\\/www.agma.com\\\/sv\\\/foretradesemissionen-tecknades-till-1273\\\/#breadcrumb\"},\"inLanguage\":\"sv-SE\",\"potentialAction\":[{\"@type\":\"ReadAction\",\"target\":[\"https:\\\/\\\/www.agma.com\\\/sv\\\/foretradesemissionen-tecknades-till-1273\\\/\"]}]},{\"@type\":\"ImageObject\",\"inLanguage\":\"sv-SE\",\"@id\":\"https:\\\/\\\/www.agma.com\\\/sv\\\/foretradesemissionen-tecknades-till-1273\\\/#primaryimage\",\"url\":\"https:\\\/\\\/www.agma.com\\\/wp-content\\\/uploads\\\/2019\\\/08\\\/af0e4d01af6d96334f80bc7c0cf35a.jpg\",\"contentUrl\":\"https:\\\/\\\/www.agma.com\\\/wp-content\\\/uploads\\\/2019\\\/08\\\/af0e4d01af6d96334f80bc7c0cf35a.jpg\",\"width\":720,\"height\":250},{\"@type\":\"BreadcrumbList\",\"@id\":\"https:\\\/\\\/www.agma.com\\\/sv\\\/foretradesemissionen-tecknades-till-1273\\\/#breadcrumb\",\"itemListElement\":[{\"@type\":\"ListItem\",\"position\":1,\"name\":\"Home\",\"item\":\"https:\\\/\\\/www.agma.com\\\/sv\\\/\"},{\"@type\":\"ListItem\",\"position\":2,\"name\":\"F\u00f6retr\u00e4desemissionen tecknades till 1273%\"}]},{\"@type\":\"WebSite\",\"@id\":\"https:\\\/\\\/www.agma.com\\\/sv\\\/#website\",\"url\":\"https:\\\/\\\/www.agma.com\\\/sv\\\/\",\"name\":\"Absolicon\",\"description\":\"\",\"publisher\":{\"@id\":\"https:\\\/\\\/www.agma.com\\\/sv\\\/#organization\"},\"potentialAction\":[{\"@type\":\"SearchAction\",\"target\":{\"@type\":\"EntryPoint\",\"urlTemplate\":\"https:\\\/\\\/www.agma.com\\\/sv\\\/?s={search_term_string}\"},\"query-input\":{\"@type\":\"PropertyValueSpecification\",\"valueRequired\":true,\"valueName\":\"search_term_string\"}}],\"inLanguage\":\"sv-SE\"},{\"@type\":\"Organization\",\"@id\":\"https:\\\/\\\/www.agma.com\\\/sv\\\/#organization\",\"name\":\"Absolicon\",\"url\":\"https:\\\/\\\/www.agma.com\\\/sv\\\/\",\"logo\":{\"@type\":\"ImageObject\",\"inLanguage\":\"sv-SE\",\"@id\":\"https:\\\/\\\/www.agma.com\\\/sv\\\/#\\\/schema\\\/logo\\\/image\\\/\",\"url\":\"https:\\\/\\\/www.agma.com\\\/wp-content\\\/uploads\\\/2026\\\/04\\\/logotype_neg_blk.svg\",\"contentUrl\":\"https:\\\/\\\/www.agma.com\\\/wp-content\\\/uploads\\\/2026\\\/04\\\/logotype_neg_blk.svg\",\"width\":705,\"height\":83,\"caption\":\"Absolicon\"},\"image\":{\"@id\":\"https:\\\/\\\/www.agma.com\\\/sv\\\/#\\\/schema\\\/logo\\\/image\\\/\"}},{\"@type\":\"Person\",\"@id\":\"https:\\\/\\\/www.agma.com\\\/sv\\\/#\\\/schema\\\/person\\\/6820b3ce1cc37edbaecc979090760d8b\",\"name\":\"jakubschenk\",\"image\":{\"@type\":\"ImageObject\",\"inLanguage\":\"sv-SE\",\"@id\":\"https:\\\/\\\/secure.gravatar.com\\\/avatar\\\/0ab843002d4a58702560e02354e5f9a3206e13bbfaa9df5a188e463870f605cd?s=96&d=mm&r=g\",\"url\":\"https:\\\/\\\/secure.gravatar.com\\\/avatar\\\/0ab843002d4a58702560e02354e5f9a3206e13bbfaa9df5a188e463870f605cd?s=96&d=mm&r=g\",\"contentUrl\":\"https:\\\/\\\/secure.gravatar.com\\\/avatar\\\/0ab843002d4a58702560e02354e5f9a3206e13bbfaa9df5a188e463870f605cd?s=96&d=mm&r=g\",\"caption\":\"jakubschenk\"},\"sameAs\":[\"https:\\\/\\\/www.agma.com\"],\"url\":\"https:\\\/\\\/www.agma.com\\\/sv\\\/author\\\/jakubschenk\\\/\"}]}<\/script>\n<!-- \/ Yoast SEO plugin. -->","yoast_head_json":{"title":"F\u00f6retr\u00e4desemissionen tecknades till 1273% - Absolicon","robots":{"index":"index","follow":"follow","max-snippet":"max-snippet:-1","max-image-preview":"max-image-preview:large","max-video-preview":"max-video-preview:-1"},"canonical":"https:\/\/www.agma.com\/sv\/foretradesemissionen-tecknades-till-1273\/","og_locale":"sv_SE","og_type":"article","og_title":"F\u00f6retr\u00e4desemissionen tecknades till 1273% - Absolicon","og_description":"[ingress]Solenergif\u00f6retaget Absolicons marknadssatsning d\u00e4r bolaget efterfr\u00e5gade 9,2 miljoner i en f\u00f6retr\u00e4desemission tecknades till 117 miljoner kronor[\/ingress] I fredags st\u00e4ngde f\u00f6retr\u00e4desemissionen i Absolicon som s\u00e4ljer produktionslinor f\u00f6r koncentrerande solf\u00e5ngare. Nu meddelar bolaget att emissionen om 9,2 miljoner tecknades till 117 miljoner kronor. \u201dVi \u00e4r \u00f6verraskade \u00f6ver det enorma intresset. Det k\u00e4nns att aktiemarknaden b\u00f6rjar f\u00f6rst\u00e5 den [&hellip;]","og_url":"https:\/\/www.agma.com\/sv\/foretradesemissionen-tecknades-till-1273\/","og_site_name":"Absolicon","article_published_time":"2019-07-09T00:00:00+00:00","article_modified_time":"2020-07-21T06:51:36+00:00","og_image":[{"width":720,"height":250,"url":"https:\/\/www.agma.com\/wp-content\/uploads\/2019\/08\/af0e4d01af6d96334f80bc7c0cf35a.jpg","type":"image\/jpeg"}],"author":"jakubschenk","twitter_card":"summary_large_image","twitter_misc":{"Skriven av":"jakubschenk"},"schema":{"@context":"https:\/\/schema.org","@graph":[{"@type":"Article","@id":"https:\/\/www.agma.com\/sv\/foretradesemissionen-tecknades-till-1273\/#article","isPartOf":{"@id":"https:\/\/www.agma.com\/sv\/foretradesemissionen-tecknades-till-1273\/"},"author":{"name":"jakubschenk","@id":"https:\/\/www.agma.com\/sv\/#\/schema\/person\/6820b3ce1cc37edbaecc979090760d8b"},"headline":"F\u00f6retr\u00e4desemissionen tecknades till 1273%","datePublished":"2019-07-09T00:00:00+00:00","dateModified":"2020-07-21T06:51:36+00:00","mainEntityOfPage":{"@id":"https:\/\/www.agma.com\/sv\/foretradesemissionen-tecknades-till-1273\/"},"wordCount":697,"commentCount":0,"publisher":{"@id":"https:\/\/www.agma.com\/sv\/#organization"},"image":{"@id":"https:\/\/www.agma.com\/sv\/foretradesemissionen-tecknades-till-1273\/#primaryimage"},"thumbnailUrl":"https:\/\/www.agma.com\/wp-content\/uploads\/2019\/08\/af0e4d01af6d96334f80bc7c0cf35a.jpg","articleSection":["Okategoriserad"],"inLanguage":"sv-SE","potentialAction":[{"@type":"CommentAction","name":"Comment","target":["https:\/\/www.agma.com\/sv\/foretradesemissionen-tecknades-till-1273\/#respond"]}]},{"@type":"WebPage","@id":"https:\/\/www.agma.com\/sv\/foretradesemissionen-tecknades-till-1273\/","url":"https:\/\/www.agma.com\/sv\/foretradesemissionen-tecknades-till-1273\/","name":"F\u00f6retr\u00e4desemissionen tecknades till 1273% - Absolicon","isPartOf":{"@id":"https:\/\/www.agma.com\/sv\/#website"},"primaryImageOfPage":{"@id":"https:\/\/www.agma.com\/sv\/foretradesemissionen-tecknades-till-1273\/#primaryimage"},"image":{"@id":"https:\/\/www.agma.com\/sv\/foretradesemissionen-tecknades-till-1273\/#primaryimage"},"thumbnailUrl":"https:\/\/www.agma.com\/wp-content\/uploads\/2019\/08\/af0e4d01af6d96334f80bc7c0cf35a.jpg","datePublished":"2019-07-09T00:00:00+00:00","dateModified":"2020-07-21T06:51:36+00:00","breadcrumb":{"@id":"https:\/\/www.agma.com\/sv\/foretradesemissionen-tecknades-till-1273\/#breadcrumb"},"inLanguage":"sv-SE","potentialAction":[{"@type":"ReadAction","target":["https:\/\/www.agma.com\/sv\/foretradesemissionen-tecknades-till-1273\/"]}]},{"@type":"ImageObject","inLanguage":"sv-SE","@id":"https:\/\/www.agma.com\/sv\/foretradesemissionen-tecknades-till-1273\/#primaryimage","url":"https:\/\/www.agma.com\/wp-content\/uploads\/2019\/08\/af0e4d01af6d96334f80bc7c0cf35a.jpg","contentUrl":"https:\/\/www.agma.com\/wp-content\/uploads\/2019\/08\/af0e4d01af6d96334f80bc7c0cf35a.jpg","width":720,"height":250},{"@type":"BreadcrumbList","@id":"https:\/\/www.agma.com\/sv\/foretradesemissionen-tecknades-till-1273\/#breadcrumb","itemListElement":[{"@type":"ListItem","position":1,"name":"Home","item":"https:\/\/www.agma.com\/sv\/"},{"@type":"ListItem","position":2,"name":"F\u00f6retr\u00e4desemissionen tecknades till 1273%"}]},{"@type":"WebSite","@id":"https:\/\/www.agma.com\/sv\/#website","url":"https:\/\/www.agma.com\/sv\/","name":"Absolicon","description":"","publisher":{"@id":"https:\/\/www.agma.com\/sv\/#organization"},"potentialAction":[{"@type":"SearchAction","target":{"@type":"EntryPoint","urlTemplate":"https:\/\/www.agma.com\/sv\/?s={search_term_string}"},"query-input":{"@type":"PropertyValueSpecification","valueRequired":true,"valueName":"search_term_string"}}],"inLanguage":"sv-SE"},{"@type":"Organization","@id":"https:\/\/www.agma.com\/sv\/#organization","name":"Absolicon","url":"https:\/\/www.agma.com\/sv\/","logo":{"@type":"ImageObject","inLanguage":"sv-SE","@id":"https:\/\/www.agma.com\/sv\/#\/schema\/logo\/image\/","url":"https:\/\/www.agma.com\/wp-content\/uploads\/2026\/04\/logotype_neg_blk.svg","contentUrl":"https:\/\/www.agma.com\/wp-content\/uploads\/2026\/04\/logotype_neg_blk.svg","width":705,"height":83,"caption":"Absolicon"},"image":{"@id":"https:\/\/www.agma.com\/sv\/#\/schema\/logo\/image\/"}},{"@type":"Person","@id":"https:\/\/www.agma.com\/sv\/#\/schema\/person\/6820b3ce1cc37edbaecc979090760d8b","name":"jakubschenk","image":{"@type":"ImageObject","inLanguage":"sv-SE","@id":"https:\/\/secure.gravatar.com\/avatar\/0ab843002d4a58702560e02354e5f9a3206e13bbfaa9df5a188e463870f605cd?s=96&d=mm&r=g","url":"https:\/\/secure.gravatar.com\/avatar\/0ab843002d4a58702560e02354e5f9a3206e13bbfaa9df5a188e463870f605cd?s=96&d=mm&r=g","contentUrl":"https:\/\/secure.gravatar.com\/avatar\/0ab843002d4a58702560e02354e5f9a3206e13bbfaa9df5a188e463870f605cd?s=96&d=mm&r=g","caption":"jakubschenk"},"sameAs":["https:\/\/www.agma.com"],"url":"https:\/\/www.agma.com\/sv\/author\/jakubschenk\/"}]}},"_links":{"self":[{"href":"https:\/\/www.agma.com\/sv\/wp-json\/wp\/v2\/posts\/8981","targetHints":{"allow":["GET"]}}],"collection":[{"href":"https:\/\/www.agma.com\/sv\/wp-json\/wp\/v2\/posts"}],"about":[{"href":"https:\/\/www.agma.com\/sv\/wp-json\/wp\/v2\/types\/post"}],"author":[{"embeddable":true,"href":"https:\/\/www.agma.com\/sv\/wp-json\/wp\/v2\/users\/1"}],"replies":[{"embeddable":true,"href":"https:\/\/www.agma.com\/sv\/wp-json\/wp\/v2\/comments?post=8981"}],"version-history":[{"count":1,"href":"https:\/\/www.agma.com\/sv\/wp-json\/wp\/v2\/posts\/8981\/revisions"}],"predecessor-version":[{"id":9164,"href":"https:\/\/www.agma.com\/sv\/wp-json\/wp\/v2\/posts\/8981\/revisions\/9164"}],"wp:featuredmedia":[{"embeddable":true,"href":"https:\/\/www.agma.com\/sv\/wp-json\/wp\/v2\/media\/9160"}],"wp:attachment":[{"href":"https:\/\/www.agma.com\/sv\/wp-json\/wp\/v2\/media?parent=8981"}],"wp:term":[{"taxonomy":"category","embeddable":true,"href":"https:\/\/www.agma.com\/sv\/wp-json\/wp\/v2\/categories?post=8981"},{"taxonomy":"post_tag","embeddable":true,"href":"https:\/\/www.agma.com\/sv\/wp-json\/wp\/v2\/tags?post=8981"}],"curies":[{"name":"wp","href":"https:\/\/api.w.org\/{rel}","templated":true}]}}