{"id":8990,"date":"2019-10-10T00:00:00","date_gmt":"2019-10-10T00:00:00","guid":{"rendered":"https:\/\/www.absolicon.com\/analysguiden-tva-stralande-ramavtal\/"},"modified":"2019-10-10T00:00:00","modified_gmt":"2019-10-10T00:00:00","slug":"analysguiden-tva-stralande-ramavtal","status":"publish","type":"post","link":"https:\/\/www.agma.com\/sv\/analysguiden-tva-stralande-ramavtal\/","title":{"rendered":"Analysguiden: Tv\u00e5 str\u00e5lande ramavtal"},"content":{"rendered":"<p>[ingress]Carlsquare har publicerat en ny analys av Absolicon baserad p\u00e5 kvartalsrapporten f\u00f6r Q2 och tecknade ramavtal.[\/ingress]<\/p>\n<p>Analysen \u00e4r betald av Aktiespararna som en del av tj\u00e4nsten Analysguiden som Absolicon har tecknat f\u00f6r att informera aktiemarknaden om bolaget.<\/p>\n<p>Ur analysen: &#8221;P\u00e5 kort tid har Absolicon meddelat om att tv\u00e5 separata ramavtal tecknats till goda villkor. Avtalen p\u00e5visar styrkan i Absolicons aff\u00e4rsmodell samt efterfr\u00e5gan p\u00e5 tekniken. Konvertering av ramavtal \u00e4r en trigger som kan driva aktiev\u00e4rdet.&#8221;.<\/p>\n<p><a href=\"https:\/\/www.agma.comwp-content\/uploads\/2019\/10\/absolicon_2019-10-10.pdf\">L\u00e4s hela analysen h\u00e4r:<\/a><\/p>\n<p><a href=\"https:\/\/www.agma.comwp-content\/uploads\/2019\/10\/absolicon_2019-10-10.pdf\"><img decoding=\"async\" class=\"alignleft size-thumbnail wp-image-6304\" title=\"absolicon_2019-10-10-1\" src=\"https:\/\/www.agma.comwp-content\/sembly_data\/thumbnail\/b3\/12186126cb3754402d4ab1e3490c6c.jpg?709129\" alt=\"\" width=\"110\" height=\"150\" \/><\/a><\/p>\n","protected":false},"excerpt":{"rendered":"<p>[ingress]Carlsquare har publicerat en ny analys av Absolicon baserad p\u00e5 kvartalsrapporten f\u00f6r Q2 och tecknade ramavtal.[\/ingress] Analysen \u00e4r betald av Aktiespararna som en del av tj\u00e4nsten Analysguiden som Absolicon har tecknat f\u00f6r att informera aktiemarknaden om bolaget. Ur analysen: &#8221;P\u00e5 kort tid har Absolicon meddelat om att tv\u00e5 separata ramavtal tecknats till goda villkor. Avtalen [&hellip;]<\/p>\n","protected":false},"author":1,"featured_media":0,"comment_status":"open","ping_status":"open","sticky":false,"template":"","format":"standard","meta":{"_acf_changed":false,"footnotes":""},"categories":[],"tags":[],"class_list":["post-8990","post","type-post","status-publish","format-standard","hentry"],"acf":[],"yoast_head":"<!-- This site is optimized with the Yoast SEO plugin v27.4 - https:\/\/yoast.com\/product\/yoast-seo-wordpress\/ -->\n<title>Analysguiden: Tv\u00e5 str\u00e5lande ramavtal - Absolicon<\/title>\n<meta name=\"robots\" content=\"index, follow, max-snippet:-1, max-image-preview:large, max-video-preview:-1\" \/>\n<link rel=\"canonical\" href=\"https:\/\/www.agma.com\/sv\/analysguiden-tva-stralande-ramavtal\/\" \/>\n<meta property=\"og:locale\" content=\"sv_SE\" \/>\n<meta property=\"og:type\" content=\"article\" \/>\n<meta property=\"og:title\" content=\"Analysguiden: Tv\u00e5 str\u00e5lande ramavtal - Absolicon\" \/>\n<meta property=\"og:description\" content=\"[ingress]Carlsquare har publicerat en ny analys av Absolicon baserad p\u00e5 kvartalsrapporten f\u00f6r Q2 och tecknade ramavtal.[\/ingress] Analysen \u00e4r betald av Aktiespararna som en del av tj\u00e4nsten Analysguiden som Absolicon har tecknat f\u00f6r att informera aktiemarknaden om bolaget. Ur analysen: &#8221;P\u00e5 kort tid har Absolicon meddelat om att tv\u00e5 separata ramavtal tecknats till goda villkor. Avtalen [&hellip;]\" \/>\n<meta property=\"og:url\" content=\"https:\/\/www.agma.com\/sv\/analysguiden-tva-stralande-ramavtal\/\" \/>\n<meta property=\"og:site_name\" content=\"Absolicon\" \/>\n<meta property=\"article:published_time\" content=\"2019-10-10T00:00:00+00:00\" \/>\n<meta property=\"og:image\" content=\"https:\/\/www.agma.comwp-content\/sembly_data\/thumbnail\/b3\/12186126cb3754402d4ab1e3490c6c.jpg?709129\" \/>\n<meta name=\"author\" content=\"jakubschenk\" \/>\n<meta name=\"twitter:card\" content=\"summary_large_image\" \/>\n<meta name=\"twitter:label1\" content=\"Skriven av\" \/>\n\t<meta name=\"twitter:data1\" content=\"jakubschenk\" \/>\n<script type=\"application\/ld+json\" class=\"yoast-schema-graph\">{\"@context\":\"https:\\\/\\\/schema.org\",\"@graph\":[{\"@type\":\"Article\",\"@id\":\"https:\\\/\\\/www.agma.com\\\/sv\\\/analysguiden-tva-stralande-ramavtal\\\/#article\",\"isPartOf\":{\"@id\":\"https:\\\/\\\/www.agma.com\\\/sv\\\/analysguiden-tva-stralande-ramavtal\\\/\"},\"author\":{\"name\":\"jakubschenk\",\"@id\":\"https:\\\/\\\/www.agma.com\\\/sv\\\/#\\\/schema\\\/person\\\/6820b3ce1cc37edbaecc979090760d8b\"},\"headline\":\"Analysguiden: Tv\u00e5 str\u00e5lande ramavtal\",\"datePublished\":\"2019-10-10T00:00:00+00:00\",\"mainEntityOfPage\":{\"@id\":\"https:\\\/\\\/www.agma.com\\\/sv\\\/analysguiden-tva-stralande-ramavtal\\\/\"},\"wordCount\":94,\"commentCount\":0,\"publisher\":{\"@id\":\"https:\\\/\\\/www.agma.com\\\/sv\\\/#organization\"},\"image\":{\"@id\":\"https:\\\/\\\/www.agma.com\\\/sv\\\/analysguiden-tva-stralande-ramavtal\\\/#primaryimage\"},\"thumbnailUrl\":\"https:\\\/\\\/www.agma.comwp-content\\\/sembly_data\\\/thumbnail\\\/b3\\\/12186126cb3754402d4ab1e3490c6c.jpg?709129\",\"inLanguage\":\"sv-SE\",\"potentialAction\":[{\"@type\":\"CommentAction\",\"name\":\"Comment\",\"target\":[\"https:\\\/\\\/www.agma.com\\\/sv\\\/analysguiden-tva-stralande-ramavtal\\\/#respond\"]}]},{\"@type\":\"WebPage\",\"@id\":\"https:\\\/\\\/www.agma.com\\\/sv\\\/analysguiden-tva-stralande-ramavtal\\\/\",\"url\":\"https:\\\/\\\/www.agma.com\\\/sv\\\/analysguiden-tva-stralande-ramavtal\\\/\",\"name\":\"Analysguiden: Tv\u00e5 str\u00e5lande ramavtal - Absolicon\",\"isPartOf\":{\"@id\":\"https:\\\/\\\/www.agma.com\\\/sv\\\/#website\"},\"primaryImageOfPage\":{\"@id\":\"https:\\\/\\\/www.agma.com\\\/sv\\\/analysguiden-tva-stralande-ramavtal\\\/#primaryimage\"},\"image\":{\"@id\":\"https:\\\/\\\/www.agma.com\\\/sv\\\/analysguiden-tva-stralande-ramavtal\\\/#primaryimage\"},\"thumbnailUrl\":\"https:\\\/\\\/www.agma.comwp-content\\\/sembly_data\\\/thumbnail\\\/b3\\\/12186126cb3754402d4ab1e3490c6c.jpg?709129\",\"datePublished\":\"2019-10-10T00:00:00+00:00\",\"breadcrumb\":{\"@id\":\"https:\\\/\\\/www.agma.com\\\/sv\\\/analysguiden-tva-stralande-ramavtal\\\/#breadcrumb\"},\"inLanguage\":\"sv-SE\",\"potentialAction\":[{\"@type\":\"ReadAction\",\"target\":[\"https:\\\/\\\/www.agma.com\\\/sv\\\/analysguiden-tva-stralande-ramavtal\\\/\"]}]},{\"@type\":\"ImageObject\",\"inLanguage\":\"sv-SE\",\"@id\":\"https:\\\/\\\/www.agma.com\\\/sv\\\/analysguiden-tva-stralande-ramavtal\\\/#primaryimage\",\"url\":\"https:\\\/\\\/www.agma.comwp-content\\\/sembly_data\\\/thumbnail\\\/b3\\\/12186126cb3754402d4ab1e3490c6c.jpg?709129\",\"contentUrl\":\"https:\\\/\\\/www.agma.comwp-content\\\/sembly_data\\\/thumbnail\\\/b3\\\/12186126cb3754402d4ab1e3490c6c.jpg?709129\"},{\"@type\":\"BreadcrumbList\",\"@id\":\"https:\\\/\\\/www.agma.com\\\/sv\\\/analysguiden-tva-stralande-ramavtal\\\/#breadcrumb\",\"itemListElement\":[{\"@type\":\"ListItem\",\"position\":1,\"name\":\"Home\",\"item\":\"https:\\\/\\\/www.agma.com\\\/sv\\\/\"},{\"@type\":\"ListItem\",\"position\":2,\"name\":\"Analysguiden: Tv\u00e5 str\u00e5lande ramavtal\"}]},{\"@type\":\"WebSite\",\"@id\":\"https:\\\/\\\/www.agma.com\\\/sv\\\/#website\",\"url\":\"https:\\\/\\\/www.agma.com\\\/sv\\\/\",\"name\":\"Absolicon\",\"description\":\"\",\"publisher\":{\"@id\":\"https:\\\/\\\/www.agma.com\\\/sv\\\/#organization\"},\"potentialAction\":[{\"@type\":\"SearchAction\",\"target\":{\"@type\":\"EntryPoint\",\"urlTemplate\":\"https:\\\/\\\/www.agma.com\\\/sv\\\/?s={search_term_string}\"},\"query-input\":{\"@type\":\"PropertyValueSpecification\",\"valueRequired\":true,\"valueName\":\"search_term_string\"}}],\"inLanguage\":\"sv-SE\"},{\"@type\":\"Organization\",\"@id\":\"https:\\\/\\\/www.agma.com\\\/sv\\\/#organization\",\"name\":\"Absolicon\",\"url\":\"https:\\\/\\\/www.agma.com\\\/sv\\\/\",\"logo\":{\"@type\":\"ImageObject\",\"inLanguage\":\"sv-SE\",\"@id\":\"https:\\\/\\\/www.agma.com\\\/sv\\\/#\\\/schema\\\/logo\\\/image\\\/\",\"url\":\"https:\\\/\\\/www.agma.com\\\/wp-content\\\/uploads\\\/2026\\\/04\\\/logotype_neg_blk.svg\",\"contentUrl\":\"https:\\\/\\\/www.agma.com\\\/wp-content\\\/uploads\\\/2026\\\/04\\\/logotype_neg_blk.svg\",\"width\":705,\"height\":83,\"caption\":\"Absolicon\"},\"image\":{\"@id\":\"https:\\\/\\\/www.agma.com\\\/sv\\\/#\\\/schema\\\/logo\\\/image\\\/\"}},{\"@type\":\"Person\",\"@id\":\"https:\\\/\\\/www.agma.com\\\/sv\\\/#\\\/schema\\\/person\\\/6820b3ce1cc37edbaecc979090760d8b\",\"name\":\"jakubschenk\",\"image\":{\"@type\":\"ImageObject\",\"inLanguage\":\"sv-SE\",\"@id\":\"https:\\\/\\\/secure.gravatar.com\\\/avatar\\\/0ab843002d4a58702560e02354e5f9a3206e13bbfaa9df5a188e463870f605cd?s=96&d=mm&r=g\",\"url\":\"https:\\\/\\\/secure.gravatar.com\\\/avatar\\\/0ab843002d4a58702560e02354e5f9a3206e13bbfaa9df5a188e463870f605cd?s=96&d=mm&r=g\",\"contentUrl\":\"https:\\\/\\\/secure.gravatar.com\\\/avatar\\\/0ab843002d4a58702560e02354e5f9a3206e13bbfaa9df5a188e463870f605cd?s=96&d=mm&r=g\",\"caption\":\"jakubschenk\"},\"sameAs\":[\"https:\\\/\\\/www.agma.com\"],\"url\":\"https:\\\/\\\/www.agma.com\\\/sv\\\/author\\\/jakubschenk\\\/\"}]}<\/script>\n<!-- \/ Yoast SEO plugin. -->","yoast_head_json":{"title":"Analysguiden: Tv\u00e5 str\u00e5lande ramavtal - Absolicon","robots":{"index":"index","follow":"follow","max-snippet":"max-snippet:-1","max-image-preview":"max-image-preview:large","max-video-preview":"max-video-preview:-1"},"canonical":"https:\/\/www.agma.com\/sv\/analysguiden-tva-stralande-ramavtal\/","og_locale":"sv_SE","og_type":"article","og_title":"Analysguiden: Tv\u00e5 str\u00e5lande ramavtal - Absolicon","og_description":"[ingress]Carlsquare har publicerat en ny analys av Absolicon baserad p\u00e5 kvartalsrapporten f\u00f6r Q2 och tecknade ramavtal.[\/ingress] Analysen \u00e4r betald av Aktiespararna som en del av tj\u00e4nsten Analysguiden som Absolicon har tecknat f\u00f6r att informera aktiemarknaden om bolaget. Ur analysen: &#8221;P\u00e5 kort tid har Absolicon meddelat om att tv\u00e5 separata ramavtal tecknats till goda villkor. Avtalen [&hellip;]","og_url":"https:\/\/www.agma.com\/sv\/analysguiden-tva-stralande-ramavtal\/","og_site_name":"Absolicon","article_published_time":"2019-10-10T00:00:00+00:00","og_image":[{"url":"https:\/\/www.agma.comwp-content\/sembly_data\/thumbnail\/b3\/12186126cb3754402d4ab1e3490c6c.jpg?709129","type":"","width":"","height":""}],"author":"jakubschenk","twitter_card":"summary_large_image","twitter_misc":{"Skriven av":"jakubschenk"},"schema":{"@context":"https:\/\/schema.org","@graph":[{"@type":"Article","@id":"https:\/\/www.agma.com\/sv\/analysguiden-tva-stralande-ramavtal\/#article","isPartOf":{"@id":"https:\/\/www.agma.com\/sv\/analysguiden-tva-stralande-ramavtal\/"},"author":{"name":"jakubschenk","@id":"https:\/\/www.agma.com\/sv\/#\/schema\/person\/6820b3ce1cc37edbaecc979090760d8b"},"headline":"Analysguiden: Tv\u00e5 str\u00e5lande ramavtal","datePublished":"2019-10-10T00:00:00+00:00","mainEntityOfPage":{"@id":"https:\/\/www.agma.com\/sv\/analysguiden-tva-stralande-ramavtal\/"},"wordCount":94,"commentCount":0,"publisher":{"@id":"https:\/\/www.agma.com\/sv\/#organization"},"image":{"@id":"https:\/\/www.agma.com\/sv\/analysguiden-tva-stralande-ramavtal\/#primaryimage"},"thumbnailUrl":"https:\/\/www.agma.comwp-content\/sembly_data\/thumbnail\/b3\/12186126cb3754402d4ab1e3490c6c.jpg?709129","inLanguage":"sv-SE","potentialAction":[{"@type":"CommentAction","name":"Comment","target":["https:\/\/www.agma.com\/sv\/analysguiden-tva-stralande-ramavtal\/#respond"]}]},{"@type":"WebPage","@id":"https:\/\/www.agma.com\/sv\/analysguiden-tva-stralande-ramavtal\/","url":"https:\/\/www.agma.com\/sv\/analysguiden-tva-stralande-ramavtal\/","name":"Analysguiden: Tv\u00e5 str\u00e5lande ramavtal - Absolicon","isPartOf":{"@id":"https:\/\/www.agma.com\/sv\/#website"},"primaryImageOfPage":{"@id":"https:\/\/www.agma.com\/sv\/analysguiden-tva-stralande-ramavtal\/#primaryimage"},"image":{"@id":"https:\/\/www.agma.com\/sv\/analysguiden-tva-stralande-ramavtal\/#primaryimage"},"thumbnailUrl":"https:\/\/www.agma.comwp-content\/sembly_data\/thumbnail\/b3\/12186126cb3754402d4ab1e3490c6c.jpg?709129","datePublished":"2019-10-10T00:00:00+00:00","breadcrumb":{"@id":"https:\/\/www.agma.com\/sv\/analysguiden-tva-stralande-ramavtal\/#breadcrumb"},"inLanguage":"sv-SE","potentialAction":[{"@type":"ReadAction","target":["https:\/\/www.agma.com\/sv\/analysguiden-tva-stralande-ramavtal\/"]}]},{"@type":"ImageObject","inLanguage":"sv-SE","@id":"https:\/\/www.agma.com\/sv\/analysguiden-tva-stralande-ramavtal\/#primaryimage","url":"https:\/\/www.agma.comwp-content\/sembly_data\/thumbnail\/b3\/12186126cb3754402d4ab1e3490c6c.jpg?709129","contentUrl":"https:\/\/www.agma.comwp-content\/sembly_data\/thumbnail\/b3\/12186126cb3754402d4ab1e3490c6c.jpg?709129"},{"@type":"BreadcrumbList","@id":"https:\/\/www.agma.com\/sv\/analysguiden-tva-stralande-ramavtal\/#breadcrumb","itemListElement":[{"@type":"ListItem","position":1,"name":"Home","item":"https:\/\/www.agma.com\/sv\/"},{"@type":"ListItem","position":2,"name":"Analysguiden: Tv\u00e5 str\u00e5lande ramavtal"}]},{"@type":"WebSite","@id":"https:\/\/www.agma.com\/sv\/#website","url":"https:\/\/www.agma.com\/sv\/","name":"Absolicon","description":"","publisher":{"@id":"https:\/\/www.agma.com\/sv\/#organization"},"potentialAction":[{"@type":"SearchAction","target":{"@type":"EntryPoint","urlTemplate":"https:\/\/www.agma.com\/sv\/?s={search_term_string}"},"query-input":{"@type":"PropertyValueSpecification","valueRequired":true,"valueName":"search_term_string"}}],"inLanguage":"sv-SE"},{"@type":"Organization","@id":"https:\/\/www.agma.com\/sv\/#organization","name":"Absolicon","url":"https:\/\/www.agma.com\/sv\/","logo":{"@type":"ImageObject","inLanguage":"sv-SE","@id":"https:\/\/www.agma.com\/sv\/#\/schema\/logo\/image\/","url":"https:\/\/www.agma.com\/wp-content\/uploads\/2026\/04\/logotype_neg_blk.svg","contentUrl":"https:\/\/www.agma.com\/wp-content\/uploads\/2026\/04\/logotype_neg_blk.svg","width":705,"height":83,"caption":"Absolicon"},"image":{"@id":"https:\/\/www.agma.com\/sv\/#\/schema\/logo\/image\/"}},{"@type":"Person","@id":"https:\/\/www.agma.com\/sv\/#\/schema\/person\/6820b3ce1cc37edbaecc979090760d8b","name":"jakubschenk","image":{"@type":"ImageObject","inLanguage":"sv-SE","@id":"https:\/\/secure.gravatar.com\/avatar\/0ab843002d4a58702560e02354e5f9a3206e13bbfaa9df5a188e463870f605cd?s=96&d=mm&r=g","url":"https:\/\/secure.gravatar.com\/avatar\/0ab843002d4a58702560e02354e5f9a3206e13bbfaa9df5a188e463870f605cd?s=96&d=mm&r=g","contentUrl":"https:\/\/secure.gravatar.com\/avatar\/0ab843002d4a58702560e02354e5f9a3206e13bbfaa9df5a188e463870f605cd?s=96&d=mm&r=g","caption":"jakubschenk"},"sameAs":["https:\/\/www.agma.com"],"url":"https:\/\/www.agma.com\/sv\/author\/jakubschenk\/"}]}},"_links":{"self":[{"href":"https:\/\/www.agma.com\/sv\/wp-json\/wp\/v2\/posts\/8990","targetHints":{"allow":["GET"]}}],"collection":[{"href":"https:\/\/www.agma.com\/sv\/wp-json\/wp\/v2\/posts"}],"about":[{"href":"https:\/\/www.agma.com\/sv\/wp-json\/wp\/v2\/types\/post"}],"author":[{"embeddable":true,"href":"https:\/\/www.agma.com\/sv\/wp-json\/wp\/v2\/users\/1"}],"replies":[{"embeddable":true,"href":"https:\/\/www.agma.com\/sv\/wp-json\/wp\/v2\/comments?post=8990"}],"version-history":[{"count":0,"href":"https:\/\/www.agma.com\/sv\/wp-json\/wp\/v2\/posts\/8990\/revisions"}],"wp:attachment":[{"href":"https:\/\/www.agma.com\/sv\/wp-json\/wp\/v2\/media?parent=8990"}],"wp:term":[{"taxonomy":"category","embeddable":true,"href":"https:\/\/www.agma.com\/sv\/wp-json\/wp\/v2\/categories?post=8990"},{"taxonomy":"post_tag","embeddable":true,"href":"https:\/\/www.agma.com\/sv\/wp-json\/wp\/v2\/tags?post=8990"}],"curies":[{"name":"wp","href":"https:\/\/api.w.org\/{rel}","templated":true}]}}