{"id":8993,"date":"2019-10-23T00:00:00","date_gmt":"2019-10-23T00:00:00","guid":{"rendered":"https:\/\/www.absolicon.com\/studieresa-framtidens-fjarrvarme-11-13-november\/"},"modified":"2020-07-21T06:34:21","modified_gmt":"2020-07-21T06:34:21","slug":"studieresa-framtidens-fjarrvarme-11-13-november","status":"publish","type":"post","link":"https:\/\/www.agma.com\/sv\/studieresa-framtidens-fjarrvarme-11-13-november\/","title":{"rendered":"Studieresa: Framtidens fj\u00e4rrv\u00e4rme 11-13 november"},"content":{"rendered":"<p>[ingress]Absolicon bjuder in dig att, inom projektet Framtidens Fj\u00e4rrv\u00e4rme, medfinansierat av Region V\u00e4sternorrland, 11-13 november 2019 delta i en studieresa till Danmark f\u00f6r att bes\u00f6ka storskaliga solv\u00e4rmeanl\u00e4ggningar.[\/ingress]<\/p>\n<p>Under resan f\u00e5r du g\u00f6ra studiebes\u00f6k, d\u00e4r du f\u00e5r tr\u00e4ffa akt\u00f6rer fr\u00e5n s\u00e5v\u00e4l den danska solv\u00e4rmesektorn och \u00e4ven ges m\u00f6jlighet att sj\u00e4lv titta n\u00e4rmare p\u00e5 hur solv\u00e4rme som energik\u00e4lla i fj\u00e4rrv\u00e4rmen\u00e4tet faktiskt fungerar.<\/p>\n<p>F\u00f6r projektdeltagarna finansieras resa och hotell av projektet, men vi v\u00e4lkomnar andra energibolag och kommuner att f\u00f6lja i v\u00e5ra bussar och p\u00e5 bes\u00f6ken gratis! Passa p\u00e5 att f\u00e5 bes\u00f6ka n\u00e5gra av de mest utvecklade solv\u00e4rmeanl\u00e4ggningarna i v\u00e4rlden och tr\u00e4ffa akt\u00f6rerna bakom dessa!<\/p>\n<p>Resan utg\u00e5r fr\u00e5n \u00c5lborg d\u00e4r vi startar vid lunch den 11 november och avslutar vid lunch den 13 november.<\/p>\n<h2 style=\"text-align: left;\">Studiebes\u00f6k<\/h2>\n<h5>T\u00e5rs, m\u00e5ndag 11 november<\/h5>\n<p>Vid T\u00e5rs V\u00e4rmeverk 8 mil norr on \u00c5lborg finns ett solf\u00e5ngarf\u00e4lt d\u00e4r man kombinerat plana och koncentrerande<\/p>\n<p>solf\u00e5ngare, ca 6 GWh energi i form av 98-gradigt vatten varje \u00e5r. Totala ytan uppg\u00e5r till 10 000 m2<\/p>\n<p>d\u00e4r ca 40% utg\u00f6rs av koncentrerande solf\u00e5ngare fr\u00e5n Aalborg CSP och 60% av plana solf\u00e5ngare fr\u00e5n Arcon<\/p>\n<p>Sunmark. Trots att man saknar v\u00e4rmelager t\u00e4cker f\u00e4ltet upp ca 31% av de 840 hush\u00e5llens \u00e5rliga energibehov.<\/p>\n<p>L\u00e4s mer p\u00e5 <a href=\"https:\/\/www.aalborgcsp.com\">www.aalborgcsp.com<\/a><\/p>\n<h5>Dronninglund, tisdag 12 november<\/h5>\n<p>Solv\u00e4rmef\u00e4lt p\u00e5 37\u2019000 m2 tre mil nord\u00f6st om \u00c5lborg med tillh\u00f6rande s\u00e4songslager p\u00e5 62\u2019000 m3 som f\u00f6rser<\/p>\n<p>byn Dronninglund p\u00e5 1350 hush\u00e5ll med 40% av deras v\u00e4rmebehov. F\u00e4ltet best\u00e5r av plana solf\u00e5ngare<\/p>\n<p>fr\u00e5n den danska tillverkaren Arcon Sunmark, som ocks\u00e5 designat anl\u00e4ggningen. Uppf\u00f6rd 2014 och ber\u00e4knas<\/p>\n<p>\u00e5rligen producera ca 18 GWh av varmvatten p\u00e5 ca 35oC.<\/p>\n<p>L\u00e4s mer p\u00e5 <a href=\"https:\/\/www.arcon-sunmark.com\">www.arcon-sunmark.com<\/a><\/p>\n<h5>Logstor, tisdag 12 november<\/h5>\n<p>LOGSTOR\u2019s huvudkontor finns i L\u00f8gst\u00f8r, Danmark (fem mil v\u00e4ster om \u00c5lborg), och f\u00f6retaget har ca 1,200<\/p>\n<p>medarbetare i 12 olika l\u00e4nder som levererar kompletta preisolerade r\u00f6rsystem f\u00f6r olika till\u00e4mpningar<\/p>\n<p>men fram f\u00f6r allt fj\u00e4rrv\u00e4rme.<\/p>\n<p>L\u00e4s mer p\u00e5 <a href=\"https:\/\/www.logstor.dk\">www.logstor.dk<\/a><\/p>\n<h5>Arcon-Sunmark, onsdag 13 november<\/h5>\n<p>Sedan grundandet 1974 har Arcon-Sunmark installerat 1,5 miljoner m2 plana solf\u00e5ngare till fj\u00e4rrv\u00e4rme,<\/p>\n<p>v\u00e4xthus, gruvor och bryggerier. Solf\u00e5ngarna tillverkas i Vietnam och i danska Sk\u00f6rping, 3 mil s\u00f6der om<\/p>\n<p>\u00c5lborg.<\/p>\n<p>L\u00e4s mer p\u00e5 <a href=\"https:\/\/www.arcon-sunmark.dk\">www.arcon-sunmark.dk<\/a><\/p>\n<h2>Kostnad<\/h2>\n<p>F\u00f6r projektets medfinansi\u00e4rer och deltagare kommer projektet st\u00e5 f\u00f6r resa, mat och logi. Som extern g\u00e4st kan man ansluta i \u00c5lborg och Absolicon bjuder d\u00e5 p\u00e5 lokal transporter med minibussar och mat.<\/p>\n<h2>Anm\u00e4lan<\/h2>\n<p>Anm\u00e4l dig via formul\u00e4ret nedan senast 4 november.<\/p>\n<p><a href=\"https:\/\/forms.gle\/YsxW7NkuQLxhGRzK9\">Till anm\u00e4lan&gt;&gt;<\/a><\/p>\n<p>Vid fr\u00e5gor om resan, kontakta projektledare Joakim Bystr\u00f6m<\/p>\n<p>e-post: joakim@absolicon.com<br \/>\ntelefon: 070-5850059.<\/p>\n<p style=\"text-align: left;\">Ladda ner <a href=\"https:\/\/www.agma.comwp-content\/uploads\/2019\/10\/Inbjudan-Studiebes\u00f6k-Danmark-11-13-november-2019.pdf\">inbjudan och resplan h\u00e4r<\/a>.<\/p>\n<p style=\"text-align: right;\"><a style=\"color: #0066cc; font-family: Georgia,&amp;quot; times new roman&amp;quot;,&amp;quot;bitstream charter&amp;quot;,times,serif; font-size: 13px; font-style: normal; font-variant: normal; font-weight: 400; letter-spacing: normal; orphans: 2; text-align: right; text-decoration: underline; text-indent: 0px; text-transform: none; -webkit-text-stroke-width: 0px; white-space: normal; word-spacing: 0px;\" href=\"https:\/\/www.agma.comwp-content\/uploads\/2019\/10\/rvn_farg_jpg.jpg\"><img decoding=\"async\" class=\"alignnone size-thumbnail wp-image-6348\" style=\"border-image-outset: 0; border-image-repeat: stretch; border-image-slice: 100%; border-image-source: none; border-image-width: 1; border-width: 0px; border-color: currentColor; border-style: none;\" title=\"rvn_farg_jpg\" src=\"https:\/\/www.agma.comwp-content\/sembly_data\/thumbnail\/5b\/f4e04898d4364a1ce37f496e20cd7e.jpg?835965\" alt=\"\" width=\"150\" height=\"34\"><\/a><em><\/em><\/p>\n<p><em>Foto:&nbsp;Arcon-Sunmark<\/em><\/p>\n","protected":false},"excerpt":{"rendered":"<p>[ingress]Absolicon bjuder in dig att, inom projektet Framtidens Fj\u00e4rrv\u00e4rme, medfinansierat av Region V\u00e4sternorrland, 11-13 november 2019 delta i en studieresa till Danmark f\u00f6r att bes\u00f6ka storskaliga solv\u00e4rmeanl\u00e4ggningar.[\/ingress] Under resan f\u00e5r du g\u00f6ra studiebes\u00f6k, d\u00e4r du f\u00e5r tr\u00e4ffa akt\u00f6rer fr\u00e5n s\u00e5v\u00e4l den danska solv\u00e4rmesektorn och \u00e4ven ges m\u00f6jlighet att sj\u00e4lv titta n\u00e4rmare p\u00e5 hur solv\u00e4rme som [&hellip;]<\/p>\n","protected":false},"author":1,"featured_media":9140,"comment_status":"open","ping_status":"open","sticky":false,"template":"","format":"standard","meta":{"_acf_changed":false,"footnotes":""},"categories":[2],"tags":[],"class_list":["post-8993","post","type-post","status-publish","format-standard","has-post-thumbnail","hentry","category-okategoriserad"],"acf":[],"yoast_head":"<!-- This site is optimized with the Yoast SEO plugin v27.4 - https:\/\/yoast.com\/product\/yoast-seo-wordpress\/ -->\n<title>Studieresa: Framtidens fj\u00e4rrv\u00e4rme 11-13 november - Absolicon<\/title>\n<meta name=\"robots\" content=\"index, follow, max-snippet:-1, max-image-preview:large, max-video-preview:-1\" \/>\n<link rel=\"canonical\" href=\"https:\/\/www.agma.com\/sv\/studieresa-framtidens-fjarrvarme-11-13-november\/\" \/>\n<meta property=\"og:locale\" content=\"sv_SE\" \/>\n<meta property=\"og:type\" content=\"article\" \/>\n<meta property=\"og:title\" content=\"Studieresa: Framtidens fj\u00e4rrv\u00e4rme 11-13 november - Absolicon\" \/>\n<meta property=\"og:description\" content=\"[ingress]Absolicon bjuder in dig att, inom projektet Framtidens Fj\u00e4rrv\u00e4rme, medfinansierat av Region V\u00e4sternorrland, 11-13 november 2019 delta i en studieresa till Danmark f\u00f6r att bes\u00f6ka storskaliga solv\u00e4rmeanl\u00e4ggningar.[\/ingress] Under resan f\u00e5r du g\u00f6ra studiebes\u00f6k, d\u00e4r du f\u00e5r tr\u00e4ffa akt\u00f6rer fr\u00e5n s\u00e5v\u00e4l den danska solv\u00e4rmesektorn och \u00e4ven ges m\u00f6jlighet att sj\u00e4lv titta n\u00e4rmare p\u00e5 hur solv\u00e4rme som [&hellip;]\" \/>\n<meta property=\"og:url\" content=\"https:\/\/www.agma.com\/sv\/studieresa-framtidens-fjarrvarme-11-13-november\/\" \/>\n<meta property=\"og:site_name\" content=\"Absolicon\" \/>\n<meta property=\"article:published_time\" content=\"2019-10-23T00:00:00+00:00\" \/>\n<meta property=\"article:modified_time\" content=\"2020-07-21T06:34:21+00:00\" \/>\n<meta property=\"og:image\" content=\"https:\/\/www.agma.com\/wp-content\/uploads\/2019\/10\/c12b51818e9e3d919b0caced712394.jpg\" \/>\n\t<meta property=\"og:image:width\" content=\"720\" \/>\n\t<meta property=\"og:image:height\" content=\"250\" \/>\n\t<meta property=\"og:image:type\" content=\"image\/jpeg\" \/>\n<meta name=\"author\" content=\"jakubschenk\" \/>\n<meta name=\"twitter:card\" content=\"summary_large_image\" \/>\n<meta name=\"twitter:label1\" content=\"Skriven av\" \/>\n\t<meta name=\"twitter:data1\" content=\"jakubschenk\" \/>\n<script type=\"application\/ld+json\" class=\"yoast-schema-graph\">{\"@context\":\"https:\\\/\\\/schema.org\",\"@graph\":[{\"@type\":\"Article\",\"@id\":\"https:\\\/\\\/www.agma.com\\\/sv\\\/studieresa-framtidens-fjarrvarme-11-13-november\\\/#article\",\"isPartOf\":{\"@id\":\"https:\\\/\\\/www.agma.com\\\/sv\\\/studieresa-framtidens-fjarrvarme-11-13-november\\\/\"},\"author\":{\"name\":\"jakubschenk\",\"@id\":\"https:\\\/\\\/www.agma.com\\\/sv\\\/#\\\/schema\\\/person\\\/6820b3ce1cc37edbaecc979090760d8b\"},\"headline\":\"Studieresa: Framtidens fj\u00e4rrv\u00e4rme 11-13 november\",\"datePublished\":\"2019-10-23T00:00:00+00:00\",\"dateModified\":\"2020-07-21T06:34:21+00:00\",\"mainEntityOfPage\":{\"@id\":\"https:\\\/\\\/www.agma.com\\\/sv\\\/studieresa-framtidens-fjarrvarme-11-13-november\\\/\"},\"wordCount\":513,\"commentCount\":0,\"publisher\":{\"@id\":\"https:\\\/\\\/www.agma.com\\\/sv\\\/#organization\"},\"image\":{\"@id\":\"https:\\\/\\\/www.agma.com\\\/sv\\\/studieresa-framtidens-fjarrvarme-11-13-november\\\/#primaryimage\"},\"thumbnailUrl\":\"https:\\\/\\\/www.agma.com\\\/wp-content\\\/uploads\\\/2019\\\/10\\\/c12b51818e9e3d919b0caced712394.jpg\",\"articleSection\":[\"Okategoriserad\"],\"inLanguage\":\"sv-SE\",\"potentialAction\":[{\"@type\":\"CommentAction\",\"name\":\"Comment\",\"target\":[\"https:\\\/\\\/www.agma.com\\\/sv\\\/studieresa-framtidens-fjarrvarme-11-13-november\\\/#respond\"]}]},{\"@type\":\"WebPage\",\"@id\":\"https:\\\/\\\/www.agma.com\\\/sv\\\/studieresa-framtidens-fjarrvarme-11-13-november\\\/\",\"url\":\"https:\\\/\\\/www.agma.com\\\/sv\\\/studieresa-framtidens-fjarrvarme-11-13-november\\\/\",\"name\":\"Studieresa: Framtidens fj\u00e4rrv\u00e4rme 11-13 november - Absolicon\",\"isPartOf\":{\"@id\":\"https:\\\/\\\/www.agma.com\\\/sv\\\/#website\"},\"primaryImageOfPage\":{\"@id\":\"https:\\\/\\\/www.agma.com\\\/sv\\\/studieresa-framtidens-fjarrvarme-11-13-november\\\/#primaryimage\"},\"image\":{\"@id\":\"https:\\\/\\\/www.agma.com\\\/sv\\\/studieresa-framtidens-fjarrvarme-11-13-november\\\/#primaryimage\"},\"thumbnailUrl\":\"https:\\\/\\\/www.agma.com\\\/wp-content\\\/uploads\\\/2019\\\/10\\\/c12b51818e9e3d919b0caced712394.jpg\",\"datePublished\":\"2019-10-23T00:00:00+00:00\",\"dateModified\":\"2020-07-21T06:34:21+00:00\",\"breadcrumb\":{\"@id\":\"https:\\\/\\\/www.agma.com\\\/sv\\\/studieresa-framtidens-fjarrvarme-11-13-november\\\/#breadcrumb\"},\"inLanguage\":\"sv-SE\",\"potentialAction\":[{\"@type\":\"ReadAction\",\"target\":[\"https:\\\/\\\/www.agma.com\\\/sv\\\/studieresa-framtidens-fjarrvarme-11-13-november\\\/\"]}]},{\"@type\":\"ImageObject\",\"inLanguage\":\"sv-SE\",\"@id\":\"https:\\\/\\\/www.agma.com\\\/sv\\\/studieresa-framtidens-fjarrvarme-11-13-november\\\/#primaryimage\",\"url\":\"https:\\\/\\\/www.agma.com\\\/wp-content\\\/uploads\\\/2019\\\/10\\\/c12b51818e9e3d919b0caced712394.jpg\",\"contentUrl\":\"https:\\\/\\\/www.agma.com\\\/wp-content\\\/uploads\\\/2019\\\/10\\\/c12b51818e9e3d919b0caced712394.jpg\",\"width\":720,\"height\":250},{\"@type\":\"BreadcrumbList\",\"@id\":\"https:\\\/\\\/www.agma.com\\\/sv\\\/studieresa-framtidens-fjarrvarme-11-13-november\\\/#breadcrumb\",\"itemListElement\":[{\"@type\":\"ListItem\",\"position\":1,\"name\":\"Home\",\"item\":\"https:\\\/\\\/www.agma.com\\\/sv\\\/\"},{\"@type\":\"ListItem\",\"position\":2,\"name\":\"Studieresa: Framtidens fj\u00e4rrv\u00e4rme 11-13 november\"}]},{\"@type\":\"WebSite\",\"@id\":\"https:\\\/\\\/www.agma.com\\\/sv\\\/#website\",\"url\":\"https:\\\/\\\/www.agma.com\\\/sv\\\/\",\"name\":\"Absolicon\",\"description\":\"\",\"publisher\":{\"@id\":\"https:\\\/\\\/www.agma.com\\\/sv\\\/#organization\"},\"potentialAction\":[{\"@type\":\"SearchAction\",\"target\":{\"@type\":\"EntryPoint\",\"urlTemplate\":\"https:\\\/\\\/www.agma.com\\\/sv\\\/?s={search_term_string}\"},\"query-input\":{\"@type\":\"PropertyValueSpecification\",\"valueRequired\":true,\"valueName\":\"search_term_string\"}}],\"inLanguage\":\"sv-SE\"},{\"@type\":\"Organization\",\"@id\":\"https:\\\/\\\/www.agma.com\\\/sv\\\/#organization\",\"name\":\"Absolicon\",\"url\":\"https:\\\/\\\/www.agma.com\\\/sv\\\/\",\"logo\":{\"@type\":\"ImageObject\",\"inLanguage\":\"sv-SE\",\"@id\":\"https:\\\/\\\/www.agma.com\\\/sv\\\/#\\\/schema\\\/logo\\\/image\\\/\",\"url\":\"https:\\\/\\\/www.agma.com\\\/wp-content\\\/uploads\\\/2026\\\/04\\\/logotype_neg_blk.svg\",\"contentUrl\":\"https:\\\/\\\/www.agma.com\\\/wp-content\\\/uploads\\\/2026\\\/04\\\/logotype_neg_blk.svg\",\"width\":705,\"height\":83,\"caption\":\"Absolicon\"},\"image\":{\"@id\":\"https:\\\/\\\/www.agma.com\\\/sv\\\/#\\\/schema\\\/logo\\\/image\\\/\"}},{\"@type\":\"Person\",\"@id\":\"https:\\\/\\\/www.agma.com\\\/sv\\\/#\\\/schema\\\/person\\\/6820b3ce1cc37edbaecc979090760d8b\",\"name\":\"jakubschenk\",\"image\":{\"@type\":\"ImageObject\",\"inLanguage\":\"sv-SE\",\"@id\":\"https:\\\/\\\/secure.gravatar.com\\\/avatar\\\/0ab843002d4a58702560e02354e5f9a3206e13bbfaa9df5a188e463870f605cd?s=96&d=mm&r=g\",\"url\":\"https:\\\/\\\/secure.gravatar.com\\\/avatar\\\/0ab843002d4a58702560e02354e5f9a3206e13bbfaa9df5a188e463870f605cd?s=96&d=mm&r=g\",\"contentUrl\":\"https:\\\/\\\/secure.gravatar.com\\\/avatar\\\/0ab843002d4a58702560e02354e5f9a3206e13bbfaa9df5a188e463870f605cd?s=96&d=mm&r=g\",\"caption\":\"jakubschenk\"},\"sameAs\":[\"https:\\\/\\\/www.agma.com\"],\"url\":\"https:\\\/\\\/www.agma.com\\\/sv\\\/author\\\/jakubschenk\\\/\"}]}<\/script>\n<!-- \/ Yoast SEO plugin. -->","yoast_head_json":{"title":"Studieresa: Framtidens fj\u00e4rrv\u00e4rme 11-13 november - Absolicon","robots":{"index":"index","follow":"follow","max-snippet":"max-snippet:-1","max-image-preview":"max-image-preview:large","max-video-preview":"max-video-preview:-1"},"canonical":"https:\/\/www.agma.com\/sv\/studieresa-framtidens-fjarrvarme-11-13-november\/","og_locale":"sv_SE","og_type":"article","og_title":"Studieresa: Framtidens fj\u00e4rrv\u00e4rme 11-13 november - Absolicon","og_description":"[ingress]Absolicon bjuder in dig att, inom projektet Framtidens Fj\u00e4rrv\u00e4rme, medfinansierat av Region V\u00e4sternorrland, 11-13 november 2019 delta i en studieresa till Danmark f\u00f6r att bes\u00f6ka storskaliga solv\u00e4rmeanl\u00e4ggningar.[\/ingress] Under resan f\u00e5r du g\u00f6ra studiebes\u00f6k, d\u00e4r du f\u00e5r tr\u00e4ffa akt\u00f6rer fr\u00e5n s\u00e5v\u00e4l den danska solv\u00e4rmesektorn och \u00e4ven ges m\u00f6jlighet att sj\u00e4lv titta n\u00e4rmare p\u00e5 hur solv\u00e4rme som [&hellip;]","og_url":"https:\/\/www.agma.com\/sv\/studieresa-framtidens-fjarrvarme-11-13-november\/","og_site_name":"Absolicon","article_published_time":"2019-10-23T00:00:00+00:00","article_modified_time":"2020-07-21T06:34:21+00:00","og_image":[{"width":720,"height":250,"url":"https:\/\/www.agma.com\/wp-content\/uploads\/2019\/10\/c12b51818e9e3d919b0caced712394.jpg","type":"image\/jpeg"}],"author":"jakubschenk","twitter_card":"summary_large_image","twitter_misc":{"Skriven av":"jakubschenk"},"schema":{"@context":"https:\/\/schema.org","@graph":[{"@type":"Article","@id":"https:\/\/www.agma.com\/sv\/studieresa-framtidens-fjarrvarme-11-13-november\/#article","isPartOf":{"@id":"https:\/\/www.agma.com\/sv\/studieresa-framtidens-fjarrvarme-11-13-november\/"},"author":{"name":"jakubschenk","@id":"https:\/\/www.agma.com\/sv\/#\/schema\/person\/6820b3ce1cc37edbaecc979090760d8b"},"headline":"Studieresa: Framtidens fj\u00e4rrv\u00e4rme 11-13 november","datePublished":"2019-10-23T00:00:00+00:00","dateModified":"2020-07-21T06:34:21+00:00","mainEntityOfPage":{"@id":"https:\/\/www.agma.com\/sv\/studieresa-framtidens-fjarrvarme-11-13-november\/"},"wordCount":513,"commentCount":0,"publisher":{"@id":"https:\/\/www.agma.com\/sv\/#organization"},"image":{"@id":"https:\/\/www.agma.com\/sv\/studieresa-framtidens-fjarrvarme-11-13-november\/#primaryimage"},"thumbnailUrl":"https:\/\/www.agma.com\/wp-content\/uploads\/2019\/10\/c12b51818e9e3d919b0caced712394.jpg","articleSection":["Okategoriserad"],"inLanguage":"sv-SE","potentialAction":[{"@type":"CommentAction","name":"Comment","target":["https:\/\/www.agma.com\/sv\/studieresa-framtidens-fjarrvarme-11-13-november\/#respond"]}]},{"@type":"WebPage","@id":"https:\/\/www.agma.com\/sv\/studieresa-framtidens-fjarrvarme-11-13-november\/","url":"https:\/\/www.agma.com\/sv\/studieresa-framtidens-fjarrvarme-11-13-november\/","name":"Studieresa: Framtidens fj\u00e4rrv\u00e4rme 11-13 november - Absolicon","isPartOf":{"@id":"https:\/\/www.agma.com\/sv\/#website"},"primaryImageOfPage":{"@id":"https:\/\/www.agma.com\/sv\/studieresa-framtidens-fjarrvarme-11-13-november\/#primaryimage"},"image":{"@id":"https:\/\/www.agma.com\/sv\/studieresa-framtidens-fjarrvarme-11-13-november\/#primaryimage"},"thumbnailUrl":"https:\/\/www.agma.com\/wp-content\/uploads\/2019\/10\/c12b51818e9e3d919b0caced712394.jpg","datePublished":"2019-10-23T00:00:00+00:00","dateModified":"2020-07-21T06:34:21+00:00","breadcrumb":{"@id":"https:\/\/www.agma.com\/sv\/studieresa-framtidens-fjarrvarme-11-13-november\/#breadcrumb"},"inLanguage":"sv-SE","potentialAction":[{"@type":"ReadAction","target":["https:\/\/www.agma.com\/sv\/studieresa-framtidens-fjarrvarme-11-13-november\/"]}]},{"@type":"ImageObject","inLanguage":"sv-SE","@id":"https:\/\/www.agma.com\/sv\/studieresa-framtidens-fjarrvarme-11-13-november\/#primaryimage","url":"https:\/\/www.agma.com\/wp-content\/uploads\/2019\/10\/c12b51818e9e3d919b0caced712394.jpg","contentUrl":"https:\/\/www.agma.com\/wp-content\/uploads\/2019\/10\/c12b51818e9e3d919b0caced712394.jpg","width":720,"height":250},{"@type":"BreadcrumbList","@id":"https:\/\/www.agma.com\/sv\/studieresa-framtidens-fjarrvarme-11-13-november\/#breadcrumb","itemListElement":[{"@type":"ListItem","position":1,"name":"Home","item":"https:\/\/www.agma.com\/sv\/"},{"@type":"ListItem","position":2,"name":"Studieresa: Framtidens fj\u00e4rrv\u00e4rme 11-13 november"}]},{"@type":"WebSite","@id":"https:\/\/www.agma.com\/sv\/#website","url":"https:\/\/www.agma.com\/sv\/","name":"Absolicon","description":"","publisher":{"@id":"https:\/\/www.agma.com\/sv\/#organization"},"potentialAction":[{"@type":"SearchAction","target":{"@type":"EntryPoint","urlTemplate":"https:\/\/www.agma.com\/sv\/?s={search_term_string}"},"query-input":{"@type":"PropertyValueSpecification","valueRequired":true,"valueName":"search_term_string"}}],"inLanguage":"sv-SE"},{"@type":"Organization","@id":"https:\/\/www.agma.com\/sv\/#organization","name":"Absolicon","url":"https:\/\/www.agma.com\/sv\/","logo":{"@type":"ImageObject","inLanguage":"sv-SE","@id":"https:\/\/www.agma.com\/sv\/#\/schema\/logo\/image\/","url":"https:\/\/www.agma.com\/wp-content\/uploads\/2026\/04\/logotype_neg_blk.svg","contentUrl":"https:\/\/www.agma.com\/wp-content\/uploads\/2026\/04\/logotype_neg_blk.svg","width":705,"height":83,"caption":"Absolicon"},"image":{"@id":"https:\/\/www.agma.com\/sv\/#\/schema\/logo\/image\/"}},{"@type":"Person","@id":"https:\/\/www.agma.com\/sv\/#\/schema\/person\/6820b3ce1cc37edbaecc979090760d8b","name":"jakubschenk","image":{"@type":"ImageObject","inLanguage":"sv-SE","@id":"https:\/\/secure.gravatar.com\/avatar\/0ab843002d4a58702560e02354e5f9a3206e13bbfaa9df5a188e463870f605cd?s=96&d=mm&r=g","url":"https:\/\/secure.gravatar.com\/avatar\/0ab843002d4a58702560e02354e5f9a3206e13bbfaa9df5a188e463870f605cd?s=96&d=mm&r=g","contentUrl":"https:\/\/secure.gravatar.com\/avatar\/0ab843002d4a58702560e02354e5f9a3206e13bbfaa9df5a188e463870f605cd?s=96&d=mm&r=g","caption":"jakubschenk"},"sameAs":["https:\/\/www.agma.com"],"url":"https:\/\/www.agma.com\/sv\/author\/jakubschenk\/"}]}},"_links":{"self":[{"href":"https:\/\/www.agma.com\/sv\/wp-json\/wp\/v2\/posts\/8993","targetHints":{"allow":["GET"]}}],"collection":[{"href":"https:\/\/www.agma.com\/sv\/wp-json\/wp\/v2\/posts"}],"about":[{"href":"https:\/\/www.agma.com\/sv\/wp-json\/wp\/v2\/types\/post"}],"author":[{"embeddable":true,"href":"https:\/\/www.agma.com\/sv\/wp-json\/wp\/v2\/users\/1"}],"replies":[{"embeddable":true,"href":"https:\/\/www.agma.com\/sv\/wp-json\/wp\/v2\/comments?post=8993"}],"version-history":[{"count":1,"href":"https:\/\/www.agma.com\/sv\/wp-json\/wp\/v2\/posts\/8993\/revisions"}],"predecessor-version":[{"id":9142,"href":"https:\/\/www.agma.com\/sv\/wp-json\/wp\/v2\/posts\/8993\/revisions\/9142"}],"wp:featuredmedia":[{"embeddable":true,"href":"https:\/\/www.agma.com\/sv\/wp-json\/wp\/v2\/media\/9140"}],"wp:attachment":[{"href":"https:\/\/www.agma.com\/sv\/wp-json\/wp\/v2\/media?parent=8993"}],"wp:term":[{"taxonomy":"category","embeddable":true,"href":"https:\/\/www.agma.com\/sv\/wp-json\/wp\/v2\/categories?post=8993"},{"taxonomy":"post_tag","embeddable":true,"href":"https:\/\/www.agma.com\/sv\/wp-json\/wp\/v2\/tags?post=8993"}],"curies":[{"name":"wp","href":"https:\/\/api.w.org\/{rel}","templated":true}]}}