{"id":8996,"date":"2019-11-21T00:00:00","date_gmt":"2019-11-21T00:00:00","guid":{"rendered":"https:\/\/www.absolicon.com\/delarsrapport-tredje-kvartalet-2019-intresset-okar-ramavtal-i-kenya\/"},"modified":"2020-07-21T06:30:56","modified_gmt":"2020-07-21T06:30:56","slug":"delarsrapport-tredje-kvartalet-2019-intresset-okar-ramavtal-i-kenya","status":"publish","type":"post","link":"https:\/\/www.agma.com\/sv\/delarsrapport-tredje-kvartalet-2019-intresset-okar-ramavtal-i-kenya\/","title":{"rendered":"Del\u00e5rsrapport tredje kvartalet 2019 &#8211; intresset \u00f6kar &#038; ramavtal i Kenya"},"content":{"rendered":"<p>[ingress]Solenergi blir allt hetare f\u00f6r storf\u00f6retagen och ytterligare ett ramavtal om en produktionslina har tecknats, nu i Kenya. Samtidigt mobiliserar l\u00e4nderna f\u00f6r att n\u00e5 noll i koldioxidutsl\u00e4pp.[\/ingress]<\/p>\n<p>De senaste m\u00e5naderna har vi utarbetat fler aff\u00e4rsf\u00f6rslag \u00e4n n\u00e5gonsin. Bryggerij\u00e4ttar, stora energibolag, mejerier, stora gruvf\u00f6retag \u2013 alla verkar pl\u00f6tsligt f\u00e5tt upp \u00f6gonen f\u00f6r att olja och gas kan ers\u00e4ttas med koncentrerad solenergi!<\/p>\n<p>Delvis beror det p\u00e5 att v\u00e5r egen f\u00f6rs\u00e4ljningsavdelning nu \u00e4r en trimmad grupp av specialister som driver de \u00f6vriga avdelningarna p\u00e5 Absolicon framf\u00f6r sig. En stor skillnad j\u00e4mf\u00f6rt med n\u00e4r Absolicon i huvudsak var en forskningsorganisation.<\/p>\n<p>Uppm\u00e4rksamheten \u00e4r smickrande och det \u00e4r sp\u00e4nnande att dansa med de stora elefanterna, men samtidigt m\u00e5ste vi fokusera p\u00e5 de aff\u00e4rer som vi har h\u00e4r och nu.<\/p>\n<p><strong>Det \u00e4r med stor stolthet som jag kan presentera att vi nu har tv\u00e5 ramavtal tecknade<\/strong> om produktionslinor. F\u00f6rutom Greenline Africa i Sydafrika s\u00e5 har Absolicon 30 september 2019 tecknat ett ramavtal med Ariya Finergy i Kenya.<\/p>\n<p><strong>V\u00e5rt m\u00e5lmedvetna arbete i Kenya<\/strong> d\u00e4r vi byggt ett projekt kring teindustrin tillsammans med WWF men \u00e4ven deltagit i konferenser, tr\u00e4ffat industriorganisationer och gjort simuleringar till potentiella kunder har givit resultat. Ariya \u00e4r ett sp\u00e4nnande bolag som har goda finansiella f\u00f6rankringar och m\u00f6jlighet att inte bara k\u00f6pa produktionslinan utan ocks\u00e5 kunna finansiera solf\u00e5ngarkundernas investeringar.<\/p>\n<p>B\u00e5da ramavtalen kommer i l\u00e4nder som vi prioriterat och vi ser att v\u00e5rt arbetss\u00e4tt fungerar. Nu bearbetar vi fler l\u00e4nder samtidigt som vi st\u00f6ttar Sydafrika och Kenya. Det \u00e4r fortfarande mycket arbete kvar innan linorna \u00e4r betalda och levererade.<\/p>\n<p><strong>Insatserna h\u00f6js i klimatarbetet.<\/strong> I takt med att klimatf\u00f6r\u00e4ndringarna g\u00f6r sig k\u00e4nnbara runt om i v\u00e4rlden och de regionala klimatprognoserna blir allt mer p\u00e5tagliga tvingas regeringarna till handling.<\/p>\n<p>Inf\u00f6r \u00f6ppningsm\u00f6tet med FN:s generalf\u00f6rsamling anordnade generalsekreterare Antonio Guterres ett extrainsatt m\u00f6te \u201dClimate Action Summit 2019\u201d den 23 september. Efter\u00e5t kunde han rapportera att 77 l\u00e4nder, tio regioner och 102 st\u00e4der \u00e5tagit sig att n\u00e5 netto noll i utsl\u00e4pp av koldioxid till \u00e5r 2050.<\/p>\n<p><strong>V\u00e4rlden mobiliserar, men det g\u00e5r f\u00f6r l\u00e5ngsamt<\/strong> och kommer att kr\u00e4vas en v\u00e5ldsam spurt f\u00f6r att hinna ikapp. Absolicons strategi att s\u00e4lja produktionslinor inneb\u00e4r att vi mobiliserar en stor tillverkningskapacitet parallellt i m\u00e5nga olika l\u00e4nder och regioner.<\/p>\n<h2>Nyckeltal Q3 2019<\/h2>\n<p><strong>Tredje kvartalet 2019-07-01 &#8211; 2019-09-30<\/strong><\/p>\n<p>Nettooms\u00e4ttningen uppgick till: 434 (1 935) KSEK<\/p>\n<p>R\u00f6relseresultatet (EBIT) uppgick till: &#8211; 4 745 (-2 719) KSEK<\/p>\n<p>Resultatet per aktie uppgick till: -3,12 (-2,33) SEK<\/p>\n<p><strong>Perioden 2019-01-01 &#8211; 2019-09-30<\/strong><\/p>\n<p>Nettooms\u00e4ttningen uppgick till: 1 522 (24 788) KSEK<\/p>\n<p>R\u00f6relseresultatet (EBIT) uppgick till: &#8211; 12 943 (- 222) KSEK<\/p>\n<p>Resultatet per aktie uppgick till: &#8211; 8,53 (0,18) SEK<\/p>\n<h2>Kontakt<\/h2>\n<p>Joakim Bystr\u00f6m vd Absolicon Solar Collector AB<\/p>\n<p>E-post: joakim@absolicon.com<\/p>\n<p>tel: 0611-557000<\/p>\n<p><a title=\"Pressbilder\" href=\"https:\/\/www.agma.comnyheter\/pressbilder\/\">Pressbilder<\/a><\/p>\n<p>&nbsp;<\/p>\n","protected":false},"excerpt":{"rendered":"<p>[ingress]Solenergi blir allt hetare f\u00f6r storf\u00f6retagen och ytterligare ett ramavtal om en produktionslina har tecknats, nu i Kenya. Samtidigt mobiliserar l\u00e4nderna f\u00f6r att n\u00e5 noll i koldioxidutsl\u00e4pp.[\/ingress] De senaste m\u00e5naderna har vi utarbetat fler aff\u00e4rsf\u00f6rslag \u00e4n n\u00e5gonsin. Bryggerij\u00e4ttar, stora energibolag, mejerier, stora gruvf\u00f6retag \u2013 alla verkar pl\u00f6tsligt f\u00e5tt upp \u00f6gonen f\u00f6r att olja och gas [&hellip;]<\/p>\n","protected":false},"author":1,"featured_media":9100,"comment_status":"open","ping_status":"open","sticky":false,"template":"","format":"standard","meta":{"_acf_changed":false,"footnotes":""},"categories":[2],"tags":[],"class_list":["post-8996","post","type-post","status-publish","format-standard","has-post-thumbnail","hentry","category-okategoriserad"],"acf":[],"yoast_head":"<!-- This site is optimized with the Yoast SEO plugin v27.4 - https:\/\/yoast.com\/product\/yoast-seo-wordpress\/ -->\n<title>Del\u00e5rsrapport tredje kvartalet 2019 - intresset \u00f6kar &amp; ramavtal i Kenya - Absolicon<\/title>\n<meta name=\"robots\" content=\"index, follow, max-snippet:-1, max-image-preview:large, max-video-preview:-1\" \/>\n<link rel=\"canonical\" href=\"https:\/\/www.agma.com\/sv\/delarsrapport-tredje-kvartalet-2019-intresset-okar-ramavtal-i-kenya\/\" \/>\n<meta property=\"og:locale\" content=\"sv_SE\" \/>\n<meta property=\"og:type\" content=\"article\" \/>\n<meta property=\"og:title\" content=\"Del\u00e5rsrapport tredje kvartalet 2019 - intresset \u00f6kar &amp; ramavtal i Kenya - Absolicon\" \/>\n<meta property=\"og:description\" content=\"[ingress]Solenergi blir allt hetare f\u00f6r storf\u00f6retagen och ytterligare ett ramavtal om en produktionslina har tecknats, nu i Kenya. Samtidigt mobiliserar l\u00e4nderna f\u00f6r att n\u00e5 noll i koldioxidutsl\u00e4pp.[\/ingress] De senaste m\u00e5naderna har vi utarbetat fler aff\u00e4rsf\u00f6rslag \u00e4n n\u00e5gonsin. Bryggerij\u00e4ttar, stora energibolag, mejerier, stora gruvf\u00f6retag \u2013 alla verkar pl\u00f6tsligt f\u00e5tt upp \u00f6gonen f\u00f6r att olja och gas [&hellip;]\" \/>\n<meta property=\"og:url\" content=\"https:\/\/www.agma.com\/sv\/delarsrapport-tredje-kvartalet-2019-intresset-okar-ramavtal-i-kenya\/\" \/>\n<meta property=\"og:site_name\" content=\"Absolicon\" \/>\n<meta property=\"article:published_time\" content=\"2019-11-21T00:00:00+00:00\" \/>\n<meta property=\"article:modified_time\" content=\"2020-07-21T06:30:56+00:00\" \/>\n<meta property=\"og:image\" content=\"https:\/\/www.agma.com\/wp-content\/uploads\/2020\/03\/f65bf0b11900e3a55944e1a672dea7.jpg\" \/>\n\t<meta property=\"og:image:width\" content=\"720\" \/>\n\t<meta property=\"og:image:height\" content=\"250\" \/>\n\t<meta property=\"og:image:type\" content=\"image\/jpeg\" \/>\n<meta name=\"author\" content=\"jakubschenk\" \/>\n<meta name=\"twitter:card\" content=\"summary_large_image\" \/>\n<meta name=\"twitter:label1\" content=\"Skriven av\" \/>\n\t<meta name=\"twitter:data1\" content=\"jakubschenk\" \/>\n<script type=\"application\/ld+json\" class=\"yoast-schema-graph\">{\"@context\":\"https:\\\/\\\/schema.org\",\"@graph\":[{\"@type\":\"Article\",\"@id\":\"https:\\\/\\\/www.agma.com\\\/sv\\\/delarsrapport-tredje-kvartalet-2019-intresset-okar-ramavtal-i-kenya\\\/#article\",\"isPartOf\":{\"@id\":\"https:\\\/\\\/www.agma.com\\\/sv\\\/delarsrapport-tredje-kvartalet-2019-intresset-okar-ramavtal-i-kenya\\\/\"},\"author\":{\"name\":\"jakubschenk\",\"@id\":\"https:\\\/\\\/www.agma.com\\\/sv\\\/#\\\/schema\\\/person\\\/6820b3ce1cc37edbaecc979090760d8b\"},\"headline\":\"Del\u00e5rsrapport tredje kvartalet 2019 &#8211; intresset \u00f6kar &#038; ramavtal i Kenya\",\"datePublished\":\"2019-11-21T00:00:00+00:00\",\"dateModified\":\"2020-07-21T06:30:56+00:00\",\"mainEntityOfPage\":{\"@id\":\"https:\\\/\\\/www.agma.com\\\/sv\\\/delarsrapport-tredje-kvartalet-2019-intresset-okar-ramavtal-i-kenya\\\/\"},\"wordCount\":509,\"commentCount\":0,\"publisher\":{\"@id\":\"https:\\\/\\\/www.agma.com\\\/sv\\\/#organization\"},\"image\":{\"@id\":\"https:\\\/\\\/www.agma.com\\\/sv\\\/delarsrapport-tredje-kvartalet-2019-intresset-okar-ramavtal-i-kenya\\\/#primaryimage\"},\"thumbnailUrl\":\"https:\\\/\\\/www.agma.com\\\/wp-content\\\/uploads\\\/2020\\\/03\\\/f65bf0b11900e3a55944e1a672dea7.jpg\",\"articleSection\":[\"Okategoriserad\"],\"inLanguage\":\"sv-SE\",\"potentialAction\":[{\"@type\":\"CommentAction\",\"name\":\"Comment\",\"target\":[\"https:\\\/\\\/www.agma.com\\\/sv\\\/delarsrapport-tredje-kvartalet-2019-intresset-okar-ramavtal-i-kenya\\\/#respond\"]}]},{\"@type\":\"WebPage\",\"@id\":\"https:\\\/\\\/www.agma.com\\\/sv\\\/delarsrapport-tredje-kvartalet-2019-intresset-okar-ramavtal-i-kenya\\\/\",\"url\":\"https:\\\/\\\/www.agma.com\\\/sv\\\/delarsrapport-tredje-kvartalet-2019-intresset-okar-ramavtal-i-kenya\\\/\",\"name\":\"Del\u00e5rsrapport tredje kvartalet 2019 - intresset \u00f6kar & ramavtal i Kenya - Absolicon\",\"isPartOf\":{\"@id\":\"https:\\\/\\\/www.agma.com\\\/sv\\\/#website\"},\"primaryImageOfPage\":{\"@id\":\"https:\\\/\\\/www.agma.com\\\/sv\\\/delarsrapport-tredje-kvartalet-2019-intresset-okar-ramavtal-i-kenya\\\/#primaryimage\"},\"image\":{\"@id\":\"https:\\\/\\\/www.agma.com\\\/sv\\\/delarsrapport-tredje-kvartalet-2019-intresset-okar-ramavtal-i-kenya\\\/#primaryimage\"},\"thumbnailUrl\":\"https:\\\/\\\/www.agma.com\\\/wp-content\\\/uploads\\\/2020\\\/03\\\/f65bf0b11900e3a55944e1a672dea7.jpg\",\"datePublished\":\"2019-11-21T00:00:00+00:00\",\"dateModified\":\"2020-07-21T06:30:56+00:00\",\"breadcrumb\":{\"@id\":\"https:\\\/\\\/www.agma.com\\\/sv\\\/delarsrapport-tredje-kvartalet-2019-intresset-okar-ramavtal-i-kenya\\\/#breadcrumb\"},\"inLanguage\":\"sv-SE\",\"potentialAction\":[{\"@type\":\"ReadAction\",\"target\":[\"https:\\\/\\\/www.agma.com\\\/sv\\\/delarsrapport-tredje-kvartalet-2019-intresset-okar-ramavtal-i-kenya\\\/\"]}]},{\"@type\":\"ImageObject\",\"inLanguage\":\"sv-SE\",\"@id\":\"https:\\\/\\\/www.agma.com\\\/sv\\\/delarsrapport-tredje-kvartalet-2019-intresset-okar-ramavtal-i-kenya\\\/#primaryimage\",\"url\":\"https:\\\/\\\/www.agma.com\\\/wp-content\\\/uploads\\\/2020\\\/03\\\/f65bf0b11900e3a55944e1a672dea7.jpg\",\"contentUrl\":\"https:\\\/\\\/www.agma.com\\\/wp-content\\\/uploads\\\/2020\\\/03\\\/f65bf0b11900e3a55944e1a672dea7.jpg\",\"width\":720,\"height\":250},{\"@type\":\"BreadcrumbList\",\"@id\":\"https:\\\/\\\/www.agma.com\\\/sv\\\/delarsrapport-tredje-kvartalet-2019-intresset-okar-ramavtal-i-kenya\\\/#breadcrumb\",\"itemListElement\":[{\"@type\":\"ListItem\",\"position\":1,\"name\":\"Home\",\"item\":\"https:\\\/\\\/www.agma.com\\\/sv\\\/\"},{\"@type\":\"ListItem\",\"position\":2,\"name\":\"Del\u00e5rsrapport tredje kvartalet 2019 &#8211; intresset \u00f6kar &#038; ramavtal i Kenya\"}]},{\"@type\":\"WebSite\",\"@id\":\"https:\\\/\\\/www.agma.com\\\/sv\\\/#website\",\"url\":\"https:\\\/\\\/www.agma.com\\\/sv\\\/\",\"name\":\"Absolicon\",\"description\":\"\",\"publisher\":{\"@id\":\"https:\\\/\\\/www.agma.com\\\/sv\\\/#organization\"},\"potentialAction\":[{\"@type\":\"SearchAction\",\"target\":{\"@type\":\"EntryPoint\",\"urlTemplate\":\"https:\\\/\\\/www.agma.com\\\/sv\\\/?s={search_term_string}\"},\"query-input\":{\"@type\":\"PropertyValueSpecification\",\"valueRequired\":true,\"valueName\":\"search_term_string\"}}],\"inLanguage\":\"sv-SE\"},{\"@type\":\"Organization\",\"@id\":\"https:\\\/\\\/www.agma.com\\\/sv\\\/#organization\",\"name\":\"Absolicon\",\"url\":\"https:\\\/\\\/www.agma.com\\\/sv\\\/\",\"logo\":{\"@type\":\"ImageObject\",\"inLanguage\":\"sv-SE\",\"@id\":\"https:\\\/\\\/www.agma.com\\\/sv\\\/#\\\/schema\\\/logo\\\/image\\\/\",\"url\":\"https:\\\/\\\/www.agma.com\\\/wp-content\\\/uploads\\\/2026\\\/04\\\/logotype_neg_blk.svg\",\"contentUrl\":\"https:\\\/\\\/www.agma.com\\\/wp-content\\\/uploads\\\/2026\\\/04\\\/logotype_neg_blk.svg\",\"width\":705,\"height\":83,\"caption\":\"Absolicon\"},\"image\":{\"@id\":\"https:\\\/\\\/www.agma.com\\\/sv\\\/#\\\/schema\\\/logo\\\/image\\\/\"}},{\"@type\":\"Person\",\"@id\":\"https:\\\/\\\/www.agma.com\\\/sv\\\/#\\\/schema\\\/person\\\/6820b3ce1cc37edbaecc979090760d8b\",\"name\":\"jakubschenk\",\"image\":{\"@type\":\"ImageObject\",\"inLanguage\":\"sv-SE\",\"@id\":\"https:\\\/\\\/secure.gravatar.com\\\/avatar\\\/0ab843002d4a58702560e02354e5f9a3206e13bbfaa9df5a188e463870f605cd?s=96&d=mm&r=g\",\"url\":\"https:\\\/\\\/secure.gravatar.com\\\/avatar\\\/0ab843002d4a58702560e02354e5f9a3206e13bbfaa9df5a188e463870f605cd?s=96&d=mm&r=g\",\"contentUrl\":\"https:\\\/\\\/secure.gravatar.com\\\/avatar\\\/0ab843002d4a58702560e02354e5f9a3206e13bbfaa9df5a188e463870f605cd?s=96&d=mm&r=g\",\"caption\":\"jakubschenk\"},\"sameAs\":[\"https:\\\/\\\/www.agma.com\"],\"url\":\"https:\\\/\\\/www.agma.com\\\/sv\\\/author\\\/jakubschenk\\\/\"}]}<\/script>\n<!-- \/ Yoast SEO plugin. -->","yoast_head_json":{"title":"Del\u00e5rsrapport tredje kvartalet 2019 - intresset \u00f6kar & ramavtal i Kenya - Absolicon","robots":{"index":"index","follow":"follow","max-snippet":"max-snippet:-1","max-image-preview":"max-image-preview:large","max-video-preview":"max-video-preview:-1"},"canonical":"https:\/\/www.agma.com\/sv\/delarsrapport-tredje-kvartalet-2019-intresset-okar-ramavtal-i-kenya\/","og_locale":"sv_SE","og_type":"article","og_title":"Del\u00e5rsrapport tredje kvartalet 2019 - intresset \u00f6kar & ramavtal i Kenya - Absolicon","og_description":"[ingress]Solenergi blir allt hetare f\u00f6r storf\u00f6retagen och ytterligare ett ramavtal om en produktionslina har tecknats, nu i Kenya. Samtidigt mobiliserar l\u00e4nderna f\u00f6r att n\u00e5 noll i koldioxidutsl\u00e4pp.[\/ingress] De senaste m\u00e5naderna har vi utarbetat fler aff\u00e4rsf\u00f6rslag \u00e4n n\u00e5gonsin. Bryggerij\u00e4ttar, stora energibolag, mejerier, stora gruvf\u00f6retag \u2013 alla verkar pl\u00f6tsligt f\u00e5tt upp \u00f6gonen f\u00f6r att olja och gas [&hellip;]","og_url":"https:\/\/www.agma.com\/sv\/delarsrapport-tredje-kvartalet-2019-intresset-okar-ramavtal-i-kenya\/","og_site_name":"Absolicon","article_published_time":"2019-11-21T00:00:00+00:00","article_modified_time":"2020-07-21T06:30:56+00:00","og_image":[{"width":720,"height":250,"url":"https:\/\/www.agma.com\/wp-content\/uploads\/2020\/03\/f65bf0b11900e3a55944e1a672dea7.jpg","type":"image\/jpeg"}],"author":"jakubschenk","twitter_card":"summary_large_image","twitter_misc":{"Skriven av":"jakubschenk"},"schema":{"@context":"https:\/\/schema.org","@graph":[{"@type":"Article","@id":"https:\/\/www.agma.com\/sv\/delarsrapport-tredje-kvartalet-2019-intresset-okar-ramavtal-i-kenya\/#article","isPartOf":{"@id":"https:\/\/www.agma.com\/sv\/delarsrapport-tredje-kvartalet-2019-intresset-okar-ramavtal-i-kenya\/"},"author":{"name":"jakubschenk","@id":"https:\/\/www.agma.com\/sv\/#\/schema\/person\/6820b3ce1cc37edbaecc979090760d8b"},"headline":"Del\u00e5rsrapport tredje kvartalet 2019 &#8211; intresset \u00f6kar &#038; ramavtal i Kenya","datePublished":"2019-11-21T00:00:00+00:00","dateModified":"2020-07-21T06:30:56+00:00","mainEntityOfPage":{"@id":"https:\/\/www.agma.com\/sv\/delarsrapport-tredje-kvartalet-2019-intresset-okar-ramavtal-i-kenya\/"},"wordCount":509,"commentCount":0,"publisher":{"@id":"https:\/\/www.agma.com\/sv\/#organization"},"image":{"@id":"https:\/\/www.agma.com\/sv\/delarsrapport-tredje-kvartalet-2019-intresset-okar-ramavtal-i-kenya\/#primaryimage"},"thumbnailUrl":"https:\/\/www.agma.com\/wp-content\/uploads\/2020\/03\/f65bf0b11900e3a55944e1a672dea7.jpg","articleSection":["Okategoriserad"],"inLanguage":"sv-SE","potentialAction":[{"@type":"CommentAction","name":"Comment","target":["https:\/\/www.agma.com\/sv\/delarsrapport-tredje-kvartalet-2019-intresset-okar-ramavtal-i-kenya\/#respond"]}]},{"@type":"WebPage","@id":"https:\/\/www.agma.com\/sv\/delarsrapport-tredje-kvartalet-2019-intresset-okar-ramavtal-i-kenya\/","url":"https:\/\/www.agma.com\/sv\/delarsrapport-tredje-kvartalet-2019-intresset-okar-ramavtal-i-kenya\/","name":"Del\u00e5rsrapport tredje kvartalet 2019 - intresset \u00f6kar & ramavtal i Kenya - Absolicon","isPartOf":{"@id":"https:\/\/www.agma.com\/sv\/#website"},"primaryImageOfPage":{"@id":"https:\/\/www.agma.com\/sv\/delarsrapport-tredje-kvartalet-2019-intresset-okar-ramavtal-i-kenya\/#primaryimage"},"image":{"@id":"https:\/\/www.agma.com\/sv\/delarsrapport-tredje-kvartalet-2019-intresset-okar-ramavtal-i-kenya\/#primaryimage"},"thumbnailUrl":"https:\/\/www.agma.com\/wp-content\/uploads\/2020\/03\/f65bf0b11900e3a55944e1a672dea7.jpg","datePublished":"2019-11-21T00:00:00+00:00","dateModified":"2020-07-21T06:30:56+00:00","breadcrumb":{"@id":"https:\/\/www.agma.com\/sv\/delarsrapport-tredje-kvartalet-2019-intresset-okar-ramavtal-i-kenya\/#breadcrumb"},"inLanguage":"sv-SE","potentialAction":[{"@type":"ReadAction","target":["https:\/\/www.agma.com\/sv\/delarsrapport-tredje-kvartalet-2019-intresset-okar-ramavtal-i-kenya\/"]}]},{"@type":"ImageObject","inLanguage":"sv-SE","@id":"https:\/\/www.agma.com\/sv\/delarsrapport-tredje-kvartalet-2019-intresset-okar-ramavtal-i-kenya\/#primaryimage","url":"https:\/\/www.agma.com\/wp-content\/uploads\/2020\/03\/f65bf0b11900e3a55944e1a672dea7.jpg","contentUrl":"https:\/\/www.agma.com\/wp-content\/uploads\/2020\/03\/f65bf0b11900e3a55944e1a672dea7.jpg","width":720,"height":250},{"@type":"BreadcrumbList","@id":"https:\/\/www.agma.com\/sv\/delarsrapport-tredje-kvartalet-2019-intresset-okar-ramavtal-i-kenya\/#breadcrumb","itemListElement":[{"@type":"ListItem","position":1,"name":"Home","item":"https:\/\/www.agma.com\/sv\/"},{"@type":"ListItem","position":2,"name":"Del\u00e5rsrapport tredje kvartalet 2019 &#8211; intresset \u00f6kar &#038; ramavtal i Kenya"}]},{"@type":"WebSite","@id":"https:\/\/www.agma.com\/sv\/#website","url":"https:\/\/www.agma.com\/sv\/","name":"Absolicon","description":"","publisher":{"@id":"https:\/\/www.agma.com\/sv\/#organization"},"potentialAction":[{"@type":"SearchAction","target":{"@type":"EntryPoint","urlTemplate":"https:\/\/www.agma.com\/sv\/?s={search_term_string}"},"query-input":{"@type":"PropertyValueSpecification","valueRequired":true,"valueName":"search_term_string"}}],"inLanguage":"sv-SE"},{"@type":"Organization","@id":"https:\/\/www.agma.com\/sv\/#organization","name":"Absolicon","url":"https:\/\/www.agma.com\/sv\/","logo":{"@type":"ImageObject","inLanguage":"sv-SE","@id":"https:\/\/www.agma.com\/sv\/#\/schema\/logo\/image\/","url":"https:\/\/www.agma.com\/wp-content\/uploads\/2026\/04\/logotype_neg_blk.svg","contentUrl":"https:\/\/www.agma.com\/wp-content\/uploads\/2026\/04\/logotype_neg_blk.svg","width":705,"height":83,"caption":"Absolicon"},"image":{"@id":"https:\/\/www.agma.com\/sv\/#\/schema\/logo\/image\/"}},{"@type":"Person","@id":"https:\/\/www.agma.com\/sv\/#\/schema\/person\/6820b3ce1cc37edbaecc979090760d8b","name":"jakubschenk","image":{"@type":"ImageObject","inLanguage":"sv-SE","@id":"https:\/\/secure.gravatar.com\/avatar\/0ab843002d4a58702560e02354e5f9a3206e13bbfaa9df5a188e463870f605cd?s=96&d=mm&r=g","url":"https:\/\/secure.gravatar.com\/avatar\/0ab843002d4a58702560e02354e5f9a3206e13bbfaa9df5a188e463870f605cd?s=96&d=mm&r=g","contentUrl":"https:\/\/secure.gravatar.com\/avatar\/0ab843002d4a58702560e02354e5f9a3206e13bbfaa9df5a188e463870f605cd?s=96&d=mm&r=g","caption":"jakubschenk"},"sameAs":["https:\/\/www.agma.com"],"url":"https:\/\/www.agma.com\/sv\/author\/jakubschenk\/"}]}},"_links":{"self":[{"href":"https:\/\/www.agma.com\/sv\/wp-json\/wp\/v2\/posts\/8996","targetHints":{"allow":["GET"]}}],"collection":[{"href":"https:\/\/www.agma.com\/sv\/wp-json\/wp\/v2\/posts"}],"about":[{"href":"https:\/\/www.agma.com\/sv\/wp-json\/wp\/v2\/types\/post"}],"author":[{"embeddable":true,"href":"https:\/\/www.agma.com\/sv\/wp-json\/wp\/v2\/users\/1"}],"replies":[{"embeddable":true,"href":"https:\/\/www.agma.com\/sv\/wp-json\/wp\/v2\/comments?post=8996"}],"version-history":[{"count":1,"href":"https:\/\/www.agma.com\/sv\/wp-json\/wp\/v2\/posts\/8996\/revisions"}],"predecessor-version":[{"id":9136,"href":"https:\/\/www.agma.com\/sv\/wp-json\/wp\/v2\/posts\/8996\/revisions\/9136"}],"wp:featuredmedia":[{"embeddable":true,"href":"https:\/\/www.agma.com\/sv\/wp-json\/wp\/v2\/media\/9100"}],"wp:attachment":[{"href":"https:\/\/www.agma.com\/sv\/wp-json\/wp\/v2\/media?parent=8996"}],"wp:term":[{"taxonomy":"category","embeddable":true,"href":"https:\/\/www.agma.com\/sv\/wp-json\/wp\/v2\/categories?post=8996"},{"taxonomy":"post_tag","embeddable":true,"href":"https:\/\/www.agma.com\/sv\/wp-json\/wp\/v2\/tags?post=8996"}],"curies":[{"name":"wp","href":"https:\/\/api.w.org\/{rel}","templated":true}]}}