{"id":8998,"date":"2019-12-04T00:00:00","date_gmt":"2019-12-04T00:00:00","guid":{"rendered":"https:\/\/www.absolicon.com\/solar-far-uppfoljningsorder-i-aten\/"},"modified":"2020-07-21T06:30:09","modified_gmt":"2020-07-21T06:30:09","slug":"solar-far-uppfoljningsorder-i-aten","status":"publish","type":"post","link":"https:\/\/www.agma.com\/sv\/solar-far-uppfoljningsorder-i-aten\/","title":{"rendered":"Solar++ f\u00e5r uppf\u00f6ljningsorder i Aten"},"content":{"rendered":"<div>[ingress]Absolicon intressebolag Saravanos Solar++ AB har erh\u00e5llit en order om \u20ac294 000 (ca 3 MSEK) f\u00f6r att bygga ut den solv\u00e4rmeinstallation som levererades 2018.[\/ingress]<\/div>\n<div>\n<p>Som ett steg i att utveckla soldrivna industriprocesser har Absolicon startat ett unikt samarbete med ett grekiskt industrif\u00f6retag, specialiserat p\u00e5 industriella processer. Tillsammans har de skapat Saravanos Solar++ AB (Solar++) som till 50% \u00e4gs av Absolicon och till 50% av Saravanos Group of Companies SARL. Solar++ har nu f\u00e5tt en order p\u00e5 \u20ac294 000 (ca 3 MSEK) p\u00e5 solf\u00e5ngare och kompletterande processutrustning.<\/p>\n<p>Kunden i Grekland \u00e4r ett stort multinationellt bolag med 150 fabriker f\u00f6r konsumentprodukter i olika l\u00e4nder. Ett f\u00f6rsta solf\u00e5ngarf\u00e4lt med Absolicon T160 har redan installerats av fr\u00e5n Solar++ p\u00e5 kundens fabrik i Aten \u00e5r 2018. De positiva effekterna fr\u00e5n denna installation har gjort att kunden beslutat att utvidga solf\u00e5ngarinstallationen med ytterligare ett f\u00e4lt som \u00e4r n\u00e5got st\u00f6rre \u00e4n det redan installerade.<\/p>\n<p>&#8211; Vi ser det som en stor framg\u00e5ng att fabriken i Aten best\u00e4ller ytterligare ett solf\u00e5ngarf\u00e4lt, s\u00e4ger Joakim Bystr\u00f6m, vd Absolicon Solar Collector AB. Vi tar det som ett kvitto p\u00e5 f\u00e4ltets fina resultat och har goda f\u00f6rhoppningar att \u00e4ven fler fabriker i koncernen kommer att anv\u00e4nda v\u00e5ra solf\u00e5ngare f\u00f6r att minska sina koldioxidutsl\u00e4pp.<\/p>\n<p>Leveransen kommer att ske under 2020 och best\u00e5r ut\u00f6ver solf\u00e5ngarna bland annat av ett energilager och kompletterande processutrustning.<\/p>\n<p>Solar++ arbetar just nu med en provleverans av en industriell indunstare till ett grekiskt gruvf\u00f6retag. Arbetet har f\u00f6rsenats n\u00e5got p\u00e5 grund av f\u00f6rsenade leveranser fr\u00e5n underleverant\u00f6rer men alla komponenter finns nu p\u00e5 plats i Sverige och Grekland.<\/p>\n<p>Under 2020 kommer Solar++ att lansera en katalog med olika typer av standardiserad soldriven processutrusning som kan levereras till olika industrier som till exempel bryggerier, mejerier, l\u00e4kemedelsindustrier och gruvf\u00f6retag.<\/p>\n<p><em>Denna information \u00e4r s\u00e5dan information som Absolicon Solar Collector AB \u00e4r skyldigt att offentligg\u00f6ra enligt lagen om v\u00e4rdepappersmarknaden. Informationen l\u00e4mnades f\u00f6r offentligg\u00f6rande den 4 december 2019.<\/em><\/p>\n<\/div>\n","protected":false},"excerpt":{"rendered":"<p>[ingress]Absolicon intressebolag Saravanos Solar++ AB har erh\u00e5llit en order om \u20ac294 000 (ca 3 MSEK) f\u00f6r att bygga ut den solv\u00e4rmeinstallation som levererades 2018.[\/ingress] Som ett steg i att utveckla soldrivna industriprocesser har Absolicon startat ett unikt samarbete med ett grekiskt industrif\u00f6retag, specialiserat p\u00e5 industriella processer. Tillsammans har de skapat Saravanos Solar++ AB (Solar++) som [&hellip;]<\/p>\n","protected":false},"author":1,"featured_media":9133,"comment_status":"open","ping_status":"open","sticky":false,"template":"","format":"standard","meta":{"_acf_changed":false,"footnotes":""},"categories":[2],"tags":[],"class_list":["post-8998","post","type-post","status-publish","format-standard","has-post-thumbnail","hentry","category-okategoriserad"],"acf":[],"yoast_head":"<!-- This site is optimized with the Yoast SEO plugin v27.4 - https:\/\/yoast.com\/product\/yoast-seo-wordpress\/ -->\n<title>Solar++ f\u00e5r uppf\u00f6ljningsorder i Aten - Absolicon<\/title>\n<meta name=\"robots\" content=\"index, follow, max-snippet:-1, max-image-preview:large, max-video-preview:-1\" \/>\n<link rel=\"canonical\" href=\"https:\/\/www.agma.com\/sv\/solar-far-uppfoljningsorder-i-aten\/\" \/>\n<meta property=\"og:locale\" content=\"sv_SE\" \/>\n<meta property=\"og:type\" content=\"article\" \/>\n<meta property=\"og:title\" content=\"Solar++ f\u00e5r uppf\u00f6ljningsorder i Aten - Absolicon\" \/>\n<meta property=\"og:description\" content=\"[ingress]Absolicon intressebolag Saravanos Solar++ AB har erh\u00e5llit en order om \u20ac294 000 (ca 3 MSEK) f\u00f6r att bygga ut den solv\u00e4rmeinstallation som levererades 2018.[\/ingress] Som ett steg i att utveckla soldrivna industriprocesser har Absolicon startat ett unikt samarbete med ett grekiskt industrif\u00f6retag, specialiserat p\u00e5 industriella processer. Tillsammans har de skapat Saravanos Solar++ AB (Solar++) som [&hellip;]\" \/>\n<meta property=\"og:url\" content=\"https:\/\/www.agma.com\/sv\/solar-far-uppfoljningsorder-i-aten\/\" \/>\n<meta property=\"og:site_name\" content=\"Absolicon\" \/>\n<meta property=\"article:published_time\" content=\"2019-12-04T00:00:00+00:00\" \/>\n<meta property=\"article:modified_time\" content=\"2020-07-21T06:30:09+00:00\" \/>\n<meta property=\"og:image\" content=\"https:\/\/www.agma.com\/wp-content\/uploads\/2019\/12\/6443dd7a6d85c313fa40402088a077.png\" \/>\n\t<meta property=\"og:image:width\" content=\"720\" \/>\n\t<meta property=\"og:image:height\" content=\"250\" \/>\n\t<meta property=\"og:image:type\" content=\"image\/png\" \/>\n<meta name=\"author\" content=\"jakubschenk\" \/>\n<meta name=\"twitter:card\" content=\"summary_large_image\" \/>\n<meta name=\"twitter:label1\" content=\"Skriven av\" \/>\n\t<meta name=\"twitter:data1\" content=\"jakubschenk\" \/>\n<script type=\"application\/ld+json\" class=\"yoast-schema-graph\">{\"@context\":\"https:\\\/\\\/schema.org\",\"@graph\":[{\"@type\":\"Article\",\"@id\":\"https:\\\/\\\/www.agma.com\\\/sv\\\/solar-far-uppfoljningsorder-i-aten\\\/#article\",\"isPartOf\":{\"@id\":\"https:\\\/\\\/www.agma.com\\\/sv\\\/solar-far-uppfoljningsorder-i-aten\\\/\"},\"author\":{\"name\":\"jakubschenk\",\"@id\":\"https:\\\/\\\/www.agma.com\\\/sv\\\/#\\\/schema\\\/person\\\/6820b3ce1cc37edbaecc979090760d8b\"},\"headline\":\"Solar++ f\u00e5r uppf\u00f6ljningsorder i Aten\",\"datePublished\":\"2019-12-04T00:00:00+00:00\",\"dateModified\":\"2020-07-21T06:30:09+00:00\",\"mainEntityOfPage\":{\"@id\":\"https:\\\/\\\/www.agma.com\\\/sv\\\/solar-far-uppfoljningsorder-i-aten\\\/\"},\"wordCount\":352,\"commentCount\":0,\"publisher\":{\"@id\":\"https:\\\/\\\/www.agma.com\\\/sv\\\/#organization\"},\"image\":{\"@id\":\"https:\\\/\\\/www.agma.com\\\/sv\\\/solar-far-uppfoljningsorder-i-aten\\\/#primaryimage\"},\"thumbnailUrl\":\"https:\\\/\\\/www.agma.com\\\/wp-content\\\/uploads\\\/2019\\\/12\\\/6443dd7a6d85c313fa40402088a077.png\",\"articleSection\":[\"Okategoriserad\"],\"inLanguage\":\"sv-SE\",\"potentialAction\":[{\"@type\":\"CommentAction\",\"name\":\"Comment\",\"target\":[\"https:\\\/\\\/www.agma.com\\\/sv\\\/solar-far-uppfoljningsorder-i-aten\\\/#respond\"]}]},{\"@type\":\"WebPage\",\"@id\":\"https:\\\/\\\/www.agma.com\\\/sv\\\/solar-far-uppfoljningsorder-i-aten\\\/\",\"url\":\"https:\\\/\\\/www.agma.com\\\/sv\\\/solar-far-uppfoljningsorder-i-aten\\\/\",\"name\":\"Solar++ f\u00e5r uppf\u00f6ljningsorder i Aten - Absolicon\",\"isPartOf\":{\"@id\":\"https:\\\/\\\/www.agma.com\\\/sv\\\/#website\"},\"primaryImageOfPage\":{\"@id\":\"https:\\\/\\\/www.agma.com\\\/sv\\\/solar-far-uppfoljningsorder-i-aten\\\/#primaryimage\"},\"image\":{\"@id\":\"https:\\\/\\\/www.agma.com\\\/sv\\\/solar-far-uppfoljningsorder-i-aten\\\/#primaryimage\"},\"thumbnailUrl\":\"https:\\\/\\\/www.agma.com\\\/wp-content\\\/uploads\\\/2019\\\/12\\\/6443dd7a6d85c313fa40402088a077.png\",\"datePublished\":\"2019-12-04T00:00:00+00:00\",\"dateModified\":\"2020-07-21T06:30:09+00:00\",\"breadcrumb\":{\"@id\":\"https:\\\/\\\/www.agma.com\\\/sv\\\/solar-far-uppfoljningsorder-i-aten\\\/#breadcrumb\"},\"inLanguage\":\"sv-SE\",\"potentialAction\":[{\"@type\":\"ReadAction\",\"target\":[\"https:\\\/\\\/www.agma.com\\\/sv\\\/solar-far-uppfoljningsorder-i-aten\\\/\"]}]},{\"@type\":\"ImageObject\",\"inLanguage\":\"sv-SE\",\"@id\":\"https:\\\/\\\/www.agma.com\\\/sv\\\/solar-far-uppfoljningsorder-i-aten\\\/#primaryimage\",\"url\":\"https:\\\/\\\/www.agma.com\\\/wp-content\\\/uploads\\\/2019\\\/12\\\/6443dd7a6d85c313fa40402088a077.png\",\"contentUrl\":\"https:\\\/\\\/www.agma.com\\\/wp-content\\\/uploads\\\/2019\\\/12\\\/6443dd7a6d85c313fa40402088a077.png\",\"width\":720,\"height\":250},{\"@type\":\"BreadcrumbList\",\"@id\":\"https:\\\/\\\/www.agma.com\\\/sv\\\/solar-far-uppfoljningsorder-i-aten\\\/#breadcrumb\",\"itemListElement\":[{\"@type\":\"ListItem\",\"position\":1,\"name\":\"Home\",\"item\":\"https:\\\/\\\/www.agma.com\\\/sv\\\/\"},{\"@type\":\"ListItem\",\"position\":2,\"name\":\"Solar++ f\u00e5r uppf\u00f6ljningsorder i Aten\"}]},{\"@type\":\"WebSite\",\"@id\":\"https:\\\/\\\/www.agma.com\\\/sv\\\/#website\",\"url\":\"https:\\\/\\\/www.agma.com\\\/sv\\\/\",\"name\":\"Absolicon\",\"description\":\"\",\"publisher\":{\"@id\":\"https:\\\/\\\/www.agma.com\\\/sv\\\/#organization\"},\"potentialAction\":[{\"@type\":\"SearchAction\",\"target\":{\"@type\":\"EntryPoint\",\"urlTemplate\":\"https:\\\/\\\/www.agma.com\\\/sv\\\/?s={search_term_string}\"},\"query-input\":{\"@type\":\"PropertyValueSpecification\",\"valueRequired\":true,\"valueName\":\"search_term_string\"}}],\"inLanguage\":\"sv-SE\"},{\"@type\":\"Organization\",\"@id\":\"https:\\\/\\\/www.agma.com\\\/sv\\\/#organization\",\"name\":\"Absolicon\",\"url\":\"https:\\\/\\\/www.agma.com\\\/sv\\\/\",\"logo\":{\"@type\":\"ImageObject\",\"inLanguage\":\"sv-SE\",\"@id\":\"https:\\\/\\\/www.agma.com\\\/sv\\\/#\\\/schema\\\/logo\\\/image\\\/\",\"url\":\"https:\\\/\\\/www.agma.com\\\/wp-content\\\/uploads\\\/2026\\\/04\\\/logotype_neg_blk.svg\",\"contentUrl\":\"https:\\\/\\\/www.agma.com\\\/wp-content\\\/uploads\\\/2026\\\/04\\\/logotype_neg_blk.svg\",\"width\":705,\"height\":83,\"caption\":\"Absolicon\"},\"image\":{\"@id\":\"https:\\\/\\\/www.agma.com\\\/sv\\\/#\\\/schema\\\/logo\\\/image\\\/\"}},{\"@type\":\"Person\",\"@id\":\"https:\\\/\\\/www.agma.com\\\/sv\\\/#\\\/schema\\\/person\\\/6820b3ce1cc37edbaecc979090760d8b\",\"name\":\"jakubschenk\",\"image\":{\"@type\":\"ImageObject\",\"inLanguage\":\"sv-SE\",\"@id\":\"https:\\\/\\\/secure.gravatar.com\\\/avatar\\\/0ab843002d4a58702560e02354e5f9a3206e13bbfaa9df5a188e463870f605cd?s=96&d=mm&r=g\",\"url\":\"https:\\\/\\\/secure.gravatar.com\\\/avatar\\\/0ab843002d4a58702560e02354e5f9a3206e13bbfaa9df5a188e463870f605cd?s=96&d=mm&r=g\",\"contentUrl\":\"https:\\\/\\\/secure.gravatar.com\\\/avatar\\\/0ab843002d4a58702560e02354e5f9a3206e13bbfaa9df5a188e463870f605cd?s=96&d=mm&r=g\",\"caption\":\"jakubschenk\"},\"sameAs\":[\"https:\\\/\\\/www.agma.com\"],\"url\":\"https:\\\/\\\/www.agma.com\\\/sv\\\/author\\\/jakubschenk\\\/\"}]}<\/script>\n<!-- \/ Yoast SEO plugin. -->","yoast_head_json":{"title":"Solar++ f\u00e5r uppf\u00f6ljningsorder i Aten - Absolicon","robots":{"index":"index","follow":"follow","max-snippet":"max-snippet:-1","max-image-preview":"max-image-preview:large","max-video-preview":"max-video-preview:-1"},"canonical":"https:\/\/www.agma.com\/sv\/solar-far-uppfoljningsorder-i-aten\/","og_locale":"sv_SE","og_type":"article","og_title":"Solar++ f\u00e5r uppf\u00f6ljningsorder i Aten - Absolicon","og_description":"[ingress]Absolicon intressebolag Saravanos Solar++ AB har erh\u00e5llit en order om \u20ac294 000 (ca 3 MSEK) f\u00f6r att bygga ut den solv\u00e4rmeinstallation som levererades 2018.[\/ingress] Som ett steg i att utveckla soldrivna industriprocesser har Absolicon startat ett unikt samarbete med ett grekiskt industrif\u00f6retag, specialiserat p\u00e5 industriella processer. Tillsammans har de skapat Saravanos Solar++ AB (Solar++) som [&hellip;]","og_url":"https:\/\/www.agma.com\/sv\/solar-far-uppfoljningsorder-i-aten\/","og_site_name":"Absolicon","article_published_time":"2019-12-04T00:00:00+00:00","article_modified_time":"2020-07-21T06:30:09+00:00","og_image":[{"width":720,"height":250,"url":"https:\/\/www.agma.com\/wp-content\/uploads\/2019\/12\/6443dd7a6d85c313fa40402088a077.png","type":"image\/png"}],"author":"jakubschenk","twitter_card":"summary_large_image","twitter_misc":{"Skriven av":"jakubschenk"},"schema":{"@context":"https:\/\/schema.org","@graph":[{"@type":"Article","@id":"https:\/\/www.agma.com\/sv\/solar-far-uppfoljningsorder-i-aten\/#article","isPartOf":{"@id":"https:\/\/www.agma.com\/sv\/solar-far-uppfoljningsorder-i-aten\/"},"author":{"name":"jakubschenk","@id":"https:\/\/www.agma.com\/sv\/#\/schema\/person\/6820b3ce1cc37edbaecc979090760d8b"},"headline":"Solar++ f\u00e5r uppf\u00f6ljningsorder i Aten","datePublished":"2019-12-04T00:00:00+00:00","dateModified":"2020-07-21T06:30:09+00:00","mainEntityOfPage":{"@id":"https:\/\/www.agma.com\/sv\/solar-far-uppfoljningsorder-i-aten\/"},"wordCount":352,"commentCount":0,"publisher":{"@id":"https:\/\/www.agma.com\/sv\/#organization"},"image":{"@id":"https:\/\/www.agma.com\/sv\/solar-far-uppfoljningsorder-i-aten\/#primaryimage"},"thumbnailUrl":"https:\/\/www.agma.com\/wp-content\/uploads\/2019\/12\/6443dd7a6d85c313fa40402088a077.png","articleSection":["Okategoriserad"],"inLanguage":"sv-SE","potentialAction":[{"@type":"CommentAction","name":"Comment","target":["https:\/\/www.agma.com\/sv\/solar-far-uppfoljningsorder-i-aten\/#respond"]}]},{"@type":"WebPage","@id":"https:\/\/www.agma.com\/sv\/solar-far-uppfoljningsorder-i-aten\/","url":"https:\/\/www.agma.com\/sv\/solar-far-uppfoljningsorder-i-aten\/","name":"Solar++ f\u00e5r uppf\u00f6ljningsorder i Aten - Absolicon","isPartOf":{"@id":"https:\/\/www.agma.com\/sv\/#website"},"primaryImageOfPage":{"@id":"https:\/\/www.agma.com\/sv\/solar-far-uppfoljningsorder-i-aten\/#primaryimage"},"image":{"@id":"https:\/\/www.agma.com\/sv\/solar-far-uppfoljningsorder-i-aten\/#primaryimage"},"thumbnailUrl":"https:\/\/www.agma.com\/wp-content\/uploads\/2019\/12\/6443dd7a6d85c313fa40402088a077.png","datePublished":"2019-12-04T00:00:00+00:00","dateModified":"2020-07-21T06:30:09+00:00","breadcrumb":{"@id":"https:\/\/www.agma.com\/sv\/solar-far-uppfoljningsorder-i-aten\/#breadcrumb"},"inLanguage":"sv-SE","potentialAction":[{"@type":"ReadAction","target":["https:\/\/www.agma.com\/sv\/solar-far-uppfoljningsorder-i-aten\/"]}]},{"@type":"ImageObject","inLanguage":"sv-SE","@id":"https:\/\/www.agma.com\/sv\/solar-far-uppfoljningsorder-i-aten\/#primaryimage","url":"https:\/\/www.agma.com\/wp-content\/uploads\/2019\/12\/6443dd7a6d85c313fa40402088a077.png","contentUrl":"https:\/\/www.agma.com\/wp-content\/uploads\/2019\/12\/6443dd7a6d85c313fa40402088a077.png","width":720,"height":250},{"@type":"BreadcrumbList","@id":"https:\/\/www.agma.com\/sv\/solar-far-uppfoljningsorder-i-aten\/#breadcrumb","itemListElement":[{"@type":"ListItem","position":1,"name":"Home","item":"https:\/\/www.agma.com\/sv\/"},{"@type":"ListItem","position":2,"name":"Solar++ f\u00e5r uppf\u00f6ljningsorder i Aten"}]},{"@type":"WebSite","@id":"https:\/\/www.agma.com\/sv\/#website","url":"https:\/\/www.agma.com\/sv\/","name":"Absolicon","description":"","publisher":{"@id":"https:\/\/www.agma.com\/sv\/#organization"},"potentialAction":[{"@type":"SearchAction","target":{"@type":"EntryPoint","urlTemplate":"https:\/\/www.agma.com\/sv\/?s={search_term_string}"},"query-input":{"@type":"PropertyValueSpecification","valueRequired":true,"valueName":"search_term_string"}}],"inLanguage":"sv-SE"},{"@type":"Organization","@id":"https:\/\/www.agma.com\/sv\/#organization","name":"Absolicon","url":"https:\/\/www.agma.com\/sv\/","logo":{"@type":"ImageObject","inLanguage":"sv-SE","@id":"https:\/\/www.agma.com\/sv\/#\/schema\/logo\/image\/","url":"https:\/\/www.agma.com\/wp-content\/uploads\/2026\/04\/logotype_neg_blk.svg","contentUrl":"https:\/\/www.agma.com\/wp-content\/uploads\/2026\/04\/logotype_neg_blk.svg","width":705,"height":83,"caption":"Absolicon"},"image":{"@id":"https:\/\/www.agma.com\/sv\/#\/schema\/logo\/image\/"}},{"@type":"Person","@id":"https:\/\/www.agma.com\/sv\/#\/schema\/person\/6820b3ce1cc37edbaecc979090760d8b","name":"jakubschenk","image":{"@type":"ImageObject","inLanguage":"sv-SE","@id":"https:\/\/secure.gravatar.com\/avatar\/0ab843002d4a58702560e02354e5f9a3206e13bbfaa9df5a188e463870f605cd?s=96&d=mm&r=g","url":"https:\/\/secure.gravatar.com\/avatar\/0ab843002d4a58702560e02354e5f9a3206e13bbfaa9df5a188e463870f605cd?s=96&d=mm&r=g","contentUrl":"https:\/\/secure.gravatar.com\/avatar\/0ab843002d4a58702560e02354e5f9a3206e13bbfaa9df5a188e463870f605cd?s=96&d=mm&r=g","caption":"jakubschenk"},"sameAs":["https:\/\/www.agma.com"],"url":"https:\/\/www.agma.com\/sv\/author\/jakubschenk\/"}]}},"_links":{"self":[{"href":"https:\/\/www.agma.com\/sv\/wp-json\/wp\/v2\/posts\/8998","targetHints":{"allow":["GET"]}}],"collection":[{"href":"https:\/\/www.agma.com\/sv\/wp-json\/wp\/v2\/posts"}],"about":[{"href":"https:\/\/www.agma.com\/sv\/wp-json\/wp\/v2\/types\/post"}],"author":[{"embeddable":true,"href":"https:\/\/www.agma.com\/sv\/wp-json\/wp\/v2\/users\/1"}],"replies":[{"embeddable":true,"href":"https:\/\/www.agma.com\/sv\/wp-json\/wp\/v2\/comments?post=8998"}],"version-history":[{"count":1,"href":"https:\/\/www.agma.com\/sv\/wp-json\/wp\/v2\/posts\/8998\/revisions"}],"predecessor-version":[{"id":9135,"href":"https:\/\/www.agma.com\/sv\/wp-json\/wp\/v2\/posts\/8998\/revisions\/9135"}],"wp:featuredmedia":[{"embeddable":true,"href":"https:\/\/www.agma.com\/sv\/wp-json\/wp\/v2\/media\/9133"}],"wp:attachment":[{"href":"https:\/\/www.agma.com\/sv\/wp-json\/wp\/v2\/media?parent=8998"}],"wp:term":[{"taxonomy":"category","embeddable":true,"href":"https:\/\/www.agma.com\/sv\/wp-json\/wp\/v2\/categories?post=8998"},{"taxonomy":"post_tag","embeddable":true,"href":"https:\/\/www.agma.com\/sv\/wp-json\/wp\/v2\/tags?post=8998"}],"curies":[{"name":"wp","href":"https:\/\/api.w.org\/{rel}","templated":true}]}}